{"id":18744,"date":"2026-04-23T02:01:32","date_gmt":"2026-04-23T00:01:32","guid":{"rendered":"https:\/\/lepatriotebenin.com\/?p=18744"},"modified":"2026-04-23T02:01:32","modified_gmt":"2026-04-23T00:01:32","slug":"mali-trois-ong-deposent-une-plainte-a-la-cour-africaine-contre-le-gouvernement","status":"publish","type":"post","link":"https:\/\/lepatriotebenin.com\/index.php\/2026\/04\/23\/mali-trois-ong-deposent-une-plainte-a-la-cour-africaine-contre-le-gouvernement\/","title":{"rendered":"Mali : trois ONG d\u00e9posent une plainte \u00e0 la Cour africaine contre le gouvernement"},"content":{"rendered":"<p>Trois ONG ont saisi la Cour africaine des droits de l\u2019homme et des peuples contre le Mali. Elles accusent Bamako de violations graves commises avec le groupe Wagner, devenu Africa Corps.<\/p>\n<p>\u200eUne proc\u00e9dure in\u00e9dite vise le Mali devant la Cour africaine des droits de l\u2019homme et des peuples, bas\u00e9e \u00e0 Arusha. Les organisations TRIAL International, F\u00e9d\u00e9ration internationale pour les droits humains et Union panafricaine des avocats ont d\u00e9pos\u00e9 une requ\u00eate mettant en cause la responsabilit\u00e9 de l\u2019\u00c9tat malien dans des violations pr\u00e9sum\u00e9es des droits humains.<\/p>\n<p>\u200eLa plainte concerne des faits survenus entre 2021 et 2022, dans un contexte de coop\u00e9ration s\u00e9curitaire entre les autorit\u00e9s maliennes et le Groupe Wagner, aujourd\u2019hui restructur\u00e9 sous le nom d\u2019Africa Corps. Les requ\u00e9rants estiment que des op\u00e9rations men\u00e9es conjointement par les forces arm\u00e9es maliennes et ces paramilitaires ont donn\u00e9 lieu \u00e0 des exactions contre des civils.<\/p>\n<p>\u200eParmi les \u00e9v\u00e9nements cit\u00e9s figure le massacre de Moura, en mars 2022, au cours duquel au moins 500 civils ont \u00e9t\u00e9 tu\u00e9s selon des sources onusiennes. Un autre \u00e9pisode concerne Hombori, en avril 2022, o\u00f9 une cinquantaine de personnes ont \u00e9t\u00e9 tu\u00e9es et plusieurs centaines arr\u00eat\u00e9es apr\u00e8s la mort d\u2019un agent russe.<\/p>\n<p>\u200eLa requ\u00eate demande \u00e0 la juridiction continentale d\u2019examiner si le Mali a respect\u00e9 ses obligations en mati\u00e8re de protection des populations civiles, d\u2019enqu\u00eate sur les violations all\u00e9gu\u00e9es et de poursuites contre les responsables. Elle soul\u00e8ve \u00e9galement la question de la responsabilit\u00e9 d\u2019un \u00c9tat dans le recours \u00e0 des acteurs arm\u00e9s \u00e9trangers op\u00e9rant sur son territoire.<\/p>\n<p>\u200eLe Mali a ratifi\u00e9 le protocole instituant la Cour africaine, ce qui rend ses d\u00e9cisions juridiquement contraignantes. Toutefois, leur mise en \u0153uvre d\u00e9pend de la coop\u00e9ration des autorit\u00e9s nationales. Le pays est dirig\u00e9 depuis 2021 par le colonel Assimi Go\u00efta, arriv\u00e9 au pouvoir \u00e0 la suite de coups d\u2019\u00c9tat successifs.<\/p>\n<p>\u200eCette affaire intervient dans un contexte de tensions entre Bamako et les partenaires internationaux, notamment apr\u00e8s les critiques visant l\u2019action de l\u2019arm\u00e9e malienne et de ses alli\u00e9s sur le terrain. Elle pourrait contribuer \u00e0 pr\u00e9ciser le cadre juridique du recours aux soci\u00e9t\u00e9s militaires priv\u00e9es en Afrique.<\/p>\n<p>\u200e<\/p>\n<p>\u200eEz\u00e9chiel Dagb\u00e9gnon PADONOU<\/p>\n","protected":false},"excerpt":{"rendered":"<p>Trois ONG ont saisi la Cour africaine des droits de l\u2019homme et des peuples contre le Mali. Elles accusent Bamako de violations graves commises avec le groupe Wagner, devenu Africa&hellip;<\/p>\n","protected":false},"author":5,"featured_media":18745,"comment_status":"open","ping_status":"open","sticky":false,"template":"","format":"standard","meta":{"content-type":"","om_disable_all_campaigns":false,"_monsterinsights_skip_tracking":false,"_monsterinsights_sitenote_active":false,"_monsterinsights_sitenote_note":"","_monsterinsights_sitenote_category":0,"_uf_show_specific_survey":0,"_uf_disable_surveys":false,"footnotes":""},"categories":[20],"tags":[],"class_list":["post-18744","post","type-post","status-publish","format-standard","has-post-thumbnail","hentry","category-societe"],"aioseo_notices":[],"yoast_head":"<!-- This site is optimized with the Yoast SEO plugin v27.5 - https:\/\/yoast.com\/product\/yoast-seo-wordpress\/ -->\n<title>Mali : trois ONG d\u00e9posent une plainte \u00e0 la Cour africaine contre le gouvernement - Le Patriote<\/title>\n<meta name=\"robots\" content=\"index, follow, max-snippet:-1, max-image-preview:large, max-video-preview:-1\" \/>\n<link rel=\"canonical\" href=\"https:\/\/lepatriotebenin.com\/index.php\/2026\/04\/23\/mali-trois-ong-deposent-une-plainte-a-la-cour-africaine-contre-le-gouvernement\/\" \/>\n<meta property=\"og:locale\" content=\"fr_FR\" \/>\n<meta property=\"og:type\" content=\"article\" \/>\n<meta property=\"og:title\" content=\"Mali : trois ONG d\u00e9posent une plainte \u00e0 la Cour africaine contre le gouvernement - Le Patriote\" \/>\n<meta property=\"og:description\" content=\"Trois ONG ont saisi la Cour africaine des droits de l\u2019homme et des peuples contre le Mali. Elles accusent Bamako de violations graves commises avec le groupe Wagner, devenu Africa&hellip;\" \/>\n<meta property=\"og:url\" content=\"https:\/\/lepatriotebenin.com\/index.php\/2026\/04\/23\/mali-trois-ong-deposent-une-plainte-a-la-cour-africaine-contre-le-gouvernement\/\" \/>\n<meta property=\"og:site_name\" content=\"Le Patriote\" \/>\n<meta property=\"article:published_time\" content=\"2026-04-23T00:01:32+00:00\" \/>\n<meta property=\"og:image\" content=\"https:\/\/lepatriotebenin.com\/wp-content\/uploads\/2026\/04\/mali-a.jpeg\" \/>\n\t<meta property=\"og:image:width\" content=\"1680\" \/>\n\t<meta property=\"og:image:height\" content=\"600\" \/>\n\t<meta property=\"og:image:type\" content=\"image\/jpeg\" \/>\n<meta name=\"author\" content=\"Redaction\" \/>\n<meta name=\"twitter:card\" content=\"summary_large_image\" \/>\n<meta name=\"twitter:label1\" content=\"\u00c9crit par\" \/>\n\t<meta name=\"twitter:data1\" content=\"Redaction\" \/>\n\t<meta name=\"twitter:label2\" content=\"Dur\u00e9e de lecture estim\u00e9e\" \/>\n\t<meta name=\"twitter:data2\" content=\"2 minutes\" \/>\n<script type=\"application\/ld+json\" class=\"yoast-schema-graph\">{\"@context\":\"https:\\\/\\\/schema.org\",\"@graph\":[{\"@type\":\"Article\",\"@id\":\"https:\\\/\\\/lepatriotebenin.com\\\/index.php\\\/2026\\\/04\\\/23\\\/mali-trois-ong-deposent-une-plainte-a-la-cour-africaine-contre-le-gouvernement\\\/#article\",\"isPartOf\":{\"@id\":\"https:\\\/\\\/lepatriotebenin.com\\\/index.php\\\/2026\\\/04\\\/23\\\/mali-trois-ong-deposent-une-plainte-a-la-cour-africaine-contre-le-gouvernement\\\/\"},\"author\":{\"name\":\"Redaction\",\"@id\":\"https:\\\/\\\/lepatriotebenin.com\\\/#\\\/schema\\\/person\\\/2e7709b9c9cc313e452d1136af61690f\"},\"headline\":\"Mali : trois ONG d\u00e9posent une plainte \u00e0 la Cour africaine contre le gouvernement\",\"datePublished\":\"2026-04-23T00:01:32+00:00\",\"mainEntityOfPage\":{\"@id\":\"https:\\\/\\\/lepatriotebenin.com\\\/index.php\\\/2026\\\/04\\\/23\\\/mali-trois-ong-deposent-une-plainte-a-la-cour-africaine-contre-le-gouvernement\\\/\"},\"wordCount\":405,\"commentCount\":0,\"image\":{\"@id\":\"https:\\\/\\\/lepatriotebenin.com\\\/index.php\\\/2026\\\/04\\\/23\\\/mali-trois-ong-deposent-une-plainte-a-la-cour-africaine-contre-le-gouvernement\\\/#primaryimage\"},\"thumbnailUrl\":\"https:\\\/\\\/lepatriotebenin.com\\\/wp-content\\\/uploads\\\/2026\\\/04\\\/mali-a.jpeg\",\"articleSection\":[\"Soci\u00e9t\u00e9\"],\"inLanguage\":\"fr-FR\",\"potentialAction\":[{\"@type\":\"CommentAction\",\"name\":\"Comment\",\"target\":[\"https:\\\/\\\/lepatriotebenin.com\\\/index.php\\\/2026\\\/04\\\/23\\\/mali-trois-ong-deposent-une-plainte-a-la-cour-africaine-contre-le-gouvernement\\\/#respond\"]}]},{\"@type\":\"WebPage\",\"@id\":\"https:\\\/\\\/lepatriotebenin.com\\\/index.php\\\/2026\\\/04\\\/23\\\/mali-trois-ong-deposent-une-plainte-a-la-cour-africaine-contre-le-gouvernement\\\/\",\"url\":\"https:\\\/\\\/lepatriotebenin.com\\\/index.php\\\/2026\\\/04\\\/23\\\/mali-trois-ong-deposent-une-plainte-a-la-cour-africaine-contre-le-gouvernement\\\/\",\"name\":\"Mali : trois ONG d\u00e9posent une plainte \u00e0 la Cour africaine contre le gouvernement - Le Patriote\",\"isPartOf\":{\"@id\":\"https:\\\/\\\/lepatriotebenin.com\\\/#website\"},\"primaryImageOfPage\":{\"@id\":\"https:\\\/\\\/lepatriotebenin.com\\\/index.php\\\/2026\\\/04\\\/23\\\/mali-trois-ong-deposent-une-plainte-a-la-cour-africaine-contre-le-gouvernement\\\/#primaryimage\"},\"image\":{\"@id\":\"https:\\\/\\\/lepatriotebenin.com\\\/index.php\\\/2026\\\/04\\\/23\\\/mali-trois-ong-deposent-une-plainte-a-la-cour-africaine-contre-le-gouvernement\\\/#primaryimage\"},\"thumbnailUrl\":\"https:\\\/\\\/lepatriotebenin.com\\\/wp-content\\\/uploads\\\/2026\\\/04\\\/mali-a.jpeg\",\"datePublished\":\"2026-04-23T00:01:32+00:00\",\"author\":{\"@id\":\"https:\\\/\\\/lepatriotebenin.com\\\/#\\\/schema\\\/person\\\/2e7709b9c9cc313e452d1136af61690f\"},\"breadcrumb\":{\"@id\":\"https:\\\/\\\/lepatriotebenin.com\\\/index.php\\\/2026\\\/04\\\/23\\\/mali-trois-ong-deposent-une-plainte-a-la-cour-africaine-contre-le-gouvernement\\\/#breadcrumb\"},\"inLanguage\":\"fr-FR\",\"potentialAction\":[{\"@type\":\"ReadAction\",\"target\":[\"https:\\\/\\\/lepatriotebenin.com\\\/index.php\\\/2026\\\/04\\\/23\\\/mali-trois-ong-deposent-une-plainte-a-la-cour-africaine-contre-le-gouvernement\\\/\"]}]},{\"@type\":\"ImageObject\",\"inLanguage\":\"fr-FR\",\"@id\":\"https:\\\/\\\/lepatriotebenin.com\\\/index.php\\\/2026\\\/04\\\/23\\\/mali-trois-ong-deposent-une-plainte-a-la-cour-africaine-contre-le-gouvernement\\\/#primaryimage\",\"url\":\"https:\\\/\\\/lepatriotebenin.com\\\/wp-content\\\/uploads\\\/2026\\\/04\\\/mali-a.jpeg\",\"contentUrl\":\"https:\\\/\\\/lepatriotebenin.com\\\/wp-content\\\/uploads\\\/2026\\\/04\\\/mali-a.jpeg\",\"width\":1680,\"height\":600},{\"@type\":\"BreadcrumbList\",\"@id\":\"https:\\\/\\\/lepatriotebenin.com\\\/index.php\\\/2026\\\/04\\\/23\\\/mali-trois-ong-deposent-une-plainte-a-la-cour-africaine-contre-le-gouvernement\\\/#breadcrumb\",\"itemListElement\":[{\"@type\":\"ListItem\",\"position\":1,\"name\":\"Accueil\",\"item\":\"https:\\\/\\\/lepatriotebenin.com\\\/\"},{\"@type\":\"ListItem\",\"position\":2,\"name\":\"Mali : trois ONG d\u00e9posent une plainte \u00e0 la Cour africaine contre le gouvernement\"}]},{\"@type\":\"WebSite\",\"@id\":\"https:\\\/\\\/lepatriotebenin.com\\\/#website\",\"url\":\"https:\\\/\\\/lepatriotebenin.com\\\/\",\"name\":\"Le Patriote\",\"description\":\"Le Patriote B\u00e9nin\",\"potentialAction\":[{\"@type\":\"SearchAction\",\"target\":{\"@type\":\"EntryPoint\",\"urlTemplate\":\"https:\\\/\\\/lepatriotebenin.com\\\/?s={search_term_string}\"},\"query-input\":{\"@type\":\"PropertyValueSpecification\",\"valueRequired\":true,\"valueName\":\"search_term_string\"}}],\"inLanguage\":\"fr-FR\"},{\"@type\":\"Person\",\"@id\":\"https:\\\/\\\/lepatriotebenin.com\\\/#\\\/schema\\\/person\\\/2e7709b9c9cc313e452d1136af61690f\",\"name\":\"Redaction\",\"image\":{\"@type\":\"ImageObject\",\"inLanguage\":\"fr-FR\",\"@id\":\"https:\\\/\\\/secure.gravatar.com\\\/avatar\\\/c4c509357859ea2ca2cbb6d8812898a73e4ef1ef9934c2e591d7e32face734d1?s=96&d=mm&r=g\",\"url\":\"https:\\\/\\\/secure.gravatar.com\\\/avatar\\\/c4c509357859ea2ca2cbb6d8812898a73e4ef1ef9934c2e591d7e32face734d1?s=96&d=mm&r=g\",\"contentUrl\":\"https:\\\/\\\/secure.gravatar.com\\\/avatar\\\/c4c509357859ea2ca2cbb6d8812898a73e4ef1ef9934c2e591d7e32face734d1?s=96&d=mm&r=g\",\"caption\":\"Redaction\"},\"url\":\"https:\\\/\\\/lepatriotebenin.com\"}]}<\/script>\n<!-- \/ Yoast SEO plugin. -->","yoast_head_json":{"title":"Mali : trois ONG d\u00e9posent une plainte \u00e0 la Cour africaine contre le gouvernement - Le Patriote","robots":{"index":"index","follow":"follow","max-snippet":"max-snippet:-1","max-image-preview":"max-image-preview:large","max-video-preview":"max-video-preview:-1"},"canonical":"https:\/\/lepatriotebenin.com\/index.php\/2026\/04\/23\/mali-trois-ong-deposent-une-plainte-a-la-cour-africaine-contre-le-gouvernement\/","og_locale":"fr_FR","og_type":"article","og_title":"Mali : trois ONG d\u00e9posent une plainte \u00e0 la Cour africaine contre le gouvernement - Le Patriote","og_description":"Trois ONG ont saisi la Cour africaine des droits de l\u2019homme et des peuples contre le Mali. Elles accusent Bamako de violations graves commises avec le groupe Wagner, devenu Africa&hellip;","og_url":"https:\/\/lepatriotebenin.com\/index.php\/2026\/04\/23\/mali-trois-ong-deposent-une-plainte-a-la-cour-africaine-contre-le-gouvernement\/","og_site_name":"Le Patriote","article_published_time":"2026-04-23T00:01:32+00:00","og_image":[{"width":1680,"height":600,"url":"https:\/\/lepatriotebenin.com\/wp-content\/uploads\/2026\/04\/mali-a.jpeg","type":"image\/jpeg"}],"author":"Redaction","twitter_card":"summary_large_image","twitter_misc":{"\u00c9crit par":"Redaction","Dur\u00e9e de lecture estim\u00e9e":"2 minutes"},"schema":{"@context":"https:\/\/schema.org","@graph":[{"@type":"Article","@id":"https:\/\/lepatriotebenin.com\/index.php\/2026\/04\/23\/mali-trois-ong-deposent-une-plainte-a-la-cour-africaine-contre-le-gouvernement\/#article","isPartOf":{"@id":"https:\/\/lepatriotebenin.com\/index.php\/2026\/04\/23\/mali-trois-ong-deposent-une-plainte-a-la-cour-africaine-contre-le-gouvernement\/"},"author":{"name":"Redaction","@id":"https:\/\/lepatriotebenin.com\/#\/schema\/person\/2e7709b9c9cc313e452d1136af61690f"},"headline":"Mali : trois ONG d\u00e9posent une plainte \u00e0 la Cour africaine contre le gouvernement","datePublished":"2026-04-23T00:01:32+00:00","mainEntityOfPage":{"@id":"https:\/\/lepatriotebenin.com\/index.php\/2026\/04\/23\/mali-trois-ong-deposent-une-plainte-a-la-cour-africaine-contre-le-gouvernement\/"},"wordCount":405,"commentCount":0,"image":{"@id":"https:\/\/lepatriotebenin.com\/index.php\/2026\/04\/23\/mali-trois-ong-deposent-une-plainte-a-la-cour-africaine-contre-le-gouvernement\/#primaryimage"},"thumbnailUrl":"https:\/\/lepatriotebenin.com\/wp-content\/uploads\/2026\/04\/mali-a.jpeg","articleSection":["Soci\u00e9t\u00e9"],"inLanguage":"fr-FR","potentialAction":[{"@type":"CommentAction","name":"Comment","target":["https:\/\/lepatriotebenin.com\/index.php\/2026\/04\/23\/mali-trois-ong-deposent-une-plainte-a-la-cour-africaine-contre-le-gouvernement\/#respond"]}]},{"@type":"WebPage","@id":"https:\/\/lepatriotebenin.com\/index.php\/2026\/04\/23\/mali-trois-ong-deposent-une-plainte-a-la-cour-africaine-contre-le-gouvernement\/","url":"https:\/\/lepatriotebenin.com\/index.php\/2026\/04\/23\/mali-trois-ong-deposent-une-plainte-a-la-cour-africaine-contre-le-gouvernement\/","name":"Mali : trois ONG d\u00e9posent une plainte \u00e0 la Cour africaine contre le gouvernement - Le Patriote","isPartOf":{"@id":"https:\/\/lepatriotebenin.com\/#website"},"primaryImageOfPage":{"@id":"https:\/\/lepatriotebenin.com\/index.php\/2026\/04\/23\/mali-trois-ong-deposent-une-plainte-a-la-cour-africaine-contre-le-gouvernement\/#primaryimage"},"image":{"@id":"https:\/\/lepatriotebenin.com\/index.php\/2026\/04\/23\/mali-trois-ong-deposent-une-plainte-a-la-cour-africaine-contre-le-gouvernement\/#primaryimage"},"thumbnailUrl":"https:\/\/lepatriotebenin.com\/wp-content\/uploads\/2026\/04\/mali-a.jpeg","datePublished":"2026-04-23T00:01:32+00:00","author":{"@id":"https:\/\/lepatriotebenin.com\/#\/schema\/person\/2e7709b9c9cc313e452d1136af61690f"},"breadcrumb":{"@id":"https:\/\/lepatriotebenin.com\/index.php\/2026\/04\/23\/mali-trois-ong-deposent-une-plainte-a-la-cour-africaine-contre-le-gouvernement\/#breadcrumb"},"inLanguage":"fr-FR","potentialAction":[{"@type":"ReadAction","target":["https:\/\/lepatriotebenin.com\/index.php\/2026\/04\/23\/mali-trois-ong-deposent-une-plainte-a-la-cour-africaine-contre-le-gouvernement\/"]}]},{"@type":"ImageObject","inLanguage":"fr-FR","@id":"https:\/\/lepatriotebenin.com\/index.php\/2026\/04\/23\/mali-trois-ong-deposent-une-plainte-a-la-cour-africaine-contre-le-gouvernement\/#primaryimage","url":"https:\/\/lepatriotebenin.com\/wp-content\/uploads\/2026\/04\/mali-a.jpeg","contentUrl":"https:\/\/lepatriotebenin.com\/wp-content\/uploads\/2026\/04\/mali-a.jpeg","width":1680,"height":600},{"@type":"BreadcrumbList","@id":"https:\/\/lepatriotebenin.com\/index.php\/2026\/04\/23\/mali-trois-ong-deposent-une-plainte-a-la-cour-africaine-contre-le-gouvernement\/#breadcrumb","itemListElement":[{"@type":"ListItem","position":1,"name":"Accueil","item":"https:\/\/lepatriotebenin.com\/"},{"@type":"ListItem","position":2,"name":"Mali : trois ONG d\u00e9posent une plainte \u00e0 la Cour africaine contre le gouvernement"}]},{"@type":"WebSite","@id":"https:\/\/lepatriotebenin.com\/#website","url":"https:\/\/lepatriotebenin.com\/","name":"Le Patriote","description":"Le Patriote B\u00e9nin","potentialAction":[{"@type":"SearchAction","target":{"@type":"EntryPoint","urlTemplate":"https:\/\/lepatriotebenin.com\/?s={search_term_string}"},"query-input":{"@type":"PropertyValueSpecification","valueRequired":true,"valueName":"search_term_string"}}],"inLanguage":"fr-FR"},{"@type":"Person","@id":"https:\/\/lepatriotebenin.com\/#\/schema\/person\/2e7709b9c9cc313e452d1136af61690f","name":"Redaction","image":{"@type":"ImageObject","inLanguage":"fr-FR","@id":"https:\/\/secure.gravatar.com\/avatar\/c4c509357859ea2ca2cbb6d8812898a73e4ef1ef9934c2e591d7e32face734d1?s=96&d=mm&r=g","url":"https:\/\/secure.gravatar.com\/avatar\/c4c509357859ea2ca2cbb6d8812898a73e4ef1ef9934c2e591d7e32face734d1?s=96&d=mm&r=g","contentUrl":"https:\/\/secure.gravatar.com\/avatar\/c4c509357859ea2ca2cbb6d8812898a73e4ef1ef9934c2e591d7e32face734d1?s=96&d=mm&r=g","caption":"Redaction"},"url":"https:\/\/lepatriotebenin.com"}]}},"_links":{"self":[{"href":"https:\/\/lepatriotebenin.com\/index.php\/wp-json\/wp\/v2\/posts\/18744","targetHints":{"allow":["GET"]}}],"collection":[{"href":"https:\/\/lepatriotebenin.com\/index.php\/wp-json\/wp\/v2\/posts"}],"about":[{"href":"https:\/\/lepatriotebenin.com\/index.php\/wp-json\/wp\/v2\/types\/post"}],"author":[{"embeddable":true,"href":"https:\/\/lepatriotebenin.com\/index.php\/wp-json\/wp\/v2\/users\/5"}],"replies":[{"embeddable":true,"href":"https:\/\/lepatriotebenin.com\/index.php\/wp-json\/wp\/v2\/comments?post=18744"}],"version-history":[{"count":1,"href":"https:\/\/lepatriotebenin.com\/index.php\/wp-json\/wp\/v2\/posts\/18744\/revisions"}],"predecessor-version":[{"id":18746,"href":"https:\/\/lepatriotebenin.com\/index.php\/wp-json\/wp\/v2\/posts\/18744\/revisions\/18746"}],"wp:featuredmedia":[{"embeddable":true,"href":"https:\/\/lepatriotebenin.com\/index.php\/wp-json\/wp\/v2\/media\/18745"}],"wp:attachment":[{"href":"https:\/\/lepatriotebenin.com\/index.php\/wp-json\/wp\/v2\/media?parent=18744"}],"wp:term":[{"taxonomy":"category","embeddable":true,"href":"https:\/\/lepatriotebenin.com\/index.php\/wp-json\/wp\/v2\/categories?post=18744"},{"taxonomy":"post_tag","embeddable":true,"href":"https:\/\/lepatriotebenin.com\/index.php\/wp-json\/wp\/v2\/tags?post=18744"}],"curies":[{"name":"wp","href":"https:\/\/api.w.org\/{rel}","templated":true}]}}