{"id":18737,"date":"2026-04-22T04:26:07","date_gmt":"2026-04-22T02:26:07","guid":{"rendered":"https:\/\/lepatriotebenin.com\/?p=18737"},"modified":"2026-04-22T04:26:07","modified_gmt":"2026-04-22T02:26:07","slug":"rapport-2025-2026-damnesty-international-liberte-en-recul-au-benin","status":"publish","type":"post","link":"https:\/\/lepatriotebenin.com\/index.php\/2026\/04\/22\/rapport-2025-2026-damnesty-international-liberte-en-recul-au-benin\/","title":{"rendered":"Rapport 2025-2026 d\u2019Amnesty International : Libert\u00e9 en recul au B\u00e9nin"},"content":{"rendered":"<p><strong><em>(Violences, guerres et d\u00e9rives autoritaires s\u2019intensifient dans le monde)<\/em><\/strong><\/p>\n<p><strong><em>R\u00e9uni ce mardi 21 avril 2026 \u00e0 Cotonou, Amnesty International B\u00e9nin a pr\u00e9sent\u00e9 son rapport annuel sur la situation des droits humains. Si le document met en lumi\u00e8re des tendances globales pr\u00e9occupantes, il insiste particuli\u00e8rement sur la d\u00e9gradation de certaines libert\u00e9s fondamentales au B\u00e9nin, entre restrictions de la libert\u00e9 d\u2019expression, mont\u00e9e de l\u2019ins\u00e9curit\u00e9 et persistance des injustices sociales dans le monde.<\/em><\/strong><\/p>\n<p>Le rapport 2025-2026 d\u2019Amnesty International dresse un constat pr\u00e9occupant de la situation des droits humains au B\u00e9nin. L\u2019un des points les plus marquants reste la r\u00e9gression de la libert\u00e9 d\u2019expression et de la presse, illustr\u00e9e par une s\u00e9rie d\u2019arrestations de journalistes, d\u2019acteurs politiques et de voix critiques.<\/p>\n<p>En effet, au cours de l\u2019ann\u00e9e \u00e9coul\u00e9e, plusieurs professionnels des m\u00e9dias ont \u00e9t\u00e9 interpell\u00e9s, inculp\u00e9s ou poursuivis pour des faits li\u00e9s \u00e0 la diffusion d\u2019informations jug\u00e9es sensibles. Des organes de presse ont \u00e9galement \u00e9t\u00e9 suspendus, notamment pour publication d\u2019articles critiques \u00e0 l\u2019\u00e9gard des autorit\u00e9s. Ces d\u00e9cisions, souvent justifi\u00e9es par des dispositions du Code du num\u00e9rique, traduisent selon Amnesty International une instrumentalisation de la loi pour restreindre les libert\u00e9s fondamentales. Cette tendance s\u2019illustre aussi dans le classement mondial de la libert\u00e9 de la presse, o\u00f9 le B\u00e9nin a recul\u00e9, passant de la 89e \u00e0 la 90e place. Un signal jug\u00e9 pr\u00e9occupant par les d\u00e9fenseurs des droits humains, qui y voient une d\u00e9t\u00e9rioration progressive de l\u2019environnement m\u00e9diatique.<\/p>\n<p>Parall\u00e8lement, la libert\u00e9 de r\u00e9union pacifique demeure sous tension. Amnesty International rapporte plusieurs cas d\u2019interdictions de manifestations et de dispersions violentes de rassemblements, notamment ceux initi\u00e9s par des partis d\u2019opposition ou des organisations de la soci\u00e9t\u00e9 civile.<\/p>\n<p>Sur le plan s\u00e9curitaire, le nord du pays continue de faire face \u00e0 des attaques de groupes arm\u00e9s. Entre janvier et octobre 2025, au moins 82 soldats b\u00e9ninois ont \u00e9t\u00e9 tu\u00e9s lors d\u2019attaques cibl\u00e9es. Ces violences ont provoqu\u00e9 une augmentation significative du nombre de personnes d\u00e9plac\u00e9es.La majorit\u00e9 de ces populations vit dans des conditions pr\u00e9caires, avec un acc\u00e8s limit\u00e9 aux services essentiels tels que la sant\u00e9, l\u2019eau ou l\u2019alimentation.<\/p>\n<p>Autre point noir relev\u00e9 par le rapport concerne les expulsions forc\u00e9es dans les zones c\u00f4ti\u00e8res. Pour Amnesty International, des milliers de familles, notamment dans certains quartiers de Cotonou, ont \u00e9t\u00e9 d\u00e9log\u00e9es dans le cadre de projets d\u2019am\u00e9nagement, souvent sans indemnisation ad\u00e9quate. \u00c0 lui seul, un quartier a enregistr\u00e9 plus de 3 000 personnes expuls\u00e9es depuis 2021, illustrant l\u2019ampleur du ph\u00e9nom\u00e8ne. Les conditions de d\u00e9tention suscitent \u00e9galement des pr\u00e9occupations. Amnesty \u00e9voque la surpopulation carc\u00e9rale, les d\u00e9tentions provisoires prolong\u00e9es et l\u2019acc\u00e8s insuffisant aux soins pour les d\u00e9tenus.<\/p>\n<p><strong>Une crise mondiale des droits humains en aggravation<\/strong><\/p>\n<p>Au-del\u00e0 du cas b\u00e9ninois, le rapport met en \u00e9vidence une d\u00e9gradation g\u00e9n\u00e9ralis\u00e9e des droits humains \u00e0 l\u2019\u00e9chelle mondiale. Amnesty International alerte sur une intensification des pratiques autoritaires, des conflits arm\u00e9s et des violations graves du droit international. Plusieurs puissances sont point\u00e9es du doigt. Les \u00c9tats-Unis sont accus\u00e9s d\u2019avoir men\u00e9 des frappes ayant entra\u00een\u00e9 des ex\u00e9cutions extrajudiciaires, tandis qu\u2019Isra\u00ebl est mis en cause pour la poursuite de violences massives contre les populations palestiniennes, malgr\u00e9 les appels internationaux \u00e0 la d\u00e9sescalade.<\/p>\n<p>La Russie, de son c\u00f4t\u00e9, a intensifi\u00e9 ses attaques contre des infrastructures civiles, aggravant les crises humanitaires dans les zones de conflit. En Asie, l\u2019arm\u00e9e du Myanmar est accus\u00e9e d\u2019avoir men\u00e9 des bombardements meurtriers contre des villages, causant la mort de civils, dont des enfants.<\/p>\n<p>En Afrique, la situation reste \u00e9galement pr\u00e9occupante. En R\u00e9publique d\u00e9mocratique du Congo, les violences arm\u00e9es ont entra\u00een\u00e9 des exactions contre les populations civiles, tandis que le conflit au Soudan continue d\u2019\u00eatre aliment\u00e9 par des ing\u00e9rences ext\u00e9rieures et des livraisons d\u2019armes. Le rapport souligne aussi l\u2019impact croissant des crises \u00e9conomiques et climatiques sur les droits humains, ainsi que la r\u00e9duction de l\u2019aide humanitaire dans plusieurs r\u00e9gions du monde. \u00c0 cela s\u2019ajoute une utilisation de plus en plus agressive des technologies pour surveiller, contr\u00f4ler et r\u00e9primer les populations.<\/p>\n<p>Face \u00e0 ces d\u00e9rives, Amnesty International appelle \u00e0 un sursaut collectif. L\u2019organisation exhorte les \u00c9tats \u00e0 respecter leurs engagements internationaux, \u00e0 mettre fin aux violations et \u00e0 renforcer les m\u00e9canismes de protection des droits fondamentaux.<\/p>\n<p>En conclusion, le rapport 2025-2026 d\u2019Amnesty International met en lumi\u00e8re une double r\u00e9alit\u00e9 : celle d\u2019un monde confront\u00e9 \u00e0 une crise profonde des droits humains, et celle d\u2019un B\u00e9nin o\u00f9 certains acquis d\u00e9mocratiques semblent fragilis\u00e9s. Entre d\u00e9fis s\u00e9curitaires, restrictions des libert\u00e9s et injustices sociales, l\u2019urgence d\u2019actions concr\u00e8tes s\u2019impose plus que jamais.<\/p>\n<p>&nbsp;<\/p>\n<p><strong>Gildas AHOGNI <\/strong><\/p>\n","protected":false},"excerpt":{"rendered":"<p>(Violences, guerres et d\u00e9rives autoritaires s\u2019intensifient dans le monde) R\u00e9uni ce mardi 21 avril 2026 \u00e0 Cotonou, Amnesty International B\u00e9nin a pr\u00e9sent\u00e9 son rapport annuel sur la situation des droits&hellip;<\/p>\n","protected":false},"author":5,"featured_media":18738,"comment_status":"open","ping_status":"open","sticky":false,"template":"","format":"standard","meta":{"content-type":"","om_disable_all_campaigns":false,"_monsterinsights_skip_tracking":false,"_monsterinsights_sitenote_active":false,"_monsterinsights_sitenote_note":"","_monsterinsights_sitenote_category":0,"_uf_show_specific_survey":0,"_uf_disable_surveys":false,"footnotes":""},"categories":[20],"tags":[],"class_list":["post-18737","post","type-post","status-publish","format-standard","has-post-thumbnail","hentry","category-societe"],"aioseo_notices":[],"yoast_head":"<!-- This site is optimized with the Yoast SEO plugin v27.5 - https:\/\/yoast.com\/product\/yoast-seo-wordpress\/ -->\n<title>Rapport 2025-2026 d\u2019Amnesty International : Libert\u00e9 en recul au B\u00e9nin - Le Patriote<\/title>\n<meta name=\"robots\" content=\"index, follow, max-snippet:-1, max-image-preview:large, max-video-preview:-1\" \/>\n<link rel=\"canonical\" href=\"https:\/\/lepatriotebenin.com\/index.php\/2026\/04\/22\/rapport-2025-2026-damnesty-international-liberte-en-recul-au-benin\/\" \/>\n<meta property=\"og:locale\" content=\"fr_FR\" \/>\n<meta property=\"og:type\" content=\"article\" \/>\n<meta property=\"og:title\" content=\"Rapport 2025-2026 d\u2019Amnesty International : Libert\u00e9 en recul au B\u00e9nin - Le Patriote\" \/>\n<meta property=\"og:description\" content=\"(Violences, guerres et d\u00e9rives autoritaires s\u2019intensifient dans le monde) R\u00e9uni ce mardi 21 avril 2026 \u00e0 Cotonou, Amnesty International B\u00e9nin a pr\u00e9sent\u00e9 son rapport annuel sur la situation des droits&hellip;\" \/>\n<meta property=\"og:url\" content=\"https:\/\/lepatriotebenin.com\/index.php\/2026\/04\/22\/rapport-2025-2026-damnesty-international-liberte-en-recul-au-benin\/\" \/>\n<meta property=\"og:site_name\" content=\"Le Patriote\" \/>\n<meta property=\"article:published_time\" content=\"2026-04-22T02:26:07+00:00\" \/>\n<meta property=\"og:image\" content=\"https:\/\/lepatriotebenin.com\/wp-content\/uploads\/2026\/04\/rapport-a.jpeg\" \/>\n\t<meta property=\"og:image:width\" content=\"2096\" \/>\n\t<meta property=\"og:image:height\" content=\"1264\" \/>\n\t<meta property=\"og:image:type\" content=\"image\/jpeg\" \/>\n<meta name=\"author\" content=\"Redaction\" \/>\n<meta name=\"twitter:card\" content=\"summary_large_image\" \/>\n<meta name=\"twitter:label1\" content=\"\u00c9crit par\" \/>\n\t<meta name=\"twitter:data1\" content=\"Redaction\" \/>\n\t<meta name=\"twitter:label2\" content=\"Dur\u00e9e de lecture estim\u00e9e\" \/>\n\t<meta name=\"twitter:data2\" content=\"4 minutes\" \/>\n<script type=\"application\/ld+json\" class=\"yoast-schema-graph\">{\"@context\":\"https:\\\/\\\/schema.org\",\"@graph\":[{\"@type\":\"Article\",\"@id\":\"https:\\\/\\\/lepatriotebenin.com\\\/index.php\\\/2026\\\/04\\\/22\\\/rapport-2025-2026-damnesty-international-liberte-en-recul-au-benin\\\/#article\",\"isPartOf\":{\"@id\":\"https:\\\/\\\/lepatriotebenin.com\\\/index.php\\\/2026\\\/04\\\/22\\\/rapport-2025-2026-damnesty-international-liberte-en-recul-au-benin\\\/\"},\"author\":{\"name\":\"Redaction\",\"@id\":\"https:\\\/\\\/lepatriotebenin.com\\\/#\\\/schema\\\/person\\\/2e7709b9c9cc313e452d1136af61690f\"},\"headline\":\"Rapport 2025-2026 d\u2019Amnesty International : Libert\u00e9 en recul au B\u00e9nin\",\"datePublished\":\"2026-04-22T02:26:07+00:00\",\"mainEntityOfPage\":{\"@id\":\"https:\\\/\\\/lepatriotebenin.com\\\/index.php\\\/2026\\\/04\\\/22\\\/rapport-2025-2026-damnesty-international-liberte-en-recul-au-benin\\\/\"},\"wordCount\":860,\"commentCount\":0,\"image\":{\"@id\":\"https:\\\/\\\/lepatriotebenin.com\\\/index.php\\\/2026\\\/04\\\/22\\\/rapport-2025-2026-damnesty-international-liberte-en-recul-au-benin\\\/#primaryimage\"},\"thumbnailUrl\":\"https:\\\/\\\/lepatriotebenin.com\\\/wp-content\\\/uploads\\\/2026\\\/04\\\/rapport-a.jpeg\",\"articleSection\":[\"Soci\u00e9t\u00e9\"],\"inLanguage\":\"fr-FR\",\"potentialAction\":[{\"@type\":\"CommentAction\",\"name\":\"Comment\",\"target\":[\"https:\\\/\\\/lepatriotebenin.com\\\/index.php\\\/2026\\\/04\\\/22\\\/rapport-2025-2026-damnesty-international-liberte-en-recul-au-benin\\\/#respond\"]}]},{\"@type\":\"WebPage\",\"@id\":\"https:\\\/\\\/lepatriotebenin.com\\\/index.php\\\/2026\\\/04\\\/22\\\/rapport-2025-2026-damnesty-international-liberte-en-recul-au-benin\\\/\",\"url\":\"https:\\\/\\\/lepatriotebenin.com\\\/index.php\\\/2026\\\/04\\\/22\\\/rapport-2025-2026-damnesty-international-liberte-en-recul-au-benin\\\/\",\"name\":\"Rapport 2025-2026 d\u2019Amnesty International : Libert\u00e9 en recul au B\u00e9nin - Le Patriote\",\"isPartOf\":{\"@id\":\"https:\\\/\\\/lepatriotebenin.com\\\/#website\"},\"primaryImageOfPage\":{\"@id\":\"https:\\\/\\\/lepatriotebenin.com\\\/index.php\\\/2026\\\/04\\\/22\\\/rapport-2025-2026-damnesty-international-liberte-en-recul-au-benin\\\/#primaryimage\"},\"image\":{\"@id\":\"https:\\\/\\\/lepatriotebenin.com\\\/index.php\\\/2026\\\/04\\\/22\\\/rapport-2025-2026-damnesty-international-liberte-en-recul-au-benin\\\/#primaryimage\"},\"thumbnailUrl\":\"https:\\\/\\\/lepatriotebenin.com\\\/wp-content\\\/uploads\\\/2026\\\/04\\\/rapport-a.jpeg\",\"datePublished\":\"2026-04-22T02:26:07+00:00\",\"author\":{\"@id\":\"https:\\\/\\\/lepatriotebenin.com\\\/#\\\/schema\\\/person\\\/2e7709b9c9cc313e452d1136af61690f\"},\"breadcrumb\":{\"@id\":\"https:\\\/\\\/lepatriotebenin.com\\\/index.php\\\/2026\\\/04\\\/22\\\/rapport-2025-2026-damnesty-international-liberte-en-recul-au-benin\\\/#breadcrumb\"},\"inLanguage\":\"fr-FR\",\"potentialAction\":[{\"@type\":\"ReadAction\",\"target\":[\"https:\\\/\\\/lepatriotebenin.com\\\/index.php\\\/2026\\\/04\\\/22\\\/rapport-2025-2026-damnesty-international-liberte-en-recul-au-benin\\\/\"]}]},{\"@type\":\"ImageObject\",\"inLanguage\":\"fr-FR\",\"@id\":\"https:\\\/\\\/lepatriotebenin.com\\\/index.php\\\/2026\\\/04\\\/22\\\/rapport-2025-2026-damnesty-international-liberte-en-recul-au-benin\\\/#primaryimage\",\"url\":\"https:\\\/\\\/lepatriotebenin.com\\\/wp-content\\\/uploads\\\/2026\\\/04\\\/rapport-a.jpeg\",\"contentUrl\":\"https:\\\/\\\/lepatriotebenin.com\\\/wp-content\\\/uploads\\\/2026\\\/04\\\/rapport-a.jpeg\",\"width\":2096,\"height\":1264},{\"@type\":\"BreadcrumbList\",\"@id\":\"https:\\\/\\\/lepatriotebenin.com\\\/index.php\\\/2026\\\/04\\\/22\\\/rapport-2025-2026-damnesty-international-liberte-en-recul-au-benin\\\/#breadcrumb\",\"itemListElement\":[{\"@type\":\"ListItem\",\"position\":1,\"name\":\"Accueil\",\"item\":\"https:\\\/\\\/lepatriotebenin.com\\\/\"},{\"@type\":\"ListItem\",\"position\":2,\"name\":\"Rapport 2025-2026 d\u2019Amnesty International : Libert\u00e9 en recul au B\u00e9nin\"}]},{\"@type\":\"WebSite\",\"@id\":\"https:\\\/\\\/lepatriotebenin.com\\\/#website\",\"url\":\"https:\\\/\\\/lepatriotebenin.com\\\/\",\"name\":\"Le Patriote\",\"description\":\"Le Patriote B\u00e9nin\",\"potentialAction\":[{\"@type\":\"SearchAction\",\"target\":{\"@type\":\"EntryPoint\",\"urlTemplate\":\"https:\\\/\\\/lepatriotebenin.com\\\/?s={search_term_string}\"},\"query-input\":{\"@type\":\"PropertyValueSpecification\",\"valueRequired\":true,\"valueName\":\"search_term_string\"}}],\"inLanguage\":\"fr-FR\"},{\"@type\":\"Person\",\"@id\":\"https:\\\/\\\/lepatriotebenin.com\\\/#\\\/schema\\\/person\\\/2e7709b9c9cc313e452d1136af61690f\",\"name\":\"Redaction\",\"image\":{\"@type\":\"ImageObject\",\"inLanguage\":\"fr-FR\",\"@id\":\"https:\\\/\\\/secure.gravatar.com\\\/avatar\\\/c4c509357859ea2ca2cbb6d8812898a73e4ef1ef9934c2e591d7e32face734d1?s=96&d=mm&r=g\",\"url\":\"https:\\\/\\\/secure.gravatar.com\\\/avatar\\\/c4c509357859ea2ca2cbb6d8812898a73e4ef1ef9934c2e591d7e32face734d1?s=96&d=mm&r=g\",\"contentUrl\":\"https:\\\/\\\/secure.gravatar.com\\\/avatar\\\/c4c509357859ea2ca2cbb6d8812898a73e4ef1ef9934c2e591d7e32face734d1?s=96&d=mm&r=g\",\"caption\":\"Redaction\"},\"url\":\"https:\\\/\\\/lepatriotebenin.com\"}]}<\/script>\n<!-- \/ Yoast SEO plugin. -->","yoast_head_json":{"title":"Rapport 2025-2026 d\u2019Amnesty International : Libert\u00e9 en recul au B\u00e9nin - Le Patriote","robots":{"index":"index","follow":"follow","max-snippet":"max-snippet:-1","max-image-preview":"max-image-preview:large","max-video-preview":"max-video-preview:-1"},"canonical":"https:\/\/lepatriotebenin.com\/index.php\/2026\/04\/22\/rapport-2025-2026-damnesty-international-liberte-en-recul-au-benin\/","og_locale":"fr_FR","og_type":"article","og_title":"Rapport 2025-2026 d\u2019Amnesty International : Libert\u00e9 en recul au B\u00e9nin - Le Patriote","og_description":"(Violences, guerres et d\u00e9rives autoritaires s\u2019intensifient dans le monde) R\u00e9uni ce mardi 21 avril 2026 \u00e0 Cotonou, Amnesty International B\u00e9nin a pr\u00e9sent\u00e9 son rapport annuel sur la situation des droits&hellip;","og_url":"https:\/\/lepatriotebenin.com\/index.php\/2026\/04\/22\/rapport-2025-2026-damnesty-international-liberte-en-recul-au-benin\/","og_site_name":"Le Patriote","article_published_time":"2026-04-22T02:26:07+00:00","og_image":[{"width":2096,"height":1264,"url":"https:\/\/lepatriotebenin.com\/wp-content\/uploads\/2026\/04\/rapport-a.jpeg","type":"image\/jpeg"}],"author":"Redaction","twitter_card":"summary_large_image","twitter_misc":{"\u00c9crit par":"Redaction","Dur\u00e9e de lecture estim\u00e9e":"4 minutes"},"schema":{"@context":"https:\/\/schema.org","@graph":[{"@type":"Article","@id":"https:\/\/lepatriotebenin.com\/index.php\/2026\/04\/22\/rapport-2025-2026-damnesty-international-liberte-en-recul-au-benin\/#article","isPartOf":{"@id":"https:\/\/lepatriotebenin.com\/index.php\/2026\/04\/22\/rapport-2025-2026-damnesty-international-liberte-en-recul-au-benin\/"},"author":{"name":"Redaction","@id":"https:\/\/lepatriotebenin.com\/#\/schema\/person\/2e7709b9c9cc313e452d1136af61690f"},"headline":"Rapport 2025-2026 d\u2019Amnesty International : Libert\u00e9 en recul au B\u00e9nin","datePublished":"2026-04-22T02:26:07+00:00","mainEntityOfPage":{"@id":"https:\/\/lepatriotebenin.com\/index.php\/2026\/04\/22\/rapport-2025-2026-damnesty-international-liberte-en-recul-au-benin\/"},"wordCount":860,"commentCount":0,"image":{"@id":"https:\/\/lepatriotebenin.com\/index.php\/2026\/04\/22\/rapport-2025-2026-damnesty-international-liberte-en-recul-au-benin\/#primaryimage"},"thumbnailUrl":"https:\/\/lepatriotebenin.com\/wp-content\/uploads\/2026\/04\/rapport-a.jpeg","articleSection":["Soci\u00e9t\u00e9"],"inLanguage":"fr-FR","potentialAction":[{"@type":"CommentAction","name":"Comment","target":["https:\/\/lepatriotebenin.com\/index.php\/2026\/04\/22\/rapport-2025-2026-damnesty-international-liberte-en-recul-au-benin\/#respond"]}]},{"@type":"WebPage","@id":"https:\/\/lepatriotebenin.com\/index.php\/2026\/04\/22\/rapport-2025-2026-damnesty-international-liberte-en-recul-au-benin\/","url":"https:\/\/lepatriotebenin.com\/index.php\/2026\/04\/22\/rapport-2025-2026-damnesty-international-liberte-en-recul-au-benin\/","name":"Rapport 2025-2026 d\u2019Amnesty International : Libert\u00e9 en recul au B\u00e9nin - Le Patriote","isPartOf":{"@id":"https:\/\/lepatriotebenin.com\/#website"},"primaryImageOfPage":{"@id":"https:\/\/lepatriotebenin.com\/index.php\/2026\/04\/22\/rapport-2025-2026-damnesty-international-liberte-en-recul-au-benin\/#primaryimage"},"image":{"@id":"https:\/\/lepatriotebenin.com\/index.php\/2026\/04\/22\/rapport-2025-2026-damnesty-international-liberte-en-recul-au-benin\/#primaryimage"},"thumbnailUrl":"https:\/\/lepatriotebenin.com\/wp-content\/uploads\/2026\/04\/rapport-a.jpeg","datePublished":"2026-04-22T02:26:07+00:00","author":{"@id":"https:\/\/lepatriotebenin.com\/#\/schema\/person\/2e7709b9c9cc313e452d1136af61690f"},"breadcrumb":{"@id":"https:\/\/lepatriotebenin.com\/index.php\/2026\/04\/22\/rapport-2025-2026-damnesty-international-liberte-en-recul-au-benin\/#breadcrumb"},"inLanguage":"fr-FR","potentialAction":[{"@type":"ReadAction","target":["https:\/\/lepatriotebenin.com\/index.php\/2026\/04\/22\/rapport-2025-2026-damnesty-international-liberte-en-recul-au-benin\/"]}]},{"@type":"ImageObject","inLanguage":"fr-FR","@id":"https:\/\/lepatriotebenin.com\/index.php\/2026\/04\/22\/rapport-2025-2026-damnesty-international-liberte-en-recul-au-benin\/#primaryimage","url":"https:\/\/lepatriotebenin.com\/wp-content\/uploads\/2026\/04\/rapport-a.jpeg","contentUrl":"https:\/\/lepatriotebenin.com\/wp-content\/uploads\/2026\/04\/rapport-a.jpeg","width":2096,"height":1264},{"@type":"BreadcrumbList","@id":"https:\/\/lepatriotebenin.com\/index.php\/2026\/04\/22\/rapport-2025-2026-damnesty-international-liberte-en-recul-au-benin\/#breadcrumb","itemListElement":[{"@type":"ListItem","position":1,"name":"Accueil","item":"https:\/\/lepatriotebenin.com\/"},{"@type":"ListItem","position":2,"name":"Rapport 2025-2026 d\u2019Amnesty International : Libert\u00e9 en recul au B\u00e9nin"}]},{"@type":"WebSite","@id":"https:\/\/lepatriotebenin.com\/#website","url":"https:\/\/lepatriotebenin.com\/","name":"Le Patriote","description":"Le Patriote B\u00e9nin","potentialAction":[{"@type":"SearchAction","target":{"@type":"EntryPoint","urlTemplate":"https:\/\/lepatriotebenin.com\/?s={search_term_string}"},"query-input":{"@type":"PropertyValueSpecification","valueRequired":true,"valueName":"search_term_string"}}],"inLanguage":"fr-FR"},{"@type":"Person","@id":"https:\/\/lepatriotebenin.com\/#\/schema\/person\/2e7709b9c9cc313e452d1136af61690f","name":"Redaction","image":{"@type":"ImageObject","inLanguage":"fr-FR","@id":"https:\/\/secure.gravatar.com\/avatar\/c4c509357859ea2ca2cbb6d8812898a73e4ef1ef9934c2e591d7e32face734d1?s=96&d=mm&r=g","url":"https:\/\/secure.gravatar.com\/avatar\/c4c509357859ea2ca2cbb6d8812898a73e4ef1ef9934c2e591d7e32face734d1?s=96&d=mm&r=g","contentUrl":"https:\/\/secure.gravatar.com\/avatar\/c4c509357859ea2ca2cbb6d8812898a73e4ef1ef9934c2e591d7e32face734d1?s=96&d=mm&r=g","caption":"Redaction"},"url":"https:\/\/lepatriotebenin.com"}]}},"_links":{"self":[{"href":"https:\/\/lepatriotebenin.com\/index.php\/wp-json\/wp\/v2\/posts\/18737","targetHints":{"allow":["GET"]}}],"collection":[{"href":"https:\/\/lepatriotebenin.com\/index.php\/wp-json\/wp\/v2\/posts"}],"about":[{"href":"https:\/\/lepatriotebenin.com\/index.php\/wp-json\/wp\/v2\/types\/post"}],"author":[{"embeddable":true,"href":"https:\/\/lepatriotebenin.com\/index.php\/wp-json\/wp\/v2\/users\/5"}],"replies":[{"embeddable":true,"href":"https:\/\/lepatriotebenin.com\/index.php\/wp-json\/wp\/v2\/comments?post=18737"}],"version-history":[{"count":1,"href":"https:\/\/lepatriotebenin.com\/index.php\/wp-json\/wp\/v2\/posts\/18737\/revisions"}],"predecessor-version":[{"id":18739,"href":"https:\/\/lepatriotebenin.com\/index.php\/wp-json\/wp\/v2\/posts\/18737\/revisions\/18739"}],"wp:featuredmedia":[{"embeddable":true,"href":"https:\/\/lepatriotebenin.com\/index.php\/wp-json\/wp\/v2\/media\/18738"}],"wp:attachment":[{"href":"https:\/\/lepatriotebenin.com\/index.php\/wp-json\/wp\/v2\/media?parent=18737"}],"wp:term":[{"taxonomy":"category","embeddable":true,"href":"https:\/\/lepatriotebenin.com\/index.php\/wp-json\/wp\/v2\/categories?post=18737"},{"taxonomy":"post_tag","embeddable":true,"href":"https:\/\/lepatriotebenin.com\/index.php\/wp-json\/wp\/v2\/tags?post=18737"}],"curies":[{"name":"wp","href":"https:\/\/api.w.org\/{rel}","templated":true}]}}