{"id":18734,"date":"2026-04-22T04:19:48","date_gmt":"2026-04-22T02:19:48","guid":{"rendered":"https:\/\/lepatriotebenin.com\/?p=18734"},"modified":"2026-04-22T04:19:48","modified_gmt":"2026-04-22T02:19:48","slug":"affaire-dextradition-de-kemi-seba-qui-dit-la-verite-entre-mario-metonou-et-juan-branco","status":"publish","type":"post","link":"https:\/\/lepatriotebenin.com\/index.php\/2026\/04\/22\/affaire-dextradition-de-kemi-seba-qui-dit-la-verite-entre-mario-metonou-et-juan-branco\/","title":{"rendered":"Affaire d\u2019extradition de K\u00e8mi S\u00e9ba: Qui dit la v\u00e9rit\u00e9 entre Mario M\u00e8tonou et Juan Branco ?"},"content":{"rendered":"<p><em><strong>Depuis quelques jours, le dossier relatif \u00e0 l\u2019extradition du panafricaniste K\u00e8mi S\u00e9ba de l\u2019Afrique du Sud vers le B\u00e9nin alimente d\u00e9bats, controverses et passions. Au c\u0153ur de cette affaire aux rebondissements politiques et judiciaires, deux voix s\u2019opposent frontalement, celle du procureur sp\u00e9cial de la Criet, Mario M\u00e8tonou, et celle de l\u2019avocat du pr\u00e9venu, Juan Branco. Entre d\u00e9claration officielle et publication, une question demeure : qui dit la v\u00e9rit\u00e9 ?<\/strong><\/em><\/p>\n<p>L&rsquo;affaire de l&rsquo;extradition de K\u00e8mi S\u00e9ba oppose deux camps avec des versions diff\u00e9rentes. D\u2019un c\u00f4t\u00e9, le procureur sp\u00e9cial de la Cour de r\u00e9pression des infractions \u00e9conomiques et du terrorisme se veut clair et cat\u00e9gorique. Selon Mario M\u00e8tonou, aucune demande formelle d\u2019extradition n\u2019a, \u00e0 ce stade, \u00e9t\u00e9 introduite par les autorit\u00e9s b\u00e9ninoises. En revanche, dans sa d\u00e9claration, il a affirm\u00e9 avoir saisi les autorit\u00e9s judiciaires sud-africaines pour obtenir une arrestation provisoire de K\u00e8mi S\u00e9ba, sur la base de deux mandats d\u2019arr\u00eat internationaux. Cette d\u00e9marche, pr\u00e9cise-t-il, s\u2019inscrit dans le cadre d\u2019accusations graves : blanchiment de capitaux, incitation \u00e0 la haine, apologie de crime, et implication pr\u00e9sum\u00e9e dans une tentative de d\u00e9stabilisation des institutions de l\u2019\u00c9tat.<\/p>\n<p>\u00c0 en croire le magistrat, la d\u00e9tention actuelle de l\u2019activiste en Afrique du Sud d\u00e9coule donc directement d\u2019une initiative b\u00e9ninoise, mais limit\u00e9e \u00e0 une demande d\u2019arrestation provisoire en attendant d\u2019\u00e9ventuelles suites judiciaires. Une nuance importante, qui distingue juridiquement l\u2019arrestation provisoire de la proc\u00e9dure formelle d\u2019extradition. Mais en face, Juan Branco ne l\u2019entend pas de cette oreille. Sur sa page Facebook, l\u2019avocat affirme que le B\u00e9nin aurait bel et bien introduit une requ\u00eate d\u2019extradition aupr\u00e8s des juridictions sud-africaines. Mieux, il soutient que cette demande aurait \u00e9t\u00e9 rejet\u00e9e par la justice de Pretoria, au motif qu\u2019elle ne respecterait pas les conditions l\u00e9gales requises.<\/p>\n<p>Une d\u00e9claration qui, si elle est av\u00e9r\u00e9e, contredit frontalement la version du procureur sp\u00e9cial. Selon cette lecture, la premi\u00e8re offensive judiciaire du B\u00e9nin se serait sold\u00e9e par un \u00e9chec. La d\u00e9tention provisoire de K\u00e8mi S\u00e9ba a donc pour objectif de v\u00e9rifier son statut de migrant et son domicile. A terme, il pourra donc b\u00e9n\u00e9ficier d&rsquo;une libert\u00e9 sous caution ou non, une d\u00e9cision qui d\u00e9pend de la justice sud-africaine. Toutefois, l\u2019avocat laisse entendre que les autorit\u00e9s b\u00e9ninoises pourraient revenir \u00e0 la charge avec une nouvelle requ\u00eate, dans ce qu\u2019il qualifie implicitement d\u2019acharnement judiciaire.<\/p>\n<p>Deux r\u00e9cits, deux v\u00e9rit\u00e9s apparentes, et une opinion publique plong\u00e9e dans le doute, car au-del\u00e0 des divergences, ce sont des enjeux majeurs qui se dessinent. Dans un \u00c9tat de droit, une telle contradiction ne saurait prosp\u00e9rer sans clarification. Le peuple b\u00e9ninois, d\u00e9j\u00e0 \u00e9prouv\u00e9 par les tensions politiques et les suspicions r\u00e9currentes autour des dossiers sensibles, est en droit d\u2019exiger la lumi\u00e8re. Qui faut-il croire ? Le procureur, d\u00e9positaire de l\u2019autorit\u00e9 judiciaire, ou l\u2019avocat, d\u00e9fenseur engag\u00e9 de son client ? Bien malin qui pourra r\u00e9pondre. D\u00e9sormais, la balle est dans le camp des deux protagonistes. Mario M\u00e8tonou et Juan Branco sont attendus dans un exercice de v\u00e9rit\u00e9.<\/p>\n<p><strong>Alassane Tour\u00e9<\/strong><\/p>\n<p>&nbsp;<\/p>\n","protected":false},"excerpt":{"rendered":"<p>Depuis quelques jours, le dossier relatif \u00e0 l\u2019extradition du panafricaniste K\u00e8mi S\u00e9ba de l\u2019Afrique du Sud vers le B\u00e9nin alimente d\u00e9bats, controverses et passions. Au c\u0153ur de cette affaire aux&hellip;<\/p>\n","protected":false},"author":5,"featured_media":18735,"comment_status":"open","ping_status":"open","sticky":false,"template":"","format":"standard","meta":{"content-type":"","om_disable_all_campaigns":false,"_monsterinsights_skip_tracking":false,"_monsterinsights_sitenote_active":false,"_monsterinsights_sitenote_note":"","_monsterinsights_sitenote_category":0,"_uf_show_specific_survey":0,"_uf_disable_surveys":false,"footnotes":""},"categories":[26],"tags":[],"class_list":["post-18734","post","type-post","status-publish","format-standard","has-post-thumbnail","hentry","category-politique"],"aioseo_notices":[],"yoast_head":"<!-- This site is optimized with the Yoast SEO plugin v27.5 - https:\/\/yoast.com\/product\/yoast-seo-wordpress\/ -->\n<title>Affaire d\u2019extradition de K\u00e8mi S\u00e9ba: Qui dit la v\u00e9rit\u00e9 entre Mario M\u00e8tonou et Juan Branco ? - Le Patriote<\/title>\n<meta name=\"robots\" content=\"index, follow, max-snippet:-1, max-image-preview:large, max-video-preview:-1\" \/>\n<link rel=\"canonical\" href=\"https:\/\/lepatriotebenin.com\/index.php\/2026\/04\/22\/affaire-dextradition-de-kemi-seba-qui-dit-la-verite-entre-mario-metonou-et-juan-branco\/\" \/>\n<meta property=\"og:locale\" content=\"fr_FR\" \/>\n<meta property=\"og:type\" content=\"article\" \/>\n<meta property=\"og:title\" content=\"Affaire d\u2019extradition de K\u00e8mi S\u00e9ba: Qui dit la v\u00e9rit\u00e9 entre Mario M\u00e8tonou et Juan Branco ? - Le Patriote\" \/>\n<meta property=\"og:description\" content=\"Depuis quelques jours, le dossier relatif \u00e0 l\u2019extradition du panafricaniste K\u00e8mi S\u00e9ba de l\u2019Afrique du Sud vers le B\u00e9nin alimente d\u00e9bats, controverses et passions. Au c\u0153ur de cette affaire aux&hellip;\" \/>\n<meta property=\"og:url\" content=\"https:\/\/lepatriotebenin.com\/index.php\/2026\/04\/22\/affaire-dextradition-de-kemi-seba-qui-dit-la-verite-entre-mario-metonou-et-juan-branco\/\" \/>\n<meta property=\"og:site_name\" content=\"Le Patriote\" \/>\n<meta property=\"article:published_time\" content=\"2026-04-22T02:19:48+00:00\" \/>\n<meta property=\"og:image\" content=\"https:\/\/lepatriotebenin.com\/wp-content\/uploads\/2026\/04\/05349003-51a9-4840-8c49-0f98d6c1b334.jpg\" \/>\n\t<meta property=\"og:image:width\" content=\"370\" \/>\n\t<meta property=\"og:image:height\" content=\"231\" \/>\n\t<meta property=\"og:image:type\" content=\"image\/jpeg\" \/>\n<meta name=\"author\" content=\"Redaction\" \/>\n<meta name=\"twitter:card\" content=\"summary_large_image\" \/>\n<meta name=\"twitter:label1\" content=\"\u00c9crit par\" \/>\n\t<meta name=\"twitter:data1\" content=\"Redaction\" \/>\n\t<meta name=\"twitter:label2\" content=\"Dur\u00e9e de lecture estim\u00e9e\" \/>\n\t<meta name=\"twitter:data2\" content=\"3 minutes\" \/>\n<script type=\"application\/ld+json\" class=\"yoast-schema-graph\">{\"@context\":\"https:\\\/\\\/schema.org\",\"@graph\":[{\"@type\":\"Article\",\"@id\":\"https:\\\/\\\/lepatriotebenin.com\\\/index.php\\\/2026\\\/04\\\/22\\\/affaire-dextradition-de-kemi-seba-qui-dit-la-verite-entre-mario-metonou-et-juan-branco\\\/#article\",\"isPartOf\":{\"@id\":\"https:\\\/\\\/lepatriotebenin.com\\\/index.php\\\/2026\\\/04\\\/22\\\/affaire-dextradition-de-kemi-seba-qui-dit-la-verite-entre-mario-metonou-et-juan-branco\\\/\"},\"author\":{\"name\":\"Redaction\",\"@id\":\"https:\\\/\\\/lepatriotebenin.com\\\/#\\\/schema\\\/person\\\/2e7709b9c9cc313e452d1136af61690f\"},\"headline\":\"Affaire d\u2019extradition de K\u00e8mi S\u00e9ba: Qui dit la v\u00e9rit\u00e9 entre Mario M\u00e8tonou et Juan Branco ?\",\"datePublished\":\"2026-04-22T02:19:48+00:00\",\"mainEntityOfPage\":{\"@id\":\"https:\\\/\\\/lepatriotebenin.com\\\/index.php\\\/2026\\\/04\\\/22\\\/affaire-dextradition-de-kemi-seba-qui-dit-la-verite-entre-mario-metonou-et-juan-branco\\\/\"},\"wordCount\":596,\"commentCount\":0,\"image\":{\"@id\":\"https:\\\/\\\/lepatriotebenin.com\\\/index.php\\\/2026\\\/04\\\/22\\\/affaire-dextradition-de-kemi-seba-qui-dit-la-verite-entre-mario-metonou-et-juan-branco\\\/#primaryimage\"},\"thumbnailUrl\":\"https:\\\/\\\/lepatriotebenin.com\\\/wp-content\\\/uploads\\\/2026\\\/04\\\/05349003-51a9-4840-8c49-0f98d6c1b334.jpg\",\"articleSection\":[\"Politique\"],\"inLanguage\":\"fr-FR\",\"potentialAction\":[{\"@type\":\"CommentAction\",\"name\":\"Comment\",\"target\":[\"https:\\\/\\\/lepatriotebenin.com\\\/index.php\\\/2026\\\/04\\\/22\\\/affaire-dextradition-de-kemi-seba-qui-dit-la-verite-entre-mario-metonou-et-juan-branco\\\/#respond\"]}]},{\"@type\":\"WebPage\",\"@id\":\"https:\\\/\\\/lepatriotebenin.com\\\/index.php\\\/2026\\\/04\\\/22\\\/affaire-dextradition-de-kemi-seba-qui-dit-la-verite-entre-mario-metonou-et-juan-branco\\\/\",\"url\":\"https:\\\/\\\/lepatriotebenin.com\\\/index.php\\\/2026\\\/04\\\/22\\\/affaire-dextradition-de-kemi-seba-qui-dit-la-verite-entre-mario-metonou-et-juan-branco\\\/\",\"name\":\"Affaire d\u2019extradition de K\u00e8mi S\u00e9ba: Qui dit la v\u00e9rit\u00e9 entre Mario M\u00e8tonou et Juan Branco ? - Le Patriote\",\"isPartOf\":{\"@id\":\"https:\\\/\\\/lepatriotebenin.com\\\/#website\"},\"primaryImageOfPage\":{\"@id\":\"https:\\\/\\\/lepatriotebenin.com\\\/index.php\\\/2026\\\/04\\\/22\\\/affaire-dextradition-de-kemi-seba-qui-dit-la-verite-entre-mario-metonou-et-juan-branco\\\/#primaryimage\"},\"image\":{\"@id\":\"https:\\\/\\\/lepatriotebenin.com\\\/index.php\\\/2026\\\/04\\\/22\\\/affaire-dextradition-de-kemi-seba-qui-dit-la-verite-entre-mario-metonou-et-juan-branco\\\/#primaryimage\"},\"thumbnailUrl\":\"https:\\\/\\\/lepatriotebenin.com\\\/wp-content\\\/uploads\\\/2026\\\/04\\\/05349003-51a9-4840-8c49-0f98d6c1b334.jpg\",\"datePublished\":\"2026-04-22T02:19:48+00:00\",\"author\":{\"@id\":\"https:\\\/\\\/lepatriotebenin.com\\\/#\\\/schema\\\/person\\\/2e7709b9c9cc313e452d1136af61690f\"},\"breadcrumb\":{\"@id\":\"https:\\\/\\\/lepatriotebenin.com\\\/index.php\\\/2026\\\/04\\\/22\\\/affaire-dextradition-de-kemi-seba-qui-dit-la-verite-entre-mario-metonou-et-juan-branco\\\/#breadcrumb\"},\"inLanguage\":\"fr-FR\",\"potentialAction\":[{\"@type\":\"ReadAction\",\"target\":[\"https:\\\/\\\/lepatriotebenin.com\\\/index.php\\\/2026\\\/04\\\/22\\\/affaire-dextradition-de-kemi-seba-qui-dit-la-verite-entre-mario-metonou-et-juan-branco\\\/\"]}]},{\"@type\":\"ImageObject\",\"inLanguage\":\"fr-FR\",\"@id\":\"https:\\\/\\\/lepatriotebenin.com\\\/index.php\\\/2026\\\/04\\\/22\\\/affaire-dextradition-de-kemi-seba-qui-dit-la-verite-entre-mario-metonou-et-juan-branco\\\/#primaryimage\",\"url\":\"https:\\\/\\\/lepatriotebenin.com\\\/wp-content\\\/uploads\\\/2026\\\/04\\\/05349003-51a9-4840-8c49-0f98d6c1b334.jpg\",\"contentUrl\":\"https:\\\/\\\/lepatriotebenin.com\\\/wp-content\\\/uploads\\\/2026\\\/04\\\/05349003-51a9-4840-8c49-0f98d6c1b334.jpg\",\"width\":370,\"height\":231},{\"@type\":\"BreadcrumbList\",\"@id\":\"https:\\\/\\\/lepatriotebenin.com\\\/index.php\\\/2026\\\/04\\\/22\\\/affaire-dextradition-de-kemi-seba-qui-dit-la-verite-entre-mario-metonou-et-juan-branco\\\/#breadcrumb\",\"itemListElement\":[{\"@type\":\"ListItem\",\"position\":1,\"name\":\"Accueil\",\"item\":\"https:\\\/\\\/lepatriotebenin.com\\\/\"},{\"@type\":\"ListItem\",\"position\":2,\"name\":\"Affaire d\u2019extradition de K\u00e8mi S\u00e9ba: Qui dit la v\u00e9rit\u00e9 entre Mario M\u00e8tonou et Juan Branco ?\"}]},{\"@type\":\"WebSite\",\"@id\":\"https:\\\/\\\/lepatriotebenin.com\\\/#website\",\"url\":\"https:\\\/\\\/lepatriotebenin.com\\\/\",\"name\":\"Le Patriote\",\"description\":\"Le Patriote B\u00e9nin\",\"potentialAction\":[{\"@type\":\"SearchAction\",\"target\":{\"@type\":\"EntryPoint\",\"urlTemplate\":\"https:\\\/\\\/lepatriotebenin.com\\\/?s={search_term_string}\"},\"query-input\":{\"@type\":\"PropertyValueSpecification\",\"valueRequired\":true,\"valueName\":\"search_term_string\"}}],\"inLanguage\":\"fr-FR\"},{\"@type\":\"Person\",\"@id\":\"https:\\\/\\\/lepatriotebenin.com\\\/#\\\/schema\\\/person\\\/2e7709b9c9cc313e452d1136af61690f\",\"name\":\"Redaction\",\"image\":{\"@type\":\"ImageObject\",\"inLanguage\":\"fr-FR\",\"@id\":\"https:\\\/\\\/secure.gravatar.com\\\/avatar\\\/c4c509357859ea2ca2cbb6d8812898a73e4ef1ef9934c2e591d7e32face734d1?s=96&d=mm&r=g\",\"url\":\"https:\\\/\\\/secure.gravatar.com\\\/avatar\\\/c4c509357859ea2ca2cbb6d8812898a73e4ef1ef9934c2e591d7e32face734d1?s=96&d=mm&r=g\",\"contentUrl\":\"https:\\\/\\\/secure.gravatar.com\\\/avatar\\\/c4c509357859ea2ca2cbb6d8812898a73e4ef1ef9934c2e591d7e32face734d1?s=96&d=mm&r=g\",\"caption\":\"Redaction\"},\"url\":\"https:\\\/\\\/lepatriotebenin.com\"}]}<\/script>\n<!-- \/ Yoast SEO plugin. -->","yoast_head_json":{"title":"Affaire d\u2019extradition de K\u00e8mi S\u00e9ba: Qui dit la v\u00e9rit\u00e9 entre Mario M\u00e8tonou et Juan Branco ? - Le Patriote","robots":{"index":"index","follow":"follow","max-snippet":"max-snippet:-1","max-image-preview":"max-image-preview:large","max-video-preview":"max-video-preview:-1"},"canonical":"https:\/\/lepatriotebenin.com\/index.php\/2026\/04\/22\/affaire-dextradition-de-kemi-seba-qui-dit-la-verite-entre-mario-metonou-et-juan-branco\/","og_locale":"fr_FR","og_type":"article","og_title":"Affaire d\u2019extradition de K\u00e8mi S\u00e9ba: Qui dit la v\u00e9rit\u00e9 entre Mario M\u00e8tonou et Juan Branco ? - Le Patriote","og_description":"Depuis quelques jours, le dossier relatif \u00e0 l\u2019extradition du panafricaniste K\u00e8mi S\u00e9ba de l\u2019Afrique du Sud vers le B\u00e9nin alimente d\u00e9bats, controverses et passions. Au c\u0153ur de cette affaire aux&hellip;","og_url":"https:\/\/lepatriotebenin.com\/index.php\/2026\/04\/22\/affaire-dextradition-de-kemi-seba-qui-dit-la-verite-entre-mario-metonou-et-juan-branco\/","og_site_name":"Le Patriote","article_published_time":"2026-04-22T02:19:48+00:00","og_image":[{"width":370,"height":231,"url":"https:\/\/lepatriotebenin.com\/wp-content\/uploads\/2026\/04\/05349003-51a9-4840-8c49-0f98d6c1b334.jpg","type":"image\/jpeg"}],"author":"Redaction","twitter_card":"summary_large_image","twitter_misc":{"\u00c9crit par":"Redaction","Dur\u00e9e de lecture estim\u00e9e":"3 minutes"},"schema":{"@context":"https:\/\/schema.org","@graph":[{"@type":"Article","@id":"https:\/\/lepatriotebenin.com\/index.php\/2026\/04\/22\/affaire-dextradition-de-kemi-seba-qui-dit-la-verite-entre-mario-metonou-et-juan-branco\/#article","isPartOf":{"@id":"https:\/\/lepatriotebenin.com\/index.php\/2026\/04\/22\/affaire-dextradition-de-kemi-seba-qui-dit-la-verite-entre-mario-metonou-et-juan-branco\/"},"author":{"name":"Redaction","@id":"https:\/\/lepatriotebenin.com\/#\/schema\/person\/2e7709b9c9cc313e452d1136af61690f"},"headline":"Affaire d\u2019extradition de K\u00e8mi S\u00e9ba: Qui dit la v\u00e9rit\u00e9 entre Mario M\u00e8tonou et Juan Branco ?","datePublished":"2026-04-22T02:19:48+00:00","mainEntityOfPage":{"@id":"https:\/\/lepatriotebenin.com\/index.php\/2026\/04\/22\/affaire-dextradition-de-kemi-seba-qui-dit-la-verite-entre-mario-metonou-et-juan-branco\/"},"wordCount":596,"commentCount":0,"image":{"@id":"https:\/\/lepatriotebenin.com\/index.php\/2026\/04\/22\/affaire-dextradition-de-kemi-seba-qui-dit-la-verite-entre-mario-metonou-et-juan-branco\/#primaryimage"},"thumbnailUrl":"https:\/\/lepatriotebenin.com\/wp-content\/uploads\/2026\/04\/05349003-51a9-4840-8c49-0f98d6c1b334.jpg","articleSection":["Politique"],"inLanguage":"fr-FR","potentialAction":[{"@type":"CommentAction","name":"Comment","target":["https:\/\/lepatriotebenin.com\/index.php\/2026\/04\/22\/affaire-dextradition-de-kemi-seba-qui-dit-la-verite-entre-mario-metonou-et-juan-branco\/#respond"]}]},{"@type":"WebPage","@id":"https:\/\/lepatriotebenin.com\/index.php\/2026\/04\/22\/affaire-dextradition-de-kemi-seba-qui-dit-la-verite-entre-mario-metonou-et-juan-branco\/","url":"https:\/\/lepatriotebenin.com\/index.php\/2026\/04\/22\/affaire-dextradition-de-kemi-seba-qui-dit-la-verite-entre-mario-metonou-et-juan-branco\/","name":"Affaire d\u2019extradition de K\u00e8mi S\u00e9ba: Qui dit la v\u00e9rit\u00e9 entre Mario M\u00e8tonou et Juan Branco ? - Le Patriote","isPartOf":{"@id":"https:\/\/lepatriotebenin.com\/#website"},"primaryImageOfPage":{"@id":"https:\/\/lepatriotebenin.com\/index.php\/2026\/04\/22\/affaire-dextradition-de-kemi-seba-qui-dit-la-verite-entre-mario-metonou-et-juan-branco\/#primaryimage"},"image":{"@id":"https:\/\/lepatriotebenin.com\/index.php\/2026\/04\/22\/affaire-dextradition-de-kemi-seba-qui-dit-la-verite-entre-mario-metonou-et-juan-branco\/#primaryimage"},"thumbnailUrl":"https:\/\/lepatriotebenin.com\/wp-content\/uploads\/2026\/04\/05349003-51a9-4840-8c49-0f98d6c1b334.jpg","datePublished":"2026-04-22T02:19:48+00:00","author":{"@id":"https:\/\/lepatriotebenin.com\/#\/schema\/person\/2e7709b9c9cc313e452d1136af61690f"},"breadcrumb":{"@id":"https:\/\/lepatriotebenin.com\/index.php\/2026\/04\/22\/affaire-dextradition-de-kemi-seba-qui-dit-la-verite-entre-mario-metonou-et-juan-branco\/#breadcrumb"},"inLanguage":"fr-FR","potentialAction":[{"@type":"ReadAction","target":["https:\/\/lepatriotebenin.com\/index.php\/2026\/04\/22\/affaire-dextradition-de-kemi-seba-qui-dit-la-verite-entre-mario-metonou-et-juan-branco\/"]}]},{"@type":"ImageObject","inLanguage":"fr-FR","@id":"https:\/\/lepatriotebenin.com\/index.php\/2026\/04\/22\/affaire-dextradition-de-kemi-seba-qui-dit-la-verite-entre-mario-metonou-et-juan-branco\/#primaryimage","url":"https:\/\/lepatriotebenin.com\/wp-content\/uploads\/2026\/04\/05349003-51a9-4840-8c49-0f98d6c1b334.jpg","contentUrl":"https:\/\/lepatriotebenin.com\/wp-content\/uploads\/2026\/04\/05349003-51a9-4840-8c49-0f98d6c1b334.jpg","width":370,"height":231},{"@type":"BreadcrumbList","@id":"https:\/\/lepatriotebenin.com\/index.php\/2026\/04\/22\/affaire-dextradition-de-kemi-seba-qui-dit-la-verite-entre-mario-metonou-et-juan-branco\/#breadcrumb","itemListElement":[{"@type":"ListItem","position":1,"name":"Accueil","item":"https:\/\/lepatriotebenin.com\/"},{"@type":"ListItem","position":2,"name":"Affaire d\u2019extradition de K\u00e8mi S\u00e9ba: Qui dit la v\u00e9rit\u00e9 entre Mario M\u00e8tonou et Juan Branco ?"}]},{"@type":"WebSite","@id":"https:\/\/lepatriotebenin.com\/#website","url":"https:\/\/lepatriotebenin.com\/","name":"Le Patriote","description":"Le Patriote B\u00e9nin","potentialAction":[{"@type":"SearchAction","target":{"@type":"EntryPoint","urlTemplate":"https:\/\/lepatriotebenin.com\/?s={search_term_string}"},"query-input":{"@type":"PropertyValueSpecification","valueRequired":true,"valueName":"search_term_string"}}],"inLanguage":"fr-FR"},{"@type":"Person","@id":"https:\/\/lepatriotebenin.com\/#\/schema\/person\/2e7709b9c9cc313e452d1136af61690f","name":"Redaction","image":{"@type":"ImageObject","inLanguage":"fr-FR","@id":"https:\/\/secure.gravatar.com\/avatar\/c4c509357859ea2ca2cbb6d8812898a73e4ef1ef9934c2e591d7e32face734d1?s=96&d=mm&r=g","url":"https:\/\/secure.gravatar.com\/avatar\/c4c509357859ea2ca2cbb6d8812898a73e4ef1ef9934c2e591d7e32face734d1?s=96&d=mm&r=g","contentUrl":"https:\/\/secure.gravatar.com\/avatar\/c4c509357859ea2ca2cbb6d8812898a73e4ef1ef9934c2e591d7e32face734d1?s=96&d=mm&r=g","caption":"Redaction"},"url":"https:\/\/lepatriotebenin.com"}]}},"_links":{"self":[{"href":"https:\/\/lepatriotebenin.com\/index.php\/wp-json\/wp\/v2\/posts\/18734","targetHints":{"allow":["GET"]}}],"collection":[{"href":"https:\/\/lepatriotebenin.com\/index.php\/wp-json\/wp\/v2\/posts"}],"about":[{"href":"https:\/\/lepatriotebenin.com\/index.php\/wp-json\/wp\/v2\/types\/post"}],"author":[{"embeddable":true,"href":"https:\/\/lepatriotebenin.com\/index.php\/wp-json\/wp\/v2\/users\/5"}],"replies":[{"embeddable":true,"href":"https:\/\/lepatriotebenin.com\/index.php\/wp-json\/wp\/v2\/comments?post=18734"}],"version-history":[{"count":1,"href":"https:\/\/lepatriotebenin.com\/index.php\/wp-json\/wp\/v2\/posts\/18734\/revisions"}],"predecessor-version":[{"id":18736,"href":"https:\/\/lepatriotebenin.com\/index.php\/wp-json\/wp\/v2\/posts\/18734\/revisions\/18736"}],"wp:featuredmedia":[{"embeddable":true,"href":"https:\/\/lepatriotebenin.com\/index.php\/wp-json\/wp\/v2\/media\/18735"}],"wp:attachment":[{"href":"https:\/\/lepatriotebenin.com\/index.php\/wp-json\/wp\/v2\/media?parent=18734"}],"wp:term":[{"taxonomy":"category","embeddable":true,"href":"https:\/\/lepatriotebenin.com\/index.php\/wp-json\/wp\/v2\/categories?post=18734"},{"taxonomy":"post_tag","embeddable":true,"href":"https:\/\/lepatriotebenin.com\/index.php\/wp-json\/wp\/v2\/tags?post=18734"}],"curies":[{"name":"wp","href":"https:\/\/api.w.org\/{rel}","templated":true}]}}