{"id":18729,"date":"2026-04-22T04:13:22","date_gmt":"2026-04-22T02:13:22","guid":{"rendered":"https:\/\/lepatriotebenin.com\/?p=18729"},"modified":"2026-04-22T04:13:22","modified_gmt":"2026-04-22T02:13:22","slug":"apres-lelection-du-president-romuald-wadagni-lambassadeur-omar-arouna-souhaite-sa-proximite-avec-le-peuple-beninois","status":"publish","type":"post","link":"https:\/\/lepatriotebenin.com\/index.php\/2026\/04\/22\/apres-lelection-du-president-romuald-wadagni-lambassadeur-omar-arouna-souhaite-sa-proximite-avec-le-peuple-beninois\/","title":{"rendered":"Apr\u00e8s  l\u2019\u00e9lection du pr\u00e9sident  Romuald Wadagni : L\u2019ambassadeur Omar Arouna souhaite sa proximit\u00e9 avec le peuple  b\u00e9ninois"},"content":{"rendered":"<p><strong>\u00a0Apr\u00e8s la brillante \u00e9lection du pr\u00e9sident Romuald Wadagni \u00e0 la\u00a0 t\u00eate\u00a0 du B\u00e9nin, l\u2019ambassadeur Omar Arouna\u00a0\u00a0 le f\u00e9licite , dans une\u00a0 lettre\u00a0 en date du 18 avril\u00a0 2026\u00a0, facilit\u00e9\u00a0 et lui\u00a0 souhaite\u00a0 ensuite \u00ab\u00a0 la lucidit\u00e9,\u00a0 le courage et la proximit\u00e9 avec le peuple\u00a0\u00bb b\u00e9ninois . \u00a0Il\u00a0 esp\u00e8re que le nouveau pr\u00e9sident de la R\u00e9publique du B\u00e9nin fera \u00ab\u00a0 preuve\u00a0 d\u2019humanisme\u00a0\u00bb envers son peuple .Il n\u2019a pas manqu\u00e9\u00a0 de demander entre autres la lib\u00e9ration des prisonniers politiques,\u00a0 le retour des\u00a0 exil\u00e9s et du\u00a0 vivre-ensemble.\u00a0\u00a0 Lire\u00a0 de sa lettre<\/strong><\/p>\n<p><img fetchpriority=\"high\" decoding=\"async\" class=\"alignnone size-medium wp-image-18731\" src=\"https:\/\/lepatriotebenin.com\/wp-content\/uploads\/2026\/04\/omar-page-0001-232x300.jpg\" alt=\"\" width=\"232\" height=\"300\" srcset=\"https:\/\/lepatriotebenin.com\/wp-content\/uploads\/2026\/04\/omar-page-0001-232x300.jpg 232w, https:\/\/lepatriotebenin.com\/wp-content\/uploads\/2026\/04\/omar-page-0001-791x1024.jpg 791w, https:\/\/lepatriotebenin.com\/wp-content\/uploads\/2026\/04\/omar-page-0001-768x994.jpg 768w, https:\/\/lepatriotebenin.com\/wp-content\/uploads\/2026\/04\/omar-page-0001-1187x1536.jpg 1187w, https:\/\/lepatriotebenin.com\/wp-content\/uploads\/2026\/04\/omar-page-0001-1170x1514.jpg 1170w, https:\/\/lepatriotebenin.com\/wp-content\/uploads\/2026\/04\/omar-page-0001-585x757.jpg 585w, https:\/\/lepatriotebenin.com\/wp-content\/uploads\/2026\/04\/omar-page-0001.jpg 1275w\" sizes=\"(max-width: 232px) 100vw, 232px\" \/><\/p>\n<p><a href=\"https:\/\/lepatriotebenin.com\/wp-content\/uploads\/2026\/04\/omar.pdf\">Omar<\/a><\/p>\n","protected":false},"excerpt":{"rendered":"<p>\u00a0Apr\u00e8s la brillante \u00e9lection du pr\u00e9sident Romuald Wadagni \u00e0 la\u00a0 t\u00eate\u00a0 du B\u00e9nin, l\u2019ambassadeur Omar Arouna\u00a0\u00a0 le f\u00e9licite , dans une\u00a0 lettre\u00a0 en date du 18 avril\u00a0 2026\u00a0, facilit\u00e9\u00a0 et&hellip;<\/p>\n","protected":false},"author":6,"featured_media":18732,"comment_status":"open","ping_status":"open","sticky":false,"template":"","format":"standard","meta":{"content-type":"","om_disable_all_campaigns":false,"_monsterinsights_skip_tracking":false,"_monsterinsights_sitenote_active":false,"_monsterinsights_sitenote_note":"","_monsterinsights_sitenote_category":0,"_uf_show_specific_survey":0,"_uf_disable_surveys":false,"footnotes":""},"categories":[26],"tags":[],"class_list":["post-18729","post","type-post","status-publish","format-standard","has-post-thumbnail","hentry","category-politique"],"aioseo_notices":[],"yoast_head":"<!-- This site is optimized with the Yoast SEO plugin v27.5 - https:\/\/yoast.com\/product\/yoast-seo-wordpress\/ -->\n<title>Apr\u00e8s l\u2019\u00e9lection du pr\u00e9sident Romuald Wadagni : L\u2019ambassadeur Omar Arouna souhaite sa proximit\u00e9 avec le peuple b\u00e9ninois - Le Patriote<\/title>\n<meta name=\"robots\" content=\"index, follow, max-snippet:-1, max-image-preview:large, max-video-preview:-1\" \/>\n<link rel=\"canonical\" href=\"https:\/\/lepatriotebenin.com\/index.php\/2026\/04\/22\/apres-lelection-du-president-romuald-wadagni-lambassadeur-omar-arouna-souhaite-sa-proximite-avec-le-peuple-beninois\/\" \/>\n<meta property=\"og:locale\" content=\"fr_FR\" \/>\n<meta property=\"og:type\" content=\"article\" \/>\n<meta property=\"og:title\" content=\"Apr\u00e8s l\u2019\u00e9lection du pr\u00e9sident Romuald Wadagni : L\u2019ambassadeur Omar Arouna souhaite sa proximit\u00e9 avec le peuple b\u00e9ninois - Le Patriote\" \/>\n<meta property=\"og:description\" content=\"\u00a0Apr\u00e8s la brillante \u00e9lection du pr\u00e9sident Romuald Wadagni \u00e0 la\u00a0 t\u00eate\u00a0 du B\u00e9nin, l\u2019ambassadeur Omar Arouna\u00a0\u00a0 le f\u00e9licite , dans une\u00a0 lettre\u00a0 en date du 18 avril\u00a0 2026\u00a0, facilit\u00e9\u00a0 et&hellip;\" \/>\n<meta property=\"og:url\" content=\"https:\/\/lepatriotebenin.com\/index.php\/2026\/04\/22\/apres-lelection-du-president-romuald-wadagni-lambassadeur-omar-arouna-souhaite-sa-proximite-avec-le-peuple-beninois\/\" \/>\n<meta property=\"og:site_name\" content=\"Le Patriote\" \/>\n<meta property=\"article:published_time\" content=\"2026-04-22T02:13:22+00:00\" \/>\n<meta property=\"og:image\" content=\"https:\/\/lepatriotebenin.com\/wp-content\/uploads\/2026\/04\/arouna.jpg\" \/>\n\t<meta property=\"og:image:width\" content=\"1200\" \/>\n\t<meta property=\"og:image:height\" content=\"675\" \/>\n\t<meta property=\"og:image:type\" content=\"image\/jpeg\" \/>\n<meta name=\"author\" content=\"Roland AFFANOU\" \/>\n<meta name=\"twitter:card\" content=\"summary_large_image\" \/>\n<meta name=\"twitter:label1\" content=\"\u00c9crit par\" \/>\n\t<meta name=\"twitter:data1\" content=\"Roland AFFANOU\" \/>\n\t<meta name=\"twitter:label2\" content=\"Dur\u00e9e de lecture estim\u00e9e\" \/>\n\t<meta name=\"twitter:data2\" content=\"1 minute\" \/>\n<script type=\"application\/ld+json\" class=\"yoast-schema-graph\">{\"@context\":\"https:\\\/\\\/schema.org\",\"@graph\":[{\"@type\":\"Article\",\"@id\":\"https:\\\/\\\/lepatriotebenin.com\\\/index.php\\\/2026\\\/04\\\/22\\\/apres-lelection-du-president-romuald-wadagni-lambassadeur-omar-arouna-souhaite-sa-proximite-avec-le-peuple-beninois\\\/#article\",\"isPartOf\":{\"@id\":\"https:\\\/\\\/lepatriotebenin.com\\\/index.php\\\/2026\\\/04\\\/22\\\/apres-lelection-du-president-romuald-wadagni-lambassadeur-omar-arouna-souhaite-sa-proximite-avec-le-peuple-beninois\\\/\"},\"author\":{\"name\":\"Roland AFFANOU\",\"@id\":\"https:\\\/\\\/lepatriotebenin.com\\\/#\\\/schema\\\/person\\\/4a9b67216c97d04045e01405c534c91f\"},\"headline\":\"Apr\u00e8s l\u2019\u00e9lection du pr\u00e9sident Romuald Wadagni : L\u2019ambassadeur Omar Arouna souhaite sa proximit\u00e9 avec le peuple b\u00e9ninois\",\"datePublished\":\"2026-04-22T02:13:22+00:00\",\"mainEntityOfPage\":{\"@id\":\"https:\\\/\\\/lepatriotebenin.com\\\/index.php\\\/2026\\\/04\\\/22\\\/apres-lelection-du-president-romuald-wadagni-lambassadeur-omar-arouna-souhaite-sa-proximite-avec-le-peuple-beninois\\\/\"},\"wordCount\":118,\"commentCount\":0,\"image\":{\"@id\":\"https:\\\/\\\/lepatriotebenin.com\\\/index.php\\\/2026\\\/04\\\/22\\\/apres-lelection-du-president-romuald-wadagni-lambassadeur-omar-arouna-souhaite-sa-proximite-avec-le-peuple-beninois\\\/#primaryimage\"},\"thumbnailUrl\":\"https:\\\/\\\/lepatriotebenin.com\\\/wp-content\\\/uploads\\\/2026\\\/04\\\/arouna.jpg\",\"articleSection\":[\"Politique\"],\"inLanguage\":\"fr-FR\",\"potentialAction\":[{\"@type\":\"CommentAction\",\"name\":\"Comment\",\"target\":[\"https:\\\/\\\/lepatriotebenin.com\\\/index.php\\\/2026\\\/04\\\/22\\\/apres-lelection-du-president-romuald-wadagni-lambassadeur-omar-arouna-souhaite-sa-proximite-avec-le-peuple-beninois\\\/#respond\"]}]},{\"@type\":\"WebPage\",\"@id\":\"https:\\\/\\\/lepatriotebenin.com\\\/index.php\\\/2026\\\/04\\\/22\\\/apres-lelection-du-president-romuald-wadagni-lambassadeur-omar-arouna-souhaite-sa-proximite-avec-le-peuple-beninois\\\/\",\"url\":\"https:\\\/\\\/lepatriotebenin.com\\\/index.php\\\/2026\\\/04\\\/22\\\/apres-lelection-du-president-romuald-wadagni-lambassadeur-omar-arouna-souhaite-sa-proximite-avec-le-peuple-beninois\\\/\",\"name\":\"Apr\u00e8s l\u2019\u00e9lection du pr\u00e9sident Romuald Wadagni : L\u2019ambassadeur Omar Arouna souhaite sa proximit\u00e9 avec le peuple b\u00e9ninois - Le Patriote\",\"isPartOf\":{\"@id\":\"https:\\\/\\\/lepatriotebenin.com\\\/#website\"},\"primaryImageOfPage\":{\"@id\":\"https:\\\/\\\/lepatriotebenin.com\\\/index.php\\\/2026\\\/04\\\/22\\\/apres-lelection-du-president-romuald-wadagni-lambassadeur-omar-arouna-souhaite-sa-proximite-avec-le-peuple-beninois\\\/#primaryimage\"},\"image\":{\"@id\":\"https:\\\/\\\/lepatriotebenin.com\\\/index.php\\\/2026\\\/04\\\/22\\\/apres-lelection-du-president-romuald-wadagni-lambassadeur-omar-arouna-souhaite-sa-proximite-avec-le-peuple-beninois\\\/#primaryimage\"},\"thumbnailUrl\":\"https:\\\/\\\/lepatriotebenin.com\\\/wp-content\\\/uploads\\\/2026\\\/04\\\/arouna.jpg\",\"datePublished\":\"2026-04-22T02:13:22+00:00\",\"author\":{\"@id\":\"https:\\\/\\\/lepatriotebenin.com\\\/#\\\/schema\\\/person\\\/4a9b67216c97d04045e01405c534c91f\"},\"breadcrumb\":{\"@id\":\"https:\\\/\\\/lepatriotebenin.com\\\/index.php\\\/2026\\\/04\\\/22\\\/apres-lelection-du-president-romuald-wadagni-lambassadeur-omar-arouna-souhaite-sa-proximite-avec-le-peuple-beninois\\\/#breadcrumb\"},\"inLanguage\":\"fr-FR\",\"potentialAction\":[{\"@type\":\"ReadAction\",\"target\":[\"https:\\\/\\\/lepatriotebenin.com\\\/index.php\\\/2026\\\/04\\\/22\\\/apres-lelection-du-president-romuald-wadagni-lambassadeur-omar-arouna-souhaite-sa-proximite-avec-le-peuple-beninois\\\/\"]}]},{\"@type\":\"ImageObject\",\"inLanguage\":\"fr-FR\",\"@id\":\"https:\\\/\\\/lepatriotebenin.com\\\/index.php\\\/2026\\\/04\\\/22\\\/apres-lelection-du-president-romuald-wadagni-lambassadeur-omar-arouna-souhaite-sa-proximite-avec-le-peuple-beninois\\\/#primaryimage\",\"url\":\"https:\\\/\\\/lepatriotebenin.com\\\/wp-content\\\/uploads\\\/2026\\\/04\\\/arouna.jpg\",\"contentUrl\":\"https:\\\/\\\/lepatriotebenin.com\\\/wp-content\\\/uploads\\\/2026\\\/04\\\/arouna.jpg\",\"width\":1200,\"height\":675},{\"@type\":\"BreadcrumbList\",\"@id\":\"https:\\\/\\\/lepatriotebenin.com\\\/index.php\\\/2026\\\/04\\\/22\\\/apres-lelection-du-president-romuald-wadagni-lambassadeur-omar-arouna-souhaite-sa-proximite-avec-le-peuple-beninois\\\/#breadcrumb\",\"itemListElement\":[{\"@type\":\"ListItem\",\"position\":1,\"name\":\"Accueil\",\"item\":\"https:\\\/\\\/lepatriotebenin.com\\\/\"},{\"@type\":\"ListItem\",\"position\":2,\"name\":\"Apr\u00e8s l\u2019\u00e9lection du pr\u00e9sident Romuald Wadagni : L\u2019ambassadeur Omar Arouna souhaite sa proximit\u00e9 avec le peuple b\u00e9ninois\"}]},{\"@type\":\"WebSite\",\"@id\":\"https:\\\/\\\/lepatriotebenin.com\\\/#website\",\"url\":\"https:\\\/\\\/lepatriotebenin.com\\\/\",\"name\":\"Le Patriote\",\"description\":\"Le Patriote B\u00e9nin\",\"potentialAction\":[{\"@type\":\"SearchAction\",\"target\":{\"@type\":\"EntryPoint\",\"urlTemplate\":\"https:\\\/\\\/lepatriotebenin.com\\\/?s={search_term_string}\"},\"query-input\":{\"@type\":\"PropertyValueSpecification\",\"valueRequired\":true,\"valueName\":\"search_term_string\"}}],\"inLanguage\":\"fr-FR\"},{\"@type\":\"Person\",\"@id\":\"https:\\\/\\\/lepatriotebenin.com\\\/#\\\/schema\\\/person\\\/4a9b67216c97d04045e01405c534c91f\",\"name\":\"Roland AFFANOU\",\"image\":{\"@type\":\"ImageObject\",\"inLanguage\":\"fr-FR\",\"@id\":\"https:\\\/\\\/secure.gravatar.com\\\/avatar\\\/7209d3f6d2d47ea4d0c67e14d3effb61feb10ae540a4381280c66265de5bd643?s=96&d=mm&r=g\",\"url\":\"https:\\\/\\\/secure.gravatar.com\\\/avatar\\\/7209d3f6d2d47ea4d0c67e14d3effb61feb10ae540a4381280c66265de5bd643?s=96&d=mm&r=g\",\"contentUrl\":\"https:\\\/\\\/secure.gravatar.com\\\/avatar\\\/7209d3f6d2d47ea4d0c67e14d3effb61feb10ae540a4381280c66265de5bd643?s=96&d=mm&r=g\",\"caption\":\"Roland AFFANOU\"},\"url\":\"https:\\\/\\\/lepatriotebenin.com\"}]}<\/script>\n<!-- \/ Yoast SEO plugin. -->","yoast_head_json":{"title":"Apr\u00e8s l\u2019\u00e9lection du pr\u00e9sident Romuald Wadagni : L\u2019ambassadeur Omar Arouna souhaite sa proximit\u00e9 avec le peuple b\u00e9ninois - Le Patriote","robots":{"index":"index","follow":"follow","max-snippet":"max-snippet:-1","max-image-preview":"max-image-preview:large","max-video-preview":"max-video-preview:-1"},"canonical":"https:\/\/lepatriotebenin.com\/index.php\/2026\/04\/22\/apres-lelection-du-president-romuald-wadagni-lambassadeur-omar-arouna-souhaite-sa-proximite-avec-le-peuple-beninois\/","og_locale":"fr_FR","og_type":"article","og_title":"Apr\u00e8s l\u2019\u00e9lection du pr\u00e9sident Romuald Wadagni : L\u2019ambassadeur Omar Arouna souhaite sa proximit\u00e9 avec le peuple b\u00e9ninois - Le Patriote","og_description":"\u00a0Apr\u00e8s la brillante \u00e9lection du pr\u00e9sident Romuald Wadagni \u00e0 la\u00a0 t\u00eate\u00a0 du B\u00e9nin, l\u2019ambassadeur Omar Arouna\u00a0\u00a0 le f\u00e9licite , dans une\u00a0 lettre\u00a0 en date du 18 avril\u00a0 2026\u00a0, facilit\u00e9\u00a0 et&hellip;","og_url":"https:\/\/lepatriotebenin.com\/index.php\/2026\/04\/22\/apres-lelection-du-president-romuald-wadagni-lambassadeur-omar-arouna-souhaite-sa-proximite-avec-le-peuple-beninois\/","og_site_name":"Le Patriote","article_published_time":"2026-04-22T02:13:22+00:00","og_image":[{"width":1200,"height":675,"url":"https:\/\/lepatriotebenin.com\/wp-content\/uploads\/2026\/04\/arouna.jpg","type":"image\/jpeg"}],"author":"Roland AFFANOU","twitter_card":"summary_large_image","twitter_misc":{"\u00c9crit par":"Roland AFFANOU","Dur\u00e9e de lecture estim\u00e9e":"1 minute"},"schema":{"@context":"https:\/\/schema.org","@graph":[{"@type":"Article","@id":"https:\/\/lepatriotebenin.com\/index.php\/2026\/04\/22\/apres-lelection-du-president-romuald-wadagni-lambassadeur-omar-arouna-souhaite-sa-proximite-avec-le-peuple-beninois\/#article","isPartOf":{"@id":"https:\/\/lepatriotebenin.com\/index.php\/2026\/04\/22\/apres-lelection-du-president-romuald-wadagni-lambassadeur-omar-arouna-souhaite-sa-proximite-avec-le-peuple-beninois\/"},"author":{"name":"Roland AFFANOU","@id":"https:\/\/lepatriotebenin.com\/#\/schema\/person\/4a9b67216c97d04045e01405c534c91f"},"headline":"Apr\u00e8s l\u2019\u00e9lection du pr\u00e9sident Romuald Wadagni : L\u2019ambassadeur Omar Arouna souhaite sa proximit\u00e9 avec le peuple b\u00e9ninois","datePublished":"2026-04-22T02:13:22+00:00","mainEntityOfPage":{"@id":"https:\/\/lepatriotebenin.com\/index.php\/2026\/04\/22\/apres-lelection-du-president-romuald-wadagni-lambassadeur-omar-arouna-souhaite-sa-proximite-avec-le-peuple-beninois\/"},"wordCount":118,"commentCount":0,"image":{"@id":"https:\/\/lepatriotebenin.com\/index.php\/2026\/04\/22\/apres-lelection-du-president-romuald-wadagni-lambassadeur-omar-arouna-souhaite-sa-proximite-avec-le-peuple-beninois\/#primaryimage"},"thumbnailUrl":"https:\/\/lepatriotebenin.com\/wp-content\/uploads\/2026\/04\/arouna.jpg","articleSection":["Politique"],"inLanguage":"fr-FR","potentialAction":[{"@type":"CommentAction","name":"Comment","target":["https:\/\/lepatriotebenin.com\/index.php\/2026\/04\/22\/apres-lelection-du-president-romuald-wadagni-lambassadeur-omar-arouna-souhaite-sa-proximite-avec-le-peuple-beninois\/#respond"]}]},{"@type":"WebPage","@id":"https:\/\/lepatriotebenin.com\/index.php\/2026\/04\/22\/apres-lelection-du-president-romuald-wadagni-lambassadeur-omar-arouna-souhaite-sa-proximite-avec-le-peuple-beninois\/","url":"https:\/\/lepatriotebenin.com\/index.php\/2026\/04\/22\/apres-lelection-du-president-romuald-wadagni-lambassadeur-omar-arouna-souhaite-sa-proximite-avec-le-peuple-beninois\/","name":"Apr\u00e8s l\u2019\u00e9lection du pr\u00e9sident Romuald Wadagni : L\u2019ambassadeur Omar Arouna souhaite sa proximit\u00e9 avec le peuple b\u00e9ninois - Le Patriote","isPartOf":{"@id":"https:\/\/lepatriotebenin.com\/#website"},"primaryImageOfPage":{"@id":"https:\/\/lepatriotebenin.com\/index.php\/2026\/04\/22\/apres-lelection-du-president-romuald-wadagni-lambassadeur-omar-arouna-souhaite-sa-proximite-avec-le-peuple-beninois\/#primaryimage"},"image":{"@id":"https:\/\/lepatriotebenin.com\/index.php\/2026\/04\/22\/apres-lelection-du-president-romuald-wadagni-lambassadeur-omar-arouna-souhaite-sa-proximite-avec-le-peuple-beninois\/#primaryimage"},"thumbnailUrl":"https:\/\/lepatriotebenin.com\/wp-content\/uploads\/2026\/04\/arouna.jpg","datePublished":"2026-04-22T02:13:22+00:00","author":{"@id":"https:\/\/lepatriotebenin.com\/#\/schema\/person\/4a9b67216c97d04045e01405c534c91f"},"breadcrumb":{"@id":"https:\/\/lepatriotebenin.com\/index.php\/2026\/04\/22\/apres-lelection-du-president-romuald-wadagni-lambassadeur-omar-arouna-souhaite-sa-proximite-avec-le-peuple-beninois\/#breadcrumb"},"inLanguage":"fr-FR","potentialAction":[{"@type":"ReadAction","target":["https:\/\/lepatriotebenin.com\/index.php\/2026\/04\/22\/apres-lelection-du-president-romuald-wadagni-lambassadeur-omar-arouna-souhaite-sa-proximite-avec-le-peuple-beninois\/"]}]},{"@type":"ImageObject","inLanguage":"fr-FR","@id":"https:\/\/lepatriotebenin.com\/index.php\/2026\/04\/22\/apres-lelection-du-president-romuald-wadagni-lambassadeur-omar-arouna-souhaite-sa-proximite-avec-le-peuple-beninois\/#primaryimage","url":"https:\/\/lepatriotebenin.com\/wp-content\/uploads\/2026\/04\/arouna.jpg","contentUrl":"https:\/\/lepatriotebenin.com\/wp-content\/uploads\/2026\/04\/arouna.jpg","width":1200,"height":675},{"@type":"BreadcrumbList","@id":"https:\/\/lepatriotebenin.com\/index.php\/2026\/04\/22\/apres-lelection-du-president-romuald-wadagni-lambassadeur-omar-arouna-souhaite-sa-proximite-avec-le-peuple-beninois\/#breadcrumb","itemListElement":[{"@type":"ListItem","position":1,"name":"Accueil","item":"https:\/\/lepatriotebenin.com\/"},{"@type":"ListItem","position":2,"name":"Apr\u00e8s l\u2019\u00e9lection du pr\u00e9sident Romuald Wadagni : L\u2019ambassadeur Omar Arouna souhaite sa proximit\u00e9 avec le peuple b\u00e9ninois"}]},{"@type":"WebSite","@id":"https:\/\/lepatriotebenin.com\/#website","url":"https:\/\/lepatriotebenin.com\/","name":"Le Patriote","description":"Le Patriote B\u00e9nin","potentialAction":[{"@type":"SearchAction","target":{"@type":"EntryPoint","urlTemplate":"https:\/\/lepatriotebenin.com\/?s={search_term_string}"},"query-input":{"@type":"PropertyValueSpecification","valueRequired":true,"valueName":"search_term_string"}}],"inLanguage":"fr-FR"},{"@type":"Person","@id":"https:\/\/lepatriotebenin.com\/#\/schema\/person\/4a9b67216c97d04045e01405c534c91f","name":"Roland AFFANOU","image":{"@type":"ImageObject","inLanguage":"fr-FR","@id":"https:\/\/secure.gravatar.com\/avatar\/7209d3f6d2d47ea4d0c67e14d3effb61feb10ae540a4381280c66265de5bd643?s=96&d=mm&r=g","url":"https:\/\/secure.gravatar.com\/avatar\/7209d3f6d2d47ea4d0c67e14d3effb61feb10ae540a4381280c66265de5bd643?s=96&d=mm&r=g","contentUrl":"https:\/\/secure.gravatar.com\/avatar\/7209d3f6d2d47ea4d0c67e14d3effb61feb10ae540a4381280c66265de5bd643?s=96&d=mm&r=g","caption":"Roland AFFANOU"},"url":"https:\/\/lepatriotebenin.com"}]}},"_links":{"self":[{"href":"https:\/\/lepatriotebenin.com\/index.php\/wp-json\/wp\/v2\/posts\/18729","targetHints":{"allow":["GET"]}}],"collection":[{"href":"https:\/\/lepatriotebenin.com\/index.php\/wp-json\/wp\/v2\/posts"}],"about":[{"href":"https:\/\/lepatriotebenin.com\/index.php\/wp-json\/wp\/v2\/types\/post"}],"author":[{"embeddable":true,"href":"https:\/\/lepatriotebenin.com\/index.php\/wp-json\/wp\/v2\/users\/6"}],"replies":[{"embeddable":true,"href":"https:\/\/lepatriotebenin.com\/index.php\/wp-json\/wp\/v2\/comments?post=18729"}],"version-history":[{"count":1,"href":"https:\/\/lepatriotebenin.com\/index.php\/wp-json\/wp\/v2\/posts\/18729\/revisions"}],"predecessor-version":[{"id":18733,"href":"https:\/\/lepatriotebenin.com\/index.php\/wp-json\/wp\/v2\/posts\/18729\/revisions\/18733"}],"wp:featuredmedia":[{"embeddable":true,"href":"https:\/\/lepatriotebenin.com\/index.php\/wp-json\/wp\/v2\/media\/18732"}],"wp:attachment":[{"href":"https:\/\/lepatriotebenin.com\/index.php\/wp-json\/wp\/v2\/media?parent=18729"}],"wp:term":[{"taxonomy":"category","embeddable":true,"href":"https:\/\/lepatriotebenin.com\/index.php\/wp-json\/wp\/v2\/categories?post=18729"},{"taxonomy":"post_tag","embeddable":true,"href":"https:\/\/lepatriotebenin.com\/index.php\/wp-json\/wp\/v2\/tags?post=18729"}],"curies":[{"name":"wp","href":"https:\/\/api.w.org\/{rel}","templated":true}]}}