{"id":18725,"date":"2026-04-22T04:03:57","date_gmt":"2026-04-22T02:03:57","guid":{"rendered":"https:\/\/lepatriotebenin.com\/?p=18725"},"modified":"2026-04-22T04:03:57","modified_gmt":"2026-04-22T02:03:57","slug":"pourquoi-jesus-est-il-mort-le-desir-de-faire-disparaitre-une-verite-derangeante","status":"publish","type":"post","link":"https:\/\/lepatriotebenin.com\/index.php\/2026\/04\/22\/pourquoi-jesus-est-il-mort-le-desir-de-faire-disparaitre-une-verite-derangeante\/","title":{"rendered":"Pourquoi J\u00e9sus est-il mort ? : Le d\u00e9sir de faire dispara\u00eetre une v\u00e9rit\u00e9 d\u00e9rangeante"},"content":{"rendered":"<p>La mort de J\u00e9sus-Christ n\u2019est pas un simple \u00e9pisode de l\u2019histoire religieuse de l\u2019Humanit\u00e9. Elle constitue un \u00e9v\u00e9nement \u00e0 la fois historique, politique, th\u00e9ologique et anthropologique d\u2019une profondeur in\u00e9gal\u00e9e. En poser la question (pourquoi est-il mort ?) revient \u00e0 interroger les structures m\u00eames du pouvoir, de la v\u00e9rit\u00e9 et de la condition humaine.<\/p>\n<ul>\n<li><strong>Pourquoi J\u00e9sus est-il mort ? Parce qu\u2019on l\u2019a tu\u00e9.<\/strong><\/li>\n<\/ul>\n<p>Cette r\u00e9ponse, d\u2019une simplicit\u00e9 brutale, a le m\u00e9rite de dissiper d\u2019embl\u00e9e toute tentation d\u2019abstraction excessive. La mort de J\u00e9sus n\u2019est pas d\u2019abord une id\u00e9e, ni un symbole : elle est un fait. Elle rel\u00e8ve d\u2019une mise \u00e0 mort, c\u2019est-\u00e0-dire d\u2019un acte d\u00e9lib\u00e9r\u00e9, inscrit dans un contexte socio-politique pr\u00e9cis, ex\u00e9cut\u00e9 par des autorit\u00e9s humaines, selon des proc\u00e9dures juridiques et des logiques de pouvoir.<\/p>\n<ul>\n<li><strong>Mais alors, pourquoi l\u2019a-t-on tu\u00e9 ? Parce qu\u2019il d\u00e9rangeait.<\/strong><\/li>\n<\/ul>\n<p>Cette seconde r\u00e9ponse ouvre, quant \u00e0 elle, un ab\u00eeme de r\u00e9flexion. Car d\u00e9ranger, en ce sens, ne signifie pas simplement troubler l\u2019ordre \u00e9tabli par des paroles inconvenantes. D\u00e9ranger, dans le cas de J\u00e9sus, signifie d\u00e9voiler. Il d\u00e9range parce qu\u2019il met en lumi\u00e8re ce que les structures de pouvoir s\u2019efforcent de maintenir dans l\u2019ombre : l\u2019hypocrisie des \u00e9lites religieuses, la violence latente des syst\u00e8mes politiques, et la complicit\u00e9 silencieuse des masses.<\/p>\n<p>J\u00e9sus d\u00e9range d\u2019abord par sa parole. Une parole qui ne se contente pas d\u2019enseigner, mais qui juge. Une parole qui ne flatte pas, mais qui r\u00e9v\u00e8le. En d\u00e9non\u00e7ant les pratiques formalistes et en opposant \u00e0 la loi morte l\u2019exigence vivante de la justice et de la mis\u00e9ricorde, il introduit une fracture irr\u00e9versible dans l\u2019ordre religieux \u00e9tabli.<\/p>\n<p>Il d\u00e9range ensuite par sa libert\u00e9. Une libert\u00e9 radicale, irr\u00e9ductible \u00e0 toute r\u00e9cup\u00e9ration id\u00e9ologique. Il ne se laisse ni instrumentaliser par les autorit\u00e9s religieuses, ni enr\u00f4ler dans les attentes messianiques d\u2019un peuple en qu\u00eate de lib\u00e9ration politique. Cette ind\u00e9pendance absolue le rend suspect aux yeux de tous : trop libre pour \u00eatre contr\u00f4l\u00e9, trop vrai pour \u00eatre tol\u00e9r\u00e9.<\/p>\n<p>Il d\u00e9range enfin par son existence m\u00eame. Car J\u00e9sus incarne une v\u00e9rit\u00e9 vivante. Or, la v\u00e9rit\u00e9 incarn\u00e9e est toujours subversive. Elle ne se contente pas de contredire les discours mensongers : elle les rend intenables. Elle ne combat pas frontalement les structures injustes : elle les expose \u00e0 leur propre absurdit\u00e9.<\/p>\n<p>Ainsi, sa mort appara\u00eet comme l\u2019issue logique d\u2019un affrontement entre la v\u00e9rit\u00e9 et le pouvoir. Non pas un accident, mais une n\u00e9cessit\u00e9 historique dans un monde o\u00f9 la v\u00e9rit\u00e9, lorsqu\u2019elle se fait chair, devient insupportable.<\/p>\n<p>Cependant, r\u00e9duire la mort de J\u00e9sus \u00e0 un simple assassinat politique serait insuffisant. Car cet \u00e9v\u00e9nement porte \u00e9galement une signification th\u00e9ologique majeure. Il r\u00e9v\u00e8le, de mani\u00e8re dramatique, la profondeur du refus humain face \u00e0 Dieu. En J\u00e9sus, ce n\u2019est pas seulement un homme qui est rejet\u00e9 : c\u2019est la v\u00e9rit\u00e9 m\u00eame de Dieu qui est contest\u00e9e.<\/p>\n<p>La croix devient alors le lieu d\u2019une double r\u00e9v\u00e9lation. R\u00e9v\u00e9lation de la violence humaine, capable de supprimer ce qu\u2019elle ne peut contr\u00f4ler. Mais aussi r\u00e9v\u00e9lation d\u2019un amour qui, loin de se retirer devant cette violence, la traverse et la transforme.<\/p>\n<p>En ce sens, la mort de J\u00e9sus ne se laisse pas enfermer dans une lecture univoque. Elle est \u00e0 la fois le produit de la cruaut\u00e9 humaine et le lieu d\u2019une manifestation divine. Elle est scandale et myst\u00e8re, injustice et salut, \u00e9chec apparent et accomplissement paradoxal.<\/p>\n<p>D\u00e8s lors, la question initiale (pourquoi J\u00e9sus est-il mort ?) se d\u00e9ploie en une interrogation plus profonde : que r\u00e9v\u00e8le sa mort de nous-m\u00eames ? Elle r\u00e9v\u00e8le notre difficult\u00e9 \u00e0 accueillir la v\u00e9rit\u00e9 lorsqu\u2019elle d\u00e9range nos certitudes. Elle r\u00e9v\u00e8le notre propension \u00e0 pr\u00e9f\u00e9rer l\u2019ordre \u00e9tabli \u00e0 la justice v\u00e9ritable. Elle r\u00e9v\u00e8le, enfin, cette tragique inclination \u00e0 \u00e9liminer ce qui met en p\u00e9ril nos int\u00e9r\u00eats, nos positions ou nos illusions.<\/p>\n<p>Ainsi, la mort de J\u00e9sus n\u2019appartient pas seulement au pass\u00e9. Elle se rejoue, sous des formes diverses, chaque fois que la v\u00e9rit\u00e9 est \u00e9touff\u00e9e, que la justice est sacrifi\u00e9e, que la voix des justes est r\u00e9duite au silence.<\/p>\n<p>\u00c9crire sur la mort de J\u00e9sus, ce n\u2019est donc pas seulement faire m\u00e9moire d\u2019un \u00e9v\u00e9nement ancien. C\u2019est accepter d\u2019\u00eatre mis en question. C\u2019est consentir \u00e0 ce que cette mort devienne un miroir dans lequel se r\u00e9fl\u00e9chissent nos propres compromissions, nos propres silences, nos propres refus.<\/p>\n<p>Car, en d\u00e9finitive, J\u00e9sus est mort parce qu\u2019on l\u2019a tu\u00e9. Et on l\u2019a tu\u00e9 parce qu\u2019il d\u00e9rangeait. Et il d\u00e9range encore.<\/p>\n<p>Mais, si la mort de J\u00e9sus-Christ r\u00e9v\u00e8le une logique d\u2019\u00e9limination de la v\u00e9rit\u00e9 d\u00e9rangeante, il serait erron\u00e9 de penser que cette dynamique appartient au pass\u00e9. Elle se reproduit, sous des formes renouvel\u00e9es, dans les soci\u00e9t\u00e9s contemporaines. Face \u00e0 ces structures, des voix se l\u00e8vent. Fragiles, souvent isol\u00e9es, parfois contest\u00e9es, elles constituent les figures actuelles de la v\u00e9rit\u00e9 d\u00e9rangeante. Qui sont-elles ? Et pourquoi d\u00e9rangent-elles encore ?<\/p>\n<ul>\n<li><strong>D\u00e9finition d\u2019une voix d\u00e9rangeante<\/strong><\/li>\n<\/ul>\n<p>Une voix d\u00e9rangeante n\u2019est pas simplement une voix critique. Toute critique ne d\u00e9range pas n\u00e9cessairement.<\/p>\n<p>Ce qui caract\u00e9rise une voix d\u00e9rangeante, c\u2019est sa capacit\u00e9 \u00e0 r\u00e9v\u00e9ler ce qui est cach\u00e9, \u00e0 contester ce qui est normalis\u00e9, \u00e0 appeler \u00e0 une transformation r\u00e9elle. Elle ne se contente pas de commenter le r\u00e9el; elle le met en question.<\/p>\n<p>Dans cette perspective, elle s\u2019inscrit dans une continuit\u00e9 profonde avec la figure de J\u00e9sus-Christ : une parole qui ne cherche pas d\u2019abord \u00e0 plaire, mais \u00e0 \u00eatre vraie.<\/p>\n<ul>\n<li><strong>Typologie des voix contemporaines d\u00e9rangeantes <\/strong><\/li>\n<\/ul>\n<p>Les figures de la v\u00e9rit\u00e9 d\u00e9rangeante prennent aujourd\u2019hui des formes diverses.<\/p>\n<ul>\n<li><em>Les lanceurs d\u2019alerte<\/em><\/li>\n<\/ul>\n<p>Ils r\u00e9v\u00e8lent des pratiques cach\u00e9es : corruption, abus, injustices structurelles. Leur parole expose des r\u00e9alit\u00e9s que certains int\u00e9r\u00eats cherchent \u00e0 maintenir dans l\u2019ombre.<\/p>\n<ul>\n<li><em>Les intellectuels critiques<\/em><\/li>\n<\/ul>\n<p>Chercheurs, \u00e9crivains, penseurs, ils analysent les syst\u00e8mes et en d\u00e9voilent les contradictions. Leur d\u00e9rangement r\u00e9side dans leur capacit\u00e9 \u00e0 d\u00e9construire les r\u00e9cits dominants.<\/p>\n<ul>\n<li><em>Les acteurs sociaux et militants<\/em><\/li>\n<\/ul>\n<p>Engag\u00e9s sur le terrain, ils d\u00e9noncent des situations d\u2019injustice concr\u00e8tes. Leur action rend visibles des r\u00e9alit\u00e9s souvent ignor\u00e9es.<\/p>\n<ul>\n<li><em>Les figures spirituelles et proph\u00e9tiques<\/em><\/li>\n<\/ul>\n<p>Dans les traditions religieuses, certaines voix appellent \u00e0 une conversion, personnelle et collective. Elles d\u00e9noncent les incoh\u00e9rences et invitent \u00e0 un retour \u00e0 l\u2019essentiel.<\/p>\n<ul>\n<li><strong>Pourquoi ces voix d\u00e9rangent-elles ?<\/strong><\/li>\n<\/ul>\n<p>Si ces voix suscitent des r\u00e9actions, ce n\u2019est pas seulement en raison de leur contenu, mais en raison de leurs cons\u00e9quences. Elles d\u00e9rangent parce qu\u2019elles menacent des int\u00e9r\u00eats \u00e9tablis, remettent en cause des l\u00e9gitimit\u00e9s, exigent des changements co\u00fbteux.<\/p>\n<p>Elles d\u00e9placent le centre de gravit\u00e9 : elles obligent \u00e0 passer du confort \u00e0 la responsabilit\u00e9.<\/p>\n<p>Ainsi, le d\u00e9rangement n\u2019est pas accidentel ; il est structurel.<\/p>\n<p><strong>Au sujet de l\u2019Auteur <\/strong><\/p>\n<p><strong>Pamphile Guigonou AKPLOGAN<\/strong> est auteur et penseur engag\u00e9 en th\u00e9ologie et en Doctrine sociale de l&rsquo;\u00c9glise. Ses travaux portent sur les liens entre v\u00e9rit\u00e9, justice et structures sociales, avec une attention particuli\u00e8re aux r\u00e9alit\u00e9s africaines. Il d\u00e9veloppe d\u00e9fend un leadership particulier, par une approche qui articule v\u00e9rit\u00e9, engagement et transformation personnelle et sociale.<\/p>\n<p><img fetchpriority=\"high\" decoding=\"async\" class=\"alignnone size-medium wp-image-18727\" src=\"https:\/\/lepatriotebenin.com\/wp-content\/uploads\/2026\/04\/croix-300x200.png\" alt=\"\" width=\"300\" height=\"200\" srcset=\"https:\/\/lepatriotebenin.com\/wp-content\/uploads\/2026\/04\/croix-300x200.png 300w, https:\/\/lepatriotebenin.com\/wp-content\/uploads\/2026\/04\/croix-1024x682.png 1024w, https:\/\/lepatriotebenin.com\/wp-content\/uploads\/2026\/04\/croix-768x512.png 768w, https:\/\/lepatriotebenin.com\/wp-content\/uploads\/2026\/04\/croix-1170x780.png 1170w, https:\/\/lepatriotebenin.com\/wp-content\/uploads\/2026\/04\/croix-585x390.png 585w, https:\/\/lepatriotebenin.com\/wp-content\/uploads\/2026\/04\/croix-263x175.png 263w, https:\/\/lepatriotebenin.com\/wp-content\/uploads\/2026\/04\/croix.png 1280w\" sizes=\"(max-width: 300px) 100vw, 300px\" \/><\/p>\n","protected":false},"excerpt":{"rendered":"<p>La mort de J\u00e9sus-Christ n\u2019est pas un simple \u00e9pisode de l\u2019histoire religieuse de l\u2019Humanit\u00e9. Elle constitue un \u00e9v\u00e9nement \u00e0 la fois historique, politique, th\u00e9ologique et anthropologique d\u2019une profondeur in\u00e9gal\u00e9e. En&hellip;<\/p>\n","protected":false},"author":5,"featured_media":18726,"comment_status":"open","ping_status":"open","sticky":false,"template":"","format":"standard","meta":{"content-type":"","om_disable_all_campaigns":false,"_monsterinsights_skip_tracking":false,"_monsterinsights_sitenote_active":false,"_monsterinsights_sitenote_note":"","_monsterinsights_sitenote_category":0,"_uf_show_specific_survey":0,"_uf_disable_surveys":false,"footnotes":""},"categories":[20],"tags":[],"class_list":["post-18725","post","type-post","status-publish","format-standard","has-post-thumbnail","hentry","category-societe"],"aioseo_notices":[],"yoast_head":"<!-- This site is optimized with the Yoast SEO plugin v27.5 - https:\/\/yoast.com\/product\/yoast-seo-wordpress\/ -->\n<title>Pourquoi J\u00e9sus est-il mort ? : Le d\u00e9sir de faire dispara\u00eetre une v\u00e9rit\u00e9 d\u00e9rangeante - Le Patriote<\/title>\n<meta name=\"robots\" content=\"index, follow, max-snippet:-1, max-image-preview:large, max-video-preview:-1\" \/>\n<link rel=\"canonical\" href=\"https:\/\/lepatriotebenin.com\/index.php\/2026\/04\/22\/pourquoi-jesus-est-il-mort-le-desir-de-faire-disparaitre-une-verite-derangeante\/\" \/>\n<meta property=\"og:locale\" content=\"fr_FR\" \/>\n<meta property=\"og:type\" content=\"article\" \/>\n<meta property=\"og:title\" content=\"Pourquoi J\u00e9sus est-il mort ? : Le d\u00e9sir de faire dispara\u00eetre une v\u00e9rit\u00e9 d\u00e9rangeante - Le Patriote\" \/>\n<meta property=\"og:description\" content=\"La mort de J\u00e9sus-Christ n\u2019est pas un simple \u00e9pisode de l\u2019histoire religieuse de l\u2019Humanit\u00e9. Elle constitue un \u00e9v\u00e9nement \u00e0 la fois historique, politique, th\u00e9ologique et anthropologique d\u2019une profondeur in\u00e9gal\u00e9e. En&hellip;\" \/>\n<meta property=\"og:url\" content=\"https:\/\/lepatriotebenin.com\/index.php\/2026\/04\/22\/pourquoi-jesus-est-il-mort-le-desir-de-faire-disparaitre-une-verite-derangeante\/\" \/>\n<meta property=\"og:site_name\" content=\"Le Patriote\" \/>\n<meta property=\"article:published_time\" content=\"2026-04-22T02:03:57+00:00\" \/>\n<meta property=\"og:image\" content=\"https:\/\/lepatriotebenin.com\/wp-content\/uploads\/2026\/04\/pamphile-a.jpeg\" \/>\n\t<meta property=\"og:image:width\" content=\"1280\" \/>\n\t<meta property=\"og:image:height\" content=\"1600\" \/>\n\t<meta property=\"og:image:type\" content=\"image\/jpeg\" \/>\n<meta name=\"author\" content=\"Redaction\" \/>\n<meta name=\"twitter:card\" content=\"summary_large_image\" \/>\n<meta name=\"twitter:label1\" content=\"\u00c9crit par\" \/>\n\t<meta name=\"twitter:data1\" content=\"Redaction\" \/>\n\t<meta name=\"twitter:label2\" content=\"Dur\u00e9e de lecture estim\u00e9e\" \/>\n\t<meta name=\"twitter:data2\" content=\"7 minutes\" \/>\n<script type=\"application\/ld+json\" class=\"yoast-schema-graph\">{\"@context\":\"https:\\\/\\\/schema.org\",\"@graph\":[{\"@type\":\"Article\",\"@id\":\"https:\\\/\\\/lepatriotebenin.com\\\/index.php\\\/2026\\\/04\\\/22\\\/pourquoi-jesus-est-il-mort-le-desir-de-faire-disparaitre-une-verite-derangeante\\\/#article\",\"isPartOf\":{\"@id\":\"https:\\\/\\\/lepatriotebenin.com\\\/index.php\\\/2026\\\/04\\\/22\\\/pourquoi-jesus-est-il-mort-le-desir-de-faire-disparaitre-une-verite-derangeante\\\/\"},\"author\":{\"name\":\"Redaction\",\"@id\":\"https:\\\/\\\/lepatriotebenin.com\\\/#\\\/schema\\\/person\\\/2e7709b9c9cc313e452d1136af61690f\"},\"headline\":\"Pourquoi J\u00e9sus est-il mort ? : Le d\u00e9sir de faire dispara\u00eetre une v\u00e9rit\u00e9 d\u00e9rangeante\",\"datePublished\":\"2026-04-22T02:03:57+00:00\",\"mainEntityOfPage\":{\"@id\":\"https:\\\/\\\/lepatriotebenin.com\\\/index.php\\\/2026\\\/04\\\/22\\\/pourquoi-jesus-est-il-mort-le-desir-de-faire-disparaitre-une-verite-derangeante\\\/\"},\"wordCount\":1336,\"commentCount\":0,\"image\":{\"@id\":\"https:\\\/\\\/lepatriotebenin.com\\\/index.php\\\/2026\\\/04\\\/22\\\/pourquoi-jesus-est-il-mort-le-desir-de-faire-disparaitre-une-verite-derangeante\\\/#primaryimage\"},\"thumbnailUrl\":\"https:\\\/\\\/lepatriotebenin.com\\\/wp-content\\\/uploads\\\/2026\\\/04\\\/pamphile-a.jpeg\",\"articleSection\":[\"Soci\u00e9t\u00e9\"],\"inLanguage\":\"fr-FR\",\"potentialAction\":[{\"@type\":\"CommentAction\",\"name\":\"Comment\",\"target\":[\"https:\\\/\\\/lepatriotebenin.com\\\/index.php\\\/2026\\\/04\\\/22\\\/pourquoi-jesus-est-il-mort-le-desir-de-faire-disparaitre-une-verite-derangeante\\\/#respond\"]}]},{\"@type\":\"WebPage\",\"@id\":\"https:\\\/\\\/lepatriotebenin.com\\\/index.php\\\/2026\\\/04\\\/22\\\/pourquoi-jesus-est-il-mort-le-desir-de-faire-disparaitre-une-verite-derangeante\\\/\",\"url\":\"https:\\\/\\\/lepatriotebenin.com\\\/index.php\\\/2026\\\/04\\\/22\\\/pourquoi-jesus-est-il-mort-le-desir-de-faire-disparaitre-une-verite-derangeante\\\/\",\"name\":\"Pourquoi J\u00e9sus est-il mort ? : Le d\u00e9sir de faire dispara\u00eetre une v\u00e9rit\u00e9 d\u00e9rangeante - Le Patriote\",\"isPartOf\":{\"@id\":\"https:\\\/\\\/lepatriotebenin.com\\\/#website\"},\"primaryImageOfPage\":{\"@id\":\"https:\\\/\\\/lepatriotebenin.com\\\/index.php\\\/2026\\\/04\\\/22\\\/pourquoi-jesus-est-il-mort-le-desir-de-faire-disparaitre-une-verite-derangeante\\\/#primaryimage\"},\"image\":{\"@id\":\"https:\\\/\\\/lepatriotebenin.com\\\/index.php\\\/2026\\\/04\\\/22\\\/pourquoi-jesus-est-il-mort-le-desir-de-faire-disparaitre-une-verite-derangeante\\\/#primaryimage\"},\"thumbnailUrl\":\"https:\\\/\\\/lepatriotebenin.com\\\/wp-content\\\/uploads\\\/2026\\\/04\\\/pamphile-a.jpeg\",\"datePublished\":\"2026-04-22T02:03:57+00:00\",\"author\":{\"@id\":\"https:\\\/\\\/lepatriotebenin.com\\\/#\\\/schema\\\/person\\\/2e7709b9c9cc313e452d1136af61690f\"},\"breadcrumb\":{\"@id\":\"https:\\\/\\\/lepatriotebenin.com\\\/index.php\\\/2026\\\/04\\\/22\\\/pourquoi-jesus-est-il-mort-le-desir-de-faire-disparaitre-une-verite-derangeante\\\/#breadcrumb\"},\"inLanguage\":\"fr-FR\",\"potentialAction\":[{\"@type\":\"ReadAction\",\"target\":[\"https:\\\/\\\/lepatriotebenin.com\\\/index.php\\\/2026\\\/04\\\/22\\\/pourquoi-jesus-est-il-mort-le-desir-de-faire-disparaitre-une-verite-derangeante\\\/\"]}]},{\"@type\":\"ImageObject\",\"inLanguage\":\"fr-FR\",\"@id\":\"https:\\\/\\\/lepatriotebenin.com\\\/index.php\\\/2026\\\/04\\\/22\\\/pourquoi-jesus-est-il-mort-le-desir-de-faire-disparaitre-une-verite-derangeante\\\/#primaryimage\",\"url\":\"https:\\\/\\\/lepatriotebenin.com\\\/wp-content\\\/uploads\\\/2026\\\/04\\\/pamphile-a.jpeg\",\"contentUrl\":\"https:\\\/\\\/lepatriotebenin.com\\\/wp-content\\\/uploads\\\/2026\\\/04\\\/pamphile-a.jpeg\",\"width\":1280,\"height\":1600},{\"@type\":\"BreadcrumbList\",\"@id\":\"https:\\\/\\\/lepatriotebenin.com\\\/index.php\\\/2026\\\/04\\\/22\\\/pourquoi-jesus-est-il-mort-le-desir-de-faire-disparaitre-une-verite-derangeante\\\/#breadcrumb\",\"itemListElement\":[{\"@type\":\"ListItem\",\"position\":1,\"name\":\"Accueil\",\"item\":\"https:\\\/\\\/lepatriotebenin.com\\\/\"},{\"@type\":\"ListItem\",\"position\":2,\"name\":\"Pourquoi J\u00e9sus est-il mort ? : Le d\u00e9sir de faire dispara\u00eetre une v\u00e9rit\u00e9 d\u00e9rangeante\"}]},{\"@type\":\"WebSite\",\"@id\":\"https:\\\/\\\/lepatriotebenin.com\\\/#website\",\"url\":\"https:\\\/\\\/lepatriotebenin.com\\\/\",\"name\":\"Le Patriote\",\"description\":\"Le Patriote B\u00e9nin\",\"potentialAction\":[{\"@type\":\"SearchAction\",\"target\":{\"@type\":\"EntryPoint\",\"urlTemplate\":\"https:\\\/\\\/lepatriotebenin.com\\\/?s={search_term_string}\"},\"query-input\":{\"@type\":\"PropertyValueSpecification\",\"valueRequired\":true,\"valueName\":\"search_term_string\"}}],\"inLanguage\":\"fr-FR\"},{\"@type\":\"Person\",\"@id\":\"https:\\\/\\\/lepatriotebenin.com\\\/#\\\/schema\\\/person\\\/2e7709b9c9cc313e452d1136af61690f\",\"name\":\"Redaction\",\"image\":{\"@type\":\"ImageObject\",\"inLanguage\":\"fr-FR\",\"@id\":\"https:\\\/\\\/secure.gravatar.com\\\/avatar\\\/c4c509357859ea2ca2cbb6d8812898a73e4ef1ef9934c2e591d7e32face734d1?s=96&d=mm&r=g\",\"url\":\"https:\\\/\\\/secure.gravatar.com\\\/avatar\\\/c4c509357859ea2ca2cbb6d8812898a73e4ef1ef9934c2e591d7e32face734d1?s=96&d=mm&r=g\",\"contentUrl\":\"https:\\\/\\\/secure.gravatar.com\\\/avatar\\\/c4c509357859ea2ca2cbb6d8812898a73e4ef1ef9934c2e591d7e32face734d1?s=96&d=mm&r=g\",\"caption\":\"Redaction\"},\"url\":\"https:\\\/\\\/lepatriotebenin.com\"}]}<\/script>\n<!-- \/ Yoast SEO plugin. -->","yoast_head_json":{"title":"Pourquoi J\u00e9sus est-il mort ? : Le d\u00e9sir de faire dispara\u00eetre une v\u00e9rit\u00e9 d\u00e9rangeante - Le Patriote","robots":{"index":"index","follow":"follow","max-snippet":"max-snippet:-1","max-image-preview":"max-image-preview:large","max-video-preview":"max-video-preview:-1"},"canonical":"https:\/\/lepatriotebenin.com\/index.php\/2026\/04\/22\/pourquoi-jesus-est-il-mort-le-desir-de-faire-disparaitre-une-verite-derangeante\/","og_locale":"fr_FR","og_type":"article","og_title":"Pourquoi J\u00e9sus est-il mort ? : Le d\u00e9sir de faire dispara\u00eetre une v\u00e9rit\u00e9 d\u00e9rangeante - Le Patriote","og_description":"La mort de J\u00e9sus-Christ n\u2019est pas un simple \u00e9pisode de l\u2019histoire religieuse de l\u2019Humanit\u00e9. Elle constitue un \u00e9v\u00e9nement \u00e0 la fois historique, politique, th\u00e9ologique et anthropologique d\u2019une profondeur in\u00e9gal\u00e9e. En&hellip;","og_url":"https:\/\/lepatriotebenin.com\/index.php\/2026\/04\/22\/pourquoi-jesus-est-il-mort-le-desir-de-faire-disparaitre-une-verite-derangeante\/","og_site_name":"Le Patriote","article_published_time":"2026-04-22T02:03:57+00:00","og_image":[{"width":1280,"height":1600,"url":"https:\/\/lepatriotebenin.com\/wp-content\/uploads\/2026\/04\/pamphile-a.jpeg","type":"image\/jpeg"}],"author":"Redaction","twitter_card":"summary_large_image","twitter_misc":{"\u00c9crit par":"Redaction","Dur\u00e9e de lecture estim\u00e9e":"7 minutes"},"schema":{"@context":"https:\/\/schema.org","@graph":[{"@type":"Article","@id":"https:\/\/lepatriotebenin.com\/index.php\/2026\/04\/22\/pourquoi-jesus-est-il-mort-le-desir-de-faire-disparaitre-une-verite-derangeante\/#article","isPartOf":{"@id":"https:\/\/lepatriotebenin.com\/index.php\/2026\/04\/22\/pourquoi-jesus-est-il-mort-le-desir-de-faire-disparaitre-une-verite-derangeante\/"},"author":{"name":"Redaction","@id":"https:\/\/lepatriotebenin.com\/#\/schema\/person\/2e7709b9c9cc313e452d1136af61690f"},"headline":"Pourquoi J\u00e9sus est-il mort ? : Le d\u00e9sir de faire dispara\u00eetre une v\u00e9rit\u00e9 d\u00e9rangeante","datePublished":"2026-04-22T02:03:57+00:00","mainEntityOfPage":{"@id":"https:\/\/lepatriotebenin.com\/index.php\/2026\/04\/22\/pourquoi-jesus-est-il-mort-le-desir-de-faire-disparaitre-une-verite-derangeante\/"},"wordCount":1336,"commentCount":0,"image":{"@id":"https:\/\/lepatriotebenin.com\/index.php\/2026\/04\/22\/pourquoi-jesus-est-il-mort-le-desir-de-faire-disparaitre-une-verite-derangeante\/#primaryimage"},"thumbnailUrl":"https:\/\/lepatriotebenin.com\/wp-content\/uploads\/2026\/04\/pamphile-a.jpeg","articleSection":["Soci\u00e9t\u00e9"],"inLanguage":"fr-FR","potentialAction":[{"@type":"CommentAction","name":"Comment","target":["https:\/\/lepatriotebenin.com\/index.php\/2026\/04\/22\/pourquoi-jesus-est-il-mort-le-desir-de-faire-disparaitre-une-verite-derangeante\/#respond"]}]},{"@type":"WebPage","@id":"https:\/\/lepatriotebenin.com\/index.php\/2026\/04\/22\/pourquoi-jesus-est-il-mort-le-desir-de-faire-disparaitre-une-verite-derangeante\/","url":"https:\/\/lepatriotebenin.com\/index.php\/2026\/04\/22\/pourquoi-jesus-est-il-mort-le-desir-de-faire-disparaitre-une-verite-derangeante\/","name":"Pourquoi J\u00e9sus est-il mort ? : Le d\u00e9sir de faire dispara\u00eetre une v\u00e9rit\u00e9 d\u00e9rangeante - Le Patriote","isPartOf":{"@id":"https:\/\/lepatriotebenin.com\/#website"},"primaryImageOfPage":{"@id":"https:\/\/lepatriotebenin.com\/index.php\/2026\/04\/22\/pourquoi-jesus-est-il-mort-le-desir-de-faire-disparaitre-une-verite-derangeante\/#primaryimage"},"image":{"@id":"https:\/\/lepatriotebenin.com\/index.php\/2026\/04\/22\/pourquoi-jesus-est-il-mort-le-desir-de-faire-disparaitre-une-verite-derangeante\/#primaryimage"},"thumbnailUrl":"https:\/\/lepatriotebenin.com\/wp-content\/uploads\/2026\/04\/pamphile-a.jpeg","datePublished":"2026-04-22T02:03:57+00:00","author":{"@id":"https:\/\/lepatriotebenin.com\/#\/schema\/person\/2e7709b9c9cc313e452d1136af61690f"},"breadcrumb":{"@id":"https:\/\/lepatriotebenin.com\/index.php\/2026\/04\/22\/pourquoi-jesus-est-il-mort-le-desir-de-faire-disparaitre-une-verite-derangeante\/#breadcrumb"},"inLanguage":"fr-FR","potentialAction":[{"@type":"ReadAction","target":["https:\/\/lepatriotebenin.com\/index.php\/2026\/04\/22\/pourquoi-jesus-est-il-mort-le-desir-de-faire-disparaitre-une-verite-derangeante\/"]}]},{"@type":"ImageObject","inLanguage":"fr-FR","@id":"https:\/\/lepatriotebenin.com\/index.php\/2026\/04\/22\/pourquoi-jesus-est-il-mort-le-desir-de-faire-disparaitre-une-verite-derangeante\/#primaryimage","url":"https:\/\/lepatriotebenin.com\/wp-content\/uploads\/2026\/04\/pamphile-a.jpeg","contentUrl":"https:\/\/lepatriotebenin.com\/wp-content\/uploads\/2026\/04\/pamphile-a.jpeg","width":1280,"height":1600},{"@type":"BreadcrumbList","@id":"https:\/\/lepatriotebenin.com\/index.php\/2026\/04\/22\/pourquoi-jesus-est-il-mort-le-desir-de-faire-disparaitre-une-verite-derangeante\/#breadcrumb","itemListElement":[{"@type":"ListItem","position":1,"name":"Accueil","item":"https:\/\/lepatriotebenin.com\/"},{"@type":"ListItem","position":2,"name":"Pourquoi J\u00e9sus est-il mort ? : Le d\u00e9sir de faire dispara\u00eetre une v\u00e9rit\u00e9 d\u00e9rangeante"}]},{"@type":"WebSite","@id":"https:\/\/lepatriotebenin.com\/#website","url":"https:\/\/lepatriotebenin.com\/","name":"Le Patriote","description":"Le Patriote B\u00e9nin","potentialAction":[{"@type":"SearchAction","target":{"@type":"EntryPoint","urlTemplate":"https:\/\/lepatriotebenin.com\/?s={search_term_string}"},"query-input":{"@type":"PropertyValueSpecification","valueRequired":true,"valueName":"search_term_string"}}],"inLanguage":"fr-FR"},{"@type":"Person","@id":"https:\/\/lepatriotebenin.com\/#\/schema\/person\/2e7709b9c9cc313e452d1136af61690f","name":"Redaction","image":{"@type":"ImageObject","inLanguage":"fr-FR","@id":"https:\/\/secure.gravatar.com\/avatar\/c4c509357859ea2ca2cbb6d8812898a73e4ef1ef9934c2e591d7e32face734d1?s=96&d=mm&r=g","url":"https:\/\/secure.gravatar.com\/avatar\/c4c509357859ea2ca2cbb6d8812898a73e4ef1ef9934c2e591d7e32face734d1?s=96&d=mm&r=g","contentUrl":"https:\/\/secure.gravatar.com\/avatar\/c4c509357859ea2ca2cbb6d8812898a73e4ef1ef9934c2e591d7e32face734d1?s=96&d=mm&r=g","caption":"Redaction"},"url":"https:\/\/lepatriotebenin.com"}]}},"_links":{"self":[{"href":"https:\/\/lepatriotebenin.com\/index.php\/wp-json\/wp\/v2\/posts\/18725","targetHints":{"allow":["GET"]}}],"collection":[{"href":"https:\/\/lepatriotebenin.com\/index.php\/wp-json\/wp\/v2\/posts"}],"about":[{"href":"https:\/\/lepatriotebenin.com\/index.php\/wp-json\/wp\/v2\/types\/post"}],"author":[{"embeddable":true,"href":"https:\/\/lepatriotebenin.com\/index.php\/wp-json\/wp\/v2\/users\/5"}],"replies":[{"embeddable":true,"href":"https:\/\/lepatriotebenin.com\/index.php\/wp-json\/wp\/v2\/comments?post=18725"}],"version-history":[{"count":1,"href":"https:\/\/lepatriotebenin.com\/index.php\/wp-json\/wp\/v2\/posts\/18725\/revisions"}],"predecessor-version":[{"id":18728,"href":"https:\/\/lepatriotebenin.com\/index.php\/wp-json\/wp\/v2\/posts\/18725\/revisions\/18728"}],"wp:featuredmedia":[{"embeddable":true,"href":"https:\/\/lepatriotebenin.com\/index.php\/wp-json\/wp\/v2\/media\/18726"}],"wp:attachment":[{"href":"https:\/\/lepatriotebenin.com\/index.php\/wp-json\/wp\/v2\/media?parent=18725"}],"wp:term":[{"taxonomy":"category","embeddable":true,"href":"https:\/\/lepatriotebenin.com\/index.php\/wp-json\/wp\/v2\/categories?post=18725"},{"taxonomy":"post_tag","embeddable":true,"href":"https:\/\/lepatriotebenin.com\/index.php\/wp-json\/wp\/v2\/tags?post=18725"}],"curies":[{"name":"wp","href":"https:\/\/api.w.org\/{rel}","templated":true}]}}