{"id":18711,"date":"2026-04-22T03:28:10","date_gmt":"2026-04-22T01:28:10","guid":{"rendered":"https:\/\/lepatriotebenin.com\/?p=18711"},"modified":"2026-04-22T03:28:10","modified_gmt":"2026-04-22T01:28:10","slug":"france-macron-decore-59-heros-du-bataclan-et-deux-voix-des-victimes","status":"publish","type":"post","link":"https:\/\/lepatriotebenin.com\/index.php\/2026\/04\/22\/france-macron-decore-59-heros-du-bataclan-et-deux-voix-des-victimes\/","title":{"rendered":"\u200eFrance : Macron d\u00e9core 59 h\u00e9ros du Bataclan et deux voix des victimes"},"content":{"rendered":"<p>Emmanuel Macron a remis mardi la L\u00e9gion d\u2019honneur \u00e0 59 membres des forces de l\u2019ordre intervenus au Bataclan le 13 novembre 2015. Deux pr\u00e9sidents d\u2019associations de victimes ont \u00e9galement \u00e9t\u00e9 distingu\u00e9s lors de la c\u00e9r\u00e9monie \u00e0 l\u2019\u00c9lys\u00e9e.<\/p>\n<p>\u200eC\u2019est une reconnaissance attendue depuis pr\u00e8s de dix ans. Ce mardi, \u00e0 l\u2019\u00c9lys\u00e9e, le pr\u00e9sident Emmanuel Macron a d\u00e9cor\u00e9 de la L\u00e9gion d\u2019honneur 59 policiers et pompiers qui ont donn\u00e9 l\u2019assaut au Bataclan lors des attentats du 13 novembre 2015. Deux repr\u00e9sentants des victimes ont aussi re\u00e7u l\u2019insigne. Il s&rsquo;agit des pr\u00e9sidents des associations Life for Paris et 13onze15.<\/p>\n<p>\u200eLes d\u00e9cor\u00e9s viennent de la Pr\u00e9fecture de police, de la Brigade de recherche et d\u2019intervention, du Raid et de la Brigade des sapeurs-pompiers de Paris. Ce sont eux qui, au c\u0153ur du carnage, ont neutralis\u00e9 les assaillants et exfiltr\u00e9 les survivants de la salle de concert o\u00f9 90 personnes ont perdu la vie.<\/p>\n<p>\u200eEn distinguant aussi Life for Paris et 13onze15, l\u2019\u00c9tat salue le travail de reconstruction des survivants et des familles. Ces associations portent la parole des victimes, organisent l\u2019entraide et veillent \u00e0 la transmission.<\/p>\n<p>\u200eLa c\u00e9r\u00e9monie r\u00e9unissait les acteurs de l\u2019\u00e9poque et ceux d\u2019aujourd\u2019hui. Aux c\u00f4t\u00e9s du Premier ministre S\u00e9bastien Lecornu, du ministre de l\u2019Int\u00e9rieur Laurent Nu\u00f1ez et du Garde des Sceaux G\u00e9rald Darmanin, se trouvaient Fran\u00e7ois Hollande, Manuel Valls, Bernard Cazeneuve, Anne Hidalgo et l\u2019ex-pr\u00e9fet de police Michel Cadot, tous en fonction lors de la nuit d\u2019horreur.<\/p>\n<p>\u200eDix ans apr\u00e8s, la R\u00e9publique grave dans le marbre le courage de ceux qui ont fait face \u00e0 l\u2019impensable, et la dignit\u00e9 de ceux qui vivent avec.<\/p>\n<p><strong>\u200eEz\u00e9chiel Dagb\u00e9gnon PADONOU<\/strong><\/p>\n","protected":false},"excerpt":{"rendered":"<p>Emmanuel Macron a remis mardi la L\u00e9gion d\u2019honneur \u00e0 59 membres des forces de l\u2019ordre intervenus au Bataclan le 13 novembre 2015. Deux pr\u00e9sidents d\u2019associations de victimes ont \u00e9galement \u00e9t\u00e9&hellip;<\/p>\n","protected":false},"author":5,"featured_media":18712,"comment_status":"open","ping_status":"open","sticky":false,"template":"","format":"standard","meta":{"content-type":"","om_disable_all_campaigns":false,"_monsterinsights_skip_tracking":false,"_monsterinsights_sitenote_active":false,"_monsterinsights_sitenote_note":"","_monsterinsights_sitenote_category":0,"_uf_show_specific_survey":0,"_uf_disable_surveys":false,"footnotes":""},"categories":[20],"tags":[],"class_list":["post-18711","post","type-post","status-publish","format-standard","has-post-thumbnail","hentry","category-societe"],"aioseo_notices":[],"yoast_head":"<!-- This site is optimized with the Yoast SEO plugin v27.5 - https:\/\/yoast.com\/product\/yoast-seo-wordpress\/ -->\n<title>\u200eFrance : Macron d\u00e9core 59 h\u00e9ros du Bataclan et deux voix des victimes - Le Patriote<\/title>\n<meta name=\"robots\" content=\"index, follow, max-snippet:-1, max-image-preview:large, max-video-preview:-1\" \/>\n<link rel=\"canonical\" href=\"https:\/\/lepatriotebenin.com\/index.php\/2026\/04\/22\/france-macron-decore-59-heros-du-bataclan-et-deux-voix-des-victimes\/\" \/>\n<meta property=\"og:locale\" content=\"fr_FR\" \/>\n<meta property=\"og:type\" content=\"article\" \/>\n<meta property=\"og:title\" content=\"\u200eFrance : Macron d\u00e9core 59 h\u00e9ros du Bataclan et deux voix des victimes - Le Patriote\" \/>\n<meta property=\"og:description\" content=\"Emmanuel Macron a remis mardi la L\u00e9gion d\u2019honneur \u00e0 59 membres des forces de l\u2019ordre intervenus au Bataclan le 13 novembre 2015. Deux pr\u00e9sidents d\u2019associations de victimes ont \u00e9galement \u00e9t\u00e9&hellip;\" \/>\n<meta property=\"og:url\" content=\"https:\/\/lepatriotebenin.com\/index.php\/2026\/04\/22\/france-macron-decore-59-heros-du-bataclan-et-deux-voix-des-victimes\/\" \/>\n<meta property=\"og:site_name\" content=\"Le Patriote\" \/>\n<meta property=\"article:published_time\" content=\"2026-04-22T01:28:10+00:00\" \/>\n<meta property=\"og:image\" content=\"https:\/\/lepatriotebenin.com\/wp-content\/uploads\/2026\/04\/deco-a.jpeg\" \/>\n\t<meta property=\"og:image:width\" content=\"720\" \/>\n\t<meta property=\"og:image:height\" content=\"900\" \/>\n\t<meta property=\"og:image:type\" content=\"image\/jpeg\" \/>\n<meta name=\"author\" content=\"Redaction\" \/>\n<meta name=\"twitter:card\" content=\"summary_large_image\" \/>\n<meta name=\"twitter:label1\" content=\"\u00c9crit par\" \/>\n\t<meta name=\"twitter:data1\" content=\"Redaction\" \/>\n\t<meta name=\"twitter:label2\" content=\"Dur\u00e9e de lecture estim\u00e9e\" \/>\n\t<meta name=\"twitter:data2\" content=\"2 minutes\" \/>\n<script type=\"application\/ld+json\" class=\"yoast-schema-graph\">{\"@context\":\"https:\\\/\\\/schema.org\",\"@graph\":[{\"@type\":\"Article\",\"@id\":\"https:\\\/\\\/lepatriotebenin.com\\\/index.php\\\/2026\\\/04\\\/22\\\/france-macron-decore-59-heros-du-bataclan-et-deux-voix-des-victimes\\\/#article\",\"isPartOf\":{\"@id\":\"https:\\\/\\\/lepatriotebenin.com\\\/index.php\\\/2026\\\/04\\\/22\\\/france-macron-decore-59-heros-du-bataclan-et-deux-voix-des-victimes\\\/\"},\"author\":{\"name\":\"Redaction\",\"@id\":\"https:\\\/\\\/lepatriotebenin.com\\\/#\\\/schema\\\/person\\\/2e7709b9c9cc313e452d1136af61690f\"},\"headline\":\"\u200eFrance : Macron d\u00e9core 59 h\u00e9ros du Bataclan et deux voix des victimes\",\"datePublished\":\"2026-04-22T01:28:10+00:00\",\"mainEntityOfPage\":{\"@id\":\"https:\\\/\\\/lepatriotebenin.com\\\/index.php\\\/2026\\\/04\\\/22\\\/france-macron-decore-59-heros-du-bataclan-et-deux-voix-des-victimes\\\/\"},\"wordCount\":320,\"commentCount\":0,\"image\":{\"@id\":\"https:\\\/\\\/lepatriotebenin.com\\\/index.php\\\/2026\\\/04\\\/22\\\/france-macron-decore-59-heros-du-bataclan-et-deux-voix-des-victimes\\\/#primaryimage\"},\"thumbnailUrl\":\"https:\\\/\\\/lepatriotebenin.com\\\/wp-content\\\/uploads\\\/2026\\\/04\\\/deco-a.jpeg\",\"articleSection\":[\"Soci\u00e9t\u00e9\"],\"inLanguage\":\"fr-FR\",\"potentialAction\":[{\"@type\":\"CommentAction\",\"name\":\"Comment\",\"target\":[\"https:\\\/\\\/lepatriotebenin.com\\\/index.php\\\/2026\\\/04\\\/22\\\/france-macron-decore-59-heros-du-bataclan-et-deux-voix-des-victimes\\\/#respond\"]}]},{\"@type\":\"WebPage\",\"@id\":\"https:\\\/\\\/lepatriotebenin.com\\\/index.php\\\/2026\\\/04\\\/22\\\/france-macron-decore-59-heros-du-bataclan-et-deux-voix-des-victimes\\\/\",\"url\":\"https:\\\/\\\/lepatriotebenin.com\\\/index.php\\\/2026\\\/04\\\/22\\\/france-macron-decore-59-heros-du-bataclan-et-deux-voix-des-victimes\\\/\",\"name\":\"\u200eFrance : Macron d\u00e9core 59 h\u00e9ros du Bataclan et deux voix des victimes - Le Patriote\",\"isPartOf\":{\"@id\":\"https:\\\/\\\/lepatriotebenin.com\\\/#website\"},\"primaryImageOfPage\":{\"@id\":\"https:\\\/\\\/lepatriotebenin.com\\\/index.php\\\/2026\\\/04\\\/22\\\/france-macron-decore-59-heros-du-bataclan-et-deux-voix-des-victimes\\\/#primaryimage\"},\"image\":{\"@id\":\"https:\\\/\\\/lepatriotebenin.com\\\/index.php\\\/2026\\\/04\\\/22\\\/france-macron-decore-59-heros-du-bataclan-et-deux-voix-des-victimes\\\/#primaryimage\"},\"thumbnailUrl\":\"https:\\\/\\\/lepatriotebenin.com\\\/wp-content\\\/uploads\\\/2026\\\/04\\\/deco-a.jpeg\",\"datePublished\":\"2026-04-22T01:28:10+00:00\",\"author\":{\"@id\":\"https:\\\/\\\/lepatriotebenin.com\\\/#\\\/schema\\\/person\\\/2e7709b9c9cc313e452d1136af61690f\"},\"breadcrumb\":{\"@id\":\"https:\\\/\\\/lepatriotebenin.com\\\/index.php\\\/2026\\\/04\\\/22\\\/france-macron-decore-59-heros-du-bataclan-et-deux-voix-des-victimes\\\/#breadcrumb\"},\"inLanguage\":\"fr-FR\",\"potentialAction\":[{\"@type\":\"ReadAction\",\"target\":[\"https:\\\/\\\/lepatriotebenin.com\\\/index.php\\\/2026\\\/04\\\/22\\\/france-macron-decore-59-heros-du-bataclan-et-deux-voix-des-victimes\\\/\"]}]},{\"@type\":\"ImageObject\",\"inLanguage\":\"fr-FR\",\"@id\":\"https:\\\/\\\/lepatriotebenin.com\\\/index.php\\\/2026\\\/04\\\/22\\\/france-macron-decore-59-heros-du-bataclan-et-deux-voix-des-victimes\\\/#primaryimage\",\"url\":\"https:\\\/\\\/lepatriotebenin.com\\\/wp-content\\\/uploads\\\/2026\\\/04\\\/deco-a.jpeg\",\"contentUrl\":\"https:\\\/\\\/lepatriotebenin.com\\\/wp-content\\\/uploads\\\/2026\\\/04\\\/deco-a.jpeg\",\"width\":720,\"height\":900},{\"@type\":\"BreadcrumbList\",\"@id\":\"https:\\\/\\\/lepatriotebenin.com\\\/index.php\\\/2026\\\/04\\\/22\\\/france-macron-decore-59-heros-du-bataclan-et-deux-voix-des-victimes\\\/#breadcrumb\",\"itemListElement\":[{\"@type\":\"ListItem\",\"position\":1,\"name\":\"Accueil\",\"item\":\"https:\\\/\\\/lepatriotebenin.com\\\/\"},{\"@type\":\"ListItem\",\"position\":2,\"name\":\"\u200eFrance : Macron d\u00e9core 59 h\u00e9ros du Bataclan et deux voix des victimes\"}]},{\"@type\":\"WebSite\",\"@id\":\"https:\\\/\\\/lepatriotebenin.com\\\/#website\",\"url\":\"https:\\\/\\\/lepatriotebenin.com\\\/\",\"name\":\"Le Patriote\",\"description\":\"Le Patriote B\u00e9nin\",\"potentialAction\":[{\"@type\":\"SearchAction\",\"target\":{\"@type\":\"EntryPoint\",\"urlTemplate\":\"https:\\\/\\\/lepatriotebenin.com\\\/?s={search_term_string}\"},\"query-input\":{\"@type\":\"PropertyValueSpecification\",\"valueRequired\":true,\"valueName\":\"search_term_string\"}}],\"inLanguage\":\"fr-FR\"},{\"@type\":\"Person\",\"@id\":\"https:\\\/\\\/lepatriotebenin.com\\\/#\\\/schema\\\/person\\\/2e7709b9c9cc313e452d1136af61690f\",\"name\":\"Redaction\",\"image\":{\"@type\":\"ImageObject\",\"inLanguage\":\"fr-FR\",\"@id\":\"https:\\\/\\\/secure.gravatar.com\\\/avatar\\\/c4c509357859ea2ca2cbb6d8812898a73e4ef1ef9934c2e591d7e32face734d1?s=96&d=mm&r=g\",\"url\":\"https:\\\/\\\/secure.gravatar.com\\\/avatar\\\/c4c509357859ea2ca2cbb6d8812898a73e4ef1ef9934c2e591d7e32face734d1?s=96&d=mm&r=g\",\"contentUrl\":\"https:\\\/\\\/secure.gravatar.com\\\/avatar\\\/c4c509357859ea2ca2cbb6d8812898a73e4ef1ef9934c2e591d7e32face734d1?s=96&d=mm&r=g\",\"caption\":\"Redaction\"},\"url\":\"https:\\\/\\\/lepatriotebenin.com\"}]}<\/script>\n<!-- \/ Yoast SEO plugin. -->","yoast_head_json":{"title":"\u200eFrance : Macron d\u00e9core 59 h\u00e9ros du Bataclan et deux voix des victimes - Le Patriote","robots":{"index":"index","follow":"follow","max-snippet":"max-snippet:-1","max-image-preview":"max-image-preview:large","max-video-preview":"max-video-preview:-1"},"canonical":"https:\/\/lepatriotebenin.com\/index.php\/2026\/04\/22\/france-macron-decore-59-heros-du-bataclan-et-deux-voix-des-victimes\/","og_locale":"fr_FR","og_type":"article","og_title":"\u200eFrance : Macron d\u00e9core 59 h\u00e9ros du Bataclan et deux voix des victimes - Le Patriote","og_description":"Emmanuel Macron a remis mardi la L\u00e9gion d\u2019honneur \u00e0 59 membres des forces de l\u2019ordre intervenus au Bataclan le 13 novembre 2015. Deux pr\u00e9sidents d\u2019associations de victimes ont \u00e9galement \u00e9t\u00e9&hellip;","og_url":"https:\/\/lepatriotebenin.com\/index.php\/2026\/04\/22\/france-macron-decore-59-heros-du-bataclan-et-deux-voix-des-victimes\/","og_site_name":"Le Patriote","article_published_time":"2026-04-22T01:28:10+00:00","og_image":[{"width":720,"height":900,"url":"https:\/\/lepatriotebenin.com\/wp-content\/uploads\/2026\/04\/deco-a.jpeg","type":"image\/jpeg"}],"author":"Redaction","twitter_card":"summary_large_image","twitter_misc":{"\u00c9crit par":"Redaction","Dur\u00e9e de lecture estim\u00e9e":"2 minutes"},"schema":{"@context":"https:\/\/schema.org","@graph":[{"@type":"Article","@id":"https:\/\/lepatriotebenin.com\/index.php\/2026\/04\/22\/france-macron-decore-59-heros-du-bataclan-et-deux-voix-des-victimes\/#article","isPartOf":{"@id":"https:\/\/lepatriotebenin.com\/index.php\/2026\/04\/22\/france-macron-decore-59-heros-du-bataclan-et-deux-voix-des-victimes\/"},"author":{"name":"Redaction","@id":"https:\/\/lepatriotebenin.com\/#\/schema\/person\/2e7709b9c9cc313e452d1136af61690f"},"headline":"\u200eFrance : Macron d\u00e9core 59 h\u00e9ros du Bataclan et deux voix des victimes","datePublished":"2026-04-22T01:28:10+00:00","mainEntityOfPage":{"@id":"https:\/\/lepatriotebenin.com\/index.php\/2026\/04\/22\/france-macron-decore-59-heros-du-bataclan-et-deux-voix-des-victimes\/"},"wordCount":320,"commentCount":0,"image":{"@id":"https:\/\/lepatriotebenin.com\/index.php\/2026\/04\/22\/france-macron-decore-59-heros-du-bataclan-et-deux-voix-des-victimes\/#primaryimage"},"thumbnailUrl":"https:\/\/lepatriotebenin.com\/wp-content\/uploads\/2026\/04\/deco-a.jpeg","articleSection":["Soci\u00e9t\u00e9"],"inLanguage":"fr-FR","potentialAction":[{"@type":"CommentAction","name":"Comment","target":["https:\/\/lepatriotebenin.com\/index.php\/2026\/04\/22\/france-macron-decore-59-heros-du-bataclan-et-deux-voix-des-victimes\/#respond"]}]},{"@type":"WebPage","@id":"https:\/\/lepatriotebenin.com\/index.php\/2026\/04\/22\/france-macron-decore-59-heros-du-bataclan-et-deux-voix-des-victimes\/","url":"https:\/\/lepatriotebenin.com\/index.php\/2026\/04\/22\/france-macron-decore-59-heros-du-bataclan-et-deux-voix-des-victimes\/","name":"\u200eFrance : Macron d\u00e9core 59 h\u00e9ros du Bataclan et deux voix des victimes - Le Patriote","isPartOf":{"@id":"https:\/\/lepatriotebenin.com\/#website"},"primaryImageOfPage":{"@id":"https:\/\/lepatriotebenin.com\/index.php\/2026\/04\/22\/france-macron-decore-59-heros-du-bataclan-et-deux-voix-des-victimes\/#primaryimage"},"image":{"@id":"https:\/\/lepatriotebenin.com\/index.php\/2026\/04\/22\/france-macron-decore-59-heros-du-bataclan-et-deux-voix-des-victimes\/#primaryimage"},"thumbnailUrl":"https:\/\/lepatriotebenin.com\/wp-content\/uploads\/2026\/04\/deco-a.jpeg","datePublished":"2026-04-22T01:28:10+00:00","author":{"@id":"https:\/\/lepatriotebenin.com\/#\/schema\/person\/2e7709b9c9cc313e452d1136af61690f"},"breadcrumb":{"@id":"https:\/\/lepatriotebenin.com\/index.php\/2026\/04\/22\/france-macron-decore-59-heros-du-bataclan-et-deux-voix-des-victimes\/#breadcrumb"},"inLanguage":"fr-FR","potentialAction":[{"@type":"ReadAction","target":["https:\/\/lepatriotebenin.com\/index.php\/2026\/04\/22\/france-macron-decore-59-heros-du-bataclan-et-deux-voix-des-victimes\/"]}]},{"@type":"ImageObject","inLanguage":"fr-FR","@id":"https:\/\/lepatriotebenin.com\/index.php\/2026\/04\/22\/france-macron-decore-59-heros-du-bataclan-et-deux-voix-des-victimes\/#primaryimage","url":"https:\/\/lepatriotebenin.com\/wp-content\/uploads\/2026\/04\/deco-a.jpeg","contentUrl":"https:\/\/lepatriotebenin.com\/wp-content\/uploads\/2026\/04\/deco-a.jpeg","width":720,"height":900},{"@type":"BreadcrumbList","@id":"https:\/\/lepatriotebenin.com\/index.php\/2026\/04\/22\/france-macron-decore-59-heros-du-bataclan-et-deux-voix-des-victimes\/#breadcrumb","itemListElement":[{"@type":"ListItem","position":1,"name":"Accueil","item":"https:\/\/lepatriotebenin.com\/"},{"@type":"ListItem","position":2,"name":"\u200eFrance : Macron d\u00e9core 59 h\u00e9ros du Bataclan et deux voix des victimes"}]},{"@type":"WebSite","@id":"https:\/\/lepatriotebenin.com\/#website","url":"https:\/\/lepatriotebenin.com\/","name":"Le Patriote","description":"Le Patriote B\u00e9nin","potentialAction":[{"@type":"SearchAction","target":{"@type":"EntryPoint","urlTemplate":"https:\/\/lepatriotebenin.com\/?s={search_term_string}"},"query-input":{"@type":"PropertyValueSpecification","valueRequired":true,"valueName":"search_term_string"}}],"inLanguage":"fr-FR"},{"@type":"Person","@id":"https:\/\/lepatriotebenin.com\/#\/schema\/person\/2e7709b9c9cc313e452d1136af61690f","name":"Redaction","image":{"@type":"ImageObject","inLanguage":"fr-FR","@id":"https:\/\/secure.gravatar.com\/avatar\/c4c509357859ea2ca2cbb6d8812898a73e4ef1ef9934c2e591d7e32face734d1?s=96&d=mm&r=g","url":"https:\/\/secure.gravatar.com\/avatar\/c4c509357859ea2ca2cbb6d8812898a73e4ef1ef9934c2e591d7e32face734d1?s=96&d=mm&r=g","contentUrl":"https:\/\/secure.gravatar.com\/avatar\/c4c509357859ea2ca2cbb6d8812898a73e4ef1ef9934c2e591d7e32face734d1?s=96&d=mm&r=g","caption":"Redaction"},"url":"https:\/\/lepatriotebenin.com"}]}},"_links":{"self":[{"href":"https:\/\/lepatriotebenin.com\/index.php\/wp-json\/wp\/v2\/posts\/18711","targetHints":{"allow":["GET"]}}],"collection":[{"href":"https:\/\/lepatriotebenin.com\/index.php\/wp-json\/wp\/v2\/posts"}],"about":[{"href":"https:\/\/lepatriotebenin.com\/index.php\/wp-json\/wp\/v2\/types\/post"}],"author":[{"embeddable":true,"href":"https:\/\/lepatriotebenin.com\/index.php\/wp-json\/wp\/v2\/users\/5"}],"replies":[{"embeddable":true,"href":"https:\/\/lepatriotebenin.com\/index.php\/wp-json\/wp\/v2\/comments?post=18711"}],"version-history":[{"count":1,"href":"https:\/\/lepatriotebenin.com\/index.php\/wp-json\/wp\/v2\/posts\/18711\/revisions"}],"predecessor-version":[{"id":18713,"href":"https:\/\/lepatriotebenin.com\/index.php\/wp-json\/wp\/v2\/posts\/18711\/revisions\/18713"}],"wp:featuredmedia":[{"embeddable":true,"href":"https:\/\/lepatriotebenin.com\/index.php\/wp-json\/wp\/v2\/media\/18712"}],"wp:attachment":[{"href":"https:\/\/lepatriotebenin.com\/index.php\/wp-json\/wp\/v2\/media?parent=18711"}],"wp:term":[{"taxonomy":"category","embeddable":true,"href":"https:\/\/lepatriotebenin.com\/index.php\/wp-json\/wp\/v2\/categories?post=18711"},{"taxonomy":"post_tag","embeddable":true,"href":"https:\/\/lepatriotebenin.com\/index.php\/wp-json\/wp\/v2\/tags?post=18711"}],"curies":[{"name":"wp","href":"https:\/\/api.w.org\/{rel}","templated":true}]}}