{"id":18667,"date":"2026-04-20T05:17:30","date_gmt":"2026-04-20T03:17:30","guid":{"rendered":"https:\/\/lepatriotebenin.com\/?p=18667"},"modified":"2026-04-20T05:17:30","modified_gmt":"2026-04-20T03:17:30","slug":"perspectives-economiques-le-benin-accelere-sa-croissance-en-2026","status":"publish","type":"post","link":"https:\/\/lepatriotebenin.com\/index.php\/2026\/04\/20\/perspectives-economiques-le-benin-accelere-sa-croissance-en-2026\/","title":{"rendered":"Perspectives \u00e9conomiques : Le B\u00e9nin acc\u00e9l\u00e8re sa croissance en 2026"},"content":{"rendered":"<p><strong>Le Fonds mon\u00e9taire international revoit \u00e0 la hausse les perspectives \u00e9conomiques du B\u00e9nin pour 2026. Avec une croissance attendue \u00e0 7 % et une inflation ma\u00eetris\u00e9e, le pays confirme sa r\u00e9silience dans un contexte mondial incertain.<\/strong><\/p>\n<p>Le Fonds mon\u00e9taire international (FMI) affiche un regain de confiance envers l\u2019\u00e9conomie b\u00e9ninoise. Dans son rapport intitul\u00e9 Perspectives \u00e9conomiques r\u00e9gionales pour l\u2019Afrique subsaharienne, publi\u00e9 le 16 avril 2026, l\u2019institution a relev\u00e9 sa pr\u00e9vision de croissance pour le B\u00e9nin, la portant \u00e0 7 % contre 6,7 % estim\u00e9s auparavant.<\/p>\n<p>En effet, cette r\u00e9vision intervient dans un contexte global pourtant peu favorable. En Afrique subsaharienne, la croissance devrait ralentir l\u00e9g\u00e8rement, passant de 4,5 % en 2025 \u00e0 4,3 % en 2026. Dans cet environnement marqu\u00e9 par des incertitudes g\u00e9opolitiques, notamment au Moyen-Orient, des tensions sur les prix de l\u2019\u00e9nergie et des conditions financi\u00e8res plus strictes, le B\u00e9nin tire son \u00e9pingle du jeu. Le pays s\u2019impose ainsi comme l\u2019une des \u00e9conomies les plus dynamiques du continent. Il rejoint un groupe restreint de nations africaines affichant une forte croissance, malgr\u00e9 une faible dotation en ressources naturelles. Une performance qui confirme la solidit\u00e9 de son mod\u00e8le \u00e9conomique.<\/p>\n<p>Cette progression s\u2019inscrit dans une dynamique amorc\u00e9e depuis plusieurs ann\u00e9es. Apr\u00e8s une croissance moyenne de 5,1 % entre 2011 et 2019, le B\u00e9nin avait connu un ralentissement \u00e0 3,8 % en 2020, en raison des effets de la pand\u00e9mie. Mais depuis 2021, l\u2019\u00e9conomie a nettement rebondi, enregistrant des taux sup\u00e9rieurs \u00e0 6 % chaque ann\u00e9e : 7,2 % en 2021, 6,3 % en 2022, 6,4 % en 2023, puis 7,5 % en 2024 et 2025, avant la projection de 7 % pour 2026.<\/p>\n<p>Parall\u00e8lement, l\u2019inflation reste globalement ma\u00eetris\u00e9e. Sur les cinq derni\u00e8res ann\u00e9es, elle n\u2019a pas d\u00e9pass\u00e9 2,7 %, oscillant entre 1,1 % et 2,7 %. Pour 2026, le FMI pr\u00e9voit une l\u00e9g\u00e8re remont\u00e9e \u00e0 2 %, un niveau largement inf\u00e9rieur \u00e0 la m\u00e9diane r\u00e9gionale estim\u00e9e \u00e0 5 %.<\/p>\n<p>Avec cette combinaison de croissance soutenue et de stabilit\u00e9 des prix, le B\u00e9nin appara\u00eet comme l\u2019une des \u00e9conomies les plus r\u00e9silientes face aux chocs ext\u00e9rieurs, renfor\u00e7ant ainsi son attractivit\u00e9 sur la sc\u00e8ne r\u00e9gionale.<\/p>\n<p><strong>Gildas AHOGNI<\/strong><\/p>\n","protected":false},"excerpt":{"rendered":"<p>Le Fonds mon\u00e9taire international revoit \u00e0 la hausse les perspectives \u00e9conomiques du B\u00e9nin pour 2026. Avec une croissance attendue \u00e0 7 % et une inflation ma\u00eetris\u00e9e, le pays confirme sa&hellip;<\/p>\n","protected":false},"author":5,"featured_media":18668,"comment_status":"open","ping_status":"open","sticky":false,"template":"","format":"standard","meta":{"content-type":"","om_disable_all_campaigns":false,"_monsterinsights_skip_tracking":false,"_monsterinsights_sitenote_active":false,"_monsterinsights_sitenote_note":"","_monsterinsights_sitenote_category":0,"_uf_show_specific_survey":0,"_uf_disable_surveys":false,"footnotes":""},"categories":[4],"tags":[],"class_list":["post-18667","post","type-post","status-publish","format-standard","has-post-thumbnail","hentry","category-economie"],"aioseo_notices":[],"yoast_head":"<!-- This site is optimized with the Yoast SEO plugin v27.5 - https:\/\/yoast.com\/product\/yoast-seo-wordpress\/ -->\n<title>Perspectives \u00e9conomiques : Le B\u00e9nin acc\u00e9l\u00e8re sa croissance en 2026 - Le Patriote<\/title>\n<meta name=\"robots\" content=\"index, follow, max-snippet:-1, max-image-preview:large, max-video-preview:-1\" \/>\n<link rel=\"canonical\" href=\"https:\/\/lepatriotebenin.com\/index.php\/2026\/04\/20\/perspectives-economiques-le-benin-accelere-sa-croissance-en-2026\/\" \/>\n<meta property=\"og:locale\" content=\"fr_FR\" \/>\n<meta property=\"og:type\" content=\"article\" \/>\n<meta property=\"og:title\" content=\"Perspectives \u00e9conomiques : Le B\u00e9nin acc\u00e9l\u00e8re sa croissance en 2026 - Le Patriote\" \/>\n<meta property=\"og:description\" content=\"Le Fonds mon\u00e9taire international revoit \u00e0 la hausse les perspectives \u00e9conomiques du B\u00e9nin pour 2026. Avec une croissance attendue \u00e0 7 % et une inflation ma\u00eetris\u00e9e, le pays confirme sa&hellip;\" \/>\n<meta property=\"og:url\" content=\"https:\/\/lepatriotebenin.com\/index.php\/2026\/04\/20\/perspectives-economiques-le-benin-accelere-sa-croissance-en-2026\/\" \/>\n<meta property=\"og:site_name\" content=\"Le Patriote\" \/>\n<meta property=\"article:published_time\" content=\"2026-04-20T03:17:30+00:00\" \/>\n<meta property=\"og:image\" content=\"https:\/\/lepatriotebenin.com\/wp-content\/uploads\/2026\/04\/fmi.jpg\" \/>\n\t<meta property=\"og:image:width\" content=\"1023\" \/>\n\t<meta property=\"og:image:height\" content=\"575\" \/>\n\t<meta property=\"og:image:type\" content=\"image\/jpeg\" \/>\n<meta name=\"author\" content=\"Redaction\" \/>\n<meta name=\"twitter:card\" content=\"summary_large_image\" \/>\n<meta name=\"twitter:label1\" content=\"\u00c9crit par\" \/>\n\t<meta name=\"twitter:data1\" content=\"Redaction\" \/>\n\t<meta name=\"twitter:label2\" content=\"Dur\u00e9e de lecture estim\u00e9e\" \/>\n\t<meta name=\"twitter:data2\" content=\"2 minutes\" \/>\n<script type=\"application\/ld+json\" class=\"yoast-schema-graph\">{\"@context\":\"https:\\\/\\\/schema.org\",\"@graph\":[{\"@type\":\"Article\",\"@id\":\"https:\\\/\\\/lepatriotebenin.com\\\/index.php\\\/2026\\\/04\\\/20\\\/perspectives-economiques-le-benin-accelere-sa-croissance-en-2026\\\/#article\",\"isPartOf\":{\"@id\":\"https:\\\/\\\/lepatriotebenin.com\\\/index.php\\\/2026\\\/04\\\/20\\\/perspectives-economiques-le-benin-accelere-sa-croissance-en-2026\\\/\"},\"author\":{\"name\":\"Redaction\",\"@id\":\"https:\\\/\\\/lepatriotebenin.com\\\/#\\\/schema\\\/person\\\/2e7709b9c9cc313e452d1136af61690f\"},\"headline\":\"Perspectives \u00e9conomiques : Le B\u00e9nin acc\u00e9l\u00e8re sa croissance en 2026\",\"datePublished\":\"2026-04-20T03:17:30+00:00\",\"mainEntityOfPage\":{\"@id\":\"https:\\\/\\\/lepatriotebenin.com\\\/index.php\\\/2026\\\/04\\\/20\\\/perspectives-economiques-le-benin-accelere-sa-croissance-en-2026\\\/\"},\"wordCount\":358,\"commentCount\":0,\"image\":{\"@id\":\"https:\\\/\\\/lepatriotebenin.com\\\/index.php\\\/2026\\\/04\\\/20\\\/perspectives-economiques-le-benin-accelere-sa-croissance-en-2026\\\/#primaryimage\"},\"thumbnailUrl\":\"https:\\\/\\\/lepatriotebenin.com\\\/wp-content\\\/uploads\\\/2026\\\/04\\\/fmi.jpg\",\"articleSection\":[\"Economie\"],\"inLanguage\":\"fr-FR\",\"potentialAction\":[{\"@type\":\"CommentAction\",\"name\":\"Comment\",\"target\":[\"https:\\\/\\\/lepatriotebenin.com\\\/index.php\\\/2026\\\/04\\\/20\\\/perspectives-economiques-le-benin-accelere-sa-croissance-en-2026\\\/#respond\"]}]},{\"@type\":\"WebPage\",\"@id\":\"https:\\\/\\\/lepatriotebenin.com\\\/index.php\\\/2026\\\/04\\\/20\\\/perspectives-economiques-le-benin-accelere-sa-croissance-en-2026\\\/\",\"url\":\"https:\\\/\\\/lepatriotebenin.com\\\/index.php\\\/2026\\\/04\\\/20\\\/perspectives-economiques-le-benin-accelere-sa-croissance-en-2026\\\/\",\"name\":\"Perspectives \u00e9conomiques : Le B\u00e9nin acc\u00e9l\u00e8re sa croissance en 2026 - Le Patriote\",\"isPartOf\":{\"@id\":\"https:\\\/\\\/lepatriotebenin.com\\\/#website\"},\"primaryImageOfPage\":{\"@id\":\"https:\\\/\\\/lepatriotebenin.com\\\/index.php\\\/2026\\\/04\\\/20\\\/perspectives-economiques-le-benin-accelere-sa-croissance-en-2026\\\/#primaryimage\"},\"image\":{\"@id\":\"https:\\\/\\\/lepatriotebenin.com\\\/index.php\\\/2026\\\/04\\\/20\\\/perspectives-economiques-le-benin-accelere-sa-croissance-en-2026\\\/#primaryimage\"},\"thumbnailUrl\":\"https:\\\/\\\/lepatriotebenin.com\\\/wp-content\\\/uploads\\\/2026\\\/04\\\/fmi.jpg\",\"datePublished\":\"2026-04-20T03:17:30+00:00\",\"author\":{\"@id\":\"https:\\\/\\\/lepatriotebenin.com\\\/#\\\/schema\\\/person\\\/2e7709b9c9cc313e452d1136af61690f\"},\"breadcrumb\":{\"@id\":\"https:\\\/\\\/lepatriotebenin.com\\\/index.php\\\/2026\\\/04\\\/20\\\/perspectives-economiques-le-benin-accelere-sa-croissance-en-2026\\\/#breadcrumb\"},\"inLanguage\":\"fr-FR\",\"potentialAction\":[{\"@type\":\"ReadAction\",\"target\":[\"https:\\\/\\\/lepatriotebenin.com\\\/index.php\\\/2026\\\/04\\\/20\\\/perspectives-economiques-le-benin-accelere-sa-croissance-en-2026\\\/\"]}]},{\"@type\":\"ImageObject\",\"inLanguage\":\"fr-FR\",\"@id\":\"https:\\\/\\\/lepatriotebenin.com\\\/index.php\\\/2026\\\/04\\\/20\\\/perspectives-economiques-le-benin-accelere-sa-croissance-en-2026\\\/#primaryimage\",\"url\":\"https:\\\/\\\/lepatriotebenin.com\\\/wp-content\\\/uploads\\\/2026\\\/04\\\/fmi.jpg\",\"contentUrl\":\"https:\\\/\\\/lepatriotebenin.com\\\/wp-content\\\/uploads\\\/2026\\\/04\\\/fmi.jpg\",\"width\":1023,\"height\":575},{\"@type\":\"BreadcrumbList\",\"@id\":\"https:\\\/\\\/lepatriotebenin.com\\\/index.php\\\/2026\\\/04\\\/20\\\/perspectives-economiques-le-benin-accelere-sa-croissance-en-2026\\\/#breadcrumb\",\"itemListElement\":[{\"@type\":\"ListItem\",\"position\":1,\"name\":\"Accueil\",\"item\":\"https:\\\/\\\/lepatriotebenin.com\\\/\"},{\"@type\":\"ListItem\",\"position\":2,\"name\":\"Perspectives \u00e9conomiques : Le B\u00e9nin acc\u00e9l\u00e8re sa croissance en 2026\"}]},{\"@type\":\"WebSite\",\"@id\":\"https:\\\/\\\/lepatriotebenin.com\\\/#website\",\"url\":\"https:\\\/\\\/lepatriotebenin.com\\\/\",\"name\":\"Le Patriote\",\"description\":\"Le Patriote B\u00e9nin\",\"potentialAction\":[{\"@type\":\"SearchAction\",\"target\":{\"@type\":\"EntryPoint\",\"urlTemplate\":\"https:\\\/\\\/lepatriotebenin.com\\\/?s={search_term_string}\"},\"query-input\":{\"@type\":\"PropertyValueSpecification\",\"valueRequired\":true,\"valueName\":\"search_term_string\"}}],\"inLanguage\":\"fr-FR\"},{\"@type\":\"Person\",\"@id\":\"https:\\\/\\\/lepatriotebenin.com\\\/#\\\/schema\\\/person\\\/2e7709b9c9cc313e452d1136af61690f\",\"name\":\"Redaction\",\"image\":{\"@type\":\"ImageObject\",\"inLanguage\":\"fr-FR\",\"@id\":\"https:\\\/\\\/secure.gravatar.com\\\/avatar\\\/c4c509357859ea2ca2cbb6d8812898a73e4ef1ef9934c2e591d7e32face734d1?s=96&d=mm&r=g\",\"url\":\"https:\\\/\\\/secure.gravatar.com\\\/avatar\\\/c4c509357859ea2ca2cbb6d8812898a73e4ef1ef9934c2e591d7e32face734d1?s=96&d=mm&r=g\",\"contentUrl\":\"https:\\\/\\\/secure.gravatar.com\\\/avatar\\\/c4c509357859ea2ca2cbb6d8812898a73e4ef1ef9934c2e591d7e32face734d1?s=96&d=mm&r=g\",\"caption\":\"Redaction\"},\"url\":\"https:\\\/\\\/lepatriotebenin.com\"}]}<\/script>\n<!-- \/ Yoast SEO plugin. -->","yoast_head_json":{"title":"Perspectives \u00e9conomiques : Le B\u00e9nin acc\u00e9l\u00e8re sa croissance en 2026 - Le Patriote","robots":{"index":"index","follow":"follow","max-snippet":"max-snippet:-1","max-image-preview":"max-image-preview:large","max-video-preview":"max-video-preview:-1"},"canonical":"https:\/\/lepatriotebenin.com\/index.php\/2026\/04\/20\/perspectives-economiques-le-benin-accelere-sa-croissance-en-2026\/","og_locale":"fr_FR","og_type":"article","og_title":"Perspectives \u00e9conomiques : Le B\u00e9nin acc\u00e9l\u00e8re sa croissance en 2026 - Le Patriote","og_description":"Le Fonds mon\u00e9taire international revoit \u00e0 la hausse les perspectives \u00e9conomiques du B\u00e9nin pour 2026. Avec une croissance attendue \u00e0 7 % et une inflation ma\u00eetris\u00e9e, le pays confirme sa&hellip;","og_url":"https:\/\/lepatriotebenin.com\/index.php\/2026\/04\/20\/perspectives-economiques-le-benin-accelere-sa-croissance-en-2026\/","og_site_name":"Le Patriote","article_published_time":"2026-04-20T03:17:30+00:00","og_image":[{"width":1023,"height":575,"url":"https:\/\/lepatriotebenin.com\/wp-content\/uploads\/2026\/04\/fmi.jpg","type":"image\/jpeg"}],"author":"Redaction","twitter_card":"summary_large_image","twitter_misc":{"\u00c9crit par":"Redaction","Dur\u00e9e de lecture estim\u00e9e":"2 minutes"},"schema":{"@context":"https:\/\/schema.org","@graph":[{"@type":"Article","@id":"https:\/\/lepatriotebenin.com\/index.php\/2026\/04\/20\/perspectives-economiques-le-benin-accelere-sa-croissance-en-2026\/#article","isPartOf":{"@id":"https:\/\/lepatriotebenin.com\/index.php\/2026\/04\/20\/perspectives-economiques-le-benin-accelere-sa-croissance-en-2026\/"},"author":{"name":"Redaction","@id":"https:\/\/lepatriotebenin.com\/#\/schema\/person\/2e7709b9c9cc313e452d1136af61690f"},"headline":"Perspectives \u00e9conomiques : Le B\u00e9nin acc\u00e9l\u00e8re sa croissance en 2026","datePublished":"2026-04-20T03:17:30+00:00","mainEntityOfPage":{"@id":"https:\/\/lepatriotebenin.com\/index.php\/2026\/04\/20\/perspectives-economiques-le-benin-accelere-sa-croissance-en-2026\/"},"wordCount":358,"commentCount":0,"image":{"@id":"https:\/\/lepatriotebenin.com\/index.php\/2026\/04\/20\/perspectives-economiques-le-benin-accelere-sa-croissance-en-2026\/#primaryimage"},"thumbnailUrl":"https:\/\/lepatriotebenin.com\/wp-content\/uploads\/2026\/04\/fmi.jpg","articleSection":["Economie"],"inLanguage":"fr-FR","potentialAction":[{"@type":"CommentAction","name":"Comment","target":["https:\/\/lepatriotebenin.com\/index.php\/2026\/04\/20\/perspectives-economiques-le-benin-accelere-sa-croissance-en-2026\/#respond"]}]},{"@type":"WebPage","@id":"https:\/\/lepatriotebenin.com\/index.php\/2026\/04\/20\/perspectives-economiques-le-benin-accelere-sa-croissance-en-2026\/","url":"https:\/\/lepatriotebenin.com\/index.php\/2026\/04\/20\/perspectives-economiques-le-benin-accelere-sa-croissance-en-2026\/","name":"Perspectives \u00e9conomiques : Le B\u00e9nin acc\u00e9l\u00e8re sa croissance en 2026 - Le Patriote","isPartOf":{"@id":"https:\/\/lepatriotebenin.com\/#website"},"primaryImageOfPage":{"@id":"https:\/\/lepatriotebenin.com\/index.php\/2026\/04\/20\/perspectives-economiques-le-benin-accelere-sa-croissance-en-2026\/#primaryimage"},"image":{"@id":"https:\/\/lepatriotebenin.com\/index.php\/2026\/04\/20\/perspectives-economiques-le-benin-accelere-sa-croissance-en-2026\/#primaryimage"},"thumbnailUrl":"https:\/\/lepatriotebenin.com\/wp-content\/uploads\/2026\/04\/fmi.jpg","datePublished":"2026-04-20T03:17:30+00:00","author":{"@id":"https:\/\/lepatriotebenin.com\/#\/schema\/person\/2e7709b9c9cc313e452d1136af61690f"},"breadcrumb":{"@id":"https:\/\/lepatriotebenin.com\/index.php\/2026\/04\/20\/perspectives-economiques-le-benin-accelere-sa-croissance-en-2026\/#breadcrumb"},"inLanguage":"fr-FR","potentialAction":[{"@type":"ReadAction","target":["https:\/\/lepatriotebenin.com\/index.php\/2026\/04\/20\/perspectives-economiques-le-benin-accelere-sa-croissance-en-2026\/"]}]},{"@type":"ImageObject","inLanguage":"fr-FR","@id":"https:\/\/lepatriotebenin.com\/index.php\/2026\/04\/20\/perspectives-economiques-le-benin-accelere-sa-croissance-en-2026\/#primaryimage","url":"https:\/\/lepatriotebenin.com\/wp-content\/uploads\/2026\/04\/fmi.jpg","contentUrl":"https:\/\/lepatriotebenin.com\/wp-content\/uploads\/2026\/04\/fmi.jpg","width":1023,"height":575},{"@type":"BreadcrumbList","@id":"https:\/\/lepatriotebenin.com\/index.php\/2026\/04\/20\/perspectives-economiques-le-benin-accelere-sa-croissance-en-2026\/#breadcrumb","itemListElement":[{"@type":"ListItem","position":1,"name":"Accueil","item":"https:\/\/lepatriotebenin.com\/"},{"@type":"ListItem","position":2,"name":"Perspectives \u00e9conomiques : Le B\u00e9nin acc\u00e9l\u00e8re sa croissance en 2026"}]},{"@type":"WebSite","@id":"https:\/\/lepatriotebenin.com\/#website","url":"https:\/\/lepatriotebenin.com\/","name":"Le Patriote","description":"Le Patriote B\u00e9nin","potentialAction":[{"@type":"SearchAction","target":{"@type":"EntryPoint","urlTemplate":"https:\/\/lepatriotebenin.com\/?s={search_term_string}"},"query-input":{"@type":"PropertyValueSpecification","valueRequired":true,"valueName":"search_term_string"}}],"inLanguage":"fr-FR"},{"@type":"Person","@id":"https:\/\/lepatriotebenin.com\/#\/schema\/person\/2e7709b9c9cc313e452d1136af61690f","name":"Redaction","image":{"@type":"ImageObject","inLanguage":"fr-FR","@id":"https:\/\/secure.gravatar.com\/avatar\/c4c509357859ea2ca2cbb6d8812898a73e4ef1ef9934c2e591d7e32face734d1?s=96&d=mm&r=g","url":"https:\/\/secure.gravatar.com\/avatar\/c4c509357859ea2ca2cbb6d8812898a73e4ef1ef9934c2e591d7e32face734d1?s=96&d=mm&r=g","contentUrl":"https:\/\/secure.gravatar.com\/avatar\/c4c509357859ea2ca2cbb6d8812898a73e4ef1ef9934c2e591d7e32face734d1?s=96&d=mm&r=g","caption":"Redaction"},"url":"https:\/\/lepatriotebenin.com"}]}},"_links":{"self":[{"href":"https:\/\/lepatriotebenin.com\/index.php\/wp-json\/wp\/v2\/posts\/18667","targetHints":{"allow":["GET"]}}],"collection":[{"href":"https:\/\/lepatriotebenin.com\/index.php\/wp-json\/wp\/v2\/posts"}],"about":[{"href":"https:\/\/lepatriotebenin.com\/index.php\/wp-json\/wp\/v2\/types\/post"}],"author":[{"embeddable":true,"href":"https:\/\/lepatriotebenin.com\/index.php\/wp-json\/wp\/v2\/users\/5"}],"replies":[{"embeddable":true,"href":"https:\/\/lepatriotebenin.com\/index.php\/wp-json\/wp\/v2\/comments?post=18667"}],"version-history":[{"count":1,"href":"https:\/\/lepatriotebenin.com\/index.php\/wp-json\/wp\/v2\/posts\/18667\/revisions"}],"predecessor-version":[{"id":18669,"href":"https:\/\/lepatriotebenin.com\/index.php\/wp-json\/wp\/v2\/posts\/18667\/revisions\/18669"}],"wp:featuredmedia":[{"embeddable":true,"href":"https:\/\/lepatriotebenin.com\/index.php\/wp-json\/wp\/v2\/media\/18668"}],"wp:attachment":[{"href":"https:\/\/lepatriotebenin.com\/index.php\/wp-json\/wp\/v2\/media?parent=18667"}],"wp:term":[{"taxonomy":"category","embeddable":true,"href":"https:\/\/lepatriotebenin.com\/index.php\/wp-json\/wp\/v2\/categories?post=18667"},{"taxonomy":"post_tag","embeddable":true,"href":"https:\/\/lepatriotebenin.com\/index.php\/wp-json\/wp\/v2\/tags?post=18667"}],"curies":[{"name":"wp","href":"https:\/\/api.w.org\/{rel}","templated":true}]}}