{"id":1825,"date":"2023-12-09T16:37:06","date_gmt":"2023-12-09T15:37:06","guid":{"rendered":"https:\/\/lepatriotebenin.com\/?p=1825"},"modified":"2023-12-09T16:37:07","modified_gmt":"2023-12-09T15:37:07","slug":"cooperation-les-chefs-detat-major-beninois-et-francais-dementent-lexistence-dune-base-militaire-au-benin","status":"publish","type":"post","link":"https:\/\/lepatriotebenin.com\/index.php\/2023\/12\/09\/cooperation-les-chefs-detat-major-beninois-et-francais-dementent-lexistence-dune-base-militaire-au-benin\/","title":{"rendered":"Coop\u00e9ration : Les Chefs d\u2019\u00e9tat-major b\u00e9ninois et fran\u00e7ais d\u00e9mentent l\u2019existence d\u2019une base militaire au B\u00e9nin"},"content":{"rendered":"\n<p>Le Chef d\u2019\u00e9tat-major des arm\u00e9es de France, Le g\u00e9n\u00e9ral <strong>Thierry Burkhard<\/strong><strong> <\/strong>est actuellement \u00e0 Cotonou. Au cours de son s\u00e9jour, il a rencontr\u00e9 ce <strong>samedi 09 d\u00e9cembre 2023<\/strong> son homologue b\u00e9ninois, le g\u00e9n\u00e9ral de brigade <strong>Fructueux Gbaguidi<\/strong>.&nbsp; Les deux chefs d\u2019\u00e9tat-major des arm\u00e9es fran\u00e7aises et b\u00e9ninoises ont anim\u00e9 conjointement une conf\u00e9rence de presse o\u00f9 ils ont d\u00e9menti l\u2019existence d\u2019une base militaire au B\u00e9nin.<\/p>\n\n\n\n<p>&nbsp;Le g\u00e9n\u00e9ral Thierry Burkhard a d\u00e9clar\u00e9 qu\u2019<strong>\u00ab il n\u2019y a pas une base militaire permanente fran\u00e7aise au B\u00e9nin<\/strong>&nbsp;\u00bb&nbsp; et <strong>\u00ab&nbsp;<\/strong><strong> Il n\u2019y a pas de mission militaire fran\u00e7aise permanente au B\u00e9nin \u00bb<\/strong><strong>.<\/strong> &nbsp;Il a pr\u00e9cis\u00e9 que dans le partenariat militaire entre les deux nations, s\u2019il y a un besoin exprim\u00e9 par le B\u00e9nin, il y a des militaires fran\u00e7ais qui viennent soit du S\u00e9n\u00e9gal, soit de la France. Il a \u00e9galement laiss\u00e9 entendre qu\u2019\u00ab <strong>il <\/strong><strong>n\u2019y a aucune vell\u00e9it\u00e9 de l\u2019arm\u00e9e fran\u00e7aise d\u2019installer une base militaire au B\u00e9nin et il n\u2019y a pas une demande des forces arm\u00e9es b\u00e9ninoises d\u2019installation d&rsquo;une mission permanente qui stationnerait ici<\/strong><strong>&nbsp;\u00bb<\/strong>.<\/p>\n\n\n\n<p><strong>\u00ab Non, il n\u2019y a pas de base militaire fran\u00e7aise au B\u00e9nin. Non, il n\u2019est pas envisag\u00e9 la mise en place d\u2019une base militaire fran\u00e7aise au B\u00e9nin \u00bb<\/strong><strong> a soutenu<\/strong> le g\u00e9n\u00e9ral Fructueux Gbaguidi, chef d\u2019\u00e9tat-major g\u00e9n\u00e9ral des forces arm\u00e9es b\u00e9ninoises avant d\u2019ajouter&nbsp;: \u00ab<strong> une base militaire, \u00e7a se d\u00e9cide \u00e0 deux. Le B\u00e9nin n\u2019a pas re\u00e7u de demande, le B\u00e9nin n\u2019a pas fait de demande. Une base militaire est l\u00e9gale. Aucune loi n\u2019a pr\u00e9vu la mise en place d\u2019une base militaire fran\u00e7aise au B\u00e9nin. Une base militaire est physique avec des b\u00e2timents, des armes lourdes, avec des a\u00e9ronefs \u00bb.<\/strong><\/p>\n\n\n\n<figure class=\"wp-block-image size-full\"><img fetchpriority=\"high\" decoding=\"async\" width=\"700\" height=\"700\" src=\"https:\/\/lepatriotebenin.com\/wp-content\/uploads\/2023\/12\/france.jpg\" alt=\"\" class=\"wp-image-1826\" srcset=\"https:\/\/lepatriotebenin.com\/wp-content\/uploads\/2023\/12\/france.jpg 700w, https:\/\/lepatriotebenin.com\/wp-content\/uploads\/2023\/12\/france-300x300.jpg 300w, https:\/\/lepatriotebenin.com\/wp-content\/uploads\/2023\/12\/france-150x150.jpg 150w, https:\/\/lepatriotebenin.com\/wp-content\/uploads\/2023\/12\/france-585x585.jpg 585w\" sizes=\"(max-width: 700px) 100vw, 700px\" \/><\/figure>\n","protected":false},"excerpt":{"rendered":"<p>Le Chef d\u2019\u00e9tat-major des arm\u00e9es de France, Le g\u00e9n\u00e9ral Thierry Burkhard est actuellement \u00e0 Cotonou. Au cours de son s\u00e9jour, il a rencontr\u00e9 ce samedi 09 d\u00e9cembre 2023 son homologue&hellip;<\/p>\n","protected":false},"author":6,"featured_media":1826,"comment_status":"open","ping_status":"open","sticky":false,"template":"","format":"standard","meta":{"content-type":"","om_disable_all_campaigns":false,"_monsterinsights_skip_tracking":false,"_monsterinsights_sitenote_active":false,"_monsterinsights_sitenote_note":"","_monsterinsights_sitenote_category":0,"_uf_show_specific_survey":0,"_uf_disable_surveys":false,"footnotes":""},"categories":[20],"tags":[],"class_list":["post-1825","post","type-post","status-publish","format-standard","has-post-thumbnail","hentry","category-societe"],"aioseo_notices":[],"yoast_head":"<!-- This site is optimized with the Yoast SEO plugin v27.5 - https:\/\/yoast.com\/product\/yoast-seo-wordpress\/ -->\n<title>Coop\u00e9ration : Les Chefs d\u2019\u00e9tat-major b\u00e9ninois et fran\u00e7ais d\u00e9mentent l\u2019existence d\u2019une base militaire au B\u00e9nin - Le Patriote<\/title>\n<meta name=\"robots\" content=\"index, follow, max-snippet:-1, max-image-preview:large, max-video-preview:-1\" \/>\n<link rel=\"canonical\" href=\"https:\/\/lepatriotebenin.com\/index.php\/2023\/12\/09\/cooperation-les-chefs-detat-major-beninois-et-francais-dementent-lexistence-dune-base-militaire-au-benin\/\" \/>\n<meta property=\"og:locale\" content=\"fr_FR\" \/>\n<meta property=\"og:type\" content=\"article\" \/>\n<meta property=\"og:title\" content=\"Coop\u00e9ration : Les Chefs d\u2019\u00e9tat-major b\u00e9ninois et fran\u00e7ais d\u00e9mentent l\u2019existence d\u2019une base militaire au B\u00e9nin - Le Patriote\" \/>\n<meta property=\"og:description\" content=\"Le Chef d\u2019\u00e9tat-major des arm\u00e9es de France, Le g\u00e9n\u00e9ral Thierry Burkhard est actuellement \u00e0 Cotonou. Au cours de son s\u00e9jour, il a rencontr\u00e9 ce samedi 09 d\u00e9cembre 2023 son homologue&hellip;\" \/>\n<meta property=\"og:url\" content=\"https:\/\/lepatriotebenin.com\/index.php\/2023\/12\/09\/cooperation-les-chefs-detat-major-beninois-et-francais-dementent-lexistence-dune-base-militaire-au-benin\/\" \/>\n<meta property=\"og:site_name\" content=\"Le Patriote\" \/>\n<meta property=\"article:published_time\" content=\"2023-12-09T15:37:06+00:00\" \/>\n<meta property=\"article:modified_time\" content=\"2023-12-09T15:37:07+00:00\" \/>\n<meta property=\"og:image\" content=\"https:\/\/lepatriotebenin.com\/wp-content\/uploads\/2023\/12\/france.jpg\" \/>\n\t<meta property=\"og:image:width\" content=\"700\" \/>\n\t<meta property=\"og:image:height\" content=\"700\" \/>\n\t<meta property=\"og:image:type\" content=\"image\/jpeg\" \/>\n<meta name=\"author\" content=\"Roland AFFANOU\" \/>\n<meta name=\"twitter:card\" content=\"summary_large_image\" \/>\n<meta name=\"twitter:label1\" content=\"\u00c9crit par\" \/>\n\t<meta name=\"twitter:data1\" content=\"Roland AFFANOU\" \/>\n\t<meta name=\"twitter:label2\" content=\"Dur\u00e9e de lecture estim\u00e9e\" \/>\n\t<meta name=\"twitter:data2\" content=\"2 minutes\" \/>\n<script type=\"application\/ld+json\" class=\"yoast-schema-graph\">{\"@context\":\"https:\\\/\\\/schema.org\",\"@graph\":[{\"@type\":\"Article\",\"@id\":\"https:\\\/\\\/lepatriotebenin.com\\\/index.php\\\/2023\\\/12\\\/09\\\/cooperation-les-chefs-detat-major-beninois-et-francais-dementent-lexistence-dune-base-militaire-au-benin\\\/#article\",\"isPartOf\":{\"@id\":\"https:\\\/\\\/lepatriotebenin.com\\\/index.php\\\/2023\\\/12\\\/09\\\/cooperation-les-chefs-detat-major-beninois-et-francais-dementent-lexistence-dune-base-militaire-au-benin\\\/\"},\"author\":{\"name\":\"Roland AFFANOU\",\"@id\":\"https:\\\/\\\/lepatriotebenin.com\\\/#\\\/schema\\\/person\\\/4a9b67216c97d04045e01405c534c91f\"},\"headline\":\"Coop\u00e9ration : Les Chefs d\u2019\u00e9tat-major b\u00e9ninois et fran\u00e7ais d\u00e9mentent l\u2019existence d\u2019une base militaire au B\u00e9nin\",\"datePublished\":\"2023-12-09T15:37:06+00:00\",\"dateModified\":\"2023-12-09T15:37:07+00:00\",\"mainEntityOfPage\":{\"@id\":\"https:\\\/\\\/lepatriotebenin.com\\\/index.php\\\/2023\\\/12\\\/09\\\/cooperation-les-chefs-detat-major-beninois-et-francais-dementent-lexistence-dune-base-militaire-au-benin\\\/\"},\"wordCount\":363,\"commentCount\":0,\"image\":{\"@id\":\"https:\\\/\\\/lepatriotebenin.com\\\/index.php\\\/2023\\\/12\\\/09\\\/cooperation-les-chefs-detat-major-beninois-et-francais-dementent-lexistence-dune-base-militaire-au-benin\\\/#primaryimage\"},\"thumbnailUrl\":\"https:\\\/\\\/lepatriotebenin.com\\\/wp-content\\\/uploads\\\/2023\\\/12\\\/france.jpg\",\"articleSection\":[\"Soci\u00e9t\u00e9\"],\"inLanguage\":\"fr-FR\",\"potentialAction\":[{\"@type\":\"CommentAction\",\"name\":\"Comment\",\"target\":[\"https:\\\/\\\/lepatriotebenin.com\\\/index.php\\\/2023\\\/12\\\/09\\\/cooperation-les-chefs-detat-major-beninois-et-francais-dementent-lexistence-dune-base-militaire-au-benin\\\/#respond\"]}]},{\"@type\":\"WebPage\",\"@id\":\"https:\\\/\\\/lepatriotebenin.com\\\/index.php\\\/2023\\\/12\\\/09\\\/cooperation-les-chefs-detat-major-beninois-et-francais-dementent-lexistence-dune-base-militaire-au-benin\\\/\",\"url\":\"https:\\\/\\\/lepatriotebenin.com\\\/index.php\\\/2023\\\/12\\\/09\\\/cooperation-les-chefs-detat-major-beninois-et-francais-dementent-lexistence-dune-base-militaire-au-benin\\\/\",\"name\":\"Coop\u00e9ration : Les Chefs d\u2019\u00e9tat-major b\u00e9ninois et fran\u00e7ais d\u00e9mentent l\u2019existence d\u2019une base militaire au B\u00e9nin - Le Patriote\",\"isPartOf\":{\"@id\":\"https:\\\/\\\/lepatriotebenin.com\\\/#website\"},\"primaryImageOfPage\":{\"@id\":\"https:\\\/\\\/lepatriotebenin.com\\\/index.php\\\/2023\\\/12\\\/09\\\/cooperation-les-chefs-detat-major-beninois-et-francais-dementent-lexistence-dune-base-militaire-au-benin\\\/#primaryimage\"},\"image\":{\"@id\":\"https:\\\/\\\/lepatriotebenin.com\\\/index.php\\\/2023\\\/12\\\/09\\\/cooperation-les-chefs-detat-major-beninois-et-francais-dementent-lexistence-dune-base-militaire-au-benin\\\/#primaryimage\"},\"thumbnailUrl\":\"https:\\\/\\\/lepatriotebenin.com\\\/wp-content\\\/uploads\\\/2023\\\/12\\\/france.jpg\",\"datePublished\":\"2023-12-09T15:37:06+00:00\",\"dateModified\":\"2023-12-09T15:37:07+00:00\",\"author\":{\"@id\":\"https:\\\/\\\/lepatriotebenin.com\\\/#\\\/schema\\\/person\\\/4a9b67216c97d04045e01405c534c91f\"},\"breadcrumb\":{\"@id\":\"https:\\\/\\\/lepatriotebenin.com\\\/index.php\\\/2023\\\/12\\\/09\\\/cooperation-les-chefs-detat-major-beninois-et-francais-dementent-lexistence-dune-base-militaire-au-benin\\\/#breadcrumb\"},\"inLanguage\":\"fr-FR\",\"potentialAction\":[{\"@type\":\"ReadAction\",\"target\":[\"https:\\\/\\\/lepatriotebenin.com\\\/index.php\\\/2023\\\/12\\\/09\\\/cooperation-les-chefs-detat-major-beninois-et-francais-dementent-lexistence-dune-base-militaire-au-benin\\\/\"]}]},{\"@type\":\"ImageObject\",\"inLanguage\":\"fr-FR\",\"@id\":\"https:\\\/\\\/lepatriotebenin.com\\\/index.php\\\/2023\\\/12\\\/09\\\/cooperation-les-chefs-detat-major-beninois-et-francais-dementent-lexistence-dune-base-militaire-au-benin\\\/#primaryimage\",\"url\":\"https:\\\/\\\/lepatriotebenin.com\\\/wp-content\\\/uploads\\\/2023\\\/12\\\/france.jpg\",\"contentUrl\":\"https:\\\/\\\/lepatriotebenin.com\\\/wp-content\\\/uploads\\\/2023\\\/12\\\/france.jpg\",\"width\":700,\"height\":700},{\"@type\":\"BreadcrumbList\",\"@id\":\"https:\\\/\\\/lepatriotebenin.com\\\/index.php\\\/2023\\\/12\\\/09\\\/cooperation-les-chefs-detat-major-beninois-et-francais-dementent-lexistence-dune-base-militaire-au-benin\\\/#breadcrumb\",\"itemListElement\":[{\"@type\":\"ListItem\",\"position\":1,\"name\":\"Accueil\",\"item\":\"https:\\\/\\\/lepatriotebenin.com\\\/\"},{\"@type\":\"ListItem\",\"position\":2,\"name\":\"Coop\u00e9ration : Les Chefs d\u2019\u00e9tat-major b\u00e9ninois et fran\u00e7ais d\u00e9mentent l\u2019existence d\u2019une base militaire au B\u00e9nin\"}]},{\"@type\":\"WebSite\",\"@id\":\"https:\\\/\\\/lepatriotebenin.com\\\/#website\",\"url\":\"https:\\\/\\\/lepatriotebenin.com\\\/\",\"name\":\"Le Patriote\",\"description\":\"Le Patriote B\u00e9nin\",\"potentialAction\":[{\"@type\":\"SearchAction\",\"target\":{\"@type\":\"EntryPoint\",\"urlTemplate\":\"https:\\\/\\\/lepatriotebenin.com\\\/?s={search_term_string}\"},\"query-input\":{\"@type\":\"PropertyValueSpecification\",\"valueRequired\":true,\"valueName\":\"search_term_string\"}}],\"inLanguage\":\"fr-FR\"},{\"@type\":\"Person\",\"@id\":\"https:\\\/\\\/lepatriotebenin.com\\\/#\\\/schema\\\/person\\\/4a9b67216c97d04045e01405c534c91f\",\"name\":\"Roland AFFANOU\",\"image\":{\"@type\":\"ImageObject\",\"inLanguage\":\"fr-FR\",\"@id\":\"https:\\\/\\\/secure.gravatar.com\\\/avatar\\\/7209d3f6d2d47ea4d0c67e14d3effb61feb10ae540a4381280c66265de5bd643?s=96&d=mm&r=g\",\"url\":\"https:\\\/\\\/secure.gravatar.com\\\/avatar\\\/7209d3f6d2d47ea4d0c67e14d3effb61feb10ae540a4381280c66265de5bd643?s=96&d=mm&r=g\",\"contentUrl\":\"https:\\\/\\\/secure.gravatar.com\\\/avatar\\\/7209d3f6d2d47ea4d0c67e14d3effb61feb10ae540a4381280c66265de5bd643?s=96&d=mm&r=g\",\"caption\":\"Roland AFFANOU\"},\"url\":\"https:\\\/\\\/lepatriotebenin.com\"}]}<\/script>\n<!-- \/ Yoast SEO plugin. -->","yoast_head_json":{"title":"Coop\u00e9ration : Les Chefs d\u2019\u00e9tat-major b\u00e9ninois et fran\u00e7ais d\u00e9mentent l\u2019existence d\u2019une base militaire au B\u00e9nin - Le Patriote","robots":{"index":"index","follow":"follow","max-snippet":"max-snippet:-1","max-image-preview":"max-image-preview:large","max-video-preview":"max-video-preview:-1"},"canonical":"https:\/\/lepatriotebenin.com\/index.php\/2023\/12\/09\/cooperation-les-chefs-detat-major-beninois-et-francais-dementent-lexistence-dune-base-militaire-au-benin\/","og_locale":"fr_FR","og_type":"article","og_title":"Coop\u00e9ration : Les Chefs d\u2019\u00e9tat-major b\u00e9ninois et fran\u00e7ais d\u00e9mentent l\u2019existence d\u2019une base militaire au B\u00e9nin - Le Patriote","og_description":"Le Chef d\u2019\u00e9tat-major des arm\u00e9es de France, Le g\u00e9n\u00e9ral Thierry Burkhard est actuellement \u00e0 Cotonou. Au cours de son s\u00e9jour, il a rencontr\u00e9 ce samedi 09 d\u00e9cembre 2023 son homologue&hellip;","og_url":"https:\/\/lepatriotebenin.com\/index.php\/2023\/12\/09\/cooperation-les-chefs-detat-major-beninois-et-francais-dementent-lexistence-dune-base-militaire-au-benin\/","og_site_name":"Le Patriote","article_published_time":"2023-12-09T15:37:06+00:00","article_modified_time":"2023-12-09T15:37:07+00:00","og_image":[{"width":700,"height":700,"url":"https:\/\/lepatriotebenin.com\/wp-content\/uploads\/2023\/12\/france.jpg","type":"image\/jpeg"}],"author":"Roland AFFANOU","twitter_card":"summary_large_image","twitter_misc":{"\u00c9crit par":"Roland AFFANOU","Dur\u00e9e de lecture estim\u00e9e":"2 minutes"},"schema":{"@context":"https:\/\/schema.org","@graph":[{"@type":"Article","@id":"https:\/\/lepatriotebenin.com\/index.php\/2023\/12\/09\/cooperation-les-chefs-detat-major-beninois-et-francais-dementent-lexistence-dune-base-militaire-au-benin\/#article","isPartOf":{"@id":"https:\/\/lepatriotebenin.com\/index.php\/2023\/12\/09\/cooperation-les-chefs-detat-major-beninois-et-francais-dementent-lexistence-dune-base-militaire-au-benin\/"},"author":{"name":"Roland AFFANOU","@id":"https:\/\/lepatriotebenin.com\/#\/schema\/person\/4a9b67216c97d04045e01405c534c91f"},"headline":"Coop\u00e9ration : Les Chefs d\u2019\u00e9tat-major b\u00e9ninois et fran\u00e7ais d\u00e9mentent l\u2019existence d\u2019une base militaire au B\u00e9nin","datePublished":"2023-12-09T15:37:06+00:00","dateModified":"2023-12-09T15:37:07+00:00","mainEntityOfPage":{"@id":"https:\/\/lepatriotebenin.com\/index.php\/2023\/12\/09\/cooperation-les-chefs-detat-major-beninois-et-francais-dementent-lexistence-dune-base-militaire-au-benin\/"},"wordCount":363,"commentCount":0,"image":{"@id":"https:\/\/lepatriotebenin.com\/index.php\/2023\/12\/09\/cooperation-les-chefs-detat-major-beninois-et-francais-dementent-lexistence-dune-base-militaire-au-benin\/#primaryimage"},"thumbnailUrl":"https:\/\/lepatriotebenin.com\/wp-content\/uploads\/2023\/12\/france.jpg","articleSection":["Soci\u00e9t\u00e9"],"inLanguage":"fr-FR","potentialAction":[{"@type":"CommentAction","name":"Comment","target":["https:\/\/lepatriotebenin.com\/index.php\/2023\/12\/09\/cooperation-les-chefs-detat-major-beninois-et-francais-dementent-lexistence-dune-base-militaire-au-benin\/#respond"]}]},{"@type":"WebPage","@id":"https:\/\/lepatriotebenin.com\/index.php\/2023\/12\/09\/cooperation-les-chefs-detat-major-beninois-et-francais-dementent-lexistence-dune-base-militaire-au-benin\/","url":"https:\/\/lepatriotebenin.com\/index.php\/2023\/12\/09\/cooperation-les-chefs-detat-major-beninois-et-francais-dementent-lexistence-dune-base-militaire-au-benin\/","name":"Coop\u00e9ration : Les Chefs d\u2019\u00e9tat-major b\u00e9ninois et fran\u00e7ais d\u00e9mentent l\u2019existence d\u2019une base militaire au B\u00e9nin - Le Patriote","isPartOf":{"@id":"https:\/\/lepatriotebenin.com\/#website"},"primaryImageOfPage":{"@id":"https:\/\/lepatriotebenin.com\/index.php\/2023\/12\/09\/cooperation-les-chefs-detat-major-beninois-et-francais-dementent-lexistence-dune-base-militaire-au-benin\/#primaryimage"},"image":{"@id":"https:\/\/lepatriotebenin.com\/index.php\/2023\/12\/09\/cooperation-les-chefs-detat-major-beninois-et-francais-dementent-lexistence-dune-base-militaire-au-benin\/#primaryimage"},"thumbnailUrl":"https:\/\/lepatriotebenin.com\/wp-content\/uploads\/2023\/12\/france.jpg","datePublished":"2023-12-09T15:37:06+00:00","dateModified":"2023-12-09T15:37:07+00:00","author":{"@id":"https:\/\/lepatriotebenin.com\/#\/schema\/person\/4a9b67216c97d04045e01405c534c91f"},"breadcrumb":{"@id":"https:\/\/lepatriotebenin.com\/index.php\/2023\/12\/09\/cooperation-les-chefs-detat-major-beninois-et-francais-dementent-lexistence-dune-base-militaire-au-benin\/#breadcrumb"},"inLanguage":"fr-FR","potentialAction":[{"@type":"ReadAction","target":["https:\/\/lepatriotebenin.com\/index.php\/2023\/12\/09\/cooperation-les-chefs-detat-major-beninois-et-francais-dementent-lexistence-dune-base-militaire-au-benin\/"]}]},{"@type":"ImageObject","inLanguage":"fr-FR","@id":"https:\/\/lepatriotebenin.com\/index.php\/2023\/12\/09\/cooperation-les-chefs-detat-major-beninois-et-francais-dementent-lexistence-dune-base-militaire-au-benin\/#primaryimage","url":"https:\/\/lepatriotebenin.com\/wp-content\/uploads\/2023\/12\/france.jpg","contentUrl":"https:\/\/lepatriotebenin.com\/wp-content\/uploads\/2023\/12\/france.jpg","width":700,"height":700},{"@type":"BreadcrumbList","@id":"https:\/\/lepatriotebenin.com\/index.php\/2023\/12\/09\/cooperation-les-chefs-detat-major-beninois-et-francais-dementent-lexistence-dune-base-militaire-au-benin\/#breadcrumb","itemListElement":[{"@type":"ListItem","position":1,"name":"Accueil","item":"https:\/\/lepatriotebenin.com\/"},{"@type":"ListItem","position":2,"name":"Coop\u00e9ration : Les Chefs d\u2019\u00e9tat-major b\u00e9ninois et fran\u00e7ais d\u00e9mentent l\u2019existence d\u2019une base militaire au B\u00e9nin"}]},{"@type":"WebSite","@id":"https:\/\/lepatriotebenin.com\/#website","url":"https:\/\/lepatriotebenin.com\/","name":"Le Patriote","description":"Le Patriote B\u00e9nin","potentialAction":[{"@type":"SearchAction","target":{"@type":"EntryPoint","urlTemplate":"https:\/\/lepatriotebenin.com\/?s={search_term_string}"},"query-input":{"@type":"PropertyValueSpecification","valueRequired":true,"valueName":"search_term_string"}}],"inLanguage":"fr-FR"},{"@type":"Person","@id":"https:\/\/lepatriotebenin.com\/#\/schema\/person\/4a9b67216c97d04045e01405c534c91f","name":"Roland AFFANOU","image":{"@type":"ImageObject","inLanguage":"fr-FR","@id":"https:\/\/secure.gravatar.com\/avatar\/7209d3f6d2d47ea4d0c67e14d3effb61feb10ae540a4381280c66265de5bd643?s=96&d=mm&r=g","url":"https:\/\/secure.gravatar.com\/avatar\/7209d3f6d2d47ea4d0c67e14d3effb61feb10ae540a4381280c66265de5bd643?s=96&d=mm&r=g","contentUrl":"https:\/\/secure.gravatar.com\/avatar\/7209d3f6d2d47ea4d0c67e14d3effb61feb10ae540a4381280c66265de5bd643?s=96&d=mm&r=g","caption":"Roland AFFANOU"},"url":"https:\/\/lepatriotebenin.com"}]}},"_links":{"self":[{"href":"https:\/\/lepatriotebenin.com\/index.php\/wp-json\/wp\/v2\/posts\/1825","targetHints":{"allow":["GET"]}}],"collection":[{"href":"https:\/\/lepatriotebenin.com\/index.php\/wp-json\/wp\/v2\/posts"}],"about":[{"href":"https:\/\/lepatriotebenin.com\/index.php\/wp-json\/wp\/v2\/types\/post"}],"author":[{"embeddable":true,"href":"https:\/\/lepatriotebenin.com\/index.php\/wp-json\/wp\/v2\/users\/6"}],"replies":[{"embeddable":true,"href":"https:\/\/lepatriotebenin.com\/index.php\/wp-json\/wp\/v2\/comments?post=1825"}],"version-history":[{"count":1,"href":"https:\/\/lepatriotebenin.com\/index.php\/wp-json\/wp\/v2\/posts\/1825\/revisions"}],"predecessor-version":[{"id":1827,"href":"https:\/\/lepatriotebenin.com\/index.php\/wp-json\/wp\/v2\/posts\/1825\/revisions\/1827"}],"wp:featuredmedia":[{"embeddable":true,"href":"https:\/\/lepatriotebenin.com\/index.php\/wp-json\/wp\/v2\/media\/1826"}],"wp:attachment":[{"href":"https:\/\/lepatriotebenin.com\/index.php\/wp-json\/wp\/v2\/media?parent=1825"}],"wp:term":[{"taxonomy":"category","embeddable":true,"href":"https:\/\/lepatriotebenin.com\/index.php\/wp-json\/wp\/v2\/categories?post=1825"},{"taxonomy":"post_tag","embeddable":true,"href":"https:\/\/lepatriotebenin.com\/index.php\/wp-json\/wp\/v2\/tags?post=1825"}],"curies":[{"name":"wp","href":"https:\/\/api.w.org\/{rel}","templated":true}]}}