{"id":1822,"date":"2023-12-09T15:48:44","date_gmt":"2023-12-09T14:48:44","guid":{"rendered":"https:\/\/lepatriotebenin.com\/?p=1822"},"modified":"2023-12-09T15:48:44","modified_gmt":"2023-12-09T14:48:44","slug":"benin-lassemblee-nationale-adopte-le-projet-de-budget-de-letat-2024","status":"publish","type":"post","link":"https:\/\/lepatriotebenin.com\/index.php\/2023\/12\/09\/benin-lassemblee-nationale-adopte-le-projet-de-budget-de-letat-2024\/","title":{"rendered":"\u00a0B\u00e9nin\u00a0: L\u2019Assembl\u00e9e nationale adopte le projet de budget de l\u2019Etat 2024"},"content":{"rendered":"\n<p>&nbsp;Les d\u00e9put\u00e9s de la 9<sup>\u00e8me<\/sup> l\u00e9gislature ont adopt\u00e9 le vendredi 8 d\u00e9cembre 2023 \u00e0 l\u2019h\u00e9micycle de Porto- Novo le projet de loi des finances, gestion 2&nbsp;024. C\u2019est par 82 voix pour 27 contre. Le budget de l\u2019Etat 2024 adopt\u00e9 s\u2019\u00e9l\u00e8ve \u00e0 <strong>3199,274 milliards de FCFA<\/strong><strong>.<\/strong> Il est \u00e0 pr\u00e9ciser que les d\u00e9put\u00e9s ayant approuv\u00e9 ce budget de l\u2019Etat 2024 sont des partis du Bloc R\u00e9publicain (BR) et de l\u2019Union progressiste Le Renouveau (UP Le Renouveau) et <strong>Basile Ahossi<\/strong> du parti Les D\u00e9mocrates et les 27 qui l\u2019ont rejet\u00e9 sont ceux du <strong>groupe parlementaire \u00ab&nbsp;Les D\u00e9mocrates<\/strong>&nbsp;\u00bb. <strong>38<\/strong> amendements ont \u00e9t\u00e9 formul\u00e9s par les parlementaires dont 36 ont \u00e9t\u00e9 accept\u00e9s par le gouvernement sous r\u00e9serve et 2 ont \u00e9t\u00e9 rejet\u00e9s.<\/p>\n\n\n\n<p>Selon les propos du pr\u00e9sident de la Commission des Finances et des \u00e9changes de l\u2019Assembl\u00e9e nationale, <strong>G\u00e9rard Gb\u00e9nonchi,<\/strong> la loi de finances pour l\u2019ann\u00e9e 2024 s\u2019\u00e9quilibre en ressources et en charges \u00e0 3199,274 milliards de FCFA contre <strong>3 033,337 milliards de francs CFA<\/strong> pour <strong>l\u2019exercice 2023<\/strong> soit une augmentation de <strong>5,5%<\/strong><strong>.<\/strong>&nbsp; Aussi, il faut souligner que le projet de budget 2024 pr\u00e9voit un taux de croissance du PIB de <strong>6,5 <\/strong><strong>%<\/strong> en 2024 contre <strong>6, 1 <\/strong><strong>%<\/strong> attendu \u00e0 fin d\u00e9cembre 2023, un d\u00e9ficit budg\u00e9taire qui s\u2019\u00e9tablirait \u00e0 <strong>3,7<\/strong><strong>%<\/strong> du PIB contre 4,3 &nbsp;&nbsp;% projet\u00e9 pour la fin de l\u2019ann\u00e9e 2023.<\/p>\n\n\n\n<figure class=\"wp-block-image size-large\"><img fetchpriority=\"high\" decoding=\"async\" width=\"1024\" height=\"666\" src=\"https:\/\/lepatriotebenin.com\/wp-content\/uploads\/2023\/12\/lassemblee-nationale-adopte-un-budget-de-plus-de-24-milliards-2-1024x666.jpeg\" alt=\"\" class=\"wp-image-1823\" srcset=\"https:\/\/lepatriotebenin.com\/wp-content\/uploads\/2023\/12\/lassemblee-nationale-adopte-un-budget-de-plus-de-24-milliards-2-1024x666.jpeg 1024w, https:\/\/lepatriotebenin.com\/wp-content\/uploads\/2023\/12\/lassemblee-nationale-adopte-un-budget-de-plus-de-24-milliards-2-300x195.jpeg 300w, https:\/\/lepatriotebenin.com\/wp-content\/uploads\/2023\/12\/lassemblee-nationale-adopte-un-budget-de-plus-de-24-milliards-2-768x499.jpeg 768w, https:\/\/lepatriotebenin.com\/wp-content\/uploads\/2023\/12\/lassemblee-nationale-adopte-un-budget-de-plus-de-24-milliards-2-585x380.jpeg 585w, https:\/\/lepatriotebenin.com\/wp-content\/uploads\/2023\/12\/lassemblee-nationale-adopte-un-budget-de-plus-de-24-milliards-2.jpeg 1080w\" sizes=\"(max-width: 1024px) 100vw, 1024px\" \/><\/figure>\n","protected":false},"excerpt":{"rendered":"<p>&nbsp;Les d\u00e9put\u00e9s de la 9\u00e8me l\u00e9gislature ont adopt\u00e9 le vendredi 8 d\u00e9cembre 2023 \u00e0 l\u2019h\u00e9micycle de Porto- Novo le projet de loi des finances, gestion 2&nbsp;024. C\u2019est par 82 voix&hellip;<\/p>\n","protected":false},"author":6,"featured_media":1823,"comment_status":"open","ping_status":"open","sticky":false,"template":"","format":"standard","meta":{"content-type":"","om_disable_all_campaigns":false,"_monsterinsights_skip_tracking":false,"_monsterinsights_sitenote_active":false,"_monsterinsights_sitenote_note":"","_monsterinsights_sitenote_category":0,"_uf_show_specific_survey":0,"_uf_disable_surveys":false,"footnotes":""},"categories":[26],"tags":[],"class_list":["post-1822","post","type-post","status-publish","format-standard","has-post-thumbnail","hentry","category-politique"],"aioseo_notices":[],"yoast_head":"<!-- This site is optimized with the Yoast SEO plugin v27.5 - https:\/\/yoast.com\/product\/yoast-seo-wordpress\/ -->\n<title>\u00a0B\u00e9nin\u00a0: L\u2019Assembl\u00e9e nationale adopte le projet de budget de l\u2019Etat 2024 - Le Patriote<\/title>\n<meta name=\"robots\" content=\"index, follow, max-snippet:-1, max-image-preview:large, max-video-preview:-1\" \/>\n<link rel=\"canonical\" href=\"https:\/\/lepatriotebenin.com\/index.php\/2023\/12\/09\/benin-lassemblee-nationale-adopte-le-projet-de-budget-de-letat-2024\/\" \/>\n<meta property=\"og:locale\" content=\"fr_FR\" \/>\n<meta property=\"og:type\" content=\"article\" \/>\n<meta property=\"og:title\" content=\"\u00a0B\u00e9nin\u00a0: L\u2019Assembl\u00e9e nationale adopte le projet de budget de l\u2019Etat 2024 - Le Patriote\" \/>\n<meta property=\"og:description\" content=\"&nbsp;Les d\u00e9put\u00e9s de la 9\u00e8me l\u00e9gislature ont adopt\u00e9 le vendredi 8 d\u00e9cembre 2023 \u00e0 l\u2019h\u00e9micycle de Porto- Novo le projet de loi des finances, gestion 2&nbsp;024. C\u2019est par 82 voix&hellip;\" \/>\n<meta property=\"og:url\" content=\"https:\/\/lepatriotebenin.com\/index.php\/2023\/12\/09\/benin-lassemblee-nationale-adopte-le-projet-de-budget-de-letat-2024\/\" \/>\n<meta property=\"og:site_name\" content=\"Le Patriote\" \/>\n<meta property=\"article:published_time\" content=\"2023-12-09T14:48:44+00:00\" \/>\n<meta property=\"og:image\" content=\"https:\/\/lepatriotebenin.com\/wp-content\/uploads\/2023\/12\/lassemblee-nationale-adopte-un-budget-de-plus-de-24-milliards-2.jpeg\" \/>\n\t<meta property=\"og:image:width\" content=\"1080\" \/>\n\t<meta property=\"og:image:height\" content=\"702\" \/>\n\t<meta property=\"og:image:type\" content=\"image\/jpeg\" \/>\n<meta name=\"author\" content=\"Roland AFFANOU\" \/>\n<meta name=\"twitter:card\" content=\"summary_large_image\" \/>\n<meta name=\"twitter:label1\" content=\"\u00c9crit par\" \/>\n\t<meta name=\"twitter:data1\" content=\"Roland AFFANOU\" \/>\n\t<meta name=\"twitter:label2\" content=\"Dur\u00e9e de lecture estim\u00e9e\" \/>\n\t<meta name=\"twitter:data2\" content=\"2 minutes\" \/>\n<script type=\"application\/ld+json\" class=\"yoast-schema-graph\">{\"@context\":\"https:\\\/\\\/schema.org\",\"@graph\":[{\"@type\":\"Article\",\"@id\":\"https:\\\/\\\/lepatriotebenin.com\\\/index.php\\\/2023\\\/12\\\/09\\\/benin-lassemblee-nationale-adopte-le-projet-de-budget-de-letat-2024\\\/#article\",\"isPartOf\":{\"@id\":\"https:\\\/\\\/lepatriotebenin.com\\\/index.php\\\/2023\\\/12\\\/09\\\/benin-lassemblee-nationale-adopte-le-projet-de-budget-de-letat-2024\\\/\"},\"author\":{\"name\":\"Roland AFFANOU\",\"@id\":\"https:\\\/\\\/lepatriotebenin.com\\\/#\\\/schema\\\/person\\\/4a9b67216c97d04045e01405c534c91f\"},\"headline\":\"\u00a0B\u00e9nin\u00a0: L\u2019Assembl\u00e9e nationale adopte le projet de budget de l\u2019Etat 2024\",\"datePublished\":\"2023-12-09T14:48:44+00:00\",\"mainEntityOfPage\":{\"@id\":\"https:\\\/\\\/lepatriotebenin.com\\\/index.php\\\/2023\\\/12\\\/09\\\/benin-lassemblee-nationale-adopte-le-projet-de-budget-de-letat-2024\\\/\"},\"wordCount\":243,\"commentCount\":0,\"image\":{\"@id\":\"https:\\\/\\\/lepatriotebenin.com\\\/index.php\\\/2023\\\/12\\\/09\\\/benin-lassemblee-nationale-adopte-le-projet-de-budget-de-letat-2024\\\/#primaryimage\"},\"thumbnailUrl\":\"https:\\\/\\\/lepatriotebenin.com\\\/wp-content\\\/uploads\\\/2023\\\/12\\\/lassemblee-nationale-adopte-un-budget-de-plus-de-24-milliards-2.jpeg\",\"articleSection\":[\"Politique\"],\"inLanguage\":\"fr-FR\",\"potentialAction\":[{\"@type\":\"CommentAction\",\"name\":\"Comment\",\"target\":[\"https:\\\/\\\/lepatriotebenin.com\\\/index.php\\\/2023\\\/12\\\/09\\\/benin-lassemblee-nationale-adopte-le-projet-de-budget-de-letat-2024\\\/#respond\"]}]},{\"@type\":\"WebPage\",\"@id\":\"https:\\\/\\\/lepatriotebenin.com\\\/index.php\\\/2023\\\/12\\\/09\\\/benin-lassemblee-nationale-adopte-le-projet-de-budget-de-letat-2024\\\/\",\"url\":\"https:\\\/\\\/lepatriotebenin.com\\\/index.php\\\/2023\\\/12\\\/09\\\/benin-lassemblee-nationale-adopte-le-projet-de-budget-de-letat-2024\\\/\",\"name\":\"\u00a0B\u00e9nin\u00a0: L\u2019Assembl\u00e9e nationale adopte le projet de budget de l\u2019Etat 2024 - Le Patriote\",\"isPartOf\":{\"@id\":\"https:\\\/\\\/lepatriotebenin.com\\\/#website\"},\"primaryImageOfPage\":{\"@id\":\"https:\\\/\\\/lepatriotebenin.com\\\/index.php\\\/2023\\\/12\\\/09\\\/benin-lassemblee-nationale-adopte-le-projet-de-budget-de-letat-2024\\\/#primaryimage\"},\"image\":{\"@id\":\"https:\\\/\\\/lepatriotebenin.com\\\/index.php\\\/2023\\\/12\\\/09\\\/benin-lassemblee-nationale-adopte-le-projet-de-budget-de-letat-2024\\\/#primaryimage\"},\"thumbnailUrl\":\"https:\\\/\\\/lepatriotebenin.com\\\/wp-content\\\/uploads\\\/2023\\\/12\\\/lassemblee-nationale-adopte-un-budget-de-plus-de-24-milliards-2.jpeg\",\"datePublished\":\"2023-12-09T14:48:44+00:00\",\"author\":{\"@id\":\"https:\\\/\\\/lepatriotebenin.com\\\/#\\\/schema\\\/person\\\/4a9b67216c97d04045e01405c534c91f\"},\"breadcrumb\":{\"@id\":\"https:\\\/\\\/lepatriotebenin.com\\\/index.php\\\/2023\\\/12\\\/09\\\/benin-lassemblee-nationale-adopte-le-projet-de-budget-de-letat-2024\\\/#breadcrumb\"},\"inLanguage\":\"fr-FR\",\"potentialAction\":[{\"@type\":\"ReadAction\",\"target\":[\"https:\\\/\\\/lepatriotebenin.com\\\/index.php\\\/2023\\\/12\\\/09\\\/benin-lassemblee-nationale-adopte-le-projet-de-budget-de-letat-2024\\\/\"]}]},{\"@type\":\"ImageObject\",\"inLanguage\":\"fr-FR\",\"@id\":\"https:\\\/\\\/lepatriotebenin.com\\\/index.php\\\/2023\\\/12\\\/09\\\/benin-lassemblee-nationale-adopte-le-projet-de-budget-de-letat-2024\\\/#primaryimage\",\"url\":\"https:\\\/\\\/lepatriotebenin.com\\\/wp-content\\\/uploads\\\/2023\\\/12\\\/lassemblee-nationale-adopte-un-budget-de-plus-de-24-milliards-2.jpeg\",\"contentUrl\":\"https:\\\/\\\/lepatriotebenin.com\\\/wp-content\\\/uploads\\\/2023\\\/12\\\/lassemblee-nationale-adopte-un-budget-de-plus-de-24-milliards-2.jpeg\",\"width\":1080,\"height\":702},{\"@type\":\"BreadcrumbList\",\"@id\":\"https:\\\/\\\/lepatriotebenin.com\\\/index.php\\\/2023\\\/12\\\/09\\\/benin-lassemblee-nationale-adopte-le-projet-de-budget-de-letat-2024\\\/#breadcrumb\",\"itemListElement\":[{\"@type\":\"ListItem\",\"position\":1,\"name\":\"Accueil\",\"item\":\"https:\\\/\\\/lepatriotebenin.com\\\/\"},{\"@type\":\"ListItem\",\"position\":2,\"name\":\"\u00a0B\u00e9nin\u00a0: L\u2019Assembl\u00e9e nationale adopte le projet de budget de l\u2019Etat 2024\"}]},{\"@type\":\"WebSite\",\"@id\":\"https:\\\/\\\/lepatriotebenin.com\\\/#website\",\"url\":\"https:\\\/\\\/lepatriotebenin.com\\\/\",\"name\":\"Le Patriote\",\"description\":\"Le Patriote B\u00e9nin\",\"potentialAction\":[{\"@type\":\"SearchAction\",\"target\":{\"@type\":\"EntryPoint\",\"urlTemplate\":\"https:\\\/\\\/lepatriotebenin.com\\\/?s={search_term_string}\"},\"query-input\":{\"@type\":\"PropertyValueSpecification\",\"valueRequired\":true,\"valueName\":\"search_term_string\"}}],\"inLanguage\":\"fr-FR\"},{\"@type\":\"Person\",\"@id\":\"https:\\\/\\\/lepatriotebenin.com\\\/#\\\/schema\\\/person\\\/4a9b67216c97d04045e01405c534c91f\",\"name\":\"Roland AFFANOU\",\"image\":{\"@type\":\"ImageObject\",\"inLanguage\":\"fr-FR\",\"@id\":\"https:\\\/\\\/secure.gravatar.com\\\/avatar\\\/7209d3f6d2d47ea4d0c67e14d3effb61feb10ae540a4381280c66265de5bd643?s=96&d=mm&r=g\",\"url\":\"https:\\\/\\\/secure.gravatar.com\\\/avatar\\\/7209d3f6d2d47ea4d0c67e14d3effb61feb10ae540a4381280c66265de5bd643?s=96&d=mm&r=g\",\"contentUrl\":\"https:\\\/\\\/secure.gravatar.com\\\/avatar\\\/7209d3f6d2d47ea4d0c67e14d3effb61feb10ae540a4381280c66265de5bd643?s=96&d=mm&r=g\",\"caption\":\"Roland AFFANOU\"},\"url\":\"https:\\\/\\\/lepatriotebenin.com\"}]}<\/script>\n<!-- \/ Yoast SEO plugin. -->","yoast_head_json":{"title":"\u00a0B\u00e9nin\u00a0: L\u2019Assembl\u00e9e nationale adopte le projet de budget de l\u2019Etat 2024 - Le Patriote","robots":{"index":"index","follow":"follow","max-snippet":"max-snippet:-1","max-image-preview":"max-image-preview:large","max-video-preview":"max-video-preview:-1"},"canonical":"https:\/\/lepatriotebenin.com\/index.php\/2023\/12\/09\/benin-lassemblee-nationale-adopte-le-projet-de-budget-de-letat-2024\/","og_locale":"fr_FR","og_type":"article","og_title":"\u00a0B\u00e9nin\u00a0: L\u2019Assembl\u00e9e nationale adopte le projet de budget de l\u2019Etat 2024 - Le Patriote","og_description":"&nbsp;Les d\u00e9put\u00e9s de la 9\u00e8me l\u00e9gislature ont adopt\u00e9 le vendredi 8 d\u00e9cembre 2023 \u00e0 l\u2019h\u00e9micycle de Porto- Novo le projet de loi des finances, gestion 2&nbsp;024. C\u2019est par 82 voix&hellip;","og_url":"https:\/\/lepatriotebenin.com\/index.php\/2023\/12\/09\/benin-lassemblee-nationale-adopte-le-projet-de-budget-de-letat-2024\/","og_site_name":"Le Patriote","article_published_time":"2023-12-09T14:48:44+00:00","og_image":[{"width":1080,"height":702,"url":"https:\/\/lepatriotebenin.com\/wp-content\/uploads\/2023\/12\/lassemblee-nationale-adopte-un-budget-de-plus-de-24-milliards-2.jpeg","type":"image\/jpeg"}],"author":"Roland AFFANOU","twitter_card":"summary_large_image","twitter_misc":{"\u00c9crit par":"Roland AFFANOU","Dur\u00e9e de lecture estim\u00e9e":"2 minutes"},"schema":{"@context":"https:\/\/schema.org","@graph":[{"@type":"Article","@id":"https:\/\/lepatriotebenin.com\/index.php\/2023\/12\/09\/benin-lassemblee-nationale-adopte-le-projet-de-budget-de-letat-2024\/#article","isPartOf":{"@id":"https:\/\/lepatriotebenin.com\/index.php\/2023\/12\/09\/benin-lassemblee-nationale-adopte-le-projet-de-budget-de-letat-2024\/"},"author":{"name":"Roland AFFANOU","@id":"https:\/\/lepatriotebenin.com\/#\/schema\/person\/4a9b67216c97d04045e01405c534c91f"},"headline":"\u00a0B\u00e9nin\u00a0: L\u2019Assembl\u00e9e nationale adopte le projet de budget de l\u2019Etat 2024","datePublished":"2023-12-09T14:48:44+00:00","mainEntityOfPage":{"@id":"https:\/\/lepatriotebenin.com\/index.php\/2023\/12\/09\/benin-lassemblee-nationale-adopte-le-projet-de-budget-de-letat-2024\/"},"wordCount":243,"commentCount":0,"image":{"@id":"https:\/\/lepatriotebenin.com\/index.php\/2023\/12\/09\/benin-lassemblee-nationale-adopte-le-projet-de-budget-de-letat-2024\/#primaryimage"},"thumbnailUrl":"https:\/\/lepatriotebenin.com\/wp-content\/uploads\/2023\/12\/lassemblee-nationale-adopte-un-budget-de-plus-de-24-milliards-2.jpeg","articleSection":["Politique"],"inLanguage":"fr-FR","potentialAction":[{"@type":"CommentAction","name":"Comment","target":["https:\/\/lepatriotebenin.com\/index.php\/2023\/12\/09\/benin-lassemblee-nationale-adopte-le-projet-de-budget-de-letat-2024\/#respond"]}]},{"@type":"WebPage","@id":"https:\/\/lepatriotebenin.com\/index.php\/2023\/12\/09\/benin-lassemblee-nationale-adopte-le-projet-de-budget-de-letat-2024\/","url":"https:\/\/lepatriotebenin.com\/index.php\/2023\/12\/09\/benin-lassemblee-nationale-adopte-le-projet-de-budget-de-letat-2024\/","name":"\u00a0B\u00e9nin\u00a0: L\u2019Assembl\u00e9e nationale adopte le projet de budget de l\u2019Etat 2024 - Le Patriote","isPartOf":{"@id":"https:\/\/lepatriotebenin.com\/#website"},"primaryImageOfPage":{"@id":"https:\/\/lepatriotebenin.com\/index.php\/2023\/12\/09\/benin-lassemblee-nationale-adopte-le-projet-de-budget-de-letat-2024\/#primaryimage"},"image":{"@id":"https:\/\/lepatriotebenin.com\/index.php\/2023\/12\/09\/benin-lassemblee-nationale-adopte-le-projet-de-budget-de-letat-2024\/#primaryimage"},"thumbnailUrl":"https:\/\/lepatriotebenin.com\/wp-content\/uploads\/2023\/12\/lassemblee-nationale-adopte-un-budget-de-plus-de-24-milliards-2.jpeg","datePublished":"2023-12-09T14:48:44+00:00","author":{"@id":"https:\/\/lepatriotebenin.com\/#\/schema\/person\/4a9b67216c97d04045e01405c534c91f"},"breadcrumb":{"@id":"https:\/\/lepatriotebenin.com\/index.php\/2023\/12\/09\/benin-lassemblee-nationale-adopte-le-projet-de-budget-de-letat-2024\/#breadcrumb"},"inLanguage":"fr-FR","potentialAction":[{"@type":"ReadAction","target":["https:\/\/lepatriotebenin.com\/index.php\/2023\/12\/09\/benin-lassemblee-nationale-adopte-le-projet-de-budget-de-letat-2024\/"]}]},{"@type":"ImageObject","inLanguage":"fr-FR","@id":"https:\/\/lepatriotebenin.com\/index.php\/2023\/12\/09\/benin-lassemblee-nationale-adopte-le-projet-de-budget-de-letat-2024\/#primaryimage","url":"https:\/\/lepatriotebenin.com\/wp-content\/uploads\/2023\/12\/lassemblee-nationale-adopte-un-budget-de-plus-de-24-milliards-2.jpeg","contentUrl":"https:\/\/lepatriotebenin.com\/wp-content\/uploads\/2023\/12\/lassemblee-nationale-adopte-un-budget-de-plus-de-24-milliards-2.jpeg","width":1080,"height":702},{"@type":"BreadcrumbList","@id":"https:\/\/lepatriotebenin.com\/index.php\/2023\/12\/09\/benin-lassemblee-nationale-adopte-le-projet-de-budget-de-letat-2024\/#breadcrumb","itemListElement":[{"@type":"ListItem","position":1,"name":"Accueil","item":"https:\/\/lepatriotebenin.com\/"},{"@type":"ListItem","position":2,"name":"\u00a0B\u00e9nin\u00a0: L\u2019Assembl\u00e9e nationale adopte le projet de budget de l\u2019Etat 2024"}]},{"@type":"WebSite","@id":"https:\/\/lepatriotebenin.com\/#website","url":"https:\/\/lepatriotebenin.com\/","name":"Le Patriote","description":"Le Patriote B\u00e9nin","potentialAction":[{"@type":"SearchAction","target":{"@type":"EntryPoint","urlTemplate":"https:\/\/lepatriotebenin.com\/?s={search_term_string}"},"query-input":{"@type":"PropertyValueSpecification","valueRequired":true,"valueName":"search_term_string"}}],"inLanguage":"fr-FR"},{"@type":"Person","@id":"https:\/\/lepatriotebenin.com\/#\/schema\/person\/4a9b67216c97d04045e01405c534c91f","name":"Roland AFFANOU","image":{"@type":"ImageObject","inLanguage":"fr-FR","@id":"https:\/\/secure.gravatar.com\/avatar\/7209d3f6d2d47ea4d0c67e14d3effb61feb10ae540a4381280c66265de5bd643?s=96&d=mm&r=g","url":"https:\/\/secure.gravatar.com\/avatar\/7209d3f6d2d47ea4d0c67e14d3effb61feb10ae540a4381280c66265de5bd643?s=96&d=mm&r=g","contentUrl":"https:\/\/secure.gravatar.com\/avatar\/7209d3f6d2d47ea4d0c67e14d3effb61feb10ae540a4381280c66265de5bd643?s=96&d=mm&r=g","caption":"Roland AFFANOU"},"url":"https:\/\/lepatriotebenin.com"}]}},"_links":{"self":[{"href":"https:\/\/lepatriotebenin.com\/index.php\/wp-json\/wp\/v2\/posts\/1822","targetHints":{"allow":["GET"]}}],"collection":[{"href":"https:\/\/lepatriotebenin.com\/index.php\/wp-json\/wp\/v2\/posts"}],"about":[{"href":"https:\/\/lepatriotebenin.com\/index.php\/wp-json\/wp\/v2\/types\/post"}],"author":[{"embeddable":true,"href":"https:\/\/lepatriotebenin.com\/index.php\/wp-json\/wp\/v2\/users\/6"}],"replies":[{"embeddable":true,"href":"https:\/\/lepatriotebenin.com\/index.php\/wp-json\/wp\/v2\/comments?post=1822"}],"version-history":[{"count":1,"href":"https:\/\/lepatriotebenin.com\/index.php\/wp-json\/wp\/v2\/posts\/1822\/revisions"}],"predecessor-version":[{"id":1824,"href":"https:\/\/lepatriotebenin.com\/index.php\/wp-json\/wp\/v2\/posts\/1822\/revisions\/1824"}],"wp:featuredmedia":[{"embeddable":true,"href":"https:\/\/lepatriotebenin.com\/index.php\/wp-json\/wp\/v2\/media\/1823"}],"wp:attachment":[{"href":"https:\/\/lepatriotebenin.com\/index.php\/wp-json\/wp\/v2\/media?parent=1822"}],"wp:term":[{"taxonomy":"category","embeddable":true,"href":"https:\/\/lepatriotebenin.com\/index.php\/wp-json\/wp\/v2\/categories?post=1822"},{"taxonomy":"post_tag","embeddable":true,"href":"https:\/\/lepatriotebenin.com\/index.php\/wp-json\/wp\/v2\/tags?post=1822"}],"curies":[{"name":"wp","href":"https:\/\/api.w.org\/{rel}","templated":true}]}}