{"id":18164,"date":"2026-03-30T06:00:08","date_gmt":"2026-03-30T04:00:08","guid":{"rendered":"https:\/\/lepatriotebenin.com\/?p=18164"},"modified":"2026-03-30T06:00:08","modified_gmt":"2026-03-30T04:00:08","slug":"mali-mauritanie-la-frontiere-de-la-discorde","status":"publish","type":"post","link":"https:\/\/lepatriotebenin.com\/index.php\/2026\/03\/30\/mali-mauritanie-la-frontiere-de-la-discorde\/","title":{"rendered":"Mali\u2013Mauritanie:  La fronti\u00e8re de la discorde"},"content":{"rendered":"<p><em><strong>Entre le Mali et la Mauritanie, les tensions s\u2019intensifient autour d\u2019une fronti\u00e8re mal d\u00e9limit\u00e9e. Une s\u00e9rie d\u2019incidents r\u00e9cents met \u00e0 l\u2019\u00e9preuve une volont\u00e9 d\u2019apaisement pourtant affich\u00e9e par les deux \u00c9tats.<\/strong><\/em><\/p>\n<p>Les tensions se ravivent entre le Mali et la Mauritanie. La \u00ab fronti\u00e8re de la discorde \u00bb entre le Mali et la Mauritanie s\u2019impose d\u00e9sormais comme le principal foyer de tensions entre les deux voisins sah\u00e9liens. Elle s\u2019\u00e9tend sur environ 2 200 kilom\u00e8tres, traversant des zones d\u00e9sertiques et semi-arides du Sahel. Toutefois, cette fronti\u00e8re reste partiellement mal mat\u00e9rialis\u00e9e sur le terrain, ce qui favorise les incursions, les confusions territoriales et en fait aujourd\u2019hui une v\u00e9ritable \u00ab fronti\u00e8re de la discorde \u00bb.<\/p>\n<p>Le 25 mars, une patrouille des Forces arm\u00e9es maliennes (Fama) a p\u00e9n\u00e9tr\u00e9 dans des villages mauritaniens de la commune de Gogui, avant de se retirer sans affrontement. Dans cette zone o\u00f9 la d\u00e9marcation reste floue, les militaires auraient exig\u00e9, en vain, le retrait d\u2019un drapeau mauritanien d\u2019une \u00e9cole.<\/p>\n<p>Cet incident, loin d\u2019\u00eatre isol\u00e9, s\u2019inscrit dans une succession de crises r\u00e9centes. Le 20 mars, deux bergers mauritaniens ont \u00e9t\u00e9 tu\u00e9s en territoire malien, suscitant une vive r\u00e9action de Nouakchott. Quelques jours plus tard, les autorit\u00e9s mauritaniennes ont affirm\u00e9 avoir identifi\u00e9 cinq de leurs ressortissants parmi des victimes d\u2019exactions attribu\u00e9es \u00e0 l\u2019arm\u00e9e malienne pr\u00e8s de la fronti\u00e8re.<\/p>\n<p><strong>Des tensions malgr\u00e9 les appels \u00e0 l\u2019apaisement<\/strong><\/p>\n<p>Ces \u00e9v\u00e9nements interviennent pourtant dans un contexte o\u00f9 les deux pays avaient affich\u00e9 leur volont\u00e9 de renforcer leur coop\u00e9ration. Mais sur le terrain, la situation se d\u00e9grade. Nouakchott accuse r\u00e9guli\u00e8rement Bamako, ainsi que les soldats de Wagner aujourd&rsquo;hui Africa Corps, de confondre civils mauritaniens et combattants jihadistes lors d\u2019op\u00e9rations militaires.<\/p>\n<p>C\u00f4t\u00e9 malien, des sources s\u00e9curitaires \u00e9voquent des op\u00e9rations antiterroristes men\u00e9es dans des villages proches de la fronti\u00e8re, affirmant que \u00ab des terroristes ont \u00e9t\u00e9 neutralis\u00e9s \u00bb. Une justification qui ne convainc pas totalement en Mauritanie, o\u00f9 ces actions sont per\u00e7ues comme des exactions r\u00e9p\u00e9t\u00e9es contre des civils.<\/p>\n<p>Bamako avait \u00e9voqu\u00e9 la pr\u00e9sence de militaires maliens d\u00e9tenus par des groupes jihadistes sur le sol mauritanien, notamment dans des zones accueillant des r\u00e9fugi\u00e9s. La Mauritanie a fermement rejet\u00e9 ces all\u00e9gations, les qualifiant d\u2019infond\u00e9es et r\u00e9affirmant son engagement dans la lutte contre le terrorisme.<\/p>\n<p>Face \u00e0 cette mont\u00e9e des tensions, la Mauritanie a officiellement exprim\u00e9 sa \u00ab profonde inqui\u00e9tude \u00bb et appel\u00e9 le Mali \u00e0 diligenter des enqu\u00eates cr\u00e9dibles. Elle a \u00e9galement invit\u00e9 ses populations frontali\u00e8res \u00e0 la plus grande vigilance.<\/p>\n<p><strong>Une relation asym\u00e9trique sous pression<\/strong><\/p>\n<p>Malgr\u00e9 les crispations, la Mauritanie demeure un partenaire strat\u00e9gique pour le Mali. Elle constitue un espace de stabilit\u00e9 relative dans une r\u00e9gion en proie \u00e0 l\u2019ins\u00e9curit\u00e9, tout en accueillant des dizaines de milliers de r\u00e9fugi\u00e9s maliens fuyant les violences.<\/p>\n<p>Environ 245 000 Maliens ont fui vers la Mauritanie selon les autorit\u00e9s mauritaniennes en 2025.<\/p>\n<p>Parmi eux, plus de 120 000 vivent dans le camp de Mbera, principal site d\u2019accueil situ\u00e9 pr\u00e8s de la fronti\u00e8re.<\/p>\n<p>En incluant les zones environnantes, pr\u00e8s de 160 000 r\u00e9fugi\u00e9s sont enregistr\u00e9s dans cette r\u00e9gion frontali\u00e8re, selon des donn\u00e9es humanitaires internationales. Rien qu\u2019entre fin 2025 et d\u00e9but 2026, plus de 10 000 nouveaux r\u00e9fugi\u00e9s suppl\u00e9mentaires ont \u00e9t\u00e9 recens\u00e9s apr\u00e8s de nouvelles vagues de violence au Mali.<\/p>\n<p>Alors que les tensions naissent souvent du c\u00f4t\u00e9 malien, Nouakchott s\u2019efforce de contenir l\u2019escalade pour pr\u00e9server l\u2019\u00e9quilibre r\u00e9gional. Dans un Sahel fragilis\u00e9, la gestion de cette \u00ab fronti\u00e8re de la discorde \u00bb appara\u00eet plus que jamais comme un test pour la coop\u00e9ration entre les deux \u00c9tats.<\/p>\n<p><strong>Ez\u00e9chiel Dagb\u00e9gnon PADONOU<\/strong><\/p>\n<p>\u200e<\/p>\n<p>\u200e<\/p>\n<p>\u200e<\/p>\n<p>\u200e<\/p>\n<p>\u200e<\/p>\n","protected":false},"excerpt":{"rendered":"<p>Entre le Mali et la Mauritanie, les tensions s\u2019intensifient autour d\u2019une fronti\u00e8re mal d\u00e9limit\u00e9e. Une s\u00e9rie d\u2019incidents r\u00e9cents met \u00e0 l\u2019\u00e9preuve une volont\u00e9 d\u2019apaisement pourtant affich\u00e9e par les deux \u00c9tats.&hellip;<\/p>\n","protected":false},"author":5,"featured_media":18165,"comment_status":"open","ping_status":"open","sticky":false,"template":"","format":"standard","meta":{"content-type":"","om_disable_all_campaigns":false,"_monsterinsights_skip_tracking":false,"_monsterinsights_sitenote_active":false,"_monsterinsights_sitenote_note":"","_monsterinsights_sitenote_category":0,"_uf_show_specific_survey":0,"_uf_disable_surveys":false,"footnotes":""},"categories":[20],"tags":[],"class_list":["post-18164","post","type-post","status-publish","format-standard","has-post-thumbnail","hentry","category-societe"],"aioseo_notices":[],"yoast_head":"<!-- This site is optimized with the Yoast SEO plugin v27.5 - https:\/\/yoast.com\/product\/yoast-seo-wordpress\/ -->\n<title>Mali\u2013Mauritanie: La fronti\u00e8re de la discorde - Le Patriote<\/title>\n<meta name=\"robots\" content=\"index, follow, max-snippet:-1, max-image-preview:large, max-video-preview:-1\" \/>\n<link rel=\"canonical\" href=\"https:\/\/lepatriotebenin.com\/index.php\/2026\/03\/30\/mali-mauritanie-la-frontiere-de-la-discorde\/\" \/>\n<meta property=\"og:locale\" content=\"fr_FR\" \/>\n<meta property=\"og:type\" content=\"article\" \/>\n<meta property=\"og:title\" content=\"Mali\u2013Mauritanie: La fronti\u00e8re de la discorde - Le Patriote\" \/>\n<meta property=\"og:description\" content=\"Entre le Mali et la Mauritanie, les tensions s\u2019intensifient autour d\u2019une fronti\u00e8re mal d\u00e9limit\u00e9e. Une s\u00e9rie d\u2019incidents r\u00e9cents met \u00e0 l\u2019\u00e9preuve une volont\u00e9 d\u2019apaisement pourtant affich\u00e9e par les deux \u00c9tats.&hellip;\" \/>\n<meta property=\"og:url\" content=\"https:\/\/lepatriotebenin.com\/index.php\/2026\/03\/30\/mali-mauritanie-la-frontiere-de-la-discorde\/\" \/>\n<meta property=\"og:site_name\" content=\"Le Patriote\" \/>\n<meta property=\"article:published_time\" content=\"2026-03-30T04:00:08+00:00\" \/>\n<meta property=\"og:image\" content=\"https:\/\/lepatriotebenin.com\/wp-content\/uploads\/2026\/03\/mali-a.jpeg\" \/>\n\t<meta property=\"og:image:width\" content=\"1080\" \/>\n\t<meta property=\"og:image:height\" content=\"810\" \/>\n\t<meta property=\"og:image:type\" content=\"image\/jpeg\" \/>\n<meta name=\"author\" content=\"Redaction\" \/>\n<meta name=\"twitter:card\" content=\"summary_large_image\" \/>\n<meta name=\"twitter:label1\" content=\"\u00c9crit par\" \/>\n\t<meta name=\"twitter:data1\" content=\"Redaction\" \/>\n\t<meta name=\"twitter:label2\" content=\"Dur\u00e9e de lecture estim\u00e9e\" \/>\n\t<meta name=\"twitter:data2\" content=\"4 minutes\" \/>\n<script type=\"application\/ld+json\" class=\"yoast-schema-graph\">{\"@context\":\"https:\\\/\\\/schema.org\",\"@graph\":[{\"@type\":\"Article\",\"@id\":\"https:\\\/\\\/lepatriotebenin.com\\\/index.php\\\/2026\\\/03\\\/30\\\/mali-mauritanie-la-frontiere-de-la-discorde\\\/#article\",\"isPartOf\":{\"@id\":\"https:\\\/\\\/lepatriotebenin.com\\\/index.php\\\/2026\\\/03\\\/30\\\/mali-mauritanie-la-frontiere-de-la-discorde\\\/\"},\"author\":{\"name\":\"Redaction\",\"@id\":\"https:\\\/\\\/lepatriotebenin.com\\\/#\\\/schema\\\/person\\\/2e7709b9c9cc313e452d1136af61690f\"},\"headline\":\"Mali\u2013Mauritanie: La fronti\u00e8re de la discorde\",\"datePublished\":\"2026-03-30T04:00:08+00:00\",\"mainEntityOfPage\":{\"@id\":\"https:\\\/\\\/lepatriotebenin.com\\\/index.php\\\/2026\\\/03\\\/30\\\/mali-mauritanie-la-frontiere-de-la-discorde\\\/\"},\"wordCount\":661,\"commentCount\":0,\"image\":{\"@id\":\"https:\\\/\\\/lepatriotebenin.com\\\/index.php\\\/2026\\\/03\\\/30\\\/mali-mauritanie-la-frontiere-de-la-discorde\\\/#primaryimage\"},\"thumbnailUrl\":\"https:\\\/\\\/lepatriotebenin.com\\\/wp-content\\\/uploads\\\/2026\\\/03\\\/mali-a.jpeg\",\"articleSection\":[\"Soci\u00e9t\u00e9\"],\"inLanguage\":\"fr-FR\",\"potentialAction\":[{\"@type\":\"CommentAction\",\"name\":\"Comment\",\"target\":[\"https:\\\/\\\/lepatriotebenin.com\\\/index.php\\\/2026\\\/03\\\/30\\\/mali-mauritanie-la-frontiere-de-la-discorde\\\/#respond\"]}]},{\"@type\":\"WebPage\",\"@id\":\"https:\\\/\\\/lepatriotebenin.com\\\/index.php\\\/2026\\\/03\\\/30\\\/mali-mauritanie-la-frontiere-de-la-discorde\\\/\",\"url\":\"https:\\\/\\\/lepatriotebenin.com\\\/index.php\\\/2026\\\/03\\\/30\\\/mali-mauritanie-la-frontiere-de-la-discorde\\\/\",\"name\":\"Mali\u2013Mauritanie: La fronti\u00e8re de la discorde - Le Patriote\",\"isPartOf\":{\"@id\":\"https:\\\/\\\/lepatriotebenin.com\\\/#website\"},\"primaryImageOfPage\":{\"@id\":\"https:\\\/\\\/lepatriotebenin.com\\\/index.php\\\/2026\\\/03\\\/30\\\/mali-mauritanie-la-frontiere-de-la-discorde\\\/#primaryimage\"},\"image\":{\"@id\":\"https:\\\/\\\/lepatriotebenin.com\\\/index.php\\\/2026\\\/03\\\/30\\\/mali-mauritanie-la-frontiere-de-la-discorde\\\/#primaryimage\"},\"thumbnailUrl\":\"https:\\\/\\\/lepatriotebenin.com\\\/wp-content\\\/uploads\\\/2026\\\/03\\\/mali-a.jpeg\",\"datePublished\":\"2026-03-30T04:00:08+00:00\",\"author\":{\"@id\":\"https:\\\/\\\/lepatriotebenin.com\\\/#\\\/schema\\\/person\\\/2e7709b9c9cc313e452d1136af61690f\"},\"breadcrumb\":{\"@id\":\"https:\\\/\\\/lepatriotebenin.com\\\/index.php\\\/2026\\\/03\\\/30\\\/mali-mauritanie-la-frontiere-de-la-discorde\\\/#breadcrumb\"},\"inLanguage\":\"fr-FR\",\"potentialAction\":[{\"@type\":\"ReadAction\",\"target\":[\"https:\\\/\\\/lepatriotebenin.com\\\/index.php\\\/2026\\\/03\\\/30\\\/mali-mauritanie-la-frontiere-de-la-discorde\\\/\"]}]},{\"@type\":\"ImageObject\",\"inLanguage\":\"fr-FR\",\"@id\":\"https:\\\/\\\/lepatriotebenin.com\\\/index.php\\\/2026\\\/03\\\/30\\\/mali-mauritanie-la-frontiere-de-la-discorde\\\/#primaryimage\",\"url\":\"https:\\\/\\\/lepatriotebenin.com\\\/wp-content\\\/uploads\\\/2026\\\/03\\\/mali-a.jpeg\",\"contentUrl\":\"https:\\\/\\\/lepatriotebenin.com\\\/wp-content\\\/uploads\\\/2026\\\/03\\\/mali-a.jpeg\",\"width\":1080,\"height\":810},{\"@type\":\"BreadcrumbList\",\"@id\":\"https:\\\/\\\/lepatriotebenin.com\\\/index.php\\\/2026\\\/03\\\/30\\\/mali-mauritanie-la-frontiere-de-la-discorde\\\/#breadcrumb\",\"itemListElement\":[{\"@type\":\"ListItem\",\"position\":1,\"name\":\"Accueil\",\"item\":\"https:\\\/\\\/lepatriotebenin.com\\\/\"},{\"@type\":\"ListItem\",\"position\":2,\"name\":\"Mali\u2013Mauritanie: La fronti\u00e8re de la discorde\"}]},{\"@type\":\"WebSite\",\"@id\":\"https:\\\/\\\/lepatriotebenin.com\\\/#website\",\"url\":\"https:\\\/\\\/lepatriotebenin.com\\\/\",\"name\":\"Le Patriote\",\"description\":\"Le Patriote B\u00e9nin\",\"potentialAction\":[{\"@type\":\"SearchAction\",\"target\":{\"@type\":\"EntryPoint\",\"urlTemplate\":\"https:\\\/\\\/lepatriotebenin.com\\\/?s={search_term_string}\"},\"query-input\":{\"@type\":\"PropertyValueSpecification\",\"valueRequired\":true,\"valueName\":\"search_term_string\"}}],\"inLanguage\":\"fr-FR\"},{\"@type\":\"Person\",\"@id\":\"https:\\\/\\\/lepatriotebenin.com\\\/#\\\/schema\\\/person\\\/2e7709b9c9cc313e452d1136af61690f\",\"name\":\"Redaction\",\"image\":{\"@type\":\"ImageObject\",\"inLanguage\":\"fr-FR\",\"@id\":\"https:\\\/\\\/secure.gravatar.com\\\/avatar\\\/c4c509357859ea2ca2cbb6d8812898a73e4ef1ef9934c2e591d7e32face734d1?s=96&d=mm&r=g\",\"url\":\"https:\\\/\\\/secure.gravatar.com\\\/avatar\\\/c4c509357859ea2ca2cbb6d8812898a73e4ef1ef9934c2e591d7e32face734d1?s=96&d=mm&r=g\",\"contentUrl\":\"https:\\\/\\\/secure.gravatar.com\\\/avatar\\\/c4c509357859ea2ca2cbb6d8812898a73e4ef1ef9934c2e591d7e32face734d1?s=96&d=mm&r=g\",\"caption\":\"Redaction\"},\"url\":\"https:\\\/\\\/lepatriotebenin.com\"}]}<\/script>\n<!-- \/ Yoast SEO plugin. -->","yoast_head_json":{"title":"Mali\u2013Mauritanie: La fronti\u00e8re de la discorde - Le Patriote","robots":{"index":"index","follow":"follow","max-snippet":"max-snippet:-1","max-image-preview":"max-image-preview:large","max-video-preview":"max-video-preview:-1"},"canonical":"https:\/\/lepatriotebenin.com\/index.php\/2026\/03\/30\/mali-mauritanie-la-frontiere-de-la-discorde\/","og_locale":"fr_FR","og_type":"article","og_title":"Mali\u2013Mauritanie: La fronti\u00e8re de la discorde - Le Patriote","og_description":"Entre le Mali et la Mauritanie, les tensions s\u2019intensifient autour d\u2019une fronti\u00e8re mal d\u00e9limit\u00e9e. Une s\u00e9rie d\u2019incidents r\u00e9cents met \u00e0 l\u2019\u00e9preuve une volont\u00e9 d\u2019apaisement pourtant affich\u00e9e par les deux \u00c9tats.&hellip;","og_url":"https:\/\/lepatriotebenin.com\/index.php\/2026\/03\/30\/mali-mauritanie-la-frontiere-de-la-discorde\/","og_site_name":"Le Patriote","article_published_time":"2026-03-30T04:00:08+00:00","og_image":[{"width":1080,"height":810,"url":"https:\/\/lepatriotebenin.com\/wp-content\/uploads\/2026\/03\/mali-a.jpeg","type":"image\/jpeg"}],"author":"Redaction","twitter_card":"summary_large_image","twitter_misc":{"\u00c9crit par":"Redaction","Dur\u00e9e de lecture estim\u00e9e":"4 minutes"},"schema":{"@context":"https:\/\/schema.org","@graph":[{"@type":"Article","@id":"https:\/\/lepatriotebenin.com\/index.php\/2026\/03\/30\/mali-mauritanie-la-frontiere-de-la-discorde\/#article","isPartOf":{"@id":"https:\/\/lepatriotebenin.com\/index.php\/2026\/03\/30\/mali-mauritanie-la-frontiere-de-la-discorde\/"},"author":{"name":"Redaction","@id":"https:\/\/lepatriotebenin.com\/#\/schema\/person\/2e7709b9c9cc313e452d1136af61690f"},"headline":"Mali\u2013Mauritanie: La fronti\u00e8re de la discorde","datePublished":"2026-03-30T04:00:08+00:00","mainEntityOfPage":{"@id":"https:\/\/lepatriotebenin.com\/index.php\/2026\/03\/30\/mali-mauritanie-la-frontiere-de-la-discorde\/"},"wordCount":661,"commentCount":0,"image":{"@id":"https:\/\/lepatriotebenin.com\/index.php\/2026\/03\/30\/mali-mauritanie-la-frontiere-de-la-discorde\/#primaryimage"},"thumbnailUrl":"https:\/\/lepatriotebenin.com\/wp-content\/uploads\/2026\/03\/mali-a.jpeg","articleSection":["Soci\u00e9t\u00e9"],"inLanguage":"fr-FR","potentialAction":[{"@type":"CommentAction","name":"Comment","target":["https:\/\/lepatriotebenin.com\/index.php\/2026\/03\/30\/mali-mauritanie-la-frontiere-de-la-discorde\/#respond"]}]},{"@type":"WebPage","@id":"https:\/\/lepatriotebenin.com\/index.php\/2026\/03\/30\/mali-mauritanie-la-frontiere-de-la-discorde\/","url":"https:\/\/lepatriotebenin.com\/index.php\/2026\/03\/30\/mali-mauritanie-la-frontiere-de-la-discorde\/","name":"Mali\u2013Mauritanie: La fronti\u00e8re de la discorde - Le Patriote","isPartOf":{"@id":"https:\/\/lepatriotebenin.com\/#website"},"primaryImageOfPage":{"@id":"https:\/\/lepatriotebenin.com\/index.php\/2026\/03\/30\/mali-mauritanie-la-frontiere-de-la-discorde\/#primaryimage"},"image":{"@id":"https:\/\/lepatriotebenin.com\/index.php\/2026\/03\/30\/mali-mauritanie-la-frontiere-de-la-discorde\/#primaryimage"},"thumbnailUrl":"https:\/\/lepatriotebenin.com\/wp-content\/uploads\/2026\/03\/mali-a.jpeg","datePublished":"2026-03-30T04:00:08+00:00","author":{"@id":"https:\/\/lepatriotebenin.com\/#\/schema\/person\/2e7709b9c9cc313e452d1136af61690f"},"breadcrumb":{"@id":"https:\/\/lepatriotebenin.com\/index.php\/2026\/03\/30\/mali-mauritanie-la-frontiere-de-la-discorde\/#breadcrumb"},"inLanguage":"fr-FR","potentialAction":[{"@type":"ReadAction","target":["https:\/\/lepatriotebenin.com\/index.php\/2026\/03\/30\/mali-mauritanie-la-frontiere-de-la-discorde\/"]}]},{"@type":"ImageObject","inLanguage":"fr-FR","@id":"https:\/\/lepatriotebenin.com\/index.php\/2026\/03\/30\/mali-mauritanie-la-frontiere-de-la-discorde\/#primaryimage","url":"https:\/\/lepatriotebenin.com\/wp-content\/uploads\/2026\/03\/mali-a.jpeg","contentUrl":"https:\/\/lepatriotebenin.com\/wp-content\/uploads\/2026\/03\/mali-a.jpeg","width":1080,"height":810},{"@type":"BreadcrumbList","@id":"https:\/\/lepatriotebenin.com\/index.php\/2026\/03\/30\/mali-mauritanie-la-frontiere-de-la-discorde\/#breadcrumb","itemListElement":[{"@type":"ListItem","position":1,"name":"Accueil","item":"https:\/\/lepatriotebenin.com\/"},{"@type":"ListItem","position":2,"name":"Mali\u2013Mauritanie: La fronti\u00e8re de la discorde"}]},{"@type":"WebSite","@id":"https:\/\/lepatriotebenin.com\/#website","url":"https:\/\/lepatriotebenin.com\/","name":"Le Patriote","description":"Le Patriote B\u00e9nin","potentialAction":[{"@type":"SearchAction","target":{"@type":"EntryPoint","urlTemplate":"https:\/\/lepatriotebenin.com\/?s={search_term_string}"},"query-input":{"@type":"PropertyValueSpecification","valueRequired":true,"valueName":"search_term_string"}}],"inLanguage":"fr-FR"},{"@type":"Person","@id":"https:\/\/lepatriotebenin.com\/#\/schema\/person\/2e7709b9c9cc313e452d1136af61690f","name":"Redaction","image":{"@type":"ImageObject","inLanguage":"fr-FR","@id":"https:\/\/secure.gravatar.com\/avatar\/c4c509357859ea2ca2cbb6d8812898a73e4ef1ef9934c2e591d7e32face734d1?s=96&d=mm&r=g","url":"https:\/\/secure.gravatar.com\/avatar\/c4c509357859ea2ca2cbb6d8812898a73e4ef1ef9934c2e591d7e32face734d1?s=96&d=mm&r=g","contentUrl":"https:\/\/secure.gravatar.com\/avatar\/c4c509357859ea2ca2cbb6d8812898a73e4ef1ef9934c2e591d7e32face734d1?s=96&d=mm&r=g","caption":"Redaction"},"url":"https:\/\/lepatriotebenin.com"}]}},"_links":{"self":[{"href":"https:\/\/lepatriotebenin.com\/index.php\/wp-json\/wp\/v2\/posts\/18164","targetHints":{"allow":["GET"]}}],"collection":[{"href":"https:\/\/lepatriotebenin.com\/index.php\/wp-json\/wp\/v2\/posts"}],"about":[{"href":"https:\/\/lepatriotebenin.com\/index.php\/wp-json\/wp\/v2\/types\/post"}],"author":[{"embeddable":true,"href":"https:\/\/lepatriotebenin.com\/index.php\/wp-json\/wp\/v2\/users\/5"}],"replies":[{"embeddable":true,"href":"https:\/\/lepatriotebenin.com\/index.php\/wp-json\/wp\/v2\/comments?post=18164"}],"version-history":[{"count":1,"href":"https:\/\/lepatriotebenin.com\/index.php\/wp-json\/wp\/v2\/posts\/18164\/revisions"}],"predecessor-version":[{"id":18166,"href":"https:\/\/lepatriotebenin.com\/index.php\/wp-json\/wp\/v2\/posts\/18164\/revisions\/18166"}],"wp:featuredmedia":[{"embeddable":true,"href":"https:\/\/lepatriotebenin.com\/index.php\/wp-json\/wp\/v2\/media\/18165"}],"wp:attachment":[{"href":"https:\/\/lepatriotebenin.com\/index.php\/wp-json\/wp\/v2\/media?parent=18164"}],"wp:term":[{"taxonomy":"category","embeddable":true,"href":"https:\/\/lepatriotebenin.com\/index.php\/wp-json\/wp\/v2\/categories?post=18164"},{"taxonomy":"post_tag","embeddable":true,"href":"https:\/\/lepatriotebenin.com\/index.php\/wp-json\/wp\/v2\/tags?post=18164"}],"curies":[{"name":"wp","href":"https:\/\/api.w.org\/{rel}","templated":true}]}}