{"id":18137,"date":"2026-03-27T21:03:31","date_gmt":"2026-03-27T20:03:31","guid":{"rendered":"https:\/\/lepatriotebenin.com\/?p=18137"},"modified":"2026-03-27T21:03:31","modified_gmt":"2026-03-27T20:03:31","slug":"presidentielle-au-benin-nana-akufo-addo-a-la-tete-de-la-mission-dobservation-de-la-cedeao","status":"publish","type":"post","link":"https:\/\/lepatriotebenin.com\/index.php\/2026\/03\/27\/presidentielle-au-benin-nana-akufo-addo-a-la-tete-de-la-mission-dobservation-de-la-cedeao\/","title":{"rendered":"Pr\u00e9sidentielle au B\u00e9nin : Nana Akufo-Addo \u00e0 la t\u00eate de la mission d\u2019observation de la CEDEAO"},"content":{"rendered":"<p>&nbsp;<\/p>\n<p>L&rsquo;ancien pr\u00e9sident ghan\u00e9en Nana Akufo-Addo dirigera la mission d&rsquo;observation \u00e9lectorale de la Communaut\u00e9 \u00e9conomique des \u00c9tats de l&rsquo;Afrique de l&rsquo;Ouest (CEDEAO) pour la pr\u00e9sidentielle du 12 avril 2026 au B\u00e9nin. Cette mission vise \u00e0 accompagner le processus \u00e9lectoral et \u00e0 promouvoir des \u00e9lections transparentes et apais\u00e9es.<\/p>\n<p>La mission d&rsquo;observation \u00e9lectorale de la CEDEAO, forte de 120 membres, couvrira l&rsquo;ensemble du processus \u00e9lectoral, de la campagne \u00e0 la p\u00e9riode post-\u00e9lectorale. Elle s&rsquo;appuiera sur des consultations avec les institutions, les partis politiques et les acteurs de la soci\u00e9t\u00e9 civile. Nana Akufo-Addo, qui a d\u00e9j\u00e0 dirig\u00e9 la CEDEAO de 2020 \u00e0 2022, est une personnalit\u00e9 d&rsquo;exp\u00e9rience et jouissant d&rsquo;une forte cr\u00e9dibilit\u00e9 internationale.<\/p>\n<p>Le B\u00e9nin compte environ 8 millions d&rsquo;\u00e9lecteurs inscrits pour cette pr\u00e9sidentielle. La CEDEAO r\u00e9affirme ainsi son engagement en faveur d&rsquo;\u00e9lections transparentes et apais\u00e9es en Afrique de l&rsquo;Ouest.<\/p>\n<p><strong>Ez\u00e9chiel Dagb\u00e9gnon PADONOU.<\/strong><\/p>\n","protected":false},"excerpt":{"rendered":"<p>&nbsp; L&rsquo;ancien pr\u00e9sident ghan\u00e9en Nana Akufo-Addo dirigera la mission d&rsquo;observation \u00e9lectorale de la Communaut\u00e9 \u00e9conomique des \u00c9tats de l&rsquo;Afrique de l&rsquo;Ouest (CEDEAO) pour la pr\u00e9sidentielle du 12 avril 2026 au&hellip;<\/p>\n","protected":false},"author":5,"featured_media":18138,"comment_status":"open","ping_status":"open","sticky":false,"template":"","format":"standard","meta":{"content-type":"","om_disable_all_campaigns":false,"_monsterinsights_skip_tracking":false,"_monsterinsights_sitenote_active":false,"_monsterinsights_sitenote_note":"","_monsterinsights_sitenote_category":0,"_uf_show_specific_survey":0,"_uf_disable_surveys":false,"footnotes":""},"categories":[26],"tags":[],"class_list":["post-18137","post","type-post","status-publish","format-standard","has-post-thumbnail","hentry","category-politique"],"aioseo_notices":[],"yoast_head":"<!-- This site is optimized with the Yoast SEO plugin v27.5 - https:\/\/yoast.com\/product\/yoast-seo-wordpress\/ -->\n<title>Pr\u00e9sidentielle au B\u00e9nin : Nana Akufo-Addo \u00e0 la t\u00eate de la mission d\u2019observation de la CEDEAO - Le Patriote<\/title>\n<meta name=\"robots\" content=\"index, follow, max-snippet:-1, max-image-preview:large, max-video-preview:-1\" \/>\n<link rel=\"canonical\" href=\"https:\/\/lepatriotebenin.com\/index.php\/2026\/03\/27\/presidentielle-au-benin-nana-akufo-addo-a-la-tete-de-la-mission-dobservation-de-la-cedeao\/\" \/>\n<meta property=\"og:locale\" content=\"fr_FR\" \/>\n<meta property=\"og:type\" content=\"article\" \/>\n<meta property=\"og:title\" content=\"Pr\u00e9sidentielle au B\u00e9nin : Nana Akufo-Addo \u00e0 la t\u00eate de la mission d\u2019observation de la CEDEAO - Le Patriote\" \/>\n<meta property=\"og:description\" content=\"&nbsp; L&rsquo;ancien pr\u00e9sident ghan\u00e9en Nana Akufo-Addo dirigera la mission d&rsquo;observation \u00e9lectorale de la Communaut\u00e9 \u00e9conomique des \u00c9tats de l&rsquo;Afrique de l&rsquo;Ouest (CEDEAO) pour la pr\u00e9sidentielle du 12 avril 2026 au&hellip;\" \/>\n<meta property=\"og:url\" content=\"https:\/\/lepatriotebenin.com\/index.php\/2026\/03\/27\/presidentielle-au-benin-nana-akufo-addo-a-la-tete-de-la-mission-dobservation-de-la-cedeao\/\" \/>\n<meta property=\"og:site_name\" content=\"Le Patriote\" \/>\n<meta property=\"article:published_time\" content=\"2026-03-27T20:03:31+00:00\" \/>\n<meta property=\"og:image\" content=\"https:\/\/lepatriotebenin.com\/wp-content\/uploads\/2026\/03\/nana-a.jpeg\" \/>\n\t<meta property=\"og:image:width\" content=\"966\" \/>\n\t<meta property=\"og:image:height\" content=\"557\" \/>\n\t<meta property=\"og:image:type\" content=\"image\/jpeg\" \/>\n<meta name=\"author\" content=\"Redaction\" \/>\n<meta name=\"twitter:card\" content=\"summary_large_image\" \/>\n<meta name=\"twitter:label1\" content=\"\u00c9crit par\" \/>\n\t<meta name=\"twitter:data1\" content=\"Redaction\" \/>\n\t<meta name=\"twitter:label2\" content=\"Dur\u00e9e de lecture estim\u00e9e\" \/>\n\t<meta name=\"twitter:data2\" content=\"1 minute\" \/>\n<script type=\"application\/ld+json\" class=\"yoast-schema-graph\">{\"@context\":\"https:\\\/\\\/schema.org\",\"@graph\":[{\"@type\":\"Article\",\"@id\":\"https:\\\/\\\/lepatriotebenin.com\\\/index.php\\\/2026\\\/03\\\/27\\\/presidentielle-au-benin-nana-akufo-addo-a-la-tete-de-la-mission-dobservation-de-la-cedeao\\\/#article\",\"isPartOf\":{\"@id\":\"https:\\\/\\\/lepatriotebenin.com\\\/index.php\\\/2026\\\/03\\\/27\\\/presidentielle-au-benin-nana-akufo-addo-a-la-tete-de-la-mission-dobservation-de-la-cedeao\\\/\"},\"author\":{\"name\":\"Redaction\",\"@id\":\"https:\\\/\\\/lepatriotebenin.com\\\/#\\\/schema\\\/person\\\/2e7709b9c9cc313e452d1136af61690f\"},\"headline\":\"Pr\u00e9sidentielle au B\u00e9nin : Nana Akufo-Addo \u00e0 la t\u00eate de la mission d\u2019observation de la CEDEAO\",\"datePublished\":\"2026-03-27T20:03:31+00:00\",\"mainEntityOfPage\":{\"@id\":\"https:\\\/\\\/lepatriotebenin.com\\\/index.php\\\/2026\\\/03\\\/27\\\/presidentielle-au-benin-nana-akufo-addo-a-la-tete-de-la-mission-dobservation-de-la-cedeao\\\/\"},\"wordCount\":177,\"commentCount\":0,\"image\":{\"@id\":\"https:\\\/\\\/lepatriotebenin.com\\\/index.php\\\/2026\\\/03\\\/27\\\/presidentielle-au-benin-nana-akufo-addo-a-la-tete-de-la-mission-dobservation-de-la-cedeao\\\/#primaryimage\"},\"thumbnailUrl\":\"https:\\\/\\\/lepatriotebenin.com\\\/wp-content\\\/uploads\\\/2026\\\/03\\\/nana-a.jpeg\",\"articleSection\":[\"Politique\"],\"inLanguage\":\"fr-FR\",\"potentialAction\":[{\"@type\":\"CommentAction\",\"name\":\"Comment\",\"target\":[\"https:\\\/\\\/lepatriotebenin.com\\\/index.php\\\/2026\\\/03\\\/27\\\/presidentielle-au-benin-nana-akufo-addo-a-la-tete-de-la-mission-dobservation-de-la-cedeao\\\/#respond\"]}]},{\"@type\":\"WebPage\",\"@id\":\"https:\\\/\\\/lepatriotebenin.com\\\/index.php\\\/2026\\\/03\\\/27\\\/presidentielle-au-benin-nana-akufo-addo-a-la-tete-de-la-mission-dobservation-de-la-cedeao\\\/\",\"url\":\"https:\\\/\\\/lepatriotebenin.com\\\/index.php\\\/2026\\\/03\\\/27\\\/presidentielle-au-benin-nana-akufo-addo-a-la-tete-de-la-mission-dobservation-de-la-cedeao\\\/\",\"name\":\"Pr\u00e9sidentielle au B\u00e9nin : Nana Akufo-Addo \u00e0 la t\u00eate de la mission d\u2019observation de la CEDEAO - Le Patriote\",\"isPartOf\":{\"@id\":\"https:\\\/\\\/lepatriotebenin.com\\\/#website\"},\"primaryImageOfPage\":{\"@id\":\"https:\\\/\\\/lepatriotebenin.com\\\/index.php\\\/2026\\\/03\\\/27\\\/presidentielle-au-benin-nana-akufo-addo-a-la-tete-de-la-mission-dobservation-de-la-cedeao\\\/#primaryimage\"},\"image\":{\"@id\":\"https:\\\/\\\/lepatriotebenin.com\\\/index.php\\\/2026\\\/03\\\/27\\\/presidentielle-au-benin-nana-akufo-addo-a-la-tete-de-la-mission-dobservation-de-la-cedeao\\\/#primaryimage\"},\"thumbnailUrl\":\"https:\\\/\\\/lepatriotebenin.com\\\/wp-content\\\/uploads\\\/2026\\\/03\\\/nana-a.jpeg\",\"datePublished\":\"2026-03-27T20:03:31+00:00\",\"author\":{\"@id\":\"https:\\\/\\\/lepatriotebenin.com\\\/#\\\/schema\\\/person\\\/2e7709b9c9cc313e452d1136af61690f\"},\"breadcrumb\":{\"@id\":\"https:\\\/\\\/lepatriotebenin.com\\\/index.php\\\/2026\\\/03\\\/27\\\/presidentielle-au-benin-nana-akufo-addo-a-la-tete-de-la-mission-dobservation-de-la-cedeao\\\/#breadcrumb\"},\"inLanguage\":\"fr-FR\",\"potentialAction\":[{\"@type\":\"ReadAction\",\"target\":[\"https:\\\/\\\/lepatriotebenin.com\\\/index.php\\\/2026\\\/03\\\/27\\\/presidentielle-au-benin-nana-akufo-addo-a-la-tete-de-la-mission-dobservation-de-la-cedeao\\\/\"]}]},{\"@type\":\"ImageObject\",\"inLanguage\":\"fr-FR\",\"@id\":\"https:\\\/\\\/lepatriotebenin.com\\\/index.php\\\/2026\\\/03\\\/27\\\/presidentielle-au-benin-nana-akufo-addo-a-la-tete-de-la-mission-dobservation-de-la-cedeao\\\/#primaryimage\",\"url\":\"https:\\\/\\\/lepatriotebenin.com\\\/wp-content\\\/uploads\\\/2026\\\/03\\\/nana-a.jpeg\",\"contentUrl\":\"https:\\\/\\\/lepatriotebenin.com\\\/wp-content\\\/uploads\\\/2026\\\/03\\\/nana-a.jpeg\",\"width\":966,\"height\":557},{\"@type\":\"BreadcrumbList\",\"@id\":\"https:\\\/\\\/lepatriotebenin.com\\\/index.php\\\/2026\\\/03\\\/27\\\/presidentielle-au-benin-nana-akufo-addo-a-la-tete-de-la-mission-dobservation-de-la-cedeao\\\/#breadcrumb\",\"itemListElement\":[{\"@type\":\"ListItem\",\"position\":1,\"name\":\"Accueil\",\"item\":\"https:\\\/\\\/lepatriotebenin.com\\\/\"},{\"@type\":\"ListItem\",\"position\":2,\"name\":\"Pr\u00e9sidentielle au B\u00e9nin : Nana Akufo-Addo \u00e0 la t\u00eate de la mission d\u2019observation de la CEDEAO\"}]},{\"@type\":\"WebSite\",\"@id\":\"https:\\\/\\\/lepatriotebenin.com\\\/#website\",\"url\":\"https:\\\/\\\/lepatriotebenin.com\\\/\",\"name\":\"Le Patriote\",\"description\":\"Le Patriote B\u00e9nin\",\"potentialAction\":[{\"@type\":\"SearchAction\",\"target\":{\"@type\":\"EntryPoint\",\"urlTemplate\":\"https:\\\/\\\/lepatriotebenin.com\\\/?s={search_term_string}\"},\"query-input\":{\"@type\":\"PropertyValueSpecification\",\"valueRequired\":true,\"valueName\":\"search_term_string\"}}],\"inLanguage\":\"fr-FR\"},{\"@type\":\"Person\",\"@id\":\"https:\\\/\\\/lepatriotebenin.com\\\/#\\\/schema\\\/person\\\/2e7709b9c9cc313e452d1136af61690f\",\"name\":\"Redaction\",\"image\":{\"@type\":\"ImageObject\",\"inLanguage\":\"fr-FR\",\"@id\":\"https:\\\/\\\/secure.gravatar.com\\\/avatar\\\/c4c509357859ea2ca2cbb6d8812898a73e4ef1ef9934c2e591d7e32face734d1?s=96&d=mm&r=g\",\"url\":\"https:\\\/\\\/secure.gravatar.com\\\/avatar\\\/c4c509357859ea2ca2cbb6d8812898a73e4ef1ef9934c2e591d7e32face734d1?s=96&d=mm&r=g\",\"contentUrl\":\"https:\\\/\\\/secure.gravatar.com\\\/avatar\\\/c4c509357859ea2ca2cbb6d8812898a73e4ef1ef9934c2e591d7e32face734d1?s=96&d=mm&r=g\",\"caption\":\"Redaction\"},\"url\":\"https:\\\/\\\/lepatriotebenin.com\"}]}<\/script>\n<!-- \/ Yoast SEO plugin. -->","yoast_head_json":{"title":"Pr\u00e9sidentielle au B\u00e9nin : Nana Akufo-Addo \u00e0 la t\u00eate de la mission d\u2019observation de la CEDEAO - Le Patriote","robots":{"index":"index","follow":"follow","max-snippet":"max-snippet:-1","max-image-preview":"max-image-preview:large","max-video-preview":"max-video-preview:-1"},"canonical":"https:\/\/lepatriotebenin.com\/index.php\/2026\/03\/27\/presidentielle-au-benin-nana-akufo-addo-a-la-tete-de-la-mission-dobservation-de-la-cedeao\/","og_locale":"fr_FR","og_type":"article","og_title":"Pr\u00e9sidentielle au B\u00e9nin : Nana Akufo-Addo \u00e0 la t\u00eate de la mission d\u2019observation de la CEDEAO - Le Patriote","og_description":"&nbsp; L&rsquo;ancien pr\u00e9sident ghan\u00e9en Nana Akufo-Addo dirigera la mission d&rsquo;observation \u00e9lectorale de la Communaut\u00e9 \u00e9conomique des \u00c9tats de l&rsquo;Afrique de l&rsquo;Ouest (CEDEAO) pour la pr\u00e9sidentielle du 12 avril 2026 au&hellip;","og_url":"https:\/\/lepatriotebenin.com\/index.php\/2026\/03\/27\/presidentielle-au-benin-nana-akufo-addo-a-la-tete-de-la-mission-dobservation-de-la-cedeao\/","og_site_name":"Le Patriote","article_published_time":"2026-03-27T20:03:31+00:00","og_image":[{"width":966,"height":557,"url":"https:\/\/lepatriotebenin.com\/wp-content\/uploads\/2026\/03\/nana-a.jpeg","type":"image\/jpeg"}],"author":"Redaction","twitter_card":"summary_large_image","twitter_misc":{"\u00c9crit par":"Redaction","Dur\u00e9e de lecture estim\u00e9e":"1 minute"},"schema":{"@context":"https:\/\/schema.org","@graph":[{"@type":"Article","@id":"https:\/\/lepatriotebenin.com\/index.php\/2026\/03\/27\/presidentielle-au-benin-nana-akufo-addo-a-la-tete-de-la-mission-dobservation-de-la-cedeao\/#article","isPartOf":{"@id":"https:\/\/lepatriotebenin.com\/index.php\/2026\/03\/27\/presidentielle-au-benin-nana-akufo-addo-a-la-tete-de-la-mission-dobservation-de-la-cedeao\/"},"author":{"name":"Redaction","@id":"https:\/\/lepatriotebenin.com\/#\/schema\/person\/2e7709b9c9cc313e452d1136af61690f"},"headline":"Pr\u00e9sidentielle au B\u00e9nin : Nana Akufo-Addo \u00e0 la t\u00eate de la mission d\u2019observation de la CEDEAO","datePublished":"2026-03-27T20:03:31+00:00","mainEntityOfPage":{"@id":"https:\/\/lepatriotebenin.com\/index.php\/2026\/03\/27\/presidentielle-au-benin-nana-akufo-addo-a-la-tete-de-la-mission-dobservation-de-la-cedeao\/"},"wordCount":177,"commentCount":0,"image":{"@id":"https:\/\/lepatriotebenin.com\/index.php\/2026\/03\/27\/presidentielle-au-benin-nana-akufo-addo-a-la-tete-de-la-mission-dobservation-de-la-cedeao\/#primaryimage"},"thumbnailUrl":"https:\/\/lepatriotebenin.com\/wp-content\/uploads\/2026\/03\/nana-a.jpeg","articleSection":["Politique"],"inLanguage":"fr-FR","potentialAction":[{"@type":"CommentAction","name":"Comment","target":["https:\/\/lepatriotebenin.com\/index.php\/2026\/03\/27\/presidentielle-au-benin-nana-akufo-addo-a-la-tete-de-la-mission-dobservation-de-la-cedeao\/#respond"]}]},{"@type":"WebPage","@id":"https:\/\/lepatriotebenin.com\/index.php\/2026\/03\/27\/presidentielle-au-benin-nana-akufo-addo-a-la-tete-de-la-mission-dobservation-de-la-cedeao\/","url":"https:\/\/lepatriotebenin.com\/index.php\/2026\/03\/27\/presidentielle-au-benin-nana-akufo-addo-a-la-tete-de-la-mission-dobservation-de-la-cedeao\/","name":"Pr\u00e9sidentielle au B\u00e9nin : Nana Akufo-Addo \u00e0 la t\u00eate de la mission d\u2019observation de la CEDEAO - Le Patriote","isPartOf":{"@id":"https:\/\/lepatriotebenin.com\/#website"},"primaryImageOfPage":{"@id":"https:\/\/lepatriotebenin.com\/index.php\/2026\/03\/27\/presidentielle-au-benin-nana-akufo-addo-a-la-tete-de-la-mission-dobservation-de-la-cedeao\/#primaryimage"},"image":{"@id":"https:\/\/lepatriotebenin.com\/index.php\/2026\/03\/27\/presidentielle-au-benin-nana-akufo-addo-a-la-tete-de-la-mission-dobservation-de-la-cedeao\/#primaryimage"},"thumbnailUrl":"https:\/\/lepatriotebenin.com\/wp-content\/uploads\/2026\/03\/nana-a.jpeg","datePublished":"2026-03-27T20:03:31+00:00","author":{"@id":"https:\/\/lepatriotebenin.com\/#\/schema\/person\/2e7709b9c9cc313e452d1136af61690f"},"breadcrumb":{"@id":"https:\/\/lepatriotebenin.com\/index.php\/2026\/03\/27\/presidentielle-au-benin-nana-akufo-addo-a-la-tete-de-la-mission-dobservation-de-la-cedeao\/#breadcrumb"},"inLanguage":"fr-FR","potentialAction":[{"@type":"ReadAction","target":["https:\/\/lepatriotebenin.com\/index.php\/2026\/03\/27\/presidentielle-au-benin-nana-akufo-addo-a-la-tete-de-la-mission-dobservation-de-la-cedeao\/"]}]},{"@type":"ImageObject","inLanguage":"fr-FR","@id":"https:\/\/lepatriotebenin.com\/index.php\/2026\/03\/27\/presidentielle-au-benin-nana-akufo-addo-a-la-tete-de-la-mission-dobservation-de-la-cedeao\/#primaryimage","url":"https:\/\/lepatriotebenin.com\/wp-content\/uploads\/2026\/03\/nana-a.jpeg","contentUrl":"https:\/\/lepatriotebenin.com\/wp-content\/uploads\/2026\/03\/nana-a.jpeg","width":966,"height":557},{"@type":"BreadcrumbList","@id":"https:\/\/lepatriotebenin.com\/index.php\/2026\/03\/27\/presidentielle-au-benin-nana-akufo-addo-a-la-tete-de-la-mission-dobservation-de-la-cedeao\/#breadcrumb","itemListElement":[{"@type":"ListItem","position":1,"name":"Accueil","item":"https:\/\/lepatriotebenin.com\/"},{"@type":"ListItem","position":2,"name":"Pr\u00e9sidentielle au B\u00e9nin : Nana Akufo-Addo \u00e0 la t\u00eate de la mission d\u2019observation de la CEDEAO"}]},{"@type":"WebSite","@id":"https:\/\/lepatriotebenin.com\/#website","url":"https:\/\/lepatriotebenin.com\/","name":"Le Patriote","description":"Le Patriote B\u00e9nin","potentialAction":[{"@type":"SearchAction","target":{"@type":"EntryPoint","urlTemplate":"https:\/\/lepatriotebenin.com\/?s={search_term_string}"},"query-input":{"@type":"PropertyValueSpecification","valueRequired":true,"valueName":"search_term_string"}}],"inLanguage":"fr-FR"},{"@type":"Person","@id":"https:\/\/lepatriotebenin.com\/#\/schema\/person\/2e7709b9c9cc313e452d1136af61690f","name":"Redaction","image":{"@type":"ImageObject","inLanguage":"fr-FR","@id":"https:\/\/secure.gravatar.com\/avatar\/c4c509357859ea2ca2cbb6d8812898a73e4ef1ef9934c2e591d7e32face734d1?s=96&d=mm&r=g","url":"https:\/\/secure.gravatar.com\/avatar\/c4c509357859ea2ca2cbb6d8812898a73e4ef1ef9934c2e591d7e32face734d1?s=96&d=mm&r=g","contentUrl":"https:\/\/secure.gravatar.com\/avatar\/c4c509357859ea2ca2cbb6d8812898a73e4ef1ef9934c2e591d7e32face734d1?s=96&d=mm&r=g","caption":"Redaction"},"url":"https:\/\/lepatriotebenin.com"}]}},"_links":{"self":[{"href":"https:\/\/lepatriotebenin.com\/index.php\/wp-json\/wp\/v2\/posts\/18137","targetHints":{"allow":["GET"]}}],"collection":[{"href":"https:\/\/lepatriotebenin.com\/index.php\/wp-json\/wp\/v2\/posts"}],"about":[{"href":"https:\/\/lepatriotebenin.com\/index.php\/wp-json\/wp\/v2\/types\/post"}],"author":[{"embeddable":true,"href":"https:\/\/lepatriotebenin.com\/index.php\/wp-json\/wp\/v2\/users\/5"}],"replies":[{"embeddable":true,"href":"https:\/\/lepatriotebenin.com\/index.php\/wp-json\/wp\/v2\/comments?post=18137"}],"version-history":[{"count":1,"href":"https:\/\/lepatriotebenin.com\/index.php\/wp-json\/wp\/v2\/posts\/18137\/revisions"}],"predecessor-version":[{"id":18139,"href":"https:\/\/lepatriotebenin.com\/index.php\/wp-json\/wp\/v2\/posts\/18137\/revisions\/18139"}],"wp:featuredmedia":[{"embeddable":true,"href":"https:\/\/lepatriotebenin.com\/index.php\/wp-json\/wp\/v2\/media\/18138"}],"wp:attachment":[{"href":"https:\/\/lepatriotebenin.com\/index.php\/wp-json\/wp\/v2\/media?parent=18137"}],"wp:term":[{"taxonomy":"category","embeddable":true,"href":"https:\/\/lepatriotebenin.com\/index.php\/wp-json\/wp\/v2\/categories?post=18137"},{"taxonomy":"post_tag","embeddable":true,"href":"https:\/\/lepatriotebenin.com\/index.php\/wp-json\/wp\/v2\/tags?post=18137"}],"curies":[{"name":"wp","href":"https:\/\/api.w.org\/{rel}","templated":true}]}}