{"id":18102,"date":"2026-03-27T05:09:52","date_gmt":"2026-03-27T04:09:52","guid":{"rendered":"https:\/\/lepatriotebenin.com\/?p=18102"},"modified":"2026-03-27T05:13:52","modified_gmt":"2026-03-27T04:13:52","slug":"regard-de-la-cstb-sur-le-projet-de-societe-du-duo-wadagni-talata-les-travailleurs-les-grands-oublies","status":"publish","type":"post","link":"https:\/\/lepatriotebenin.com\/index.php\/2026\/03\/27\/regard-de-la-cstb-sur-le-projet-de-societe-du-duo-wadagni-talata-les-travailleurs-les-grands-oublies\/","title":{"rendered":"Regard de la CSTB sur le projet de soci\u00e9t\u00e9 du duo Wadagni-Talata  : Les travailleurs  oubli\u00e9s"},"content":{"rendered":"<p><strong>Apr\u00e8s la pr\u00e9sentation du projet de soci\u00e9t\u00e9 du duo Wadagni-Talata au Palais des Congr\u00e8s de Cotonou, la<\/strong> <strong>Conf\u00e9d\u00e9ration syndicale des travailleurs du B\u00e9nin (CSTB) exprime une profonde d\u00e9ception. Son secr\u00e9taire g\u00e9n\u00e9ral, Kassa Mampo, d\u00e9plore l\u2019absence de r\u00e9ponses concr\u00e8tes aux pr\u00e9occupations des travailleurs et redoute une continuit\u00e9 de la pr\u00e9carit\u00e9 sociale.<\/strong><\/p>\n<p>Le samedi 21 mars 2026, le duo Wadagni-Talata a officiellement pr\u00e9sent\u00e9 son projet de soci\u00e9t\u00e9 pour la p\u00e9riode 2026-2033 au Palais des Congr\u00e8s de Cotonou. Un rendez-vous politique majeur, attendu par de nombreux acteurs sociaux, notamment les organisations syndicales. Mais du c\u00f4t\u00e9 de la Conf\u00e9d\u00e9ration syndicale des travailleurs du B\u00e9nin (CSTB), le constat est sans appel : la centrale syndicale est rest\u00e9e \u00ab sur sa soif \u00bb.<\/p>\n<p>En effet, dans une d\u00e9claration en date du 24 mars 2026, sign\u00e9e par son secr\u00e9taire g\u00e9n\u00e9ral Kassa Mampo, la CSTB exprime son insatisfaction face au contenu du programme pr\u00e9sent\u00e9. Selon lui, les attentes des travailleurs, tant du secteur public que du priv\u00e9, n\u2019ont pas trouv\u00e9 de r\u00e9ponses claires. La question cruciale de l\u2019am\u00e9lioration des conditions de vie et de travail, au c\u0153ur des revendications syndicales, est rest\u00e9e en marge du discours politique.<\/p>\n<p>Parmi les points de crispation \u00e9voqu\u00e9s, la CSTB d\u00e9nonce le silence du duo sur la restriction des libert\u00e9s d\u00e9mocratiques, notamment syndicales. Kassa Mampo s\u2019interroge sur le maintien de mesures limitant le droit de gr\u00e8ve et interdisant les manifestations de travailleurs, telles que les meetings, sit-in ou marches. Une situation que la centrale juge pr\u00e9occupante dans un contexte o\u00f9 ces libert\u00e9s sont consid\u00e9r\u00e9es comme fondamentales dans de nombreuses d\u00e9mocraties. Plus encore, la CSTB pointe du doigt l\u2019interdiction de certaines comm\u00e9morations, notamment celle du 1er mai, f\u00eate internationale du travail pourtant reconnue comme journ\u00e9e ch\u00f4m\u00e9e et pay\u00e9e au B\u00e9nin. Pour les travailleurs, cette restriction est per\u00e7ue comme une atteinte symbolique et pratique \u00e0 leurs droits d\u2019expression et de mobilisation.<\/p>\n<p>Sur le plan \u00e9conomique et social, la centrale syndicale regrette \u00e9galement l\u2019absence d\u2019engagements concernant la cr\u00e9ation d\u2019emplois durables. Elle \u00e9voque la destruction de milliers d\u2019emplois cons\u00e9cutive \u00e0 la fermeture de plusieurs entreprises et aux licenciements enregistr\u00e9s ces derni\u00e8res ann\u00e9es. \u00c0 cela s\u2019ajoute la pr\u00e9carit\u00e9 persistante de nombreuses cat\u00e9gories de travailleurs, notamment les agents contractuels, les agents sous financement communautaire de la sant\u00e9 ou encore les dockers.<\/p>\n<p>L&rsquo;autre point d\u2019inqui\u00e9tude est le silence du programme sur les textes et lois jug\u00e9s \u00ab anti-travailleurs \u00bb adopt\u00e9s sous le r\u00e9gime du pr\u00e9sident Patrice Talon. Pour la CSTB, ces r\u00e9formes constituent la base juridique des difficult\u00e9s actuelles rencontr\u00e9es par les travailleurs et m\u00e9ritaient d\u2019\u00eatre revisit\u00e9es dans une perspective de justice sociale.<\/p>\n<p>Au final, Kassa Mampo estime que ce projet de soci\u00e9t\u00e9 ne porte pas les signes d\u2019un changement significatif en faveur des travailleurs. Au contraire, il y voit \u00ab la continuit\u00e9 de la mis\u00e8re \u00bb et appelle \u00e0 une mobilisation accrue des travailleurs autour de leurs revendications.<\/p>\n<p>Dans un contexte pr\u00e9\u00e9lectoral o\u00f9 les attentes sociales sont fortes, cette prise de position de la CSTB vient relancer le d\u00e9bat sur la place des travailleurs dans les priorit\u00e9s politiques nationales.<\/p>\n<p>&nbsp;<\/p>\n<p><strong>Gildas AHOGNI<\/strong><\/p>\n","protected":false},"excerpt":{"rendered":"<p>Apr\u00e8s la pr\u00e9sentation du projet de soci\u00e9t\u00e9 du duo Wadagni-Talata au Palais des Congr\u00e8s de Cotonou, la Conf\u00e9d\u00e9ration syndicale des travailleurs du B\u00e9nin (CSTB) exprime une profonde d\u00e9ception. Son secr\u00e9taire&hellip;<\/p>\n","protected":false},"author":5,"featured_media":18103,"comment_status":"open","ping_status":"open","sticky":false,"template":"","format":"standard","meta":{"content-type":"","om_disable_all_campaigns":false,"_monsterinsights_skip_tracking":false,"_monsterinsights_sitenote_active":false,"_monsterinsights_sitenote_note":"","_monsterinsights_sitenote_category":0,"_uf_show_specific_survey":0,"_uf_disable_surveys":false,"footnotes":""},"categories":[20],"tags":[],"class_list":["post-18102","post","type-post","status-publish","format-standard","has-post-thumbnail","hentry","category-societe"],"aioseo_notices":[],"yoast_head":"<!-- This site is optimized with the Yoast SEO plugin v27.5 - https:\/\/yoast.com\/product\/yoast-seo-wordpress\/ -->\n<title>Regard de la CSTB sur le projet de soci\u00e9t\u00e9 du duo Wadagni-Talata : Les travailleurs oubli\u00e9s - Le Patriote<\/title>\n<meta name=\"robots\" content=\"index, follow, max-snippet:-1, max-image-preview:large, max-video-preview:-1\" \/>\n<link rel=\"canonical\" href=\"https:\/\/lepatriotebenin.com\/index.php\/2026\/03\/27\/regard-de-la-cstb-sur-le-projet-de-societe-du-duo-wadagni-talata-les-travailleurs-les-grands-oublies\/\" \/>\n<meta property=\"og:locale\" content=\"fr_FR\" \/>\n<meta property=\"og:type\" content=\"article\" \/>\n<meta property=\"og:title\" content=\"Regard de la CSTB sur le projet de soci\u00e9t\u00e9 du duo Wadagni-Talata : Les travailleurs oubli\u00e9s - Le Patriote\" \/>\n<meta property=\"og:description\" content=\"Apr\u00e8s la pr\u00e9sentation du projet de soci\u00e9t\u00e9 du duo Wadagni-Talata au Palais des Congr\u00e8s de Cotonou, la Conf\u00e9d\u00e9ration syndicale des travailleurs du B\u00e9nin (CSTB) exprime une profonde d\u00e9ception. Son secr\u00e9taire&hellip;\" \/>\n<meta property=\"og:url\" content=\"https:\/\/lepatriotebenin.com\/index.php\/2026\/03\/27\/regard-de-la-cstb-sur-le-projet-de-societe-du-duo-wadagni-talata-les-travailleurs-les-grands-oublies\/\" \/>\n<meta property=\"og:site_name\" content=\"Le Patriote\" \/>\n<meta property=\"article:published_time\" content=\"2026-03-27T04:09:52+00:00\" \/>\n<meta property=\"article:modified_time\" content=\"2026-03-27T04:13:52+00:00\" \/>\n<meta property=\"og:image\" content=\"https:\/\/lepatriotebenin.com\/wp-content\/uploads\/2026\/03\/regard-de-la-cstb.jpg\" \/>\n\t<meta property=\"og:image:width\" content=\"770\" \/>\n\t<meta property=\"og:image:height\" content=\"470\" \/>\n\t<meta property=\"og:image:type\" content=\"image\/jpeg\" \/>\n<meta name=\"author\" content=\"Redaction\" \/>\n<meta name=\"twitter:card\" content=\"summary_large_image\" \/>\n<meta name=\"twitter:label1\" content=\"\u00c9crit par\" \/>\n\t<meta name=\"twitter:data1\" content=\"Redaction\" \/>\n\t<meta name=\"twitter:label2\" content=\"Dur\u00e9e de lecture estim\u00e9e\" \/>\n\t<meta name=\"twitter:data2\" content=\"3 minutes\" \/>\n<script type=\"application\/ld+json\" class=\"yoast-schema-graph\">{\"@context\":\"https:\\\/\\\/schema.org\",\"@graph\":[{\"@type\":\"Article\",\"@id\":\"https:\\\/\\\/lepatriotebenin.com\\\/index.php\\\/2026\\\/03\\\/27\\\/regard-de-la-cstb-sur-le-projet-de-societe-du-duo-wadagni-talata-les-travailleurs-les-grands-oublies\\\/#article\",\"isPartOf\":{\"@id\":\"https:\\\/\\\/lepatriotebenin.com\\\/index.php\\\/2026\\\/03\\\/27\\\/regard-de-la-cstb-sur-le-projet-de-societe-du-duo-wadagni-talata-les-travailleurs-les-grands-oublies\\\/\"},\"author\":{\"name\":\"Redaction\",\"@id\":\"https:\\\/\\\/lepatriotebenin.com\\\/#\\\/schema\\\/person\\\/2e7709b9c9cc313e452d1136af61690f\"},\"headline\":\"Regard de la CSTB sur le projet de soci\u00e9t\u00e9 du duo Wadagni-Talata : Les travailleurs oubli\u00e9s\",\"datePublished\":\"2026-03-27T04:09:52+00:00\",\"dateModified\":\"2026-03-27T04:13:52+00:00\",\"mainEntityOfPage\":{\"@id\":\"https:\\\/\\\/lepatriotebenin.com\\\/index.php\\\/2026\\\/03\\\/27\\\/regard-de-la-cstb-sur-le-projet-de-societe-du-duo-wadagni-talata-les-travailleurs-les-grands-oublies\\\/\"},\"wordCount\":595,\"commentCount\":0,\"image\":{\"@id\":\"https:\\\/\\\/lepatriotebenin.com\\\/index.php\\\/2026\\\/03\\\/27\\\/regard-de-la-cstb-sur-le-projet-de-societe-du-duo-wadagni-talata-les-travailleurs-les-grands-oublies\\\/#primaryimage\"},\"thumbnailUrl\":\"https:\\\/\\\/lepatriotebenin.com\\\/wp-content\\\/uploads\\\/2026\\\/03\\\/regard-de-la-cstb.jpg\",\"articleSection\":[\"Soci\u00e9t\u00e9\"],\"inLanguage\":\"fr-FR\",\"potentialAction\":[{\"@type\":\"CommentAction\",\"name\":\"Comment\",\"target\":[\"https:\\\/\\\/lepatriotebenin.com\\\/index.php\\\/2026\\\/03\\\/27\\\/regard-de-la-cstb-sur-le-projet-de-societe-du-duo-wadagni-talata-les-travailleurs-les-grands-oublies\\\/#respond\"]}]},{\"@type\":\"WebPage\",\"@id\":\"https:\\\/\\\/lepatriotebenin.com\\\/index.php\\\/2026\\\/03\\\/27\\\/regard-de-la-cstb-sur-le-projet-de-societe-du-duo-wadagni-talata-les-travailleurs-les-grands-oublies\\\/\",\"url\":\"https:\\\/\\\/lepatriotebenin.com\\\/index.php\\\/2026\\\/03\\\/27\\\/regard-de-la-cstb-sur-le-projet-de-societe-du-duo-wadagni-talata-les-travailleurs-les-grands-oublies\\\/\",\"name\":\"Regard de la CSTB sur le projet de soci\u00e9t\u00e9 du duo Wadagni-Talata : Les travailleurs oubli\u00e9s - Le Patriote\",\"isPartOf\":{\"@id\":\"https:\\\/\\\/lepatriotebenin.com\\\/#website\"},\"primaryImageOfPage\":{\"@id\":\"https:\\\/\\\/lepatriotebenin.com\\\/index.php\\\/2026\\\/03\\\/27\\\/regard-de-la-cstb-sur-le-projet-de-societe-du-duo-wadagni-talata-les-travailleurs-les-grands-oublies\\\/#primaryimage\"},\"image\":{\"@id\":\"https:\\\/\\\/lepatriotebenin.com\\\/index.php\\\/2026\\\/03\\\/27\\\/regard-de-la-cstb-sur-le-projet-de-societe-du-duo-wadagni-talata-les-travailleurs-les-grands-oublies\\\/#primaryimage\"},\"thumbnailUrl\":\"https:\\\/\\\/lepatriotebenin.com\\\/wp-content\\\/uploads\\\/2026\\\/03\\\/regard-de-la-cstb.jpg\",\"datePublished\":\"2026-03-27T04:09:52+00:00\",\"dateModified\":\"2026-03-27T04:13:52+00:00\",\"author\":{\"@id\":\"https:\\\/\\\/lepatriotebenin.com\\\/#\\\/schema\\\/person\\\/2e7709b9c9cc313e452d1136af61690f\"},\"breadcrumb\":{\"@id\":\"https:\\\/\\\/lepatriotebenin.com\\\/index.php\\\/2026\\\/03\\\/27\\\/regard-de-la-cstb-sur-le-projet-de-societe-du-duo-wadagni-talata-les-travailleurs-les-grands-oublies\\\/#breadcrumb\"},\"inLanguage\":\"fr-FR\",\"potentialAction\":[{\"@type\":\"ReadAction\",\"target\":[\"https:\\\/\\\/lepatriotebenin.com\\\/index.php\\\/2026\\\/03\\\/27\\\/regard-de-la-cstb-sur-le-projet-de-societe-du-duo-wadagni-talata-les-travailleurs-les-grands-oublies\\\/\"]}]},{\"@type\":\"ImageObject\",\"inLanguage\":\"fr-FR\",\"@id\":\"https:\\\/\\\/lepatriotebenin.com\\\/index.php\\\/2026\\\/03\\\/27\\\/regard-de-la-cstb-sur-le-projet-de-societe-du-duo-wadagni-talata-les-travailleurs-les-grands-oublies\\\/#primaryimage\",\"url\":\"https:\\\/\\\/lepatriotebenin.com\\\/wp-content\\\/uploads\\\/2026\\\/03\\\/regard-de-la-cstb.jpg\",\"contentUrl\":\"https:\\\/\\\/lepatriotebenin.com\\\/wp-content\\\/uploads\\\/2026\\\/03\\\/regard-de-la-cstb.jpg\",\"width\":770,\"height\":470},{\"@type\":\"BreadcrumbList\",\"@id\":\"https:\\\/\\\/lepatriotebenin.com\\\/index.php\\\/2026\\\/03\\\/27\\\/regard-de-la-cstb-sur-le-projet-de-societe-du-duo-wadagni-talata-les-travailleurs-les-grands-oublies\\\/#breadcrumb\",\"itemListElement\":[{\"@type\":\"ListItem\",\"position\":1,\"name\":\"Accueil\",\"item\":\"https:\\\/\\\/lepatriotebenin.com\\\/\"},{\"@type\":\"ListItem\",\"position\":2,\"name\":\"Regard de la CSTB sur le projet de soci\u00e9t\u00e9 du duo Wadagni-Talata : Les travailleurs oubli\u00e9s\"}]},{\"@type\":\"WebSite\",\"@id\":\"https:\\\/\\\/lepatriotebenin.com\\\/#website\",\"url\":\"https:\\\/\\\/lepatriotebenin.com\\\/\",\"name\":\"Le Patriote\",\"description\":\"Le Patriote B\u00e9nin\",\"potentialAction\":[{\"@type\":\"SearchAction\",\"target\":{\"@type\":\"EntryPoint\",\"urlTemplate\":\"https:\\\/\\\/lepatriotebenin.com\\\/?s={search_term_string}\"},\"query-input\":{\"@type\":\"PropertyValueSpecification\",\"valueRequired\":true,\"valueName\":\"search_term_string\"}}],\"inLanguage\":\"fr-FR\"},{\"@type\":\"Person\",\"@id\":\"https:\\\/\\\/lepatriotebenin.com\\\/#\\\/schema\\\/person\\\/2e7709b9c9cc313e452d1136af61690f\",\"name\":\"Redaction\",\"image\":{\"@type\":\"ImageObject\",\"inLanguage\":\"fr-FR\",\"@id\":\"https:\\\/\\\/secure.gravatar.com\\\/avatar\\\/c4c509357859ea2ca2cbb6d8812898a73e4ef1ef9934c2e591d7e32face734d1?s=96&d=mm&r=g\",\"url\":\"https:\\\/\\\/secure.gravatar.com\\\/avatar\\\/c4c509357859ea2ca2cbb6d8812898a73e4ef1ef9934c2e591d7e32face734d1?s=96&d=mm&r=g\",\"contentUrl\":\"https:\\\/\\\/secure.gravatar.com\\\/avatar\\\/c4c509357859ea2ca2cbb6d8812898a73e4ef1ef9934c2e591d7e32face734d1?s=96&d=mm&r=g\",\"caption\":\"Redaction\"},\"url\":\"https:\\\/\\\/lepatriotebenin.com\"}]}<\/script>\n<!-- \/ Yoast SEO plugin. -->","yoast_head_json":{"title":"Regard de la CSTB sur le projet de soci\u00e9t\u00e9 du duo Wadagni-Talata : Les travailleurs oubli\u00e9s - Le Patriote","robots":{"index":"index","follow":"follow","max-snippet":"max-snippet:-1","max-image-preview":"max-image-preview:large","max-video-preview":"max-video-preview:-1"},"canonical":"https:\/\/lepatriotebenin.com\/index.php\/2026\/03\/27\/regard-de-la-cstb-sur-le-projet-de-societe-du-duo-wadagni-talata-les-travailleurs-les-grands-oublies\/","og_locale":"fr_FR","og_type":"article","og_title":"Regard de la CSTB sur le projet de soci\u00e9t\u00e9 du duo Wadagni-Talata : Les travailleurs oubli\u00e9s - Le Patriote","og_description":"Apr\u00e8s la pr\u00e9sentation du projet de soci\u00e9t\u00e9 du duo Wadagni-Talata au Palais des Congr\u00e8s de Cotonou, la Conf\u00e9d\u00e9ration syndicale des travailleurs du B\u00e9nin (CSTB) exprime une profonde d\u00e9ception. Son secr\u00e9taire&hellip;","og_url":"https:\/\/lepatriotebenin.com\/index.php\/2026\/03\/27\/regard-de-la-cstb-sur-le-projet-de-societe-du-duo-wadagni-talata-les-travailleurs-les-grands-oublies\/","og_site_name":"Le Patriote","article_published_time":"2026-03-27T04:09:52+00:00","article_modified_time":"2026-03-27T04:13:52+00:00","og_image":[{"width":770,"height":470,"url":"https:\/\/lepatriotebenin.com\/wp-content\/uploads\/2026\/03\/regard-de-la-cstb.jpg","type":"image\/jpeg"}],"author":"Redaction","twitter_card":"summary_large_image","twitter_misc":{"\u00c9crit par":"Redaction","Dur\u00e9e de lecture estim\u00e9e":"3 minutes"},"schema":{"@context":"https:\/\/schema.org","@graph":[{"@type":"Article","@id":"https:\/\/lepatriotebenin.com\/index.php\/2026\/03\/27\/regard-de-la-cstb-sur-le-projet-de-societe-du-duo-wadagni-talata-les-travailleurs-les-grands-oublies\/#article","isPartOf":{"@id":"https:\/\/lepatriotebenin.com\/index.php\/2026\/03\/27\/regard-de-la-cstb-sur-le-projet-de-societe-du-duo-wadagni-talata-les-travailleurs-les-grands-oublies\/"},"author":{"name":"Redaction","@id":"https:\/\/lepatriotebenin.com\/#\/schema\/person\/2e7709b9c9cc313e452d1136af61690f"},"headline":"Regard de la CSTB sur le projet de soci\u00e9t\u00e9 du duo Wadagni-Talata : Les travailleurs oubli\u00e9s","datePublished":"2026-03-27T04:09:52+00:00","dateModified":"2026-03-27T04:13:52+00:00","mainEntityOfPage":{"@id":"https:\/\/lepatriotebenin.com\/index.php\/2026\/03\/27\/regard-de-la-cstb-sur-le-projet-de-societe-du-duo-wadagni-talata-les-travailleurs-les-grands-oublies\/"},"wordCount":595,"commentCount":0,"image":{"@id":"https:\/\/lepatriotebenin.com\/index.php\/2026\/03\/27\/regard-de-la-cstb-sur-le-projet-de-societe-du-duo-wadagni-talata-les-travailleurs-les-grands-oublies\/#primaryimage"},"thumbnailUrl":"https:\/\/lepatriotebenin.com\/wp-content\/uploads\/2026\/03\/regard-de-la-cstb.jpg","articleSection":["Soci\u00e9t\u00e9"],"inLanguage":"fr-FR","potentialAction":[{"@type":"CommentAction","name":"Comment","target":["https:\/\/lepatriotebenin.com\/index.php\/2026\/03\/27\/regard-de-la-cstb-sur-le-projet-de-societe-du-duo-wadagni-talata-les-travailleurs-les-grands-oublies\/#respond"]}]},{"@type":"WebPage","@id":"https:\/\/lepatriotebenin.com\/index.php\/2026\/03\/27\/regard-de-la-cstb-sur-le-projet-de-societe-du-duo-wadagni-talata-les-travailleurs-les-grands-oublies\/","url":"https:\/\/lepatriotebenin.com\/index.php\/2026\/03\/27\/regard-de-la-cstb-sur-le-projet-de-societe-du-duo-wadagni-talata-les-travailleurs-les-grands-oublies\/","name":"Regard de la CSTB sur le projet de soci\u00e9t\u00e9 du duo Wadagni-Talata : Les travailleurs oubli\u00e9s - Le Patriote","isPartOf":{"@id":"https:\/\/lepatriotebenin.com\/#website"},"primaryImageOfPage":{"@id":"https:\/\/lepatriotebenin.com\/index.php\/2026\/03\/27\/regard-de-la-cstb-sur-le-projet-de-societe-du-duo-wadagni-talata-les-travailleurs-les-grands-oublies\/#primaryimage"},"image":{"@id":"https:\/\/lepatriotebenin.com\/index.php\/2026\/03\/27\/regard-de-la-cstb-sur-le-projet-de-societe-du-duo-wadagni-talata-les-travailleurs-les-grands-oublies\/#primaryimage"},"thumbnailUrl":"https:\/\/lepatriotebenin.com\/wp-content\/uploads\/2026\/03\/regard-de-la-cstb.jpg","datePublished":"2026-03-27T04:09:52+00:00","dateModified":"2026-03-27T04:13:52+00:00","author":{"@id":"https:\/\/lepatriotebenin.com\/#\/schema\/person\/2e7709b9c9cc313e452d1136af61690f"},"breadcrumb":{"@id":"https:\/\/lepatriotebenin.com\/index.php\/2026\/03\/27\/regard-de-la-cstb-sur-le-projet-de-societe-du-duo-wadagni-talata-les-travailleurs-les-grands-oublies\/#breadcrumb"},"inLanguage":"fr-FR","potentialAction":[{"@type":"ReadAction","target":["https:\/\/lepatriotebenin.com\/index.php\/2026\/03\/27\/regard-de-la-cstb-sur-le-projet-de-societe-du-duo-wadagni-talata-les-travailleurs-les-grands-oublies\/"]}]},{"@type":"ImageObject","inLanguage":"fr-FR","@id":"https:\/\/lepatriotebenin.com\/index.php\/2026\/03\/27\/regard-de-la-cstb-sur-le-projet-de-societe-du-duo-wadagni-talata-les-travailleurs-les-grands-oublies\/#primaryimage","url":"https:\/\/lepatriotebenin.com\/wp-content\/uploads\/2026\/03\/regard-de-la-cstb.jpg","contentUrl":"https:\/\/lepatriotebenin.com\/wp-content\/uploads\/2026\/03\/regard-de-la-cstb.jpg","width":770,"height":470},{"@type":"BreadcrumbList","@id":"https:\/\/lepatriotebenin.com\/index.php\/2026\/03\/27\/regard-de-la-cstb-sur-le-projet-de-societe-du-duo-wadagni-talata-les-travailleurs-les-grands-oublies\/#breadcrumb","itemListElement":[{"@type":"ListItem","position":1,"name":"Accueil","item":"https:\/\/lepatriotebenin.com\/"},{"@type":"ListItem","position":2,"name":"Regard de la CSTB sur le projet de soci\u00e9t\u00e9 du duo Wadagni-Talata : Les travailleurs oubli\u00e9s"}]},{"@type":"WebSite","@id":"https:\/\/lepatriotebenin.com\/#website","url":"https:\/\/lepatriotebenin.com\/","name":"Le Patriote","description":"Le Patriote B\u00e9nin","potentialAction":[{"@type":"SearchAction","target":{"@type":"EntryPoint","urlTemplate":"https:\/\/lepatriotebenin.com\/?s={search_term_string}"},"query-input":{"@type":"PropertyValueSpecification","valueRequired":true,"valueName":"search_term_string"}}],"inLanguage":"fr-FR"},{"@type":"Person","@id":"https:\/\/lepatriotebenin.com\/#\/schema\/person\/2e7709b9c9cc313e452d1136af61690f","name":"Redaction","image":{"@type":"ImageObject","inLanguage":"fr-FR","@id":"https:\/\/secure.gravatar.com\/avatar\/c4c509357859ea2ca2cbb6d8812898a73e4ef1ef9934c2e591d7e32face734d1?s=96&d=mm&r=g","url":"https:\/\/secure.gravatar.com\/avatar\/c4c509357859ea2ca2cbb6d8812898a73e4ef1ef9934c2e591d7e32face734d1?s=96&d=mm&r=g","contentUrl":"https:\/\/secure.gravatar.com\/avatar\/c4c509357859ea2ca2cbb6d8812898a73e4ef1ef9934c2e591d7e32face734d1?s=96&d=mm&r=g","caption":"Redaction"},"url":"https:\/\/lepatriotebenin.com"}]}},"_links":{"self":[{"href":"https:\/\/lepatriotebenin.com\/index.php\/wp-json\/wp\/v2\/posts\/18102","targetHints":{"allow":["GET"]}}],"collection":[{"href":"https:\/\/lepatriotebenin.com\/index.php\/wp-json\/wp\/v2\/posts"}],"about":[{"href":"https:\/\/lepatriotebenin.com\/index.php\/wp-json\/wp\/v2\/types\/post"}],"author":[{"embeddable":true,"href":"https:\/\/lepatriotebenin.com\/index.php\/wp-json\/wp\/v2\/users\/5"}],"replies":[{"embeddable":true,"href":"https:\/\/lepatriotebenin.com\/index.php\/wp-json\/wp\/v2\/comments?post=18102"}],"version-history":[{"count":2,"href":"https:\/\/lepatriotebenin.com\/index.php\/wp-json\/wp\/v2\/posts\/18102\/revisions"}],"predecessor-version":[{"id":18105,"href":"https:\/\/lepatriotebenin.com\/index.php\/wp-json\/wp\/v2\/posts\/18102\/revisions\/18105"}],"wp:featuredmedia":[{"embeddable":true,"href":"https:\/\/lepatriotebenin.com\/index.php\/wp-json\/wp\/v2\/media\/18103"}],"wp:attachment":[{"href":"https:\/\/lepatriotebenin.com\/index.php\/wp-json\/wp\/v2\/media?parent=18102"}],"wp:term":[{"taxonomy":"category","embeddable":true,"href":"https:\/\/lepatriotebenin.com\/index.php\/wp-json\/wp\/v2\/categories?post=18102"},{"taxonomy":"post_tag","embeddable":true,"href":"https:\/\/lepatriotebenin.com\/index.php\/wp-json\/wp\/v2\/tags?post=18102"}],"curies":[{"name":"wp","href":"https:\/\/api.w.org\/{rel}","templated":true}]}}