{"id":18094,"date":"2026-03-27T05:01:25","date_gmt":"2026-03-27T04:01:25","guid":{"rendered":"https:\/\/lepatriotebenin.com\/?p=18094"},"modified":"2026-03-27T05:01:25","modified_gmt":"2026-03-27T04:01:25","slug":"presidentielle-2026-discours-de-sacca-lafia-a-loccasion-du-lancement-de-la-campagne-electorale","status":"publish","type":"post","link":"https:\/\/lepatriotebenin.com\/index.php\/2026\/03\/27\/presidentielle-2026-discours-de-sacca-lafia-a-loccasion-du-lancement-de-la-campagne-electorale\/","title":{"rendered":"Pr\u00e9sidentielle  2026 : Discours de Sacca Lafia \u00e0 l&rsquo;occasion du lancement de la campagne \u00e9lectorale"},"content":{"rendered":"<p><img fetchpriority=\"high\" decoding=\"async\" class=\"alignnone size-medium wp-image-18095\" src=\"https:\/\/lepatriotebenin.com\/wp-content\/uploads\/2026\/03\/1a-219x300.jpeg\" alt=\"\" width=\"219\" height=\"300\" srcset=\"https:\/\/lepatriotebenin.com\/wp-content\/uploads\/2026\/03\/1a-219x300.jpeg 219w, https:\/\/lepatriotebenin.com\/wp-content\/uploads\/2026\/03\/1a-585x803.jpeg 585w, https:\/\/lepatriotebenin.com\/wp-content\/uploads\/2026\/03\/1a.jpeg 720w\" sizes=\"(max-width: 219px) 100vw, 219px\" \/><img decoding=\"async\" class=\"alignnone size-medium wp-image-18096\" src=\"https:\/\/lepatriotebenin.com\/wp-content\/uploads\/2026\/03\/2a-1-211x300.jpeg\" alt=\"\" width=\"211\" height=\"300\" srcset=\"https:\/\/lepatriotebenin.com\/wp-content\/uploads\/2026\/03\/2a-1-211x300.jpeg 211w, https:\/\/lepatriotebenin.com\/wp-content\/uploads\/2026\/03\/2a-1-585x831.jpeg 585w, https:\/\/lepatriotebenin.com\/wp-content\/uploads\/2026\/03\/2a-1.jpeg 720w\" sizes=\"(max-width: 211px) 100vw, 211px\" \/><\/p>\n","protected":false},"excerpt":{"rendered":"","protected":false},"author":5,"featured_media":18097,"comment_status":"open","ping_status":"open","sticky":false,"template":"","format":"standard","meta":{"content-type":"","om_disable_all_campaigns":false,"_monsterinsights_skip_tracking":false,"_monsterinsights_sitenote_active":false,"_monsterinsights_sitenote_note":"","_monsterinsights_sitenote_category":0,"_uf_show_specific_survey":0,"_uf_disable_surveys":false,"footnotes":""},"categories":[26],"tags":[],"class_list":["post-18094","post","type-post","status-publish","format-standard","has-post-thumbnail","hentry","category-politique"],"aioseo_notices":[],"yoast_head":"<!-- This site is optimized with the Yoast SEO plugin v27.5 - https:\/\/yoast.com\/product\/yoast-seo-wordpress\/ -->\n<title>Pr\u00e9sidentielle 2026 : Discours de Sacca Lafia \u00e0 l&#039;occasion du lancement de la campagne \u00e9lectorale - Le Patriote<\/title>\n<meta name=\"robots\" content=\"index, follow, max-snippet:-1, max-image-preview:large, max-video-preview:-1\" \/>\n<link rel=\"canonical\" href=\"https:\/\/lepatriotebenin.com\/index.php\/2026\/03\/27\/presidentielle-2026-discours-de-sacca-lafia-a-loccasion-du-lancement-de-la-campagne-electorale\/\" \/>\n<meta property=\"og:locale\" content=\"fr_FR\" \/>\n<meta property=\"og:type\" content=\"article\" \/>\n<meta property=\"og:title\" content=\"Pr\u00e9sidentielle 2026 : Discours de Sacca Lafia \u00e0 l&#039;occasion du lancement de la campagne \u00e9lectorale - Le Patriote\" \/>\n<meta property=\"og:url\" content=\"https:\/\/lepatriotebenin.com\/index.php\/2026\/03\/27\/presidentielle-2026-discours-de-sacca-lafia-a-loccasion-du-lancement-de-la-campagne-electorale\/\" \/>\n<meta property=\"og:site_name\" content=\"Le Patriote\" \/>\n<meta property=\"article:published_time\" content=\"2026-03-27T04:01:25+00:00\" \/>\n<meta property=\"og:image\" content=\"https:\/\/lepatriotebenin.com\/wp-content\/uploads\/2026\/03\/sacca-lafia.webp\" \/>\n\t<meta property=\"og:image:width\" content=\"1300\" \/>\n\t<meta property=\"og:image:height\" content=\"856\" \/>\n\t<meta property=\"og:image:type\" content=\"image\/webp\" \/>\n<meta name=\"author\" content=\"Redaction\" \/>\n<meta name=\"twitter:card\" content=\"summary_large_image\" \/>\n<meta name=\"twitter:label1\" content=\"\u00c9crit par\" \/>\n\t<meta name=\"twitter:data1\" content=\"Redaction\" \/>\n\t<meta name=\"twitter:label2\" content=\"Dur\u00e9e de lecture estim\u00e9e\" \/>\n\t<meta name=\"twitter:data2\" content=\"1 minute\" \/>\n<script type=\"application\/ld+json\" class=\"yoast-schema-graph\">{\"@context\":\"https:\\\/\\\/schema.org\",\"@graph\":[{\"@type\":\"Article\",\"@id\":\"https:\\\/\\\/lepatriotebenin.com\\\/index.php\\\/2026\\\/03\\\/27\\\/presidentielle-2026-discours-de-sacca-lafia-a-loccasion-du-lancement-de-la-campagne-electorale\\\/#article\",\"isPartOf\":{\"@id\":\"https:\\\/\\\/lepatriotebenin.com\\\/index.php\\\/2026\\\/03\\\/27\\\/presidentielle-2026-discours-de-sacca-lafia-a-loccasion-du-lancement-de-la-campagne-electorale\\\/\"},\"author\":{\"name\":\"Redaction\",\"@id\":\"https:\\\/\\\/lepatriotebenin.com\\\/#\\\/schema\\\/person\\\/2e7709b9c9cc313e452d1136af61690f\"},\"headline\":\"Pr\u00e9sidentielle 2026 : Discours de Sacca Lafia \u00e0 l&rsquo;occasion du lancement de la campagne \u00e9lectorale\",\"datePublished\":\"2026-03-27T04:01:25+00:00\",\"mainEntityOfPage\":{\"@id\":\"https:\\\/\\\/lepatriotebenin.com\\\/index.php\\\/2026\\\/03\\\/27\\\/presidentielle-2026-discours-de-sacca-lafia-a-loccasion-du-lancement-de-la-campagne-electorale\\\/\"},\"wordCount\":14,\"commentCount\":0,\"image\":{\"@id\":\"https:\\\/\\\/lepatriotebenin.com\\\/index.php\\\/2026\\\/03\\\/27\\\/presidentielle-2026-discours-de-sacca-lafia-a-loccasion-du-lancement-de-la-campagne-electorale\\\/#primaryimage\"},\"thumbnailUrl\":\"https:\\\/\\\/lepatriotebenin.com\\\/wp-content\\\/uploads\\\/2026\\\/03\\\/sacca-lafia.webp\",\"articleSection\":[\"Politique\"],\"inLanguage\":\"fr-FR\",\"potentialAction\":[{\"@type\":\"CommentAction\",\"name\":\"Comment\",\"target\":[\"https:\\\/\\\/lepatriotebenin.com\\\/index.php\\\/2026\\\/03\\\/27\\\/presidentielle-2026-discours-de-sacca-lafia-a-loccasion-du-lancement-de-la-campagne-electorale\\\/#respond\"]}]},{\"@type\":\"WebPage\",\"@id\":\"https:\\\/\\\/lepatriotebenin.com\\\/index.php\\\/2026\\\/03\\\/27\\\/presidentielle-2026-discours-de-sacca-lafia-a-loccasion-du-lancement-de-la-campagne-electorale\\\/\",\"url\":\"https:\\\/\\\/lepatriotebenin.com\\\/index.php\\\/2026\\\/03\\\/27\\\/presidentielle-2026-discours-de-sacca-lafia-a-loccasion-du-lancement-de-la-campagne-electorale\\\/\",\"name\":\"Pr\u00e9sidentielle 2026 : Discours de Sacca Lafia \u00e0 l'occasion du lancement de la campagne \u00e9lectorale - Le Patriote\",\"isPartOf\":{\"@id\":\"https:\\\/\\\/lepatriotebenin.com\\\/#website\"},\"primaryImageOfPage\":{\"@id\":\"https:\\\/\\\/lepatriotebenin.com\\\/index.php\\\/2026\\\/03\\\/27\\\/presidentielle-2026-discours-de-sacca-lafia-a-loccasion-du-lancement-de-la-campagne-electorale\\\/#primaryimage\"},\"image\":{\"@id\":\"https:\\\/\\\/lepatriotebenin.com\\\/index.php\\\/2026\\\/03\\\/27\\\/presidentielle-2026-discours-de-sacca-lafia-a-loccasion-du-lancement-de-la-campagne-electorale\\\/#primaryimage\"},\"thumbnailUrl\":\"https:\\\/\\\/lepatriotebenin.com\\\/wp-content\\\/uploads\\\/2026\\\/03\\\/sacca-lafia.webp\",\"datePublished\":\"2026-03-27T04:01:25+00:00\",\"author\":{\"@id\":\"https:\\\/\\\/lepatriotebenin.com\\\/#\\\/schema\\\/person\\\/2e7709b9c9cc313e452d1136af61690f\"},\"breadcrumb\":{\"@id\":\"https:\\\/\\\/lepatriotebenin.com\\\/index.php\\\/2026\\\/03\\\/27\\\/presidentielle-2026-discours-de-sacca-lafia-a-loccasion-du-lancement-de-la-campagne-electorale\\\/#breadcrumb\"},\"inLanguage\":\"fr-FR\",\"potentialAction\":[{\"@type\":\"ReadAction\",\"target\":[\"https:\\\/\\\/lepatriotebenin.com\\\/index.php\\\/2026\\\/03\\\/27\\\/presidentielle-2026-discours-de-sacca-lafia-a-loccasion-du-lancement-de-la-campagne-electorale\\\/\"]}]},{\"@type\":\"ImageObject\",\"inLanguage\":\"fr-FR\",\"@id\":\"https:\\\/\\\/lepatriotebenin.com\\\/index.php\\\/2026\\\/03\\\/27\\\/presidentielle-2026-discours-de-sacca-lafia-a-loccasion-du-lancement-de-la-campagne-electorale\\\/#primaryimage\",\"url\":\"https:\\\/\\\/lepatriotebenin.com\\\/wp-content\\\/uploads\\\/2026\\\/03\\\/sacca-lafia.webp\",\"contentUrl\":\"https:\\\/\\\/lepatriotebenin.com\\\/wp-content\\\/uploads\\\/2026\\\/03\\\/sacca-lafia.webp\",\"width\":1300,\"height\":856},{\"@type\":\"BreadcrumbList\",\"@id\":\"https:\\\/\\\/lepatriotebenin.com\\\/index.php\\\/2026\\\/03\\\/27\\\/presidentielle-2026-discours-de-sacca-lafia-a-loccasion-du-lancement-de-la-campagne-electorale\\\/#breadcrumb\",\"itemListElement\":[{\"@type\":\"ListItem\",\"position\":1,\"name\":\"Accueil\",\"item\":\"https:\\\/\\\/lepatriotebenin.com\\\/\"},{\"@type\":\"ListItem\",\"position\":2,\"name\":\"Pr\u00e9sidentielle 2026 : Discours de Sacca Lafia \u00e0 l&rsquo;occasion du lancement de la campagne \u00e9lectorale\"}]},{\"@type\":\"WebSite\",\"@id\":\"https:\\\/\\\/lepatriotebenin.com\\\/#website\",\"url\":\"https:\\\/\\\/lepatriotebenin.com\\\/\",\"name\":\"Le Patriote\",\"description\":\"Le Patriote B\u00e9nin\",\"potentialAction\":[{\"@type\":\"SearchAction\",\"target\":{\"@type\":\"EntryPoint\",\"urlTemplate\":\"https:\\\/\\\/lepatriotebenin.com\\\/?s={search_term_string}\"},\"query-input\":{\"@type\":\"PropertyValueSpecification\",\"valueRequired\":true,\"valueName\":\"search_term_string\"}}],\"inLanguage\":\"fr-FR\"},{\"@type\":\"Person\",\"@id\":\"https:\\\/\\\/lepatriotebenin.com\\\/#\\\/schema\\\/person\\\/2e7709b9c9cc313e452d1136af61690f\",\"name\":\"Redaction\",\"image\":{\"@type\":\"ImageObject\",\"inLanguage\":\"fr-FR\",\"@id\":\"https:\\\/\\\/secure.gravatar.com\\\/avatar\\\/c4c509357859ea2ca2cbb6d8812898a73e4ef1ef9934c2e591d7e32face734d1?s=96&d=mm&r=g\",\"url\":\"https:\\\/\\\/secure.gravatar.com\\\/avatar\\\/c4c509357859ea2ca2cbb6d8812898a73e4ef1ef9934c2e591d7e32face734d1?s=96&d=mm&r=g\",\"contentUrl\":\"https:\\\/\\\/secure.gravatar.com\\\/avatar\\\/c4c509357859ea2ca2cbb6d8812898a73e4ef1ef9934c2e591d7e32face734d1?s=96&d=mm&r=g\",\"caption\":\"Redaction\"},\"url\":\"https:\\\/\\\/lepatriotebenin.com\"}]}<\/script>\n<!-- \/ Yoast SEO plugin. -->","yoast_head_json":{"title":"Pr\u00e9sidentielle 2026 : Discours de Sacca Lafia \u00e0 l'occasion du lancement de la campagne \u00e9lectorale - Le Patriote","robots":{"index":"index","follow":"follow","max-snippet":"max-snippet:-1","max-image-preview":"max-image-preview:large","max-video-preview":"max-video-preview:-1"},"canonical":"https:\/\/lepatriotebenin.com\/index.php\/2026\/03\/27\/presidentielle-2026-discours-de-sacca-lafia-a-loccasion-du-lancement-de-la-campagne-electorale\/","og_locale":"fr_FR","og_type":"article","og_title":"Pr\u00e9sidentielle 2026 : Discours de Sacca Lafia \u00e0 l'occasion du lancement de la campagne \u00e9lectorale - Le Patriote","og_url":"https:\/\/lepatriotebenin.com\/index.php\/2026\/03\/27\/presidentielle-2026-discours-de-sacca-lafia-a-loccasion-du-lancement-de-la-campagne-electorale\/","og_site_name":"Le Patriote","article_published_time":"2026-03-27T04:01:25+00:00","og_image":[{"width":1300,"height":856,"url":"https:\/\/lepatriotebenin.com\/wp-content\/uploads\/2026\/03\/sacca-lafia.webp","type":"image\/webp"}],"author":"Redaction","twitter_card":"summary_large_image","twitter_misc":{"\u00c9crit par":"Redaction","Dur\u00e9e de lecture estim\u00e9e":"1 minute"},"schema":{"@context":"https:\/\/schema.org","@graph":[{"@type":"Article","@id":"https:\/\/lepatriotebenin.com\/index.php\/2026\/03\/27\/presidentielle-2026-discours-de-sacca-lafia-a-loccasion-du-lancement-de-la-campagne-electorale\/#article","isPartOf":{"@id":"https:\/\/lepatriotebenin.com\/index.php\/2026\/03\/27\/presidentielle-2026-discours-de-sacca-lafia-a-loccasion-du-lancement-de-la-campagne-electorale\/"},"author":{"name":"Redaction","@id":"https:\/\/lepatriotebenin.com\/#\/schema\/person\/2e7709b9c9cc313e452d1136af61690f"},"headline":"Pr\u00e9sidentielle 2026 : Discours de Sacca Lafia \u00e0 l&rsquo;occasion du lancement de la campagne \u00e9lectorale","datePublished":"2026-03-27T04:01:25+00:00","mainEntityOfPage":{"@id":"https:\/\/lepatriotebenin.com\/index.php\/2026\/03\/27\/presidentielle-2026-discours-de-sacca-lafia-a-loccasion-du-lancement-de-la-campagne-electorale\/"},"wordCount":14,"commentCount":0,"image":{"@id":"https:\/\/lepatriotebenin.com\/index.php\/2026\/03\/27\/presidentielle-2026-discours-de-sacca-lafia-a-loccasion-du-lancement-de-la-campagne-electorale\/#primaryimage"},"thumbnailUrl":"https:\/\/lepatriotebenin.com\/wp-content\/uploads\/2026\/03\/sacca-lafia.webp","articleSection":["Politique"],"inLanguage":"fr-FR","potentialAction":[{"@type":"CommentAction","name":"Comment","target":["https:\/\/lepatriotebenin.com\/index.php\/2026\/03\/27\/presidentielle-2026-discours-de-sacca-lafia-a-loccasion-du-lancement-de-la-campagne-electorale\/#respond"]}]},{"@type":"WebPage","@id":"https:\/\/lepatriotebenin.com\/index.php\/2026\/03\/27\/presidentielle-2026-discours-de-sacca-lafia-a-loccasion-du-lancement-de-la-campagne-electorale\/","url":"https:\/\/lepatriotebenin.com\/index.php\/2026\/03\/27\/presidentielle-2026-discours-de-sacca-lafia-a-loccasion-du-lancement-de-la-campagne-electorale\/","name":"Pr\u00e9sidentielle 2026 : Discours de Sacca Lafia \u00e0 l'occasion du lancement de la campagne \u00e9lectorale - Le Patriote","isPartOf":{"@id":"https:\/\/lepatriotebenin.com\/#website"},"primaryImageOfPage":{"@id":"https:\/\/lepatriotebenin.com\/index.php\/2026\/03\/27\/presidentielle-2026-discours-de-sacca-lafia-a-loccasion-du-lancement-de-la-campagne-electorale\/#primaryimage"},"image":{"@id":"https:\/\/lepatriotebenin.com\/index.php\/2026\/03\/27\/presidentielle-2026-discours-de-sacca-lafia-a-loccasion-du-lancement-de-la-campagne-electorale\/#primaryimage"},"thumbnailUrl":"https:\/\/lepatriotebenin.com\/wp-content\/uploads\/2026\/03\/sacca-lafia.webp","datePublished":"2026-03-27T04:01:25+00:00","author":{"@id":"https:\/\/lepatriotebenin.com\/#\/schema\/person\/2e7709b9c9cc313e452d1136af61690f"},"breadcrumb":{"@id":"https:\/\/lepatriotebenin.com\/index.php\/2026\/03\/27\/presidentielle-2026-discours-de-sacca-lafia-a-loccasion-du-lancement-de-la-campagne-electorale\/#breadcrumb"},"inLanguage":"fr-FR","potentialAction":[{"@type":"ReadAction","target":["https:\/\/lepatriotebenin.com\/index.php\/2026\/03\/27\/presidentielle-2026-discours-de-sacca-lafia-a-loccasion-du-lancement-de-la-campagne-electorale\/"]}]},{"@type":"ImageObject","inLanguage":"fr-FR","@id":"https:\/\/lepatriotebenin.com\/index.php\/2026\/03\/27\/presidentielle-2026-discours-de-sacca-lafia-a-loccasion-du-lancement-de-la-campagne-electorale\/#primaryimage","url":"https:\/\/lepatriotebenin.com\/wp-content\/uploads\/2026\/03\/sacca-lafia.webp","contentUrl":"https:\/\/lepatriotebenin.com\/wp-content\/uploads\/2026\/03\/sacca-lafia.webp","width":1300,"height":856},{"@type":"BreadcrumbList","@id":"https:\/\/lepatriotebenin.com\/index.php\/2026\/03\/27\/presidentielle-2026-discours-de-sacca-lafia-a-loccasion-du-lancement-de-la-campagne-electorale\/#breadcrumb","itemListElement":[{"@type":"ListItem","position":1,"name":"Accueil","item":"https:\/\/lepatriotebenin.com\/"},{"@type":"ListItem","position":2,"name":"Pr\u00e9sidentielle 2026 : Discours de Sacca Lafia \u00e0 l&rsquo;occasion du lancement de la campagne \u00e9lectorale"}]},{"@type":"WebSite","@id":"https:\/\/lepatriotebenin.com\/#website","url":"https:\/\/lepatriotebenin.com\/","name":"Le Patriote","description":"Le Patriote B\u00e9nin","potentialAction":[{"@type":"SearchAction","target":{"@type":"EntryPoint","urlTemplate":"https:\/\/lepatriotebenin.com\/?s={search_term_string}"},"query-input":{"@type":"PropertyValueSpecification","valueRequired":true,"valueName":"search_term_string"}}],"inLanguage":"fr-FR"},{"@type":"Person","@id":"https:\/\/lepatriotebenin.com\/#\/schema\/person\/2e7709b9c9cc313e452d1136af61690f","name":"Redaction","image":{"@type":"ImageObject","inLanguage":"fr-FR","@id":"https:\/\/secure.gravatar.com\/avatar\/c4c509357859ea2ca2cbb6d8812898a73e4ef1ef9934c2e591d7e32face734d1?s=96&d=mm&r=g","url":"https:\/\/secure.gravatar.com\/avatar\/c4c509357859ea2ca2cbb6d8812898a73e4ef1ef9934c2e591d7e32face734d1?s=96&d=mm&r=g","contentUrl":"https:\/\/secure.gravatar.com\/avatar\/c4c509357859ea2ca2cbb6d8812898a73e4ef1ef9934c2e591d7e32face734d1?s=96&d=mm&r=g","caption":"Redaction"},"url":"https:\/\/lepatriotebenin.com"}]}},"_links":{"self":[{"href":"https:\/\/lepatriotebenin.com\/index.php\/wp-json\/wp\/v2\/posts\/18094","targetHints":{"allow":["GET"]}}],"collection":[{"href":"https:\/\/lepatriotebenin.com\/index.php\/wp-json\/wp\/v2\/posts"}],"about":[{"href":"https:\/\/lepatriotebenin.com\/index.php\/wp-json\/wp\/v2\/types\/post"}],"author":[{"embeddable":true,"href":"https:\/\/lepatriotebenin.com\/index.php\/wp-json\/wp\/v2\/users\/5"}],"replies":[{"embeddable":true,"href":"https:\/\/lepatriotebenin.com\/index.php\/wp-json\/wp\/v2\/comments?post=18094"}],"version-history":[{"count":1,"href":"https:\/\/lepatriotebenin.com\/index.php\/wp-json\/wp\/v2\/posts\/18094\/revisions"}],"predecessor-version":[{"id":18098,"href":"https:\/\/lepatriotebenin.com\/index.php\/wp-json\/wp\/v2\/posts\/18094\/revisions\/18098"}],"wp:featuredmedia":[{"embeddable":true,"href":"https:\/\/lepatriotebenin.com\/index.php\/wp-json\/wp\/v2\/media\/18097"}],"wp:attachment":[{"href":"https:\/\/lepatriotebenin.com\/index.php\/wp-json\/wp\/v2\/media?parent=18094"}],"wp:term":[{"taxonomy":"category","embeddable":true,"href":"https:\/\/lepatriotebenin.com\/index.php\/wp-json\/wp\/v2\/categories?post=18094"},{"taxonomy":"post_tag","embeddable":true,"href":"https:\/\/lepatriotebenin.com\/index.php\/wp-json\/wp\/v2\/tags?post=18094"}],"curies":[{"name":"wp","href":"https:\/\/api.w.org\/{rel}","templated":true}]}}