{"id":18077,"date":"2026-03-26T08:57:36","date_gmt":"2026-03-26T07:57:36","guid":{"rendered":"https:\/\/lepatriotebenin.com\/?p=18077"},"modified":"2026-03-26T08:59:24","modified_gmt":"2026-03-26T07:59:24","slug":"presidentielle-de-2016-dr-guy-mitokpe-accorde-son-soutien-a-wadagni","status":"publish","type":"post","link":"https:\/\/lepatriotebenin.com\/index.php\/2026\/03\/26\/presidentielle-de-2016-dr-guy-mitokpe-accorde-son-soutien-a-wadagni\/","title":{"rendered":"Pr\u00e9sidentielle de 2016 : Dr. Guy Mitokp\u00e8 accorde son soutien \u00e0  Wadagni"},"content":{"rendered":"<p>Apr\u00e8s sa d\u00e9mission du Parti Les D\u00e9mocrates\u00a0 dans la soir\u00e9e\u00a0 du dimanche 22 Mars dernier, l&rsquo;ex patron de la Communication des LD s&rsquo;est ralli\u00e9 ce mercredi 25 Mars 2026 au duo candidat \u00e0 la pr\u00e9sidentielle, Wadagni-Talata. Devant un parterre de militants\u00a0 et personnalit\u00e9s politiques, le d\u00e9put\u00e9 honoraire \u00e0 rendu publique une d\u00e9claration emprunte d&rsquo;\u00e9loge adress\u00e9e \u00e0\u00a0 l&rsquo;argentier candidat, d&rsquo;engagement pour la mobilisation g\u00e9n\u00e9rale autour du candidat et de reconnaissance non seulement \u00e0\u00a0 son ancien parti mais aussi et surtout \u00e0 ceux gr\u00e2ce \u00e0\u00a0 qui en faisant chemin commun avec eux, il a pu arriver \u00e0\u00a0 cette \u00e9tape de la politique. Dans son adresse, Guy Mitokp\u00e8\u00a0 reconna\u00eet les valeurs, talents et comp\u00e9tences de Romuald Wadagni\u00a0 qui, par son projet de soci\u00e9t\u00e9\u00a0 l&rsquo;a s\u00e9duit au regard des promesses et engagements qui s&rsquo;y figurent.<\/p>\n<p>Pour la pr\u00e9sidentielle d&rsquo;Avril 2026, son ancien parti politique n&rsquo;ayant pas pu avoir de candidat, l&rsquo;honorable Guy Mitokp\u00e8\u00a0 refuse de renier le B\u00e9nin, de c\u00e9der \u00e0 la politique de la terre br\u00fbl\u00e9e ou lancer une patoise contre son propre pays. C&rsquo;est pour cela qu&rsquo;en suivant la pr\u00e9sentation du projet de soci\u00e9t\u00e9\u00a0 de Romuald Wadagni,\u00a0 et surtout au regard de ce que contient ce projet brillamment pr\u00e9sent\u00e9 en 30 minutes il y a quelques jours, Guy Mitokp\u00e8\u00a0 rallie la cause et appelle \u00e0\u00a0 la mobilisation g\u00e9n\u00e9rale pour un vote massif en faveur de son candidat.<\/p>\n<p>&lt;&lt; J&rsquo;ai observ\u00e9, j&rsquo;ai analys\u00e9, j&rsquo;ai scrut\u00e9, et lors de la pr\u00e9sentation du projet de soci\u00e9t\u00e9 du candidat Romuald Wadagni,\u00a0 j&rsquo;ai vu un homme de clart\u00e9,\u00a0 un homme qui a la ma\u00eetrise de ses dossiers. J&rsquo;ai vu un homme de vision ce jour&#8230;.Nous avons \u00e9t\u00e9 s\u00e9duit par son audace et son pragmatisme &gt;&gt;, d\u00e9clare Guy Mitokp\u00e8\u00a0 qui dans sa nouvelle aventure politique, a r\u00e9ussi \u00e0 se faire accompagner par les ex coordonnateurs LD de sa circonscription \u00e9lectorale. Mais, le plus heureux et plus combl\u00e9 des jeunes ayant accueilli le Dr Guy Mitokp\u00e8 dans la mouvance pr\u00e9sidentielle aux cot\u00e9s\u00a0 de Romuald Wadagni,\u00a0 c&rsquo;est le docteur Ars\u00e8ne Yaovi. Pour ce\u00a0 conseiller communal d&rsquo;Abomey-Calavi, Guy Mitokp\u00e8\u00a0 qu&rsquo;il appelle le leader de la jeunesse b\u00e9ninoise est une valeur dont les jeunes doivent s&rsquo;inspirer pour \u00e9merger politiquement.<\/p>\n<p>Aussi convient-il de souligner, la c\u00e9r\u00e9monie de d\u00e9claration de soutien de l&rsquo;ex Secr\u00e9taire national \u00e0\u00a0 la Communication (Snc) du parti Les D\u00e9mocrates \u00e0\u00a0 Romuald Wadagni, a vu la participation de plusieurs mouvements politiques soutenant le duo de la mouvance. C&rsquo;\u00e9tait \u00e0\u00a0 l&rsquo;espace Divine Plus, \u00e0\u00a0 l&rsquo;\u00e9toile rouge \u00e0\u00a0 Cotonou.<\/p>\n<p><img fetchpriority=\"high\" decoding=\"async\" class=\"alignnone size-medium wp-image-18078\" src=\"https:\/\/lepatriotebenin.com\/wp-content\/uploads\/2026\/03\/guy-1-a-300x225.jpeg\" alt=\"\" width=\"300\" height=\"225\" srcset=\"https:\/\/lepatriotebenin.com\/wp-content\/uploads\/2026\/03\/guy-1-a-300x225.jpeg 300w, https:\/\/lepatriotebenin.com\/wp-content\/uploads\/2026\/03\/guy-1-a-768x576.jpeg 768w, https:\/\/lepatriotebenin.com\/wp-content\/uploads\/2026\/03\/guy-1-a-585x439.jpeg 585w, https:\/\/lepatriotebenin.com\/wp-content\/uploads\/2026\/03\/guy-1-a.jpeg 1000w\" sizes=\"(max-width: 300px) 100vw, 300px\" \/><\/p>\n","protected":false},"excerpt":{"rendered":"<p>Apr\u00e8s sa d\u00e9mission du Parti Les D\u00e9mocrates\u00a0 dans la soir\u00e9e\u00a0 du dimanche 22 Mars dernier, l&rsquo;ex patron de la Communication des LD s&rsquo;est ralli\u00e9 ce mercredi 25 Mars 2026 au&hellip;<\/p>\n","protected":false},"author":12,"featured_media":18079,"comment_status":"open","ping_status":"open","sticky":false,"template":"","format":"standard","meta":{"content-type":"","om_disable_all_campaigns":false,"_monsterinsights_skip_tracking":false,"_monsterinsights_sitenote_active":false,"_monsterinsights_sitenote_note":"","_monsterinsights_sitenote_category":0,"_uf_show_specific_survey":0,"_uf_disable_surveys":false,"footnotes":""},"categories":[26],"tags":[],"class_list":["post-18077","post","type-post","status-publish","format-standard","has-post-thumbnail","hentry","category-politique"],"aioseo_notices":[],"yoast_head":"<!-- This site is optimized with the Yoast SEO plugin v27.5 - https:\/\/yoast.com\/product\/yoast-seo-wordpress\/ -->\n<title>Pr\u00e9sidentielle de 2016 : Dr. Guy Mitokp\u00e8 accorde son soutien \u00e0 Wadagni - Le Patriote<\/title>\n<meta name=\"robots\" content=\"index, follow, max-snippet:-1, max-image-preview:large, max-video-preview:-1\" \/>\n<link rel=\"canonical\" href=\"https:\/\/lepatriotebenin.com\/index.php\/2026\/03\/26\/presidentielle-de-2016-dr-guy-mitokpe-accorde-son-soutien-a-wadagni\/\" \/>\n<meta property=\"og:locale\" content=\"fr_FR\" \/>\n<meta property=\"og:type\" content=\"article\" \/>\n<meta property=\"og:title\" content=\"Pr\u00e9sidentielle de 2016 : Dr. Guy Mitokp\u00e8 accorde son soutien \u00e0 Wadagni - Le Patriote\" \/>\n<meta property=\"og:description\" content=\"Apr\u00e8s sa d\u00e9mission du Parti Les D\u00e9mocrates\u00a0 dans la soir\u00e9e\u00a0 du dimanche 22 Mars dernier, l&rsquo;ex patron de la Communication des LD s&rsquo;est ralli\u00e9 ce mercredi 25 Mars 2026 au&hellip;\" \/>\n<meta property=\"og:url\" content=\"https:\/\/lepatriotebenin.com\/index.php\/2026\/03\/26\/presidentielle-de-2016-dr-guy-mitokpe-accorde-son-soutien-a-wadagni\/\" \/>\n<meta property=\"og:site_name\" content=\"Le Patriote\" \/>\n<meta property=\"article:published_time\" content=\"2026-03-26T07:57:36+00:00\" \/>\n<meta property=\"article:modified_time\" content=\"2026-03-26T07:59:24+00:00\" \/>\n<meta property=\"og:image\" content=\"https:\/\/lepatriotebenin.com\/wp-content\/uploads\/2026\/03\/guy-a.jpeg\" \/>\n\t<meta property=\"og:image:width\" content=\"1000\" \/>\n\t<meta property=\"og:image:height\" content=\"750\" \/>\n\t<meta property=\"og:image:type\" content=\"image\/jpeg\" \/>\n<meta name=\"author\" content=\"Comlan Paul ODAH\" \/>\n<meta name=\"twitter:card\" content=\"summary_large_image\" \/>\n<meta name=\"twitter:label1\" content=\"\u00c9crit par\" \/>\n\t<meta name=\"twitter:data1\" content=\"Comlan Paul ODAH\" \/>\n\t<meta name=\"twitter:label2\" content=\"Dur\u00e9e de lecture estim\u00e9e\" \/>\n\t<meta name=\"twitter:data2\" content=\"3 minutes\" \/>\n<script type=\"application\/ld+json\" class=\"yoast-schema-graph\">{\"@context\":\"https:\\\/\\\/schema.org\",\"@graph\":[{\"@type\":\"Article\",\"@id\":\"https:\\\/\\\/lepatriotebenin.com\\\/index.php\\\/2026\\\/03\\\/26\\\/presidentielle-de-2016-dr-guy-mitokpe-accorde-son-soutien-a-wadagni\\\/#article\",\"isPartOf\":{\"@id\":\"https:\\\/\\\/lepatriotebenin.com\\\/index.php\\\/2026\\\/03\\\/26\\\/presidentielle-de-2016-dr-guy-mitokpe-accorde-son-soutien-a-wadagni\\\/\"},\"author\":{\"name\":\"Comlan Paul ODAH\",\"@id\":\"https:\\\/\\\/lepatriotebenin.com\\\/#\\\/schema\\\/person\\\/6486fa44ec286eee49816deb241bcbbf\"},\"headline\":\"Pr\u00e9sidentielle de 2016 : Dr. Guy Mitokp\u00e8 accorde son soutien \u00e0 Wadagni\",\"datePublished\":\"2026-03-26T07:57:36+00:00\",\"dateModified\":\"2026-03-26T07:59:24+00:00\",\"mainEntityOfPage\":{\"@id\":\"https:\\\/\\\/lepatriotebenin.com\\\/index.php\\\/2026\\\/03\\\/26\\\/presidentielle-de-2016-dr-guy-mitokpe-accorde-son-soutien-a-wadagni\\\/\"},\"wordCount\":465,\"commentCount\":0,\"image\":{\"@id\":\"https:\\\/\\\/lepatriotebenin.com\\\/index.php\\\/2026\\\/03\\\/26\\\/presidentielle-de-2016-dr-guy-mitokpe-accorde-son-soutien-a-wadagni\\\/#primaryimage\"},\"thumbnailUrl\":\"https:\\\/\\\/lepatriotebenin.com\\\/wp-content\\\/uploads\\\/2026\\\/03\\\/guy-a.jpeg\",\"articleSection\":[\"Politique\"],\"inLanguage\":\"fr-FR\",\"potentialAction\":[{\"@type\":\"CommentAction\",\"name\":\"Comment\",\"target\":[\"https:\\\/\\\/lepatriotebenin.com\\\/index.php\\\/2026\\\/03\\\/26\\\/presidentielle-de-2016-dr-guy-mitokpe-accorde-son-soutien-a-wadagni\\\/#respond\"]}]},{\"@type\":\"WebPage\",\"@id\":\"https:\\\/\\\/lepatriotebenin.com\\\/index.php\\\/2026\\\/03\\\/26\\\/presidentielle-de-2016-dr-guy-mitokpe-accorde-son-soutien-a-wadagni\\\/\",\"url\":\"https:\\\/\\\/lepatriotebenin.com\\\/index.php\\\/2026\\\/03\\\/26\\\/presidentielle-de-2016-dr-guy-mitokpe-accorde-son-soutien-a-wadagni\\\/\",\"name\":\"Pr\u00e9sidentielle de 2016 : Dr. Guy Mitokp\u00e8 accorde son soutien \u00e0 Wadagni - Le Patriote\",\"isPartOf\":{\"@id\":\"https:\\\/\\\/lepatriotebenin.com\\\/#website\"},\"primaryImageOfPage\":{\"@id\":\"https:\\\/\\\/lepatriotebenin.com\\\/index.php\\\/2026\\\/03\\\/26\\\/presidentielle-de-2016-dr-guy-mitokpe-accorde-son-soutien-a-wadagni\\\/#primaryimage\"},\"image\":{\"@id\":\"https:\\\/\\\/lepatriotebenin.com\\\/index.php\\\/2026\\\/03\\\/26\\\/presidentielle-de-2016-dr-guy-mitokpe-accorde-son-soutien-a-wadagni\\\/#primaryimage\"},\"thumbnailUrl\":\"https:\\\/\\\/lepatriotebenin.com\\\/wp-content\\\/uploads\\\/2026\\\/03\\\/guy-a.jpeg\",\"datePublished\":\"2026-03-26T07:57:36+00:00\",\"dateModified\":\"2026-03-26T07:59:24+00:00\",\"author\":{\"@id\":\"https:\\\/\\\/lepatriotebenin.com\\\/#\\\/schema\\\/person\\\/6486fa44ec286eee49816deb241bcbbf\"},\"breadcrumb\":{\"@id\":\"https:\\\/\\\/lepatriotebenin.com\\\/index.php\\\/2026\\\/03\\\/26\\\/presidentielle-de-2016-dr-guy-mitokpe-accorde-son-soutien-a-wadagni\\\/#breadcrumb\"},\"inLanguage\":\"fr-FR\",\"potentialAction\":[{\"@type\":\"ReadAction\",\"target\":[\"https:\\\/\\\/lepatriotebenin.com\\\/index.php\\\/2026\\\/03\\\/26\\\/presidentielle-de-2016-dr-guy-mitokpe-accorde-son-soutien-a-wadagni\\\/\"]}]},{\"@type\":\"ImageObject\",\"inLanguage\":\"fr-FR\",\"@id\":\"https:\\\/\\\/lepatriotebenin.com\\\/index.php\\\/2026\\\/03\\\/26\\\/presidentielle-de-2016-dr-guy-mitokpe-accorde-son-soutien-a-wadagni\\\/#primaryimage\",\"url\":\"https:\\\/\\\/lepatriotebenin.com\\\/wp-content\\\/uploads\\\/2026\\\/03\\\/guy-a.jpeg\",\"contentUrl\":\"https:\\\/\\\/lepatriotebenin.com\\\/wp-content\\\/uploads\\\/2026\\\/03\\\/guy-a.jpeg\",\"width\":1000,\"height\":750},{\"@type\":\"BreadcrumbList\",\"@id\":\"https:\\\/\\\/lepatriotebenin.com\\\/index.php\\\/2026\\\/03\\\/26\\\/presidentielle-de-2016-dr-guy-mitokpe-accorde-son-soutien-a-wadagni\\\/#breadcrumb\",\"itemListElement\":[{\"@type\":\"ListItem\",\"position\":1,\"name\":\"Accueil\",\"item\":\"https:\\\/\\\/lepatriotebenin.com\\\/\"},{\"@type\":\"ListItem\",\"position\":2,\"name\":\"Pr\u00e9sidentielle de 2016 : Dr. Guy Mitokp\u00e8 accorde son soutien \u00e0 Wadagni\"}]},{\"@type\":\"WebSite\",\"@id\":\"https:\\\/\\\/lepatriotebenin.com\\\/#website\",\"url\":\"https:\\\/\\\/lepatriotebenin.com\\\/\",\"name\":\"Le Patriote\",\"description\":\"Le Patriote B\u00e9nin\",\"potentialAction\":[{\"@type\":\"SearchAction\",\"target\":{\"@type\":\"EntryPoint\",\"urlTemplate\":\"https:\\\/\\\/lepatriotebenin.com\\\/?s={search_term_string}\"},\"query-input\":{\"@type\":\"PropertyValueSpecification\",\"valueRequired\":true,\"valueName\":\"search_term_string\"}}],\"inLanguage\":\"fr-FR\"},{\"@type\":\"Person\",\"@id\":\"https:\\\/\\\/lepatriotebenin.com\\\/#\\\/schema\\\/person\\\/6486fa44ec286eee49816deb241bcbbf\",\"name\":\"Comlan Paul ODAH\",\"image\":{\"@type\":\"ImageObject\",\"inLanguage\":\"fr-FR\",\"@id\":\"https:\\\/\\\/secure.gravatar.com\\\/avatar\\\/c45cf8a86d3cde8c562d63858f4ea8947664bd10708ad75990c2938897d9dbe1?s=96&d=mm&r=g\",\"url\":\"https:\\\/\\\/secure.gravatar.com\\\/avatar\\\/c45cf8a86d3cde8c562d63858f4ea8947664bd10708ad75990c2938897d9dbe1?s=96&d=mm&r=g\",\"contentUrl\":\"https:\\\/\\\/secure.gravatar.com\\\/avatar\\\/c45cf8a86d3cde8c562d63858f4ea8947664bd10708ad75990c2938897d9dbe1?s=96&d=mm&r=g\",\"caption\":\"Comlan Paul ODAH\"},\"url\":\"https:\\\/\\\/lepatriotebenin.com\"}]}<\/script>\n<!-- \/ Yoast SEO plugin. -->","yoast_head_json":{"title":"Pr\u00e9sidentielle de 2016 : Dr. Guy Mitokp\u00e8 accorde son soutien \u00e0 Wadagni - Le Patriote","robots":{"index":"index","follow":"follow","max-snippet":"max-snippet:-1","max-image-preview":"max-image-preview:large","max-video-preview":"max-video-preview:-1"},"canonical":"https:\/\/lepatriotebenin.com\/index.php\/2026\/03\/26\/presidentielle-de-2016-dr-guy-mitokpe-accorde-son-soutien-a-wadagni\/","og_locale":"fr_FR","og_type":"article","og_title":"Pr\u00e9sidentielle de 2016 : Dr. Guy Mitokp\u00e8 accorde son soutien \u00e0 Wadagni - Le Patriote","og_description":"Apr\u00e8s sa d\u00e9mission du Parti Les D\u00e9mocrates\u00a0 dans la soir\u00e9e\u00a0 du dimanche 22 Mars dernier, l&rsquo;ex patron de la Communication des LD s&rsquo;est ralli\u00e9 ce mercredi 25 Mars 2026 au&hellip;","og_url":"https:\/\/lepatriotebenin.com\/index.php\/2026\/03\/26\/presidentielle-de-2016-dr-guy-mitokpe-accorde-son-soutien-a-wadagni\/","og_site_name":"Le Patriote","article_published_time":"2026-03-26T07:57:36+00:00","article_modified_time":"2026-03-26T07:59:24+00:00","og_image":[{"width":1000,"height":750,"url":"https:\/\/lepatriotebenin.com\/wp-content\/uploads\/2026\/03\/guy-a.jpeg","type":"image\/jpeg"}],"author":"Comlan Paul ODAH","twitter_card":"summary_large_image","twitter_misc":{"\u00c9crit par":"Comlan Paul ODAH","Dur\u00e9e de lecture estim\u00e9e":"3 minutes"},"schema":{"@context":"https:\/\/schema.org","@graph":[{"@type":"Article","@id":"https:\/\/lepatriotebenin.com\/index.php\/2026\/03\/26\/presidentielle-de-2016-dr-guy-mitokpe-accorde-son-soutien-a-wadagni\/#article","isPartOf":{"@id":"https:\/\/lepatriotebenin.com\/index.php\/2026\/03\/26\/presidentielle-de-2016-dr-guy-mitokpe-accorde-son-soutien-a-wadagni\/"},"author":{"name":"Comlan Paul ODAH","@id":"https:\/\/lepatriotebenin.com\/#\/schema\/person\/6486fa44ec286eee49816deb241bcbbf"},"headline":"Pr\u00e9sidentielle de 2016 : Dr. Guy Mitokp\u00e8 accorde son soutien \u00e0 Wadagni","datePublished":"2026-03-26T07:57:36+00:00","dateModified":"2026-03-26T07:59:24+00:00","mainEntityOfPage":{"@id":"https:\/\/lepatriotebenin.com\/index.php\/2026\/03\/26\/presidentielle-de-2016-dr-guy-mitokpe-accorde-son-soutien-a-wadagni\/"},"wordCount":465,"commentCount":0,"image":{"@id":"https:\/\/lepatriotebenin.com\/index.php\/2026\/03\/26\/presidentielle-de-2016-dr-guy-mitokpe-accorde-son-soutien-a-wadagni\/#primaryimage"},"thumbnailUrl":"https:\/\/lepatriotebenin.com\/wp-content\/uploads\/2026\/03\/guy-a.jpeg","articleSection":["Politique"],"inLanguage":"fr-FR","potentialAction":[{"@type":"CommentAction","name":"Comment","target":["https:\/\/lepatriotebenin.com\/index.php\/2026\/03\/26\/presidentielle-de-2016-dr-guy-mitokpe-accorde-son-soutien-a-wadagni\/#respond"]}]},{"@type":"WebPage","@id":"https:\/\/lepatriotebenin.com\/index.php\/2026\/03\/26\/presidentielle-de-2016-dr-guy-mitokpe-accorde-son-soutien-a-wadagni\/","url":"https:\/\/lepatriotebenin.com\/index.php\/2026\/03\/26\/presidentielle-de-2016-dr-guy-mitokpe-accorde-son-soutien-a-wadagni\/","name":"Pr\u00e9sidentielle de 2016 : Dr. Guy Mitokp\u00e8 accorde son soutien \u00e0 Wadagni - Le Patriote","isPartOf":{"@id":"https:\/\/lepatriotebenin.com\/#website"},"primaryImageOfPage":{"@id":"https:\/\/lepatriotebenin.com\/index.php\/2026\/03\/26\/presidentielle-de-2016-dr-guy-mitokpe-accorde-son-soutien-a-wadagni\/#primaryimage"},"image":{"@id":"https:\/\/lepatriotebenin.com\/index.php\/2026\/03\/26\/presidentielle-de-2016-dr-guy-mitokpe-accorde-son-soutien-a-wadagni\/#primaryimage"},"thumbnailUrl":"https:\/\/lepatriotebenin.com\/wp-content\/uploads\/2026\/03\/guy-a.jpeg","datePublished":"2026-03-26T07:57:36+00:00","dateModified":"2026-03-26T07:59:24+00:00","author":{"@id":"https:\/\/lepatriotebenin.com\/#\/schema\/person\/6486fa44ec286eee49816deb241bcbbf"},"breadcrumb":{"@id":"https:\/\/lepatriotebenin.com\/index.php\/2026\/03\/26\/presidentielle-de-2016-dr-guy-mitokpe-accorde-son-soutien-a-wadagni\/#breadcrumb"},"inLanguage":"fr-FR","potentialAction":[{"@type":"ReadAction","target":["https:\/\/lepatriotebenin.com\/index.php\/2026\/03\/26\/presidentielle-de-2016-dr-guy-mitokpe-accorde-son-soutien-a-wadagni\/"]}]},{"@type":"ImageObject","inLanguage":"fr-FR","@id":"https:\/\/lepatriotebenin.com\/index.php\/2026\/03\/26\/presidentielle-de-2016-dr-guy-mitokpe-accorde-son-soutien-a-wadagni\/#primaryimage","url":"https:\/\/lepatriotebenin.com\/wp-content\/uploads\/2026\/03\/guy-a.jpeg","contentUrl":"https:\/\/lepatriotebenin.com\/wp-content\/uploads\/2026\/03\/guy-a.jpeg","width":1000,"height":750},{"@type":"BreadcrumbList","@id":"https:\/\/lepatriotebenin.com\/index.php\/2026\/03\/26\/presidentielle-de-2016-dr-guy-mitokpe-accorde-son-soutien-a-wadagni\/#breadcrumb","itemListElement":[{"@type":"ListItem","position":1,"name":"Accueil","item":"https:\/\/lepatriotebenin.com\/"},{"@type":"ListItem","position":2,"name":"Pr\u00e9sidentielle de 2016 : Dr. Guy Mitokp\u00e8 accorde son soutien \u00e0 Wadagni"}]},{"@type":"WebSite","@id":"https:\/\/lepatriotebenin.com\/#website","url":"https:\/\/lepatriotebenin.com\/","name":"Le Patriote","description":"Le Patriote B\u00e9nin","potentialAction":[{"@type":"SearchAction","target":{"@type":"EntryPoint","urlTemplate":"https:\/\/lepatriotebenin.com\/?s={search_term_string}"},"query-input":{"@type":"PropertyValueSpecification","valueRequired":true,"valueName":"search_term_string"}}],"inLanguage":"fr-FR"},{"@type":"Person","@id":"https:\/\/lepatriotebenin.com\/#\/schema\/person\/6486fa44ec286eee49816deb241bcbbf","name":"Comlan Paul ODAH","image":{"@type":"ImageObject","inLanguage":"fr-FR","@id":"https:\/\/secure.gravatar.com\/avatar\/c45cf8a86d3cde8c562d63858f4ea8947664bd10708ad75990c2938897d9dbe1?s=96&d=mm&r=g","url":"https:\/\/secure.gravatar.com\/avatar\/c45cf8a86d3cde8c562d63858f4ea8947664bd10708ad75990c2938897d9dbe1?s=96&d=mm&r=g","contentUrl":"https:\/\/secure.gravatar.com\/avatar\/c45cf8a86d3cde8c562d63858f4ea8947664bd10708ad75990c2938897d9dbe1?s=96&d=mm&r=g","caption":"Comlan Paul ODAH"},"url":"https:\/\/lepatriotebenin.com"}]}},"_links":{"self":[{"href":"https:\/\/lepatriotebenin.com\/index.php\/wp-json\/wp\/v2\/posts\/18077","targetHints":{"allow":["GET"]}}],"collection":[{"href":"https:\/\/lepatriotebenin.com\/index.php\/wp-json\/wp\/v2\/posts"}],"about":[{"href":"https:\/\/lepatriotebenin.com\/index.php\/wp-json\/wp\/v2\/types\/post"}],"author":[{"embeddable":true,"href":"https:\/\/lepatriotebenin.com\/index.php\/wp-json\/wp\/v2\/users\/12"}],"replies":[{"embeddable":true,"href":"https:\/\/lepatriotebenin.com\/index.php\/wp-json\/wp\/v2\/comments?post=18077"}],"version-history":[{"count":1,"href":"https:\/\/lepatriotebenin.com\/index.php\/wp-json\/wp\/v2\/posts\/18077\/revisions"}],"predecessor-version":[{"id":18080,"href":"https:\/\/lepatriotebenin.com\/index.php\/wp-json\/wp\/v2\/posts\/18077\/revisions\/18080"}],"wp:featuredmedia":[{"embeddable":true,"href":"https:\/\/lepatriotebenin.com\/index.php\/wp-json\/wp\/v2\/media\/18079"}],"wp:attachment":[{"href":"https:\/\/lepatriotebenin.com\/index.php\/wp-json\/wp\/v2\/media?parent=18077"}],"wp:term":[{"taxonomy":"category","embeddable":true,"href":"https:\/\/lepatriotebenin.com\/index.php\/wp-json\/wp\/v2\/categories?post=18077"},{"taxonomy":"post_tag","embeddable":true,"href":"https:\/\/lepatriotebenin.com\/index.php\/wp-json\/wp\/v2\/tags?post=18077"}],"curies":[{"name":"wp","href":"https:\/\/api.w.org\/{rel}","templated":true}]}}