{"id":18059,"date":"2026-03-25T05:48:15","date_gmt":"2026-03-25T04:48:15","guid":{"rendered":"https:\/\/lepatriotebenin.com\/?p=18059"},"modified":"2026-03-25T05:52:18","modified_gmt":"2026-03-25T04:52:18","slug":"bilan-economique-sous-la-rupture-le-benin-dans-une-frenesie-dendettement","status":"publish","type":"post","link":"https:\/\/lepatriotebenin.com\/index.php\/2026\/03\/25\/bilan-economique-sous-la-rupture-le-benin-dans-une-frenesie-dendettement\/","title":{"rendered":"Bilan \u00e9conomique sous la rupture :  Le B\u00e9nin dans une fr\u00e9n\u00e9sie d\u2019endettement"},"content":{"rendered":"<p>&lt;&lt;<strong> Chaque enfant qui nait aujourd&rsquo;hui\u00a0 au B\u00e9nin h\u00e9rite d\u00e9j\u00e0\u00a0 d&rsquo;une dette de plus de 500.000 Francs Cfa &gt;&gt;, d\u00e9clare Daniel Edah, pr\u00e9sident du mouvement politique NOUS LE FERONS, et une des plus embl\u00e9matiques figures de l&rsquo;opposition au r\u00e9gime du pr\u00e9sident Patrice Talon. Cette d\u00e9claration loin d&rsquo;\u00eatre anodine ou alarmiste r\u00e9v\u00e8le\u00a0 le degr\u00e9 d&rsquo;endettement du B\u00e9nin ces 10 derni\u00e8res ann\u00e9es.\u00a0 Des emprunts obligataires aux eurobonds, le B\u00e9nin \u00e0 accru ses derni\u00e8res ann\u00e9es\u00a0 sa fr\u00e9quence de pr\u00eats qui a fini par multiplier drastiquement sa dette cumul\u00e9e entre 1990 et\u00a0 2016.<\/strong><\/p>\n<p>Au 31 D\u00e9cembre 2016, avant la prise du pouvoir du pr\u00e9sident Patrice Talon, la dette publique de B\u00e9nin \u00e9tait estim\u00e9e \u00e0\u00a0 2.101,17 milliards de francs Fca repr\u00e9sentant environ 42% du PIB selon Financial Afrik, Cette dette \u00e9tait \u00e9quitablement r\u00e9partie entre la dette ext\u00e9rieure (1.050,78 milliards) et celle int\u00e9rieure (1.050,39 milliards).<\/p>\n<p>Fin 2025, soit 9 ans plus tard, cette dette publique b\u00e9ninoise est estim\u00e9e\u00a0 \u00e0 7 303,2 milliards FCFA soit environ 51,5 % du PIB. De 2016 \u00e0\u00a0 2025, la dette publique b\u00e9ninoise s&rsquo;est accrue donc de 28,8%. Pendant que le pouvoir d&rsquo;achat des b\u00e9ninois stagne ou chute par endroit.<\/p>\n<p>A 51,1% du PIB le B\u00e9nin est largement en dessous de la norme limite de 70% du PIB exig\u00e9e dans l&rsquo;espace Uemoa\u00a0 sauf que la vitesse d&rsquo;endettement du pays ne concorde aucunement avec les r\u00e9alit\u00e9s quotidiennes du contribuable qui vit dans la pr\u00e9carit\u00e9 et la faim. &lt;&lt; Sur le papier, tout semble aller bien. Mais dans la vie quotidienne des b\u00e9ninois, une autre r\u00e9alit\u00e9 domine : Le co\u00fbt\u00a0 de la vie augmente, le pouvoir d&rsquo;achat reste faible, et l&rsquo;avenir \u00e9conomique du pays devient de plus en plus d\u00e9pendant de la dette. &gt;&gt;, se d\u00e9sole<\/p>\n<p>Daniel Edah. Pour lui, la croissance \u00e9conomique dont se vendent les dirigeants b\u00e9ninois ne profite pas aux citoyens. L&rsquo;\u00e9conomie b\u00e9ninoise grandit, les infrastructures se construisent et des projets ambitieux voient le jour, mais la question essentielle reste pos\u00e9e selon Edah. Et cette question pour lui est de savoir si aujourd&rsquo;hui,\u00a0 comparativement \u00e0\u00a0 hier, avant la rupture, les b\u00e9ninois vivent r\u00e9ellement\u00a0 mieux. Pour l&rsquo;homme de Dieu, technocrate et politicien, lorsqu&rsquo;une grande partie des ressources sert \u00e0\u00a0 rembourser la dette, la croissance perd une grande partie de son impact sur la vie r\u00e9elle des citoyens. Plus loin, il pr\u00e9vient que\u00a0 &lt;&lt; une croissance financ\u00e9e\u00a0 par la dette peut cr\u00e9er une illusion de prosp\u00e9rit\u00e9 &gt;&gt;.<\/p>\n","protected":false},"excerpt":{"rendered":"<p>&lt;&lt; Chaque enfant qui nait aujourd&rsquo;hui\u00a0 au B\u00e9nin h\u00e9rite d\u00e9j\u00e0\u00a0 d&rsquo;une dette de plus de 500.000 Francs Cfa &gt;&gt;, d\u00e9clare Daniel Edah, pr\u00e9sident du mouvement politique NOUS LE FERONS, et&hellip;<\/p>\n","protected":false},"author":12,"featured_media":18061,"comment_status":"open","ping_status":"open","sticky":false,"template":"","format":"standard","meta":{"content-type":"","om_disable_all_campaigns":false,"_monsterinsights_skip_tracking":false,"_monsterinsights_sitenote_active":false,"_monsterinsights_sitenote_note":"","_monsterinsights_sitenote_category":0,"_uf_show_specific_survey":0,"_uf_disable_surveys":false,"footnotes":""},"categories":[4],"tags":[],"class_list":["post-18059","post","type-post","status-publish","format-standard","has-post-thumbnail","hentry","category-economie"],"aioseo_notices":[],"yoast_head":"<!-- This site is optimized with the Yoast SEO plugin v27.5 - https:\/\/yoast.com\/product\/yoast-seo-wordpress\/ -->\n<title>Bilan \u00e9conomique sous la rupture : Le B\u00e9nin dans une fr\u00e9n\u00e9sie d\u2019endettement - Le Patriote<\/title>\n<meta name=\"robots\" content=\"index, follow, max-snippet:-1, max-image-preview:large, max-video-preview:-1\" \/>\n<link rel=\"canonical\" href=\"https:\/\/lepatriotebenin.com\/index.php\/2026\/03\/25\/bilan-economique-sous-la-rupture-le-benin-dans-une-frenesie-dendettement\/\" \/>\n<meta property=\"og:locale\" content=\"fr_FR\" \/>\n<meta property=\"og:type\" content=\"article\" \/>\n<meta property=\"og:title\" content=\"Bilan \u00e9conomique sous la rupture : Le B\u00e9nin dans une fr\u00e9n\u00e9sie d\u2019endettement - Le Patriote\" \/>\n<meta property=\"og:description\" content=\"&lt;&lt; Chaque enfant qui nait aujourd&rsquo;hui\u00a0 au B\u00e9nin h\u00e9rite d\u00e9j\u00e0\u00a0 d&rsquo;une dette de plus de 500.000 Francs Cfa &gt;&gt;, d\u00e9clare Daniel Edah, pr\u00e9sident du mouvement politique NOUS LE FERONS, et&hellip;\" \/>\n<meta property=\"og:url\" content=\"https:\/\/lepatriotebenin.com\/index.php\/2026\/03\/25\/bilan-economique-sous-la-rupture-le-benin-dans-une-frenesie-dendettement\/\" \/>\n<meta property=\"og:site_name\" content=\"Le Patriote\" \/>\n<meta property=\"article:published_time\" content=\"2026-03-25T04:48:15+00:00\" \/>\n<meta property=\"article:modified_time\" content=\"2026-03-25T04:52:18+00:00\" \/>\n<meta property=\"og:image\" content=\"https:\/\/lepatriotebenin.com\/wp-content\/uploads\/2026\/03\/ministere-de-leconomie-et-des-finiances-du-benin--vue-de-face.jpg\" \/>\n\t<meta property=\"og:image:width\" content=\"1920\" \/>\n\t<meta property=\"og:image:height\" content=\"1080\" \/>\n\t<meta property=\"og:image:type\" content=\"image\/jpeg\" \/>\n<meta name=\"author\" content=\"Comlan Paul ODAH\" \/>\n<meta name=\"twitter:card\" content=\"summary_large_image\" \/>\n<meta name=\"twitter:label1\" content=\"\u00c9crit par\" \/>\n\t<meta name=\"twitter:data1\" content=\"Comlan Paul ODAH\" \/>\n\t<meta name=\"twitter:label2\" content=\"Dur\u00e9e de lecture estim\u00e9e\" \/>\n\t<meta name=\"twitter:data2\" content=\"2 minutes\" \/>\n<script type=\"application\/ld+json\" class=\"yoast-schema-graph\">{\"@context\":\"https:\\\/\\\/schema.org\",\"@graph\":[{\"@type\":\"Article\",\"@id\":\"https:\\\/\\\/lepatriotebenin.com\\\/index.php\\\/2026\\\/03\\\/25\\\/bilan-economique-sous-la-rupture-le-benin-dans-une-frenesie-dendettement\\\/#article\",\"isPartOf\":{\"@id\":\"https:\\\/\\\/lepatriotebenin.com\\\/index.php\\\/2026\\\/03\\\/25\\\/bilan-economique-sous-la-rupture-le-benin-dans-une-frenesie-dendettement\\\/\"},\"author\":{\"name\":\"Comlan Paul ODAH\",\"@id\":\"https:\\\/\\\/lepatriotebenin.com\\\/#\\\/schema\\\/person\\\/6486fa44ec286eee49816deb241bcbbf\"},\"headline\":\"Bilan \u00e9conomique sous la rupture : Le B\u00e9nin dans une fr\u00e9n\u00e9sie d\u2019endettement\",\"datePublished\":\"2026-03-25T04:48:15+00:00\",\"dateModified\":\"2026-03-25T04:52:18+00:00\",\"mainEntityOfPage\":{\"@id\":\"https:\\\/\\\/lepatriotebenin.com\\\/index.php\\\/2026\\\/03\\\/25\\\/bilan-economique-sous-la-rupture-le-benin-dans-une-frenesie-dendettement\\\/\"},\"wordCount\":454,\"commentCount\":0,\"image\":{\"@id\":\"https:\\\/\\\/lepatriotebenin.com\\\/index.php\\\/2026\\\/03\\\/25\\\/bilan-economique-sous-la-rupture-le-benin-dans-une-frenesie-dendettement\\\/#primaryimage\"},\"thumbnailUrl\":\"https:\\\/\\\/lepatriotebenin.com\\\/wp-content\\\/uploads\\\/2026\\\/03\\\/ministere-de-leconomie-et-des-finiances-du-benin--vue-de-face.jpg\",\"articleSection\":[\"Economie\"],\"inLanguage\":\"fr-FR\",\"potentialAction\":[{\"@type\":\"CommentAction\",\"name\":\"Comment\",\"target\":[\"https:\\\/\\\/lepatriotebenin.com\\\/index.php\\\/2026\\\/03\\\/25\\\/bilan-economique-sous-la-rupture-le-benin-dans-une-frenesie-dendettement\\\/#respond\"]}]},{\"@type\":\"WebPage\",\"@id\":\"https:\\\/\\\/lepatriotebenin.com\\\/index.php\\\/2026\\\/03\\\/25\\\/bilan-economique-sous-la-rupture-le-benin-dans-une-frenesie-dendettement\\\/\",\"url\":\"https:\\\/\\\/lepatriotebenin.com\\\/index.php\\\/2026\\\/03\\\/25\\\/bilan-economique-sous-la-rupture-le-benin-dans-une-frenesie-dendettement\\\/\",\"name\":\"Bilan \u00e9conomique sous la rupture : Le B\u00e9nin dans une fr\u00e9n\u00e9sie d\u2019endettement - Le Patriote\",\"isPartOf\":{\"@id\":\"https:\\\/\\\/lepatriotebenin.com\\\/#website\"},\"primaryImageOfPage\":{\"@id\":\"https:\\\/\\\/lepatriotebenin.com\\\/index.php\\\/2026\\\/03\\\/25\\\/bilan-economique-sous-la-rupture-le-benin-dans-une-frenesie-dendettement\\\/#primaryimage\"},\"image\":{\"@id\":\"https:\\\/\\\/lepatriotebenin.com\\\/index.php\\\/2026\\\/03\\\/25\\\/bilan-economique-sous-la-rupture-le-benin-dans-une-frenesie-dendettement\\\/#primaryimage\"},\"thumbnailUrl\":\"https:\\\/\\\/lepatriotebenin.com\\\/wp-content\\\/uploads\\\/2026\\\/03\\\/ministere-de-leconomie-et-des-finiances-du-benin--vue-de-face.jpg\",\"datePublished\":\"2026-03-25T04:48:15+00:00\",\"dateModified\":\"2026-03-25T04:52:18+00:00\",\"author\":{\"@id\":\"https:\\\/\\\/lepatriotebenin.com\\\/#\\\/schema\\\/person\\\/6486fa44ec286eee49816deb241bcbbf\"},\"breadcrumb\":{\"@id\":\"https:\\\/\\\/lepatriotebenin.com\\\/index.php\\\/2026\\\/03\\\/25\\\/bilan-economique-sous-la-rupture-le-benin-dans-une-frenesie-dendettement\\\/#breadcrumb\"},\"inLanguage\":\"fr-FR\",\"potentialAction\":[{\"@type\":\"ReadAction\",\"target\":[\"https:\\\/\\\/lepatriotebenin.com\\\/index.php\\\/2026\\\/03\\\/25\\\/bilan-economique-sous-la-rupture-le-benin-dans-une-frenesie-dendettement\\\/\"]}]},{\"@type\":\"ImageObject\",\"inLanguage\":\"fr-FR\",\"@id\":\"https:\\\/\\\/lepatriotebenin.com\\\/index.php\\\/2026\\\/03\\\/25\\\/bilan-economique-sous-la-rupture-le-benin-dans-une-frenesie-dendettement\\\/#primaryimage\",\"url\":\"https:\\\/\\\/lepatriotebenin.com\\\/wp-content\\\/uploads\\\/2026\\\/03\\\/ministere-de-leconomie-et-des-finiances-du-benin--vue-de-face.jpg\",\"contentUrl\":\"https:\\\/\\\/lepatriotebenin.com\\\/wp-content\\\/uploads\\\/2026\\\/03\\\/ministere-de-leconomie-et-des-finiances-du-benin--vue-de-face.jpg\",\"width\":1920,\"height\":1080},{\"@type\":\"BreadcrumbList\",\"@id\":\"https:\\\/\\\/lepatriotebenin.com\\\/index.php\\\/2026\\\/03\\\/25\\\/bilan-economique-sous-la-rupture-le-benin-dans-une-frenesie-dendettement\\\/#breadcrumb\",\"itemListElement\":[{\"@type\":\"ListItem\",\"position\":1,\"name\":\"Accueil\",\"item\":\"https:\\\/\\\/lepatriotebenin.com\\\/\"},{\"@type\":\"ListItem\",\"position\":2,\"name\":\"Bilan \u00e9conomique sous la rupture : Le B\u00e9nin dans une fr\u00e9n\u00e9sie d\u2019endettement\"}]},{\"@type\":\"WebSite\",\"@id\":\"https:\\\/\\\/lepatriotebenin.com\\\/#website\",\"url\":\"https:\\\/\\\/lepatriotebenin.com\\\/\",\"name\":\"Le Patriote\",\"description\":\"Le Patriote B\u00e9nin\",\"potentialAction\":[{\"@type\":\"SearchAction\",\"target\":{\"@type\":\"EntryPoint\",\"urlTemplate\":\"https:\\\/\\\/lepatriotebenin.com\\\/?s={search_term_string}\"},\"query-input\":{\"@type\":\"PropertyValueSpecification\",\"valueRequired\":true,\"valueName\":\"search_term_string\"}}],\"inLanguage\":\"fr-FR\"},{\"@type\":\"Person\",\"@id\":\"https:\\\/\\\/lepatriotebenin.com\\\/#\\\/schema\\\/person\\\/6486fa44ec286eee49816deb241bcbbf\",\"name\":\"Comlan Paul ODAH\",\"image\":{\"@type\":\"ImageObject\",\"inLanguage\":\"fr-FR\",\"@id\":\"https:\\\/\\\/secure.gravatar.com\\\/avatar\\\/c45cf8a86d3cde8c562d63858f4ea8947664bd10708ad75990c2938897d9dbe1?s=96&d=mm&r=g\",\"url\":\"https:\\\/\\\/secure.gravatar.com\\\/avatar\\\/c45cf8a86d3cde8c562d63858f4ea8947664bd10708ad75990c2938897d9dbe1?s=96&d=mm&r=g\",\"contentUrl\":\"https:\\\/\\\/secure.gravatar.com\\\/avatar\\\/c45cf8a86d3cde8c562d63858f4ea8947664bd10708ad75990c2938897d9dbe1?s=96&d=mm&r=g\",\"caption\":\"Comlan Paul ODAH\"},\"url\":\"https:\\\/\\\/lepatriotebenin.com\"}]}<\/script>\n<!-- \/ Yoast SEO plugin. -->","yoast_head_json":{"title":"Bilan \u00e9conomique sous la rupture : Le B\u00e9nin dans une fr\u00e9n\u00e9sie d\u2019endettement - Le Patriote","robots":{"index":"index","follow":"follow","max-snippet":"max-snippet:-1","max-image-preview":"max-image-preview:large","max-video-preview":"max-video-preview:-1"},"canonical":"https:\/\/lepatriotebenin.com\/index.php\/2026\/03\/25\/bilan-economique-sous-la-rupture-le-benin-dans-une-frenesie-dendettement\/","og_locale":"fr_FR","og_type":"article","og_title":"Bilan \u00e9conomique sous la rupture : Le B\u00e9nin dans une fr\u00e9n\u00e9sie d\u2019endettement - Le Patriote","og_description":"&lt;&lt; Chaque enfant qui nait aujourd&rsquo;hui\u00a0 au B\u00e9nin h\u00e9rite d\u00e9j\u00e0\u00a0 d&rsquo;une dette de plus de 500.000 Francs Cfa &gt;&gt;, d\u00e9clare Daniel Edah, pr\u00e9sident du mouvement politique NOUS LE FERONS, et&hellip;","og_url":"https:\/\/lepatriotebenin.com\/index.php\/2026\/03\/25\/bilan-economique-sous-la-rupture-le-benin-dans-une-frenesie-dendettement\/","og_site_name":"Le Patriote","article_published_time":"2026-03-25T04:48:15+00:00","article_modified_time":"2026-03-25T04:52:18+00:00","og_image":[{"width":1920,"height":1080,"url":"https:\/\/lepatriotebenin.com\/wp-content\/uploads\/2026\/03\/ministere-de-leconomie-et-des-finiances-du-benin--vue-de-face.jpg","type":"image\/jpeg"}],"author":"Comlan Paul ODAH","twitter_card":"summary_large_image","twitter_misc":{"\u00c9crit par":"Comlan Paul ODAH","Dur\u00e9e de lecture estim\u00e9e":"2 minutes"},"schema":{"@context":"https:\/\/schema.org","@graph":[{"@type":"Article","@id":"https:\/\/lepatriotebenin.com\/index.php\/2026\/03\/25\/bilan-economique-sous-la-rupture-le-benin-dans-une-frenesie-dendettement\/#article","isPartOf":{"@id":"https:\/\/lepatriotebenin.com\/index.php\/2026\/03\/25\/bilan-economique-sous-la-rupture-le-benin-dans-une-frenesie-dendettement\/"},"author":{"name":"Comlan Paul ODAH","@id":"https:\/\/lepatriotebenin.com\/#\/schema\/person\/6486fa44ec286eee49816deb241bcbbf"},"headline":"Bilan \u00e9conomique sous la rupture : Le B\u00e9nin dans une fr\u00e9n\u00e9sie d\u2019endettement","datePublished":"2026-03-25T04:48:15+00:00","dateModified":"2026-03-25T04:52:18+00:00","mainEntityOfPage":{"@id":"https:\/\/lepatriotebenin.com\/index.php\/2026\/03\/25\/bilan-economique-sous-la-rupture-le-benin-dans-une-frenesie-dendettement\/"},"wordCount":454,"commentCount":0,"image":{"@id":"https:\/\/lepatriotebenin.com\/index.php\/2026\/03\/25\/bilan-economique-sous-la-rupture-le-benin-dans-une-frenesie-dendettement\/#primaryimage"},"thumbnailUrl":"https:\/\/lepatriotebenin.com\/wp-content\/uploads\/2026\/03\/ministere-de-leconomie-et-des-finiances-du-benin--vue-de-face.jpg","articleSection":["Economie"],"inLanguage":"fr-FR","potentialAction":[{"@type":"CommentAction","name":"Comment","target":["https:\/\/lepatriotebenin.com\/index.php\/2026\/03\/25\/bilan-economique-sous-la-rupture-le-benin-dans-une-frenesie-dendettement\/#respond"]}]},{"@type":"WebPage","@id":"https:\/\/lepatriotebenin.com\/index.php\/2026\/03\/25\/bilan-economique-sous-la-rupture-le-benin-dans-une-frenesie-dendettement\/","url":"https:\/\/lepatriotebenin.com\/index.php\/2026\/03\/25\/bilan-economique-sous-la-rupture-le-benin-dans-une-frenesie-dendettement\/","name":"Bilan \u00e9conomique sous la rupture : Le B\u00e9nin dans une fr\u00e9n\u00e9sie d\u2019endettement - Le Patriote","isPartOf":{"@id":"https:\/\/lepatriotebenin.com\/#website"},"primaryImageOfPage":{"@id":"https:\/\/lepatriotebenin.com\/index.php\/2026\/03\/25\/bilan-economique-sous-la-rupture-le-benin-dans-une-frenesie-dendettement\/#primaryimage"},"image":{"@id":"https:\/\/lepatriotebenin.com\/index.php\/2026\/03\/25\/bilan-economique-sous-la-rupture-le-benin-dans-une-frenesie-dendettement\/#primaryimage"},"thumbnailUrl":"https:\/\/lepatriotebenin.com\/wp-content\/uploads\/2026\/03\/ministere-de-leconomie-et-des-finiances-du-benin--vue-de-face.jpg","datePublished":"2026-03-25T04:48:15+00:00","dateModified":"2026-03-25T04:52:18+00:00","author":{"@id":"https:\/\/lepatriotebenin.com\/#\/schema\/person\/6486fa44ec286eee49816deb241bcbbf"},"breadcrumb":{"@id":"https:\/\/lepatriotebenin.com\/index.php\/2026\/03\/25\/bilan-economique-sous-la-rupture-le-benin-dans-une-frenesie-dendettement\/#breadcrumb"},"inLanguage":"fr-FR","potentialAction":[{"@type":"ReadAction","target":["https:\/\/lepatriotebenin.com\/index.php\/2026\/03\/25\/bilan-economique-sous-la-rupture-le-benin-dans-une-frenesie-dendettement\/"]}]},{"@type":"ImageObject","inLanguage":"fr-FR","@id":"https:\/\/lepatriotebenin.com\/index.php\/2026\/03\/25\/bilan-economique-sous-la-rupture-le-benin-dans-une-frenesie-dendettement\/#primaryimage","url":"https:\/\/lepatriotebenin.com\/wp-content\/uploads\/2026\/03\/ministere-de-leconomie-et-des-finiances-du-benin--vue-de-face.jpg","contentUrl":"https:\/\/lepatriotebenin.com\/wp-content\/uploads\/2026\/03\/ministere-de-leconomie-et-des-finiances-du-benin--vue-de-face.jpg","width":1920,"height":1080},{"@type":"BreadcrumbList","@id":"https:\/\/lepatriotebenin.com\/index.php\/2026\/03\/25\/bilan-economique-sous-la-rupture-le-benin-dans-une-frenesie-dendettement\/#breadcrumb","itemListElement":[{"@type":"ListItem","position":1,"name":"Accueil","item":"https:\/\/lepatriotebenin.com\/"},{"@type":"ListItem","position":2,"name":"Bilan \u00e9conomique sous la rupture : Le B\u00e9nin dans une fr\u00e9n\u00e9sie d\u2019endettement"}]},{"@type":"WebSite","@id":"https:\/\/lepatriotebenin.com\/#website","url":"https:\/\/lepatriotebenin.com\/","name":"Le Patriote","description":"Le Patriote B\u00e9nin","potentialAction":[{"@type":"SearchAction","target":{"@type":"EntryPoint","urlTemplate":"https:\/\/lepatriotebenin.com\/?s={search_term_string}"},"query-input":{"@type":"PropertyValueSpecification","valueRequired":true,"valueName":"search_term_string"}}],"inLanguage":"fr-FR"},{"@type":"Person","@id":"https:\/\/lepatriotebenin.com\/#\/schema\/person\/6486fa44ec286eee49816deb241bcbbf","name":"Comlan Paul ODAH","image":{"@type":"ImageObject","inLanguage":"fr-FR","@id":"https:\/\/secure.gravatar.com\/avatar\/c45cf8a86d3cde8c562d63858f4ea8947664bd10708ad75990c2938897d9dbe1?s=96&d=mm&r=g","url":"https:\/\/secure.gravatar.com\/avatar\/c45cf8a86d3cde8c562d63858f4ea8947664bd10708ad75990c2938897d9dbe1?s=96&d=mm&r=g","contentUrl":"https:\/\/secure.gravatar.com\/avatar\/c45cf8a86d3cde8c562d63858f4ea8947664bd10708ad75990c2938897d9dbe1?s=96&d=mm&r=g","caption":"Comlan Paul ODAH"},"url":"https:\/\/lepatriotebenin.com"}]}},"_links":{"self":[{"href":"https:\/\/lepatriotebenin.com\/index.php\/wp-json\/wp\/v2\/posts\/18059","targetHints":{"allow":["GET"]}}],"collection":[{"href":"https:\/\/lepatriotebenin.com\/index.php\/wp-json\/wp\/v2\/posts"}],"about":[{"href":"https:\/\/lepatriotebenin.com\/index.php\/wp-json\/wp\/v2\/types\/post"}],"author":[{"embeddable":true,"href":"https:\/\/lepatriotebenin.com\/index.php\/wp-json\/wp\/v2\/users\/12"}],"replies":[{"embeddable":true,"href":"https:\/\/lepatriotebenin.com\/index.php\/wp-json\/wp\/v2\/comments?post=18059"}],"version-history":[{"count":1,"href":"https:\/\/lepatriotebenin.com\/index.php\/wp-json\/wp\/v2\/posts\/18059\/revisions"}],"predecessor-version":[{"id":18060,"href":"https:\/\/lepatriotebenin.com\/index.php\/wp-json\/wp\/v2\/posts\/18059\/revisions\/18060"}],"wp:featuredmedia":[{"embeddable":true,"href":"https:\/\/lepatriotebenin.com\/index.php\/wp-json\/wp\/v2\/media\/18061"}],"wp:attachment":[{"href":"https:\/\/lepatriotebenin.com\/index.php\/wp-json\/wp\/v2\/media?parent=18059"}],"wp:term":[{"taxonomy":"category","embeddable":true,"href":"https:\/\/lepatriotebenin.com\/index.php\/wp-json\/wp\/v2\/categories?post=18059"},{"taxonomy":"post_tag","embeddable":true,"href":"https:\/\/lepatriotebenin.com\/index.php\/wp-json\/wp\/v2\/tags?post=18059"}],"curies":[{"name":"wp","href":"https:\/\/api.w.org\/{rel}","templated":true}]}}