{"id":18046,"date":"2026-03-25T05:20:43","date_gmt":"2026-03-25T04:20:43","guid":{"rendered":"https:\/\/lepatriotebenin.com\/?p=18046"},"modified":"2026-03-25T05:20:43","modified_gmt":"2026-03-25T04:20:43","slug":"presidence-du-parti-les-democrates-ces-articles-qui-valident-lelection-datchade","status":"publish","type":"post","link":"https:\/\/lepatriotebenin.com\/index.php\/2026\/03\/25\/presidence-du-parti-les-democrates-ces-articles-qui-valident-lelection-datchade\/","title":{"rendered":"Pr\u00e9sidence du parti Les D\u00e9mocrates : Ces articles qui valident l&rsquo;\u00e9lection d&rsquo;Atchad\u00e9"},"content":{"rendered":"<p><strong>Le suspens a dur\u00e9 de 8 heures de ce dimanche 22 \u00e0 6 heures de Lundi 23 mars 2026. Le jeu valait la chandelle et les r\u00e9sultats \u00e9taient \u00e0\u00a0 la hauteur des attentes. D\u00e9sormais, le parti Les D\u00e9mocrates connait son troisi\u00e8me pr\u00e9sident. Apr\u00e8s\u00a0 Eric Hound\u00e9t\u00e9\u00a0 de 2020 \u00e0\u00a0 2023 puis Boni Yayi de 2023 \u00e0\u00a0 2026, l&rsquo;honorable Nour\u00e9nou Atchad\u00e9\u00a0 a \u00e9t\u00e9\u00a0 pl\u00e9biscit\u00e9 pr\u00e9sident du parti de la flamme au petit matin de ce Lundi 23 mars 2026 au terme des travaux du Conseil National. <\/strong><\/p>\n<p>A l&rsquo;ordre du jour de cette session ordinaire du Conseil National des LD figuraient deux importants points valid\u00e9s par l&rsquo;ensemble des d\u00e9l\u00e9gu\u00e9s. Il &lsquo;agit de l&rsquo;\u00e9lection du successeur du pr\u00e9sident Boni Yayi qui a quitt\u00e9 le parti le 4 Mars dernier, et la clarification de la position du parti par rapport \u00e0\u00a0 la pr\u00e9sidentielle prochaine. Sur le dernier point, le Conseil National \u00e0 rejet\u00e9\u00a0 tout soutien du parti aux duos candidats \u00e0\u00a0 la pr\u00e9sidentielle de 2026. Autrement dit, le parti ne soutiendra ni le duo de la mouvance pr\u00e9sidentielle\u00a0 Wadagni-Talata, ni celui des Force Cauris pour un B\u00e9nin \u00c9mergent (Fcbe) Hounkp\u00e8-Hounwanou.<\/p>\n<p>En ce qui concerne l&rsquo;\u00e9lection du nouveau pr\u00e9sident du parti, le Conseil s&rsquo;est appuy\u00e9 sur les textes r\u00e9gissant\u00a0 le parti pour d\u00e9livrer les militants dont les\u00a0 regards \u00e9taient tourn\u00e9s vers Chant d&rsquo;Oiseau o\u00f9 se tenaient les assises. C&rsquo;est donc dans le respect strict des statuts et reglement int\u00e9rieur du parti que les d\u00e9l\u00e9gu\u00e9s au Conseil National de ce dimanche ont remplac\u00e9 le Pr\u00e9sident Boni Yayi par l&rsquo;ex patron du groupe parlementaire Les D\u00e9mocrates, \u00e0\u00a0 la t\u00eate\u00a0 des LD.<\/p>\n<p><strong>Que disent en r\u00e9alit\u00e9 les textes ?<\/strong><\/p>\n<p>Selon l&rsquo;article 10\u00a0 du r\u00e8glement int\u00e9rieur du parti, &lt;&lt; le Conseil National est pr\u00e9sid\u00e9 par le Pr\u00e9sident du Parti. En cas d\u2019absence de ce dernier, il est pr\u00e9sid\u00e9 par l\u2019un des Vice-Pr\u00e9sidents par ordre de pr\u00e9s\u00e9ance&#8230;&gt;&gt;. Au d\u00e9part, c&rsquo;\u00e9tait le pr\u00e9sident \u00c9ric Hound\u00e9t\u00e9, premier vice-pr\u00e9sident\u00a0 et int\u00e9rimaire du president d\u00e9missionnaire, qui conduisait les travaux du Conseil. Non content de la d\u00e9cision de l&rsquo;ensemble des membres du Conseil National \u00e0\u00a0 poursuivre les travaux jusqu&rsquo;\u00e0\u00a0 l&rsquo;\u00e9lection du nouveau pr\u00e9sident, ce dernier d\u00e9clare la fin des travaux contre l&rsquo;avis des d\u00e9l\u00e9gu\u00e9s qui unanimement refusent et optent pour la poursuite des travaux. C&rsquo;est ainsi que le pr\u00e9sident \u00c9ric Hound\u00e9t\u00e9\u00a0 quitta la salle laissant les travaux se poursuivre puisqu&rsquo;il sera remplac\u00e9 par le deuxi\u00e8me vice-pr\u00e9sident, Nourenou Atchad\u00e9 qui prend alors la\u00a0 commande des travaux. Le Conseil National a donc si\u00e9g\u00e9 et a d\u00e9lib\u00e9r\u00e9 valablement \u00e9tant donn\u00e9 que\u00a0 la majorit\u00e9 absolue de ses membres \u00e9tait pr\u00e9sente.<\/p>\n<p>Le n\u0153ud de la contestation juridiquement\u00a0 infond\u00e9e de l&rsquo;\u00e9lection du nouveau pr\u00e9sident \u1e63e trouve dans la mauvaise interpr\u00e9tation de l&rsquo;article 17 du r\u00e8glement\u00a0 int\u00e9rieur\u00a0 du parti. En son dernier alin\u00e9a,\u00a0 l&rsquo;article 17 stipule en effet que &lt; En cas de vacance d\u00e9finitive, le Premier Vice-Pr\u00e9sident assure son int\u00e9rim, en attendant la convocation, \u00e0 cet effet, d\u2019un Conseil National extraordinaire dans les trois (03) mois qui suivent.&gt;&gt;, l&rsquo;int\u00e9rim \u00e0\u00a0 assurer ici est celui du pr\u00e9sident Boni Yayi d\u00e9missionnaire. Le Conseil\u00a0 National\u00a0 extraordinaire \u00e0\u00a0 convoquer devrait intervenir dans un d\u00e9lai d&rsquo;au plus trois mois \u00e0\u00a0 compter de la date du d\u00e9but de l&rsquo;int\u00e9rim.<\/p>\n<p>Autrement dit, ce conseil extraordinaire pourrait \u00eatre l\u00e9galement convoqu\u00e9\u00a0 m\u00eame\u00a0 au lendemain du d\u00e9marrage de l&rsquo;int\u00e9rim. En d&rsquo;autres termes, l&rsquo;\u00e9lection du nouveau pr\u00e9sident peut intervenir \u00e0\u00a0 tout moment du Conseil National extraordinaire qui peut aussi juridiquement \u00eatre convoqu\u00e9\u00a0 \u00e0\u00a0 tout moment pourvu qu&rsquo;il reste dans le d\u00e9lai des trois mois. Mais \u00e0\u00a0 quoi bon d&rsquo;attendre un Conseil National\u00a0 extraordinaire\u00a0 pour r\u00e9pondre \u00e0\u00a0 une question vitale pour les parti s\u00ec le Conseil National\u00a0 ordinaire peut se r\u00e9unir ? N\u2019est-ce pas en absence de l&rsquo;ordinaire que l&rsquo;extraordinaire est convoqu\u00e9 ?<\/p>\n<p>Ce dimanche, le parti Les D\u00e9mocrates\u00a0 a, en portant d\u00e9mocratiquement\u00a0 Nour\u00e9nou Atchad\u00e9\u00a0 \u00e0\u00a0 sa t\u00eate, fait une fois encore preuve de maturit\u00e9 politique et confirme son statut de parti d\u00e9mocratique qui opte toujours pour la voix de.la majorit\u00e9. Pl\u00e9biscit\u00e9\u00a0 pr\u00e9sident du parti, Nourenou Atchad\u00e9\u00a0 aura donc d\u00e9sormais la lourde charge de recoller les morceaux du parti d\u00e9chiquet\u00e9\u00a0 par les diff\u00e9rentes mesures exclusives mises en place et mises en \u0153uvre par le r\u00e9gime dit de la rupture pour \u00e9carter cette formation politique de la gestion des affaires de ce pays.<\/p>\n<p>Apr\u00e8s\u00a0 son \u00e9lection, le nouveau pr\u00e9sident \u00e0 fait des promesses pour la r\u00e9organisation, la redynamisation et surtout le participation du parti aux \u00e9lections de 2033.<\/p>\n<p><strong>Norbert Adjakoun<\/strong><\/p>\n<p><img fetchpriority=\"high\" decoding=\"async\" class=\"alignnone size-medium wp-image-18047\" src=\"https:\/\/lepatriotebenin.com\/wp-content\/uploads\/2026\/03\/ld-300x200.jpg\" alt=\"\" width=\"300\" height=\"200\" srcset=\"https:\/\/lepatriotebenin.com\/wp-content\/uploads\/2026\/03\/ld-300x200.jpg 300w, https:\/\/lepatriotebenin.com\/wp-content\/uploads\/2026\/03\/ld-1024x682.jpg 1024w, https:\/\/lepatriotebenin.com\/wp-content\/uploads\/2026\/03\/ld-768x511.jpg 768w, https:\/\/lepatriotebenin.com\/wp-content\/uploads\/2026\/03\/ld-585x389.jpg 585w, https:\/\/lepatriotebenin.com\/wp-content\/uploads\/2026\/03\/ld-263x175.jpg 263w, https:\/\/lepatriotebenin.com\/wp-content\/uploads\/2026\/03\/ld.jpg 1080w\" sizes=\"(max-width: 300px) 100vw, 300px\" \/><\/p>\n","protected":false},"excerpt":{"rendered":"<p>Le suspens a dur\u00e9 de 8 heures de ce dimanche 22 \u00e0 6 heures de Lundi 23 mars 2026. Le jeu valait la chandelle et les r\u00e9sultats \u00e9taient \u00e0\u00a0 la&hellip;<\/p>\n","protected":false},"author":5,"featured_media":18048,"comment_status":"open","ping_status":"open","sticky":false,"template":"","format":"standard","meta":{"content-type":"","om_disable_all_campaigns":false,"_monsterinsights_skip_tracking":false,"_monsterinsights_sitenote_active":false,"_monsterinsights_sitenote_note":"","_monsterinsights_sitenote_category":0,"_uf_show_specific_survey":0,"_uf_disable_surveys":false,"footnotes":""},"categories":[26],"tags":[],"class_list":["post-18046","post","type-post","status-publish","format-standard","has-post-thumbnail","hentry","category-politique"],"aioseo_notices":[],"yoast_head":"<!-- This site is optimized with the Yoast SEO plugin v27.5 - https:\/\/yoast.com\/product\/yoast-seo-wordpress\/ -->\n<title>Pr\u00e9sidence du parti Les D\u00e9mocrates : Ces articles qui valident l&#039;\u00e9lection d&#039;Atchad\u00e9 - Le Patriote<\/title>\n<meta name=\"robots\" content=\"index, follow, max-snippet:-1, max-image-preview:large, max-video-preview:-1\" \/>\n<link rel=\"canonical\" href=\"https:\/\/lepatriotebenin.com\/index.php\/2026\/03\/25\/presidence-du-parti-les-democrates-ces-articles-qui-valident-lelection-datchade\/\" \/>\n<meta property=\"og:locale\" content=\"fr_FR\" \/>\n<meta property=\"og:type\" content=\"article\" \/>\n<meta property=\"og:title\" content=\"Pr\u00e9sidence du parti Les D\u00e9mocrates : Ces articles qui valident l&#039;\u00e9lection d&#039;Atchad\u00e9 - Le Patriote\" \/>\n<meta property=\"og:description\" content=\"Le suspens a dur\u00e9 de 8 heures de ce dimanche 22 \u00e0 6 heures de Lundi 23 mars 2026. Le jeu valait la chandelle et les r\u00e9sultats \u00e9taient \u00e0\u00a0 la&hellip;\" \/>\n<meta property=\"og:url\" content=\"https:\/\/lepatriotebenin.com\/index.php\/2026\/03\/25\/presidence-du-parti-les-democrates-ces-articles-qui-valident-lelection-datchade\/\" \/>\n<meta property=\"og:site_name\" content=\"Le Patriote\" \/>\n<meta property=\"article:published_time\" content=\"2026-03-25T04:20:43+00:00\" \/>\n<meta property=\"og:image\" content=\"https:\/\/lepatriotebenin.com\/wp-content\/uploads\/2026\/03\/atchade-1.jpg\" \/>\n\t<meta property=\"og:image:width\" content=\"633\" \/>\n\t<meta property=\"og:image:height\" content=\"1080\" \/>\n\t<meta property=\"og:image:type\" content=\"image\/jpeg\" \/>\n<meta name=\"author\" content=\"Redaction\" \/>\n<meta name=\"twitter:card\" content=\"summary_large_image\" \/>\n<meta name=\"twitter:label1\" content=\"\u00c9crit par\" \/>\n\t<meta name=\"twitter:data1\" content=\"Redaction\" \/>\n\t<meta name=\"twitter:label2\" content=\"Dur\u00e9e de lecture estim\u00e9e\" \/>\n\t<meta name=\"twitter:data2\" content=\"4 minutes\" \/>\n<script type=\"application\/ld+json\" class=\"yoast-schema-graph\">{\"@context\":\"https:\\\/\\\/schema.org\",\"@graph\":[{\"@type\":\"Article\",\"@id\":\"https:\\\/\\\/lepatriotebenin.com\\\/index.php\\\/2026\\\/03\\\/25\\\/presidence-du-parti-les-democrates-ces-articles-qui-valident-lelection-datchade\\\/#article\",\"isPartOf\":{\"@id\":\"https:\\\/\\\/lepatriotebenin.com\\\/index.php\\\/2026\\\/03\\\/25\\\/presidence-du-parti-les-democrates-ces-articles-qui-valident-lelection-datchade\\\/\"},\"author\":{\"name\":\"Redaction\",\"@id\":\"https:\\\/\\\/lepatriotebenin.com\\\/#\\\/schema\\\/person\\\/2e7709b9c9cc313e452d1136af61690f\"},\"headline\":\"Pr\u00e9sidence du parti Les D\u00e9mocrates : Ces articles qui valident l&rsquo;\u00e9lection d&rsquo;Atchad\u00e9\",\"datePublished\":\"2026-03-25T04:20:43+00:00\",\"mainEntityOfPage\":{\"@id\":\"https:\\\/\\\/lepatriotebenin.com\\\/index.php\\\/2026\\\/03\\\/25\\\/presidence-du-parti-les-democrates-ces-articles-qui-valident-lelection-datchade\\\/\"},\"wordCount\":837,\"commentCount\":0,\"image\":{\"@id\":\"https:\\\/\\\/lepatriotebenin.com\\\/index.php\\\/2026\\\/03\\\/25\\\/presidence-du-parti-les-democrates-ces-articles-qui-valident-lelection-datchade\\\/#primaryimage\"},\"thumbnailUrl\":\"https:\\\/\\\/lepatriotebenin.com\\\/wp-content\\\/uploads\\\/2026\\\/03\\\/atchade-1.jpg\",\"articleSection\":[\"Politique\"],\"inLanguage\":\"fr-FR\",\"potentialAction\":[{\"@type\":\"CommentAction\",\"name\":\"Comment\",\"target\":[\"https:\\\/\\\/lepatriotebenin.com\\\/index.php\\\/2026\\\/03\\\/25\\\/presidence-du-parti-les-democrates-ces-articles-qui-valident-lelection-datchade\\\/#respond\"]}]},{\"@type\":\"WebPage\",\"@id\":\"https:\\\/\\\/lepatriotebenin.com\\\/index.php\\\/2026\\\/03\\\/25\\\/presidence-du-parti-les-democrates-ces-articles-qui-valident-lelection-datchade\\\/\",\"url\":\"https:\\\/\\\/lepatriotebenin.com\\\/index.php\\\/2026\\\/03\\\/25\\\/presidence-du-parti-les-democrates-ces-articles-qui-valident-lelection-datchade\\\/\",\"name\":\"Pr\u00e9sidence du parti Les D\u00e9mocrates : Ces articles qui valident l'\u00e9lection d'Atchad\u00e9 - Le Patriote\",\"isPartOf\":{\"@id\":\"https:\\\/\\\/lepatriotebenin.com\\\/#website\"},\"primaryImageOfPage\":{\"@id\":\"https:\\\/\\\/lepatriotebenin.com\\\/index.php\\\/2026\\\/03\\\/25\\\/presidence-du-parti-les-democrates-ces-articles-qui-valident-lelection-datchade\\\/#primaryimage\"},\"image\":{\"@id\":\"https:\\\/\\\/lepatriotebenin.com\\\/index.php\\\/2026\\\/03\\\/25\\\/presidence-du-parti-les-democrates-ces-articles-qui-valident-lelection-datchade\\\/#primaryimage\"},\"thumbnailUrl\":\"https:\\\/\\\/lepatriotebenin.com\\\/wp-content\\\/uploads\\\/2026\\\/03\\\/atchade-1.jpg\",\"datePublished\":\"2026-03-25T04:20:43+00:00\",\"author\":{\"@id\":\"https:\\\/\\\/lepatriotebenin.com\\\/#\\\/schema\\\/person\\\/2e7709b9c9cc313e452d1136af61690f\"},\"breadcrumb\":{\"@id\":\"https:\\\/\\\/lepatriotebenin.com\\\/index.php\\\/2026\\\/03\\\/25\\\/presidence-du-parti-les-democrates-ces-articles-qui-valident-lelection-datchade\\\/#breadcrumb\"},\"inLanguage\":\"fr-FR\",\"potentialAction\":[{\"@type\":\"ReadAction\",\"target\":[\"https:\\\/\\\/lepatriotebenin.com\\\/index.php\\\/2026\\\/03\\\/25\\\/presidence-du-parti-les-democrates-ces-articles-qui-valident-lelection-datchade\\\/\"]}]},{\"@type\":\"ImageObject\",\"inLanguage\":\"fr-FR\",\"@id\":\"https:\\\/\\\/lepatriotebenin.com\\\/index.php\\\/2026\\\/03\\\/25\\\/presidence-du-parti-les-democrates-ces-articles-qui-valident-lelection-datchade\\\/#primaryimage\",\"url\":\"https:\\\/\\\/lepatriotebenin.com\\\/wp-content\\\/uploads\\\/2026\\\/03\\\/atchade-1.jpg\",\"contentUrl\":\"https:\\\/\\\/lepatriotebenin.com\\\/wp-content\\\/uploads\\\/2026\\\/03\\\/atchade-1.jpg\",\"width\":633,\"height\":1080},{\"@type\":\"BreadcrumbList\",\"@id\":\"https:\\\/\\\/lepatriotebenin.com\\\/index.php\\\/2026\\\/03\\\/25\\\/presidence-du-parti-les-democrates-ces-articles-qui-valident-lelection-datchade\\\/#breadcrumb\",\"itemListElement\":[{\"@type\":\"ListItem\",\"position\":1,\"name\":\"Accueil\",\"item\":\"https:\\\/\\\/lepatriotebenin.com\\\/\"},{\"@type\":\"ListItem\",\"position\":2,\"name\":\"Pr\u00e9sidence du parti Les D\u00e9mocrates : Ces articles qui valident l&rsquo;\u00e9lection d&rsquo;Atchad\u00e9\"}]},{\"@type\":\"WebSite\",\"@id\":\"https:\\\/\\\/lepatriotebenin.com\\\/#website\",\"url\":\"https:\\\/\\\/lepatriotebenin.com\\\/\",\"name\":\"Le Patriote\",\"description\":\"Le Patriote B\u00e9nin\",\"potentialAction\":[{\"@type\":\"SearchAction\",\"target\":{\"@type\":\"EntryPoint\",\"urlTemplate\":\"https:\\\/\\\/lepatriotebenin.com\\\/?s={search_term_string}\"},\"query-input\":{\"@type\":\"PropertyValueSpecification\",\"valueRequired\":true,\"valueName\":\"search_term_string\"}}],\"inLanguage\":\"fr-FR\"},{\"@type\":\"Person\",\"@id\":\"https:\\\/\\\/lepatriotebenin.com\\\/#\\\/schema\\\/person\\\/2e7709b9c9cc313e452d1136af61690f\",\"name\":\"Redaction\",\"image\":{\"@type\":\"ImageObject\",\"inLanguage\":\"fr-FR\",\"@id\":\"https:\\\/\\\/secure.gravatar.com\\\/avatar\\\/c4c509357859ea2ca2cbb6d8812898a73e4ef1ef9934c2e591d7e32face734d1?s=96&d=mm&r=g\",\"url\":\"https:\\\/\\\/secure.gravatar.com\\\/avatar\\\/c4c509357859ea2ca2cbb6d8812898a73e4ef1ef9934c2e591d7e32face734d1?s=96&d=mm&r=g\",\"contentUrl\":\"https:\\\/\\\/secure.gravatar.com\\\/avatar\\\/c4c509357859ea2ca2cbb6d8812898a73e4ef1ef9934c2e591d7e32face734d1?s=96&d=mm&r=g\",\"caption\":\"Redaction\"},\"url\":\"https:\\\/\\\/lepatriotebenin.com\"}]}<\/script>\n<!-- \/ Yoast SEO plugin. -->","yoast_head_json":{"title":"Pr\u00e9sidence du parti Les D\u00e9mocrates : Ces articles qui valident l'\u00e9lection d'Atchad\u00e9 - Le Patriote","robots":{"index":"index","follow":"follow","max-snippet":"max-snippet:-1","max-image-preview":"max-image-preview:large","max-video-preview":"max-video-preview:-1"},"canonical":"https:\/\/lepatriotebenin.com\/index.php\/2026\/03\/25\/presidence-du-parti-les-democrates-ces-articles-qui-valident-lelection-datchade\/","og_locale":"fr_FR","og_type":"article","og_title":"Pr\u00e9sidence du parti Les D\u00e9mocrates : Ces articles qui valident l'\u00e9lection d'Atchad\u00e9 - Le Patriote","og_description":"Le suspens a dur\u00e9 de 8 heures de ce dimanche 22 \u00e0 6 heures de Lundi 23 mars 2026. Le jeu valait la chandelle et les r\u00e9sultats \u00e9taient \u00e0\u00a0 la&hellip;","og_url":"https:\/\/lepatriotebenin.com\/index.php\/2026\/03\/25\/presidence-du-parti-les-democrates-ces-articles-qui-valident-lelection-datchade\/","og_site_name":"Le Patriote","article_published_time":"2026-03-25T04:20:43+00:00","og_image":[{"width":633,"height":1080,"url":"https:\/\/lepatriotebenin.com\/wp-content\/uploads\/2026\/03\/atchade-1.jpg","type":"image\/jpeg"}],"author":"Redaction","twitter_card":"summary_large_image","twitter_misc":{"\u00c9crit par":"Redaction","Dur\u00e9e de lecture estim\u00e9e":"4 minutes"},"schema":{"@context":"https:\/\/schema.org","@graph":[{"@type":"Article","@id":"https:\/\/lepatriotebenin.com\/index.php\/2026\/03\/25\/presidence-du-parti-les-democrates-ces-articles-qui-valident-lelection-datchade\/#article","isPartOf":{"@id":"https:\/\/lepatriotebenin.com\/index.php\/2026\/03\/25\/presidence-du-parti-les-democrates-ces-articles-qui-valident-lelection-datchade\/"},"author":{"name":"Redaction","@id":"https:\/\/lepatriotebenin.com\/#\/schema\/person\/2e7709b9c9cc313e452d1136af61690f"},"headline":"Pr\u00e9sidence du parti Les D\u00e9mocrates : Ces articles qui valident l&rsquo;\u00e9lection d&rsquo;Atchad\u00e9","datePublished":"2026-03-25T04:20:43+00:00","mainEntityOfPage":{"@id":"https:\/\/lepatriotebenin.com\/index.php\/2026\/03\/25\/presidence-du-parti-les-democrates-ces-articles-qui-valident-lelection-datchade\/"},"wordCount":837,"commentCount":0,"image":{"@id":"https:\/\/lepatriotebenin.com\/index.php\/2026\/03\/25\/presidence-du-parti-les-democrates-ces-articles-qui-valident-lelection-datchade\/#primaryimage"},"thumbnailUrl":"https:\/\/lepatriotebenin.com\/wp-content\/uploads\/2026\/03\/atchade-1.jpg","articleSection":["Politique"],"inLanguage":"fr-FR","potentialAction":[{"@type":"CommentAction","name":"Comment","target":["https:\/\/lepatriotebenin.com\/index.php\/2026\/03\/25\/presidence-du-parti-les-democrates-ces-articles-qui-valident-lelection-datchade\/#respond"]}]},{"@type":"WebPage","@id":"https:\/\/lepatriotebenin.com\/index.php\/2026\/03\/25\/presidence-du-parti-les-democrates-ces-articles-qui-valident-lelection-datchade\/","url":"https:\/\/lepatriotebenin.com\/index.php\/2026\/03\/25\/presidence-du-parti-les-democrates-ces-articles-qui-valident-lelection-datchade\/","name":"Pr\u00e9sidence du parti Les D\u00e9mocrates : Ces articles qui valident l'\u00e9lection d'Atchad\u00e9 - Le Patriote","isPartOf":{"@id":"https:\/\/lepatriotebenin.com\/#website"},"primaryImageOfPage":{"@id":"https:\/\/lepatriotebenin.com\/index.php\/2026\/03\/25\/presidence-du-parti-les-democrates-ces-articles-qui-valident-lelection-datchade\/#primaryimage"},"image":{"@id":"https:\/\/lepatriotebenin.com\/index.php\/2026\/03\/25\/presidence-du-parti-les-democrates-ces-articles-qui-valident-lelection-datchade\/#primaryimage"},"thumbnailUrl":"https:\/\/lepatriotebenin.com\/wp-content\/uploads\/2026\/03\/atchade-1.jpg","datePublished":"2026-03-25T04:20:43+00:00","author":{"@id":"https:\/\/lepatriotebenin.com\/#\/schema\/person\/2e7709b9c9cc313e452d1136af61690f"},"breadcrumb":{"@id":"https:\/\/lepatriotebenin.com\/index.php\/2026\/03\/25\/presidence-du-parti-les-democrates-ces-articles-qui-valident-lelection-datchade\/#breadcrumb"},"inLanguage":"fr-FR","potentialAction":[{"@type":"ReadAction","target":["https:\/\/lepatriotebenin.com\/index.php\/2026\/03\/25\/presidence-du-parti-les-democrates-ces-articles-qui-valident-lelection-datchade\/"]}]},{"@type":"ImageObject","inLanguage":"fr-FR","@id":"https:\/\/lepatriotebenin.com\/index.php\/2026\/03\/25\/presidence-du-parti-les-democrates-ces-articles-qui-valident-lelection-datchade\/#primaryimage","url":"https:\/\/lepatriotebenin.com\/wp-content\/uploads\/2026\/03\/atchade-1.jpg","contentUrl":"https:\/\/lepatriotebenin.com\/wp-content\/uploads\/2026\/03\/atchade-1.jpg","width":633,"height":1080},{"@type":"BreadcrumbList","@id":"https:\/\/lepatriotebenin.com\/index.php\/2026\/03\/25\/presidence-du-parti-les-democrates-ces-articles-qui-valident-lelection-datchade\/#breadcrumb","itemListElement":[{"@type":"ListItem","position":1,"name":"Accueil","item":"https:\/\/lepatriotebenin.com\/"},{"@type":"ListItem","position":2,"name":"Pr\u00e9sidence du parti Les D\u00e9mocrates : Ces articles qui valident l&rsquo;\u00e9lection d&rsquo;Atchad\u00e9"}]},{"@type":"WebSite","@id":"https:\/\/lepatriotebenin.com\/#website","url":"https:\/\/lepatriotebenin.com\/","name":"Le Patriote","description":"Le Patriote B\u00e9nin","potentialAction":[{"@type":"SearchAction","target":{"@type":"EntryPoint","urlTemplate":"https:\/\/lepatriotebenin.com\/?s={search_term_string}"},"query-input":{"@type":"PropertyValueSpecification","valueRequired":true,"valueName":"search_term_string"}}],"inLanguage":"fr-FR"},{"@type":"Person","@id":"https:\/\/lepatriotebenin.com\/#\/schema\/person\/2e7709b9c9cc313e452d1136af61690f","name":"Redaction","image":{"@type":"ImageObject","inLanguage":"fr-FR","@id":"https:\/\/secure.gravatar.com\/avatar\/c4c509357859ea2ca2cbb6d8812898a73e4ef1ef9934c2e591d7e32face734d1?s=96&d=mm&r=g","url":"https:\/\/secure.gravatar.com\/avatar\/c4c509357859ea2ca2cbb6d8812898a73e4ef1ef9934c2e591d7e32face734d1?s=96&d=mm&r=g","contentUrl":"https:\/\/secure.gravatar.com\/avatar\/c4c509357859ea2ca2cbb6d8812898a73e4ef1ef9934c2e591d7e32face734d1?s=96&d=mm&r=g","caption":"Redaction"},"url":"https:\/\/lepatriotebenin.com"}]}},"_links":{"self":[{"href":"https:\/\/lepatriotebenin.com\/index.php\/wp-json\/wp\/v2\/posts\/18046","targetHints":{"allow":["GET"]}}],"collection":[{"href":"https:\/\/lepatriotebenin.com\/index.php\/wp-json\/wp\/v2\/posts"}],"about":[{"href":"https:\/\/lepatriotebenin.com\/index.php\/wp-json\/wp\/v2\/types\/post"}],"author":[{"embeddable":true,"href":"https:\/\/lepatriotebenin.com\/index.php\/wp-json\/wp\/v2\/users\/5"}],"replies":[{"embeddable":true,"href":"https:\/\/lepatriotebenin.com\/index.php\/wp-json\/wp\/v2\/comments?post=18046"}],"version-history":[{"count":1,"href":"https:\/\/lepatriotebenin.com\/index.php\/wp-json\/wp\/v2\/posts\/18046\/revisions"}],"predecessor-version":[{"id":18049,"href":"https:\/\/lepatriotebenin.com\/index.php\/wp-json\/wp\/v2\/posts\/18046\/revisions\/18049"}],"wp:featuredmedia":[{"embeddable":true,"href":"https:\/\/lepatriotebenin.com\/index.php\/wp-json\/wp\/v2\/media\/18048"}],"wp:attachment":[{"href":"https:\/\/lepatriotebenin.com\/index.php\/wp-json\/wp\/v2\/media?parent=18046"}],"wp:term":[{"taxonomy":"category","embeddable":true,"href":"https:\/\/lepatriotebenin.com\/index.php\/wp-json\/wp\/v2\/categories?post=18046"},{"taxonomy":"post_tag","embeddable":true,"href":"https:\/\/lepatriotebenin.com\/index.php\/wp-json\/wp\/v2\/tags?post=18046"}],"curies":[{"name":"wp","href":"https:\/\/api.w.org\/{rel}","templated":true}]}}