{"id":18024,"date":"2026-03-24T21:26:29","date_gmt":"2026-03-24T20:26:29","guid":{"rendered":"https:\/\/lepatriotebenin.com\/?p=18024"},"modified":"2026-03-25T00:09:54","modified_gmt":"2026-03-24T23:09:54","slug":"election-presidentielle-de-2026-lunite-dactions-patriotiques-de-la-diaspora-beninoise-invite-le-peuple-a-faire-echec-a-la-mascarade-electorale-du-12-avril","status":"publish","type":"post","link":"https:\/\/lepatriotebenin.com\/index.php\/2026\/03\/24\/election-presidentielle-de-2026-lunite-dactions-patriotiques-de-la-diaspora-beninoise-invite-le-peuple-a-faire-echec-a-la-mascarade-electorale-du-12-avril\/","title":{"rendered":"\u00c9lection pr\u00e9sidentielle 2026 : L\u2019UAPDB invite le peuple \u00e0 faire \u00e9chec \u00e0 la mascarade du 12 avril"},"content":{"rendered":"<p><em><strong>Le mouvement \u00ab\u00a0Unit\u00e9 d&rsquo;actions patriotiques de la diaspora b\u00e9ninoise\u00a0\u00bb est r\u00e9solument engag\u00e9 pour un retour \u00e0 l&rsquo;ordre d\u00e9mocratique, au multipartisme et \u00e0 la digne unanimit\u00e9 autour de l&rsquo;\u00e9lection du nouveau pr\u00e9sident de la R\u00e9publique. Pour ce faire, \u00e0 travers une d\u00e9claration, il invite le peuple b\u00e9ninois \u00e0 emp\u00eacher la mascarade \u00e9lectorale qui s&rsquo;annonce le 12 avril prochain avec l&rsquo;\u00e9lection de Romuald Wadagni. Il formule aussi des propositions pour un retour \u00e0 l&rsquo;ordre normal des choses. Lisez !<\/strong><\/em><\/p>\n<p><em><strong>UAPDB \u2013 UNIT\u00c9 D\u2019ACTIONS PATRIOTIQUES DE LA DIASPORA B\u00c9NINOISE<\/strong><\/em><\/p>\n<p><em><strong>D\u00c9CLARATION DE L\u2019UAPDB<\/strong><\/em><\/p>\n<p><em><strong>\u00c0 propos de la mascarade d\u2019\u00e9lection pr\u00e9sidentielle du 12 avril 2026 au B\u00e9nin<\/strong><\/em><\/p>\n<p>La derni\u00e8re phase des \u00e9lections coupl\u00e9es de 2026 au B\u00e9nin aura lieu le 12 avril avec l\u2019\u00e9lection pr\u00e9sidentielle. Mais chacun le sait d\u00e9sormais : il ne s\u2019agit pas d\u2019une \u00e9lection, mais d\u2019une formalit\u00e9 destin\u00e9e \u00e0 l\u00e9gitimer la d\u00e9signation du successeur du pr\u00e9sident Patrice Talon.<\/p>\n<p>Apr\u00e8s le boycott massif des \u00e9lections l\u00e9gislatives et communales de janvier 2026, boycott que m\u00eame les chiffres officiels manipul\u00e9s n\u2019ont pu masquer, le pouvoir de la Rupture multiplie aujourd\u2019hui les man\u0153uvres pour obtenir un taux de participation artificiellement \u00e9lev\u00e9 \u00e0 l\u2019\u00e9lection pr\u00e9sidentielle. L\u2019objectif est clair : donner un vernis de l\u00e9gitimit\u00e9 \u00e0 une succession d\u00e9j\u00e0 d\u00e9cid\u00e9e.<\/p>\n<p>Mais c\u2019est peine perdue.<\/p>\n<p>Le peuple b\u00e9ninois a appris. Il a aussi compris. Il sait d\u00e9sormais que, depuis 2019, les \u00e9lections sous le r\u00e9gime de la Rupture ne servent plus \u00e0 choisir des dirigeants, mais \u00e0 confirmer des d\u00e9cisions d\u00e9j\u00e0 prises.<\/p>\n<p>Le pr\u00e9sident Patrice Talon se d\u00e9m\u00e8ne aujourd\u2019hui pour donner un minimum de cr\u00e9dibilit\u00e9 \u00e0 la nomination de son dauphin, Romuald Wadagni, en \u00e9vitant \u00e0 tout prix un nouveau boycott massif qui r\u00e9v\u00e9lerait au grand jour l\u2019isolement son r\u00e9gime.<\/p>\n<p>Pour parvenir \u00e0 ses fins, le pouvoir mobilise ses accompagnateurs traditionnels et de nouveaux relais politiques pour jouer des r\u00f4les bien r\u00e9partis dans cette nouvelle mise en sc\u00e8ne \u00e9lectorale.<\/p>\n<p>Autour du candidat du pouvoir, on assiste \u00e0 la cr\u00e9ation d\u2019innombrables comit\u00e9s de soutien aux noms vari\u00e9s et color\u00e9s, destin\u00e9s \u00e0 donner l\u2019impression d\u2019une adh\u00e9sion populaire massive. On tente de vendre au peuple l\u2019id\u00e9e que \u00ab Wadagni est diff\u00e9rent de Talon \u00bb, comme si un syst\u00e8me pouvait survivre sans reproduire ses propres m\u00e9thodes. On organise des ralliements opportunistes, chacun cherchant \u00e0 se placer aupr\u00e8s du futur pr\u00e9sident pour pr\u00e9server ses int\u00e9r\u00eats.<\/p>\n<p>Parall\u00e8lement, le pouvoir de la Rupture met en sc\u00e8ne le candidat d\u2019opposition d\u00e9sign\u00e9 et autoris\u00e9 par lui, Paul HOUNKP\u00c8, charg\u00e9 de donner une apparence de pluralisme \u00e0 une \u00e9lection verrouill\u00e9e d\u2019avance alors que ce dernier, avec son parti, a sign\u00e9 un accord parlementaire avec les deux partis siamois, UP-R et BR, du pr\u00e9sident Patrice Talon. Ce candidat reprend aujourd\u2019hui des revendications populaires \u2013 libert\u00e9, justice sociale, mieux-\u00eatre \u2013 tout en participant \u00e0 un processus dont l\u2019issue est d\u00e9j\u00e0 connue. Autour de lui, des coalitions se forment, des alliances opportunistes se nouent, non pas pour gagner l\u2019\u00e9lection, mais pour donner \u00e0 l\u2019ext\u00e9rieur l\u2019illusion d\u2019une comp\u00e9tition politique.<\/p>\n<p>Tout cela n\u2019est qu\u2019un d\u00e9cor. Une mise en sc\u00e8ne. Une mascarade \u00e9lectorale de plus.<\/p>\n<p>Comme toujours, le peuple n\u2019a rien \u00e0 gagner dans cette op\u00e9ration.<\/p>\n<p>Et si cette nouvelle forfaiture r\u00e9ussit, elle consacrera d\u00e9finitivement la confiscation du pouvoir, l\u2019\u00e9touffement des libert\u00e9s, l\u2019aggravation des difficult\u00e9s sociales et la mise sous tutelle durable de notre pays.<\/p>\n<p>Face \u00e0 cette situation, l\u2019Unit\u00e9 d\u2019Actions Patriotiques de la Diaspora B\u00e9ninoise (UAPDB) r\u00e9affirme sa position originelle constante et sans ambigu\u00eft\u00e9 : la voie \u00e9lectoraliste, dans les conditions actuelles, est une impasse, une immense escroquerie politique et un nouveau pi\u00e8ge politique. Elle ne peut pas permettre de mettre fin au syst\u00e8me autocratique du pouvoir de la Rupture du pr\u00e9sident Patrice Talon. Elle sert au contraire \u00e0 lui donner une l\u00e9gitimit\u00e9 qu\u2019il ne poss\u00e8de pas.<\/p>\n<p>Le peuple b\u00e9ninois donnera immanquablement une nouvelle racl\u00e9e \u00e0 la mascarade d\u2019\u00e9lection pr\u00e9sidentielle du 12 avril 2026.<\/p>\n<p><strong>L\u2019UAPDB :<\/strong><\/p>\n<p>* Salue tous les citoyens, toutes les organisations, tous les patriotes qui se mobilisent pour faire \u00e9chec \u00e0 cette nouvelle tentative de l\u00e9gitimation d\u2019un pouvoir sans l\u00e9gitimit\u00e9 populaire.<\/p>\n<p>* R\u00e9affirme \u00e9galement que la seule issue politique s\u00e9rieuse pour sortir le pays de l\u2019impasse actuelle reste l\u2019organisation d\u2019une nouvelle Conf\u00e9rence nationale souveraine afin de refonder les institutions, r\u00e9\u00e9crire les r\u00e8gles du vivre-ensemble et redonner la parole au peuple b\u00e9ninois.<\/p>\n<p>* Appelle enfin \u00e0 l\u2019union, la plus large possible, de toutes les filles et de tous les fils du B\u00e9nin, de l\u2019int\u00e9rieur comme de la diaspora, pour mettre fin au syst\u00e8me de la Rupture et ouvrir une nouvelle page de l\u2019histoire de notre pays.<\/p>\n<p>Pour l\u2019UAPDB, participer \u00e0 cette mascarade est une impasse. S\u2019unir pour y mettre fin est une n\u00e9cessit\u00e9 historique.<\/p>\n<p>Uni, le peuple vaincra.<\/p>\n<p><strong>Paris, le 23 mars 2026<\/strong><\/p>\n<p><strong>Pour l\u2019UAPDB, le coordinateur g\u00e9n\u00e9ral<\/strong><\/p>\n<p><strong>AD\u00c9 SYMAHOU<\/strong><\/p>\n","protected":false},"excerpt":{"rendered":"<p>Le mouvement \u00ab\u00a0Unit\u00e9 d&rsquo;actions patriotiques de la diaspora b\u00e9ninoise\u00a0\u00bb est r\u00e9solument engag\u00e9 pour un retour \u00e0 l&rsquo;ordre d\u00e9mocratique, au multipartisme et \u00e0 la digne unanimit\u00e9 autour de l&rsquo;\u00e9lection du nouveau&hellip;<\/p>\n","protected":false},"author":5,"featured_media":18027,"comment_status":"open","ping_status":"open","sticky":false,"template":"","format":"standard","meta":{"content-type":"","om_disable_all_campaigns":false,"_monsterinsights_skip_tracking":false,"_monsterinsights_sitenote_active":false,"_monsterinsights_sitenote_note":"","_monsterinsights_sitenote_category":0,"_uf_show_specific_survey":0,"_uf_disable_surveys":false,"footnotes":""},"categories":[26],"tags":[],"class_list":["post-18024","post","type-post","status-publish","format-standard","has-post-thumbnail","hentry","category-politique"],"aioseo_notices":[],"yoast_head":"<!-- This site is optimized with the Yoast SEO plugin v27.5 - https:\/\/yoast.com\/product\/yoast-seo-wordpress\/ -->\n<title>\u00c9lection pr\u00e9sidentielle 2026 : L\u2019UAPDB invite le peuple \u00e0 faire \u00e9chec \u00e0 la mascarade du 12 avril - Le Patriote<\/title>\n<meta name=\"robots\" content=\"index, follow, max-snippet:-1, max-image-preview:large, max-video-preview:-1\" \/>\n<link rel=\"canonical\" href=\"https:\/\/lepatriotebenin.com\/index.php\/2026\/03\/24\/election-presidentielle-de-2026-lunite-dactions-patriotiques-de-la-diaspora-beninoise-invite-le-peuple-a-faire-echec-a-la-mascarade-electorale-du-12-avril\/\" \/>\n<meta property=\"og:locale\" content=\"fr_FR\" \/>\n<meta property=\"og:type\" content=\"article\" \/>\n<meta property=\"og:title\" content=\"\u00c9lection pr\u00e9sidentielle 2026 : L\u2019UAPDB invite le peuple \u00e0 faire \u00e9chec \u00e0 la mascarade du 12 avril - Le Patriote\" \/>\n<meta property=\"og:description\" content=\"Le mouvement \u00ab\u00a0Unit\u00e9 d&rsquo;actions patriotiques de la diaspora b\u00e9ninoise\u00a0\u00bb est r\u00e9solument engag\u00e9 pour un retour \u00e0 l&rsquo;ordre d\u00e9mocratique, au multipartisme et \u00e0 la digne unanimit\u00e9 autour de l&rsquo;\u00e9lection du nouveau&hellip;\" \/>\n<meta property=\"og:url\" content=\"https:\/\/lepatriotebenin.com\/index.php\/2026\/03\/24\/election-presidentielle-de-2026-lunite-dactions-patriotiques-de-la-diaspora-beninoise-invite-le-peuple-a-faire-echec-a-la-mascarade-electorale-du-12-avril\/\" \/>\n<meta property=\"og:site_name\" content=\"Le Patriote\" \/>\n<meta property=\"article:published_time\" content=\"2026-03-24T20:26:29+00:00\" \/>\n<meta property=\"article:modified_time\" content=\"2026-03-24T23:09:54+00:00\" \/>\n<meta property=\"og:image\" content=\"https:\/\/lepatriotebenin.com\/wp-content\/uploads\/2026\/03\/diaspora-a.jpeg\" \/>\n\t<meta property=\"og:image:width\" content=\"1599\" \/>\n\t<meta property=\"og:image:height\" content=\"1600\" \/>\n\t<meta property=\"og:image:type\" content=\"image\/jpeg\" \/>\n<meta name=\"author\" content=\"Redaction\" \/>\n<meta name=\"twitter:card\" content=\"summary_large_image\" \/>\n<meta name=\"twitter:label1\" content=\"\u00c9crit par\" \/>\n\t<meta name=\"twitter:data1\" content=\"Redaction\" \/>\n\t<meta name=\"twitter:label2\" content=\"Dur\u00e9e de lecture estim\u00e9e\" \/>\n\t<meta name=\"twitter:data2\" content=\"5 minutes\" \/>\n<script type=\"application\/ld+json\" class=\"yoast-schema-graph\">{\"@context\":\"https:\\\/\\\/schema.org\",\"@graph\":[{\"@type\":\"Article\",\"@id\":\"https:\\\/\\\/lepatriotebenin.com\\\/index.php\\\/2026\\\/03\\\/24\\\/election-presidentielle-de-2026-lunite-dactions-patriotiques-de-la-diaspora-beninoise-invite-le-peuple-a-faire-echec-a-la-mascarade-electorale-du-12-avril\\\/#article\",\"isPartOf\":{\"@id\":\"https:\\\/\\\/lepatriotebenin.com\\\/index.php\\\/2026\\\/03\\\/24\\\/election-presidentielle-de-2026-lunite-dactions-patriotiques-de-la-diaspora-beninoise-invite-le-peuple-a-faire-echec-a-la-mascarade-electorale-du-12-avril\\\/\"},\"author\":{\"name\":\"Redaction\",\"@id\":\"https:\\\/\\\/lepatriotebenin.com\\\/#\\\/schema\\\/person\\\/2e7709b9c9cc313e452d1136af61690f\"},\"headline\":\"\u00c9lection pr\u00e9sidentielle 2026 : L\u2019UAPDB invite le peuple \u00e0 faire \u00e9chec \u00e0 la mascarade du 12 avril\",\"datePublished\":\"2026-03-24T20:26:29+00:00\",\"dateModified\":\"2026-03-24T23:09:54+00:00\",\"mainEntityOfPage\":{\"@id\":\"https:\\\/\\\/lepatriotebenin.com\\\/index.php\\\/2026\\\/03\\\/24\\\/election-presidentielle-de-2026-lunite-dactions-patriotiques-de-la-diaspora-beninoise-invite-le-peuple-a-faire-echec-a-la-mascarade-electorale-du-12-avril\\\/\"},\"wordCount\":895,\"commentCount\":0,\"image\":{\"@id\":\"https:\\\/\\\/lepatriotebenin.com\\\/index.php\\\/2026\\\/03\\\/24\\\/election-presidentielle-de-2026-lunite-dactions-patriotiques-de-la-diaspora-beninoise-invite-le-peuple-a-faire-echec-a-la-mascarade-electorale-du-12-avril\\\/#primaryimage\"},\"thumbnailUrl\":\"https:\\\/\\\/lepatriotebenin.com\\\/wp-content\\\/uploads\\\/2026\\\/03\\\/diaspora-a.jpeg\",\"articleSection\":[\"Politique\"],\"inLanguage\":\"fr-FR\",\"potentialAction\":[{\"@type\":\"CommentAction\",\"name\":\"Comment\",\"target\":[\"https:\\\/\\\/lepatriotebenin.com\\\/index.php\\\/2026\\\/03\\\/24\\\/election-presidentielle-de-2026-lunite-dactions-patriotiques-de-la-diaspora-beninoise-invite-le-peuple-a-faire-echec-a-la-mascarade-electorale-du-12-avril\\\/#respond\"]}]},{\"@type\":\"WebPage\",\"@id\":\"https:\\\/\\\/lepatriotebenin.com\\\/index.php\\\/2026\\\/03\\\/24\\\/election-presidentielle-de-2026-lunite-dactions-patriotiques-de-la-diaspora-beninoise-invite-le-peuple-a-faire-echec-a-la-mascarade-electorale-du-12-avril\\\/\",\"url\":\"https:\\\/\\\/lepatriotebenin.com\\\/index.php\\\/2026\\\/03\\\/24\\\/election-presidentielle-de-2026-lunite-dactions-patriotiques-de-la-diaspora-beninoise-invite-le-peuple-a-faire-echec-a-la-mascarade-electorale-du-12-avril\\\/\",\"name\":\"\u00c9lection pr\u00e9sidentielle 2026 : L\u2019UAPDB invite le peuple \u00e0 faire \u00e9chec \u00e0 la mascarade du 12 avril - Le Patriote\",\"isPartOf\":{\"@id\":\"https:\\\/\\\/lepatriotebenin.com\\\/#website\"},\"primaryImageOfPage\":{\"@id\":\"https:\\\/\\\/lepatriotebenin.com\\\/index.php\\\/2026\\\/03\\\/24\\\/election-presidentielle-de-2026-lunite-dactions-patriotiques-de-la-diaspora-beninoise-invite-le-peuple-a-faire-echec-a-la-mascarade-electorale-du-12-avril\\\/#primaryimage\"},\"image\":{\"@id\":\"https:\\\/\\\/lepatriotebenin.com\\\/index.php\\\/2026\\\/03\\\/24\\\/election-presidentielle-de-2026-lunite-dactions-patriotiques-de-la-diaspora-beninoise-invite-le-peuple-a-faire-echec-a-la-mascarade-electorale-du-12-avril\\\/#primaryimage\"},\"thumbnailUrl\":\"https:\\\/\\\/lepatriotebenin.com\\\/wp-content\\\/uploads\\\/2026\\\/03\\\/diaspora-a.jpeg\",\"datePublished\":\"2026-03-24T20:26:29+00:00\",\"dateModified\":\"2026-03-24T23:09:54+00:00\",\"author\":{\"@id\":\"https:\\\/\\\/lepatriotebenin.com\\\/#\\\/schema\\\/person\\\/2e7709b9c9cc313e452d1136af61690f\"},\"breadcrumb\":{\"@id\":\"https:\\\/\\\/lepatriotebenin.com\\\/index.php\\\/2026\\\/03\\\/24\\\/election-presidentielle-de-2026-lunite-dactions-patriotiques-de-la-diaspora-beninoise-invite-le-peuple-a-faire-echec-a-la-mascarade-electorale-du-12-avril\\\/#breadcrumb\"},\"inLanguage\":\"fr-FR\",\"potentialAction\":[{\"@type\":\"ReadAction\",\"target\":[\"https:\\\/\\\/lepatriotebenin.com\\\/index.php\\\/2026\\\/03\\\/24\\\/election-presidentielle-de-2026-lunite-dactions-patriotiques-de-la-diaspora-beninoise-invite-le-peuple-a-faire-echec-a-la-mascarade-electorale-du-12-avril\\\/\"]}]},{\"@type\":\"ImageObject\",\"inLanguage\":\"fr-FR\",\"@id\":\"https:\\\/\\\/lepatriotebenin.com\\\/index.php\\\/2026\\\/03\\\/24\\\/election-presidentielle-de-2026-lunite-dactions-patriotiques-de-la-diaspora-beninoise-invite-le-peuple-a-faire-echec-a-la-mascarade-electorale-du-12-avril\\\/#primaryimage\",\"url\":\"https:\\\/\\\/lepatriotebenin.com\\\/wp-content\\\/uploads\\\/2026\\\/03\\\/diaspora-a.jpeg\",\"contentUrl\":\"https:\\\/\\\/lepatriotebenin.com\\\/wp-content\\\/uploads\\\/2026\\\/03\\\/diaspora-a.jpeg\",\"width\":1599,\"height\":1600},{\"@type\":\"BreadcrumbList\",\"@id\":\"https:\\\/\\\/lepatriotebenin.com\\\/index.php\\\/2026\\\/03\\\/24\\\/election-presidentielle-de-2026-lunite-dactions-patriotiques-de-la-diaspora-beninoise-invite-le-peuple-a-faire-echec-a-la-mascarade-electorale-du-12-avril\\\/#breadcrumb\",\"itemListElement\":[{\"@type\":\"ListItem\",\"position\":1,\"name\":\"Accueil\",\"item\":\"https:\\\/\\\/lepatriotebenin.com\\\/\"},{\"@type\":\"ListItem\",\"position\":2,\"name\":\"\u00c9lection pr\u00e9sidentielle 2026 : L\u2019UAPDB invite le peuple \u00e0 faire \u00e9chec \u00e0 la mascarade du 12 avril\"}]},{\"@type\":\"WebSite\",\"@id\":\"https:\\\/\\\/lepatriotebenin.com\\\/#website\",\"url\":\"https:\\\/\\\/lepatriotebenin.com\\\/\",\"name\":\"Le Patriote\",\"description\":\"Le Patriote B\u00e9nin\",\"potentialAction\":[{\"@type\":\"SearchAction\",\"target\":{\"@type\":\"EntryPoint\",\"urlTemplate\":\"https:\\\/\\\/lepatriotebenin.com\\\/?s={search_term_string}\"},\"query-input\":{\"@type\":\"PropertyValueSpecification\",\"valueRequired\":true,\"valueName\":\"search_term_string\"}}],\"inLanguage\":\"fr-FR\"},{\"@type\":\"Person\",\"@id\":\"https:\\\/\\\/lepatriotebenin.com\\\/#\\\/schema\\\/person\\\/2e7709b9c9cc313e452d1136af61690f\",\"name\":\"Redaction\",\"image\":{\"@type\":\"ImageObject\",\"inLanguage\":\"fr-FR\",\"@id\":\"https:\\\/\\\/secure.gravatar.com\\\/avatar\\\/c4c509357859ea2ca2cbb6d8812898a73e4ef1ef9934c2e591d7e32face734d1?s=96&d=mm&r=g\",\"url\":\"https:\\\/\\\/secure.gravatar.com\\\/avatar\\\/c4c509357859ea2ca2cbb6d8812898a73e4ef1ef9934c2e591d7e32face734d1?s=96&d=mm&r=g\",\"contentUrl\":\"https:\\\/\\\/secure.gravatar.com\\\/avatar\\\/c4c509357859ea2ca2cbb6d8812898a73e4ef1ef9934c2e591d7e32face734d1?s=96&d=mm&r=g\",\"caption\":\"Redaction\"},\"url\":\"https:\\\/\\\/lepatriotebenin.com\"}]}<\/script>\n<!-- \/ Yoast SEO plugin. -->","yoast_head_json":{"title":"\u00c9lection pr\u00e9sidentielle 2026 : L\u2019UAPDB invite le peuple \u00e0 faire \u00e9chec \u00e0 la mascarade du 12 avril - Le Patriote","robots":{"index":"index","follow":"follow","max-snippet":"max-snippet:-1","max-image-preview":"max-image-preview:large","max-video-preview":"max-video-preview:-1"},"canonical":"https:\/\/lepatriotebenin.com\/index.php\/2026\/03\/24\/election-presidentielle-de-2026-lunite-dactions-patriotiques-de-la-diaspora-beninoise-invite-le-peuple-a-faire-echec-a-la-mascarade-electorale-du-12-avril\/","og_locale":"fr_FR","og_type":"article","og_title":"\u00c9lection pr\u00e9sidentielle 2026 : L\u2019UAPDB invite le peuple \u00e0 faire \u00e9chec \u00e0 la mascarade du 12 avril - Le Patriote","og_description":"Le mouvement \u00ab\u00a0Unit\u00e9 d&rsquo;actions patriotiques de la diaspora b\u00e9ninoise\u00a0\u00bb est r\u00e9solument engag\u00e9 pour un retour \u00e0 l&rsquo;ordre d\u00e9mocratique, au multipartisme et \u00e0 la digne unanimit\u00e9 autour de l&rsquo;\u00e9lection du nouveau&hellip;","og_url":"https:\/\/lepatriotebenin.com\/index.php\/2026\/03\/24\/election-presidentielle-de-2026-lunite-dactions-patriotiques-de-la-diaspora-beninoise-invite-le-peuple-a-faire-echec-a-la-mascarade-electorale-du-12-avril\/","og_site_name":"Le Patriote","article_published_time":"2026-03-24T20:26:29+00:00","article_modified_time":"2026-03-24T23:09:54+00:00","og_image":[{"width":1599,"height":1600,"url":"https:\/\/lepatriotebenin.com\/wp-content\/uploads\/2026\/03\/diaspora-a.jpeg","type":"image\/jpeg"}],"author":"Redaction","twitter_card":"summary_large_image","twitter_misc":{"\u00c9crit par":"Redaction","Dur\u00e9e de lecture estim\u00e9e":"5 minutes"},"schema":{"@context":"https:\/\/schema.org","@graph":[{"@type":"Article","@id":"https:\/\/lepatriotebenin.com\/index.php\/2026\/03\/24\/election-presidentielle-de-2026-lunite-dactions-patriotiques-de-la-diaspora-beninoise-invite-le-peuple-a-faire-echec-a-la-mascarade-electorale-du-12-avril\/#article","isPartOf":{"@id":"https:\/\/lepatriotebenin.com\/index.php\/2026\/03\/24\/election-presidentielle-de-2026-lunite-dactions-patriotiques-de-la-diaspora-beninoise-invite-le-peuple-a-faire-echec-a-la-mascarade-electorale-du-12-avril\/"},"author":{"name":"Redaction","@id":"https:\/\/lepatriotebenin.com\/#\/schema\/person\/2e7709b9c9cc313e452d1136af61690f"},"headline":"\u00c9lection pr\u00e9sidentielle 2026 : L\u2019UAPDB invite le peuple \u00e0 faire \u00e9chec \u00e0 la mascarade du 12 avril","datePublished":"2026-03-24T20:26:29+00:00","dateModified":"2026-03-24T23:09:54+00:00","mainEntityOfPage":{"@id":"https:\/\/lepatriotebenin.com\/index.php\/2026\/03\/24\/election-presidentielle-de-2026-lunite-dactions-patriotiques-de-la-diaspora-beninoise-invite-le-peuple-a-faire-echec-a-la-mascarade-electorale-du-12-avril\/"},"wordCount":895,"commentCount":0,"image":{"@id":"https:\/\/lepatriotebenin.com\/index.php\/2026\/03\/24\/election-presidentielle-de-2026-lunite-dactions-patriotiques-de-la-diaspora-beninoise-invite-le-peuple-a-faire-echec-a-la-mascarade-electorale-du-12-avril\/#primaryimage"},"thumbnailUrl":"https:\/\/lepatriotebenin.com\/wp-content\/uploads\/2026\/03\/diaspora-a.jpeg","articleSection":["Politique"],"inLanguage":"fr-FR","potentialAction":[{"@type":"CommentAction","name":"Comment","target":["https:\/\/lepatriotebenin.com\/index.php\/2026\/03\/24\/election-presidentielle-de-2026-lunite-dactions-patriotiques-de-la-diaspora-beninoise-invite-le-peuple-a-faire-echec-a-la-mascarade-electorale-du-12-avril\/#respond"]}]},{"@type":"WebPage","@id":"https:\/\/lepatriotebenin.com\/index.php\/2026\/03\/24\/election-presidentielle-de-2026-lunite-dactions-patriotiques-de-la-diaspora-beninoise-invite-le-peuple-a-faire-echec-a-la-mascarade-electorale-du-12-avril\/","url":"https:\/\/lepatriotebenin.com\/index.php\/2026\/03\/24\/election-presidentielle-de-2026-lunite-dactions-patriotiques-de-la-diaspora-beninoise-invite-le-peuple-a-faire-echec-a-la-mascarade-electorale-du-12-avril\/","name":"\u00c9lection pr\u00e9sidentielle 2026 : L\u2019UAPDB invite le peuple \u00e0 faire \u00e9chec \u00e0 la mascarade du 12 avril - Le Patriote","isPartOf":{"@id":"https:\/\/lepatriotebenin.com\/#website"},"primaryImageOfPage":{"@id":"https:\/\/lepatriotebenin.com\/index.php\/2026\/03\/24\/election-presidentielle-de-2026-lunite-dactions-patriotiques-de-la-diaspora-beninoise-invite-le-peuple-a-faire-echec-a-la-mascarade-electorale-du-12-avril\/#primaryimage"},"image":{"@id":"https:\/\/lepatriotebenin.com\/index.php\/2026\/03\/24\/election-presidentielle-de-2026-lunite-dactions-patriotiques-de-la-diaspora-beninoise-invite-le-peuple-a-faire-echec-a-la-mascarade-electorale-du-12-avril\/#primaryimage"},"thumbnailUrl":"https:\/\/lepatriotebenin.com\/wp-content\/uploads\/2026\/03\/diaspora-a.jpeg","datePublished":"2026-03-24T20:26:29+00:00","dateModified":"2026-03-24T23:09:54+00:00","author":{"@id":"https:\/\/lepatriotebenin.com\/#\/schema\/person\/2e7709b9c9cc313e452d1136af61690f"},"breadcrumb":{"@id":"https:\/\/lepatriotebenin.com\/index.php\/2026\/03\/24\/election-presidentielle-de-2026-lunite-dactions-patriotiques-de-la-diaspora-beninoise-invite-le-peuple-a-faire-echec-a-la-mascarade-electorale-du-12-avril\/#breadcrumb"},"inLanguage":"fr-FR","potentialAction":[{"@type":"ReadAction","target":["https:\/\/lepatriotebenin.com\/index.php\/2026\/03\/24\/election-presidentielle-de-2026-lunite-dactions-patriotiques-de-la-diaspora-beninoise-invite-le-peuple-a-faire-echec-a-la-mascarade-electorale-du-12-avril\/"]}]},{"@type":"ImageObject","inLanguage":"fr-FR","@id":"https:\/\/lepatriotebenin.com\/index.php\/2026\/03\/24\/election-presidentielle-de-2026-lunite-dactions-patriotiques-de-la-diaspora-beninoise-invite-le-peuple-a-faire-echec-a-la-mascarade-electorale-du-12-avril\/#primaryimage","url":"https:\/\/lepatriotebenin.com\/wp-content\/uploads\/2026\/03\/diaspora-a.jpeg","contentUrl":"https:\/\/lepatriotebenin.com\/wp-content\/uploads\/2026\/03\/diaspora-a.jpeg","width":1599,"height":1600},{"@type":"BreadcrumbList","@id":"https:\/\/lepatriotebenin.com\/index.php\/2026\/03\/24\/election-presidentielle-de-2026-lunite-dactions-patriotiques-de-la-diaspora-beninoise-invite-le-peuple-a-faire-echec-a-la-mascarade-electorale-du-12-avril\/#breadcrumb","itemListElement":[{"@type":"ListItem","position":1,"name":"Accueil","item":"https:\/\/lepatriotebenin.com\/"},{"@type":"ListItem","position":2,"name":"\u00c9lection pr\u00e9sidentielle 2026 : L\u2019UAPDB invite le peuple \u00e0 faire \u00e9chec \u00e0 la mascarade du 12 avril"}]},{"@type":"WebSite","@id":"https:\/\/lepatriotebenin.com\/#website","url":"https:\/\/lepatriotebenin.com\/","name":"Le Patriote","description":"Le Patriote B\u00e9nin","potentialAction":[{"@type":"SearchAction","target":{"@type":"EntryPoint","urlTemplate":"https:\/\/lepatriotebenin.com\/?s={search_term_string}"},"query-input":{"@type":"PropertyValueSpecification","valueRequired":true,"valueName":"search_term_string"}}],"inLanguage":"fr-FR"},{"@type":"Person","@id":"https:\/\/lepatriotebenin.com\/#\/schema\/person\/2e7709b9c9cc313e452d1136af61690f","name":"Redaction","image":{"@type":"ImageObject","inLanguage":"fr-FR","@id":"https:\/\/secure.gravatar.com\/avatar\/c4c509357859ea2ca2cbb6d8812898a73e4ef1ef9934c2e591d7e32face734d1?s=96&d=mm&r=g","url":"https:\/\/secure.gravatar.com\/avatar\/c4c509357859ea2ca2cbb6d8812898a73e4ef1ef9934c2e591d7e32face734d1?s=96&d=mm&r=g","contentUrl":"https:\/\/secure.gravatar.com\/avatar\/c4c509357859ea2ca2cbb6d8812898a73e4ef1ef9934c2e591d7e32face734d1?s=96&d=mm&r=g","caption":"Redaction"},"url":"https:\/\/lepatriotebenin.com"}]}},"_links":{"self":[{"href":"https:\/\/lepatriotebenin.com\/index.php\/wp-json\/wp\/v2\/posts\/18024","targetHints":{"allow":["GET"]}}],"collection":[{"href":"https:\/\/lepatriotebenin.com\/index.php\/wp-json\/wp\/v2\/posts"}],"about":[{"href":"https:\/\/lepatriotebenin.com\/index.php\/wp-json\/wp\/v2\/types\/post"}],"author":[{"embeddable":true,"href":"https:\/\/lepatriotebenin.com\/index.php\/wp-json\/wp\/v2\/users\/5"}],"replies":[{"embeddable":true,"href":"https:\/\/lepatriotebenin.com\/index.php\/wp-json\/wp\/v2\/comments?post=18024"}],"version-history":[{"count":3,"href":"https:\/\/lepatriotebenin.com\/index.php\/wp-json\/wp\/v2\/posts\/18024\/revisions"}],"predecessor-version":[{"id":18029,"href":"https:\/\/lepatriotebenin.com\/index.php\/wp-json\/wp\/v2\/posts\/18024\/revisions\/18029"}],"wp:featuredmedia":[{"embeddable":true,"href":"https:\/\/lepatriotebenin.com\/index.php\/wp-json\/wp\/v2\/media\/18027"}],"wp:attachment":[{"href":"https:\/\/lepatriotebenin.com\/index.php\/wp-json\/wp\/v2\/media?parent=18024"}],"wp:term":[{"taxonomy":"category","embeddable":true,"href":"https:\/\/lepatriotebenin.com\/index.php\/wp-json\/wp\/v2\/categories?post=18024"},{"taxonomy":"post_tag","embeddable":true,"href":"https:\/\/lepatriotebenin.com\/index.php\/wp-json\/wp\/v2\/tags?post=18024"}],"curies":[{"name":"wp","href":"https:\/\/api.w.org\/{rel}","templated":true}]}}