{"id":18018,"date":"2026-03-24T20:47:46","date_gmt":"2026-03-24T19:47:46","guid":{"rendered":"https:\/\/lepatriotebenin.com\/?p=18018"},"modified":"2026-03-24T21:08:07","modified_gmt":"2026-03-24T20:08:07","slug":"presidentielle-2026-au-benin-chabi-yayi-appelle-a-voter-pour-romuald-wadagni","status":"publish","type":"post","link":"https:\/\/lepatriotebenin.com\/index.php\/2026\/03\/24\/presidentielle-2026-au-benin-chabi-yayi-appelle-a-voter-pour-romuald-wadagni\/","title":{"rendered":"Pr\u00e9sidentielle 2026 au B\u00e9nin : Chabi Yayi appelle \u00e0 voter pour Romuald Wadagni"},"content":{"rendered":"<p>Chabi Yayi, ancien secr\u00e9taire aux Relations ext\u00e9rieures du parti Les D\u00e9mocrates et\u00a0 fils de\u00a0 l&rsquo;ancien pr\u00e9sident Boni Yayi\u00a0 a annonc\u00e9, ce mardi 24 mars 2026,\u00a0 son soutien \u00e0 la candidature de Romuald Wadagni \u00e0 l\u2019\u00e9lection pr\u00e9sidentielle pr\u00e9vue le 12 avril prochain.<\/p>\n<p>Selon Jeune Afrique, \u00a0l\u2019 ancien secr\u00e9taire aux Relations ext\u00e9rieures du parti Les D\u00e9mocrates justifie ce soutien par le pragmatisme et les amiti\u00e9s avec\u00a0 le ministre de\u00a0 l\u2019\u00e9conomie et des Finances du B\u00e9nin . Tout en saluant les comp\u00e9tences et la vision \u00e9conomique de Romuald Wadagni, Chabi Yayi voit \u00e0 travers Romuald Wadagni, un candidat qui incarne une continuit\u00e9 dans les r\u00e9formes engag\u00e9es par Patrice Talon et offre des garanties de stabilit\u00e9 et de d\u00e9veloppement pour le B\u00e9nin.<\/p>\n<p>Il a par ailleurs pr\u00e9sent\u00e9 \u00a0le candidat soutenu \u00a0par Patrice Talon comme \u00ab un homme de dialogue \u00bb. \u00ab<em style=\"font-weight: inherit;\"><strong>\u00a0S\u2019il venait \u00e0 \u00eatre \u00e9lu, une nouvelle page s\u2019ouvrirait dans le pays<\/strong><\/em>\u00a0\u00bb, a d\u00e9clar\u00e9 Chabi Yayi qui dit vouloir \u00ab\u00a0contribuer \u00e0 faire des propositions pour permettre de revoir la situation des personnalit\u00e9s en d\u00e9licatesse avec la justice\u00a0\u00bb.<\/p>\n","protected":false},"excerpt":{"rendered":"<p>Chabi Yayi, ancien secr\u00e9taire aux Relations ext\u00e9rieures du parti Les D\u00e9mocrates et\u00a0 fils de\u00a0 l&rsquo;ancien pr\u00e9sident Boni Yayi\u00a0 a annonc\u00e9, ce mardi 24 mars 2026,\u00a0 son soutien \u00e0 la candidature&hellip;<\/p>\n","protected":false},"author":6,"featured_media":18019,"comment_status":"open","ping_status":"open","sticky":false,"template":"","format":"standard","meta":{"content-type":"","om_disable_all_campaigns":false,"_monsterinsights_skip_tracking":false,"_monsterinsights_sitenote_active":false,"_monsterinsights_sitenote_note":"","_monsterinsights_sitenote_category":0,"_uf_show_specific_survey":0,"_uf_disable_surveys":false,"footnotes":""},"categories":[26],"tags":[],"class_list":["post-18018","post","type-post","status-publish","format-standard","has-post-thumbnail","hentry","category-politique"],"aioseo_notices":[],"yoast_head":"<!-- This site is optimized with the Yoast SEO plugin v27.5 - https:\/\/yoast.com\/product\/yoast-seo-wordpress\/ -->\n<title>Pr\u00e9sidentielle 2026 au B\u00e9nin : Chabi Yayi appelle \u00e0 voter pour Romuald Wadagni - Le Patriote<\/title>\n<meta name=\"robots\" content=\"index, follow, max-snippet:-1, max-image-preview:large, max-video-preview:-1\" \/>\n<link rel=\"canonical\" href=\"https:\/\/lepatriotebenin.com\/index.php\/2026\/03\/24\/presidentielle-2026-au-benin-chabi-yayi-appelle-a-voter-pour-romuald-wadagni\/\" \/>\n<meta property=\"og:locale\" content=\"fr_FR\" \/>\n<meta property=\"og:type\" content=\"article\" \/>\n<meta property=\"og:title\" content=\"Pr\u00e9sidentielle 2026 au B\u00e9nin : Chabi Yayi appelle \u00e0 voter pour Romuald Wadagni - Le Patriote\" \/>\n<meta property=\"og:description\" content=\"Chabi Yayi, ancien secr\u00e9taire aux Relations ext\u00e9rieures du parti Les D\u00e9mocrates et\u00a0 fils de\u00a0 l&rsquo;ancien pr\u00e9sident Boni Yayi\u00a0 a annonc\u00e9, ce mardi 24 mars 2026,\u00a0 son soutien \u00e0 la candidature&hellip;\" \/>\n<meta property=\"og:url\" content=\"https:\/\/lepatriotebenin.com\/index.php\/2026\/03\/24\/presidentielle-2026-au-benin-chabi-yayi-appelle-a-voter-pour-romuald-wadagni\/\" \/>\n<meta property=\"og:site_name\" content=\"Le Patriote\" \/>\n<meta property=\"article:published_time\" content=\"2026-03-24T19:47:46+00:00\" \/>\n<meta property=\"article:modified_time\" content=\"2026-03-24T20:08:07+00:00\" \/>\n<meta property=\"og:image\" content=\"https:\/\/lepatriotebenin.com\/wp-content\/uploads\/2026\/03\/chabi.jpg\" \/>\n\t<meta property=\"og:image:width\" content=\"552\" \/>\n\t<meta property=\"og:image:height\" content=\"519\" \/>\n\t<meta property=\"og:image:type\" content=\"image\/jpeg\" \/>\n<meta name=\"author\" content=\"Roland AFFANOU\" \/>\n<meta name=\"twitter:card\" content=\"summary_large_image\" \/>\n<meta name=\"twitter:label1\" content=\"\u00c9crit par\" \/>\n\t<meta name=\"twitter:data1\" content=\"Roland AFFANOU\" \/>\n\t<meta name=\"twitter:label2\" content=\"Dur\u00e9e de lecture estim\u00e9e\" \/>\n\t<meta name=\"twitter:data2\" content=\"2 minutes\" \/>\n<script type=\"application\/ld+json\" class=\"yoast-schema-graph\">{\"@context\":\"https:\\\/\\\/schema.org\",\"@graph\":[{\"@type\":\"Article\",\"@id\":\"https:\\\/\\\/lepatriotebenin.com\\\/index.php\\\/2026\\\/03\\\/24\\\/presidentielle-2026-au-benin-chabi-yayi-appelle-a-voter-pour-romuald-wadagni\\\/#article\",\"isPartOf\":{\"@id\":\"https:\\\/\\\/lepatriotebenin.com\\\/index.php\\\/2026\\\/03\\\/24\\\/presidentielle-2026-au-benin-chabi-yayi-appelle-a-voter-pour-romuald-wadagni\\\/\"},\"author\":{\"name\":\"Roland AFFANOU\",\"@id\":\"https:\\\/\\\/lepatriotebenin.com\\\/#\\\/schema\\\/person\\\/4a9b67216c97d04045e01405c534c91f\"},\"headline\":\"Pr\u00e9sidentielle 2026 au B\u00e9nin : Chabi Yayi appelle \u00e0 voter pour Romuald Wadagni\",\"datePublished\":\"2026-03-24T19:47:46+00:00\",\"dateModified\":\"2026-03-24T20:08:07+00:00\",\"mainEntityOfPage\":{\"@id\":\"https:\\\/\\\/lepatriotebenin.com\\\/index.php\\\/2026\\\/03\\\/24\\\/presidentielle-2026-au-benin-chabi-yayi-appelle-a-voter-pour-romuald-wadagni\\\/\"},\"wordCount\":199,\"commentCount\":0,\"image\":{\"@id\":\"https:\\\/\\\/lepatriotebenin.com\\\/index.php\\\/2026\\\/03\\\/24\\\/presidentielle-2026-au-benin-chabi-yayi-appelle-a-voter-pour-romuald-wadagni\\\/#primaryimage\"},\"thumbnailUrl\":\"https:\\\/\\\/lepatriotebenin.com\\\/wp-content\\\/uploads\\\/2026\\\/03\\\/chabi.jpg\",\"articleSection\":[\"Politique\"],\"inLanguage\":\"fr-FR\",\"potentialAction\":[{\"@type\":\"CommentAction\",\"name\":\"Comment\",\"target\":[\"https:\\\/\\\/lepatriotebenin.com\\\/index.php\\\/2026\\\/03\\\/24\\\/presidentielle-2026-au-benin-chabi-yayi-appelle-a-voter-pour-romuald-wadagni\\\/#respond\"]}]},{\"@type\":\"WebPage\",\"@id\":\"https:\\\/\\\/lepatriotebenin.com\\\/index.php\\\/2026\\\/03\\\/24\\\/presidentielle-2026-au-benin-chabi-yayi-appelle-a-voter-pour-romuald-wadagni\\\/\",\"url\":\"https:\\\/\\\/lepatriotebenin.com\\\/index.php\\\/2026\\\/03\\\/24\\\/presidentielle-2026-au-benin-chabi-yayi-appelle-a-voter-pour-romuald-wadagni\\\/\",\"name\":\"Pr\u00e9sidentielle 2026 au B\u00e9nin : Chabi Yayi appelle \u00e0 voter pour Romuald Wadagni - Le Patriote\",\"isPartOf\":{\"@id\":\"https:\\\/\\\/lepatriotebenin.com\\\/#website\"},\"primaryImageOfPage\":{\"@id\":\"https:\\\/\\\/lepatriotebenin.com\\\/index.php\\\/2026\\\/03\\\/24\\\/presidentielle-2026-au-benin-chabi-yayi-appelle-a-voter-pour-romuald-wadagni\\\/#primaryimage\"},\"image\":{\"@id\":\"https:\\\/\\\/lepatriotebenin.com\\\/index.php\\\/2026\\\/03\\\/24\\\/presidentielle-2026-au-benin-chabi-yayi-appelle-a-voter-pour-romuald-wadagni\\\/#primaryimage\"},\"thumbnailUrl\":\"https:\\\/\\\/lepatriotebenin.com\\\/wp-content\\\/uploads\\\/2026\\\/03\\\/chabi.jpg\",\"datePublished\":\"2026-03-24T19:47:46+00:00\",\"dateModified\":\"2026-03-24T20:08:07+00:00\",\"author\":{\"@id\":\"https:\\\/\\\/lepatriotebenin.com\\\/#\\\/schema\\\/person\\\/4a9b67216c97d04045e01405c534c91f\"},\"breadcrumb\":{\"@id\":\"https:\\\/\\\/lepatriotebenin.com\\\/index.php\\\/2026\\\/03\\\/24\\\/presidentielle-2026-au-benin-chabi-yayi-appelle-a-voter-pour-romuald-wadagni\\\/#breadcrumb\"},\"inLanguage\":\"fr-FR\",\"potentialAction\":[{\"@type\":\"ReadAction\",\"target\":[\"https:\\\/\\\/lepatriotebenin.com\\\/index.php\\\/2026\\\/03\\\/24\\\/presidentielle-2026-au-benin-chabi-yayi-appelle-a-voter-pour-romuald-wadagni\\\/\"]}]},{\"@type\":\"ImageObject\",\"inLanguage\":\"fr-FR\",\"@id\":\"https:\\\/\\\/lepatriotebenin.com\\\/index.php\\\/2026\\\/03\\\/24\\\/presidentielle-2026-au-benin-chabi-yayi-appelle-a-voter-pour-romuald-wadagni\\\/#primaryimage\",\"url\":\"https:\\\/\\\/lepatriotebenin.com\\\/wp-content\\\/uploads\\\/2026\\\/03\\\/chabi.jpg\",\"contentUrl\":\"https:\\\/\\\/lepatriotebenin.com\\\/wp-content\\\/uploads\\\/2026\\\/03\\\/chabi.jpg\",\"width\":552,\"height\":519},{\"@type\":\"BreadcrumbList\",\"@id\":\"https:\\\/\\\/lepatriotebenin.com\\\/index.php\\\/2026\\\/03\\\/24\\\/presidentielle-2026-au-benin-chabi-yayi-appelle-a-voter-pour-romuald-wadagni\\\/#breadcrumb\",\"itemListElement\":[{\"@type\":\"ListItem\",\"position\":1,\"name\":\"Accueil\",\"item\":\"https:\\\/\\\/lepatriotebenin.com\\\/\"},{\"@type\":\"ListItem\",\"position\":2,\"name\":\"Pr\u00e9sidentielle 2026 au B\u00e9nin : Chabi Yayi appelle \u00e0 voter pour Romuald Wadagni\"}]},{\"@type\":\"WebSite\",\"@id\":\"https:\\\/\\\/lepatriotebenin.com\\\/#website\",\"url\":\"https:\\\/\\\/lepatriotebenin.com\\\/\",\"name\":\"Le Patriote\",\"description\":\"Le Patriote B\u00e9nin\",\"potentialAction\":[{\"@type\":\"SearchAction\",\"target\":{\"@type\":\"EntryPoint\",\"urlTemplate\":\"https:\\\/\\\/lepatriotebenin.com\\\/?s={search_term_string}\"},\"query-input\":{\"@type\":\"PropertyValueSpecification\",\"valueRequired\":true,\"valueName\":\"search_term_string\"}}],\"inLanguage\":\"fr-FR\"},{\"@type\":\"Person\",\"@id\":\"https:\\\/\\\/lepatriotebenin.com\\\/#\\\/schema\\\/person\\\/4a9b67216c97d04045e01405c534c91f\",\"name\":\"Roland AFFANOU\",\"image\":{\"@type\":\"ImageObject\",\"inLanguage\":\"fr-FR\",\"@id\":\"https:\\\/\\\/secure.gravatar.com\\\/avatar\\\/7209d3f6d2d47ea4d0c67e14d3effb61feb10ae540a4381280c66265de5bd643?s=96&d=mm&r=g\",\"url\":\"https:\\\/\\\/secure.gravatar.com\\\/avatar\\\/7209d3f6d2d47ea4d0c67e14d3effb61feb10ae540a4381280c66265de5bd643?s=96&d=mm&r=g\",\"contentUrl\":\"https:\\\/\\\/secure.gravatar.com\\\/avatar\\\/7209d3f6d2d47ea4d0c67e14d3effb61feb10ae540a4381280c66265de5bd643?s=96&d=mm&r=g\",\"caption\":\"Roland AFFANOU\"},\"url\":\"https:\\\/\\\/lepatriotebenin.com\"}]}<\/script>\n<!-- \/ Yoast SEO plugin. -->","yoast_head_json":{"title":"Pr\u00e9sidentielle 2026 au B\u00e9nin : Chabi Yayi appelle \u00e0 voter pour Romuald Wadagni - Le Patriote","robots":{"index":"index","follow":"follow","max-snippet":"max-snippet:-1","max-image-preview":"max-image-preview:large","max-video-preview":"max-video-preview:-1"},"canonical":"https:\/\/lepatriotebenin.com\/index.php\/2026\/03\/24\/presidentielle-2026-au-benin-chabi-yayi-appelle-a-voter-pour-romuald-wadagni\/","og_locale":"fr_FR","og_type":"article","og_title":"Pr\u00e9sidentielle 2026 au B\u00e9nin : Chabi Yayi appelle \u00e0 voter pour Romuald Wadagni - Le Patriote","og_description":"Chabi Yayi, ancien secr\u00e9taire aux Relations ext\u00e9rieures du parti Les D\u00e9mocrates et\u00a0 fils de\u00a0 l&rsquo;ancien pr\u00e9sident Boni Yayi\u00a0 a annonc\u00e9, ce mardi 24 mars 2026,\u00a0 son soutien \u00e0 la candidature&hellip;","og_url":"https:\/\/lepatriotebenin.com\/index.php\/2026\/03\/24\/presidentielle-2026-au-benin-chabi-yayi-appelle-a-voter-pour-romuald-wadagni\/","og_site_name":"Le Patriote","article_published_time":"2026-03-24T19:47:46+00:00","article_modified_time":"2026-03-24T20:08:07+00:00","og_image":[{"width":552,"height":519,"url":"https:\/\/lepatriotebenin.com\/wp-content\/uploads\/2026\/03\/chabi.jpg","type":"image\/jpeg"}],"author":"Roland AFFANOU","twitter_card":"summary_large_image","twitter_misc":{"\u00c9crit par":"Roland AFFANOU","Dur\u00e9e de lecture estim\u00e9e":"2 minutes"},"schema":{"@context":"https:\/\/schema.org","@graph":[{"@type":"Article","@id":"https:\/\/lepatriotebenin.com\/index.php\/2026\/03\/24\/presidentielle-2026-au-benin-chabi-yayi-appelle-a-voter-pour-romuald-wadagni\/#article","isPartOf":{"@id":"https:\/\/lepatriotebenin.com\/index.php\/2026\/03\/24\/presidentielle-2026-au-benin-chabi-yayi-appelle-a-voter-pour-romuald-wadagni\/"},"author":{"name":"Roland AFFANOU","@id":"https:\/\/lepatriotebenin.com\/#\/schema\/person\/4a9b67216c97d04045e01405c534c91f"},"headline":"Pr\u00e9sidentielle 2026 au B\u00e9nin : Chabi Yayi appelle \u00e0 voter pour Romuald Wadagni","datePublished":"2026-03-24T19:47:46+00:00","dateModified":"2026-03-24T20:08:07+00:00","mainEntityOfPage":{"@id":"https:\/\/lepatriotebenin.com\/index.php\/2026\/03\/24\/presidentielle-2026-au-benin-chabi-yayi-appelle-a-voter-pour-romuald-wadagni\/"},"wordCount":199,"commentCount":0,"image":{"@id":"https:\/\/lepatriotebenin.com\/index.php\/2026\/03\/24\/presidentielle-2026-au-benin-chabi-yayi-appelle-a-voter-pour-romuald-wadagni\/#primaryimage"},"thumbnailUrl":"https:\/\/lepatriotebenin.com\/wp-content\/uploads\/2026\/03\/chabi.jpg","articleSection":["Politique"],"inLanguage":"fr-FR","potentialAction":[{"@type":"CommentAction","name":"Comment","target":["https:\/\/lepatriotebenin.com\/index.php\/2026\/03\/24\/presidentielle-2026-au-benin-chabi-yayi-appelle-a-voter-pour-romuald-wadagni\/#respond"]}]},{"@type":"WebPage","@id":"https:\/\/lepatriotebenin.com\/index.php\/2026\/03\/24\/presidentielle-2026-au-benin-chabi-yayi-appelle-a-voter-pour-romuald-wadagni\/","url":"https:\/\/lepatriotebenin.com\/index.php\/2026\/03\/24\/presidentielle-2026-au-benin-chabi-yayi-appelle-a-voter-pour-romuald-wadagni\/","name":"Pr\u00e9sidentielle 2026 au B\u00e9nin : Chabi Yayi appelle \u00e0 voter pour Romuald Wadagni - Le Patriote","isPartOf":{"@id":"https:\/\/lepatriotebenin.com\/#website"},"primaryImageOfPage":{"@id":"https:\/\/lepatriotebenin.com\/index.php\/2026\/03\/24\/presidentielle-2026-au-benin-chabi-yayi-appelle-a-voter-pour-romuald-wadagni\/#primaryimage"},"image":{"@id":"https:\/\/lepatriotebenin.com\/index.php\/2026\/03\/24\/presidentielle-2026-au-benin-chabi-yayi-appelle-a-voter-pour-romuald-wadagni\/#primaryimage"},"thumbnailUrl":"https:\/\/lepatriotebenin.com\/wp-content\/uploads\/2026\/03\/chabi.jpg","datePublished":"2026-03-24T19:47:46+00:00","dateModified":"2026-03-24T20:08:07+00:00","author":{"@id":"https:\/\/lepatriotebenin.com\/#\/schema\/person\/4a9b67216c97d04045e01405c534c91f"},"breadcrumb":{"@id":"https:\/\/lepatriotebenin.com\/index.php\/2026\/03\/24\/presidentielle-2026-au-benin-chabi-yayi-appelle-a-voter-pour-romuald-wadagni\/#breadcrumb"},"inLanguage":"fr-FR","potentialAction":[{"@type":"ReadAction","target":["https:\/\/lepatriotebenin.com\/index.php\/2026\/03\/24\/presidentielle-2026-au-benin-chabi-yayi-appelle-a-voter-pour-romuald-wadagni\/"]}]},{"@type":"ImageObject","inLanguage":"fr-FR","@id":"https:\/\/lepatriotebenin.com\/index.php\/2026\/03\/24\/presidentielle-2026-au-benin-chabi-yayi-appelle-a-voter-pour-romuald-wadagni\/#primaryimage","url":"https:\/\/lepatriotebenin.com\/wp-content\/uploads\/2026\/03\/chabi.jpg","contentUrl":"https:\/\/lepatriotebenin.com\/wp-content\/uploads\/2026\/03\/chabi.jpg","width":552,"height":519},{"@type":"BreadcrumbList","@id":"https:\/\/lepatriotebenin.com\/index.php\/2026\/03\/24\/presidentielle-2026-au-benin-chabi-yayi-appelle-a-voter-pour-romuald-wadagni\/#breadcrumb","itemListElement":[{"@type":"ListItem","position":1,"name":"Accueil","item":"https:\/\/lepatriotebenin.com\/"},{"@type":"ListItem","position":2,"name":"Pr\u00e9sidentielle 2026 au B\u00e9nin : Chabi Yayi appelle \u00e0 voter pour Romuald Wadagni"}]},{"@type":"WebSite","@id":"https:\/\/lepatriotebenin.com\/#website","url":"https:\/\/lepatriotebenin.com\/","name":"Le Patriote","description":"Le Patriote B\u00e9nin","potentialAction":[{"@type":"SearchAction","target":{"@type":"EntryPoint","urlTemplate":"https:\/\/lepatriotebenin.com\/?s={search_term_string}"},"query-input":{"@type":"PropertyValueSpecification","valueRequired":true,"valueName":"search_term_string"}}],"inLanguage":"fr-FR"},{"@type":"Person","@id":"https:\/\/lepatriotebenin.com\/#\/schema\/person\/4a9b67216c97d04045e01405c534c91f","name":"Roland AFFANOU","image":{"@type":"ImageObject","inLanguage":"fr-FR","@id":"https:\/\/secure.gravatar.com\/avatar\/7209d3f6d2d47ea4d0c67e14d3effb61feb10ae540a4381280c66265de5bd643?s=96&d=mm&r=g","url":"https:\/\/secure.gravatar.com\/avatar\/7209d3f6d2d47ea4d0c67e14d3effb61feb10ae540a4381280c66265de5bd643?s=96&d=mm&r=g","contentUrl":"https:\/\/secure.gravatar.com\/avatar\/7209d3f6d2d47ea4d0c67e14d3effb61feb10ae540a4381280c66265de5bd643?s=96&d=mm&r=g","caption":"Roland AFFANOU"},"url":"https:\/\/lepatriotebenin.com"}]}},"_links":{"self":[{"href":"https:\/\/lepatriotebenin.com\/index.php\/wp-json\/wp\/v2\/posts\/18018","targetHints":{"allow":["GET"]}}],"collection":[{"href":"https:\/\/lepatriotebenin.com\/index.php\/wp-json\/wp\/v2\/posts"}],"about":[{"href":"https:\/\/lepatriotebenin.com\/index.php\/wp-json\/wp\/v2\/types\/post"}],"author":[{"embeddable":true,"href":"https:\/\/lepatriotebenin.com\/index.php\/wp-json\/wp\/v2\/users\/6"}],"replies":[{"embeddable":true,"href":"https:\/\/lepatriotebenin.com\/index.php\/wp-json\/wp\/v2\/comments?post=18018"}],"version-history":[{"count":4,"href":"https:\/\/lepatriotebenin.com\/index.php\/wp-json\/wp\/v2\/posts\/18018\/revisions"}],"predecessor-version":[{"id":18023,"href":"https:\/\/lepatriotebenin.com\/index.php\/wp-json\/wp\/v2\/posts\/18018\/revisions\/18023"}],"wp:featuredmedia":[{"embeddable":true,"href":"https:\/\/lepatriotebenin.com\/index.php\/wp-json\/wp\/v2\/media\/18019"}],"wp:attachment":[{"href":"https:\/\/lepatriotebenin.com\/index.php\/wp-json\/wp\/v2\/media?parent=18018"}],"wp:term":[{"taxonomy":"category","embeddable":true,"href":"https:\/\/lepatriotebenin.com\/index.php\/wp-json\/wp\/v2\/categories?post=18018"},{"taxonomy":"post_tag","embeddable":true,"href":"https:\/\/lepatriotebenin.com\/index.php\/wp-json\/wp\/v2\/tags?post=18018"}],"curies":[{"name":"wp","href":"https:\/\/api.w.org\/{rel}","templated":true}]}}