{"id":17964,"date":"2026-03-23T05:03:40","date_gmt":"2026-03-23T04:03:40","guid":{"rendered":"https:\/\/lepatriotebenin.com\/?p=17964"},"modified":"2026-03-23T05:03:40","modified_gmt":"2026-03-23T04:03:40","slug":"conflit-au-soudan-une-attaque-contre-un-hopital-au-darfour-est-fait-au-moins-64-morts","status":"publish","type":"post","link":"https:\/\/lepatriotebenin.com\/index.php\/2026\/03\/23\/conflit-au-soudan-une-attaque-contre-un-hopital-au-darfour-est-fait-au-moins-64-morts\/","title":{"rendered":"Conflit au Soudan : une attaque contre un h\u00f4pital au Darfour-Est fait au moins 64 morts"},"content":{"rendered":"<p>Un h\u00f4pital universitaire \u00e0 El-Daein, dans l&rsquo;est du Darfour, a \u00e9t\u00e9 frapp\u00e9 par une attaque \u00e0 l&rsquo;arme lourde, faisant au moins 64 morts, dont 13 enfants, et 89 bless\u00e9s, selon l&rsquo;Organisation mondiale de la sant\u00e9 (OMS). Cette attaque intervient dans un contexte de conflit sanglant qui oppose l&rsquo;arm\u00e9e soudanaise aux Forces de soutien rapide (FSR) depuis 2023.<\/p>\n<p>L&rsquo;h\u00f4pital universitaire d&rsquo;El-Daein a \u00e9t\u00e9 touch\u00e9 par des armes lourdes, affectant les services de p\u00e9diatrie, de maternit\u00e9 et des urgences, ainsi que des stocks et fournitures m\u00e9dicales. Le directeur g\u00e9n\u00e9ral de l&rsquo;OMS, Tedros Adhanom Ghebreyesus, a condamn\u00e9 l&rsquo;attaque et appel\u00e9 \u00e0 la protection des civils, des soignants et des humanitaires.<\/p>\n<p>Les FSR ont accus\u00e9 l&rsquo;arm\u00e9e soudanaise d&rsquo;avoir men\u00e9 l&rsquo;attaque, tandis que l&rsquo;arm\u00e9e a ni\u00e9 toute responsabilit\u00e9. L&rsquo;OMS a d\u00e9plor\u00e9 que les attaques contre les structures de sant\u00e9 soient devenues une pratique courante au Soudan, avec plus de 2 000 d\u00e9c\u00e8s li\u00e9s \u00e0 de telles attaques depuis le d\u00e9but du conflit.<\/p>\n<p>Le conflit au Soudan a fait des dizaines de milliers de morts et d\u00e9plac\u00e9 plus de 11 millions de personnes, g\u00e9n\u00e9rant la pire crise humanitaire au monde, selon l&rsquo;ONU. La communaut\u00e9 internationale appelle \u00e0 un cessez-le-feu et \u00e0 la protection des civils.<\/p>\n<p>&nbsp;<\/p>\n<p><strong>Ez\u00e9chiel Dagb\u00e9gnon PADONOU<\/strong><\/p>\n","protected":false},"excerpt":{"rendered":"<p>Un h\u00f4pital universitaire \u00e0 El-Daein, dans l&rsquo;est du Darfour, a \u00e9t\u00e9 frapp\u00e9 par une attaque \u00e0 l&rsquo;arme lourde, faisant au moins 64 morts, dont 13 enfants, et 89 bless\u00e9s, selon&hellip;<\/p>\n","protected":false},"author":5,"featured_media":17965,"comment_status":"open","ping_status":"open","sticky":false,"template":"","format":"standard","meta":{"content-type":"","om_disable_all_campaigns":false,"_monsterinsights_skip_tracking":false,"_monsterinsights_sitenote_active":false,"_monsterinsights_sitenote_note":"","_monsterinsights_sitenote_category":0,"_uf_show_specific_survey":0,"_uf_disable_surveys":false,"footnotes":""},"categories":[20],"tags":[],"class_list":["post-17964","post","type-post","status-publish","format-standard","has-post-thumbnail","hentry","category-societe"],"aioseo_notices":[],"yoast_head":"<!-- This site is optimized with the Yoast SEO plugin v27.5 - https:\/\/yoast.com\/product\/yoast-seo-wordpress\/ -->\n<title>Conflit au Soudan : une attaque contre un h\u00f4pital au Darfour-Est fait au moins 64 morts - Le Patriote<\/title>\n<meta name=\"robots\" content=\"index, follow, max-snippet:-1, max-image-preview:large, max-video-preview:-1\" \/>\n<link rel=\"canonical\" href=\"https:\/\/lepatriotebenin.com\/index.php\/2026\/03\/23\/conflit-au-soudan-une-attaque-contre-un-hopital-au-darfour-est-fait-au-moins-64-morts\/\" \/>\n<meta property=\"og:locale\" content=\"fr_FR\" \/>\n<meta property=\"og:type\" content=\"article\" \/>\n<meta property=\"og:title\" content=\"Conflit au Soudan : une attaque contre un h\u00f4pital au Darfour-Est fait au moins 64 morts - Le Patriote\" \/>\n<meta property=\"og:description\" content=\"Un h\u00f4pital universitaire \u00e0 El-Daein, dans l&rsquo;est du Darfour, a \u00e9t\u00e9 frapp\u00e9 par une attaque \u00e0 l&rsquo;arme lourde, faisant au moins 64 morts, dont 13 enfants, et 89 bless\u00e9s, selon&hellip;\" \/>\n<meta property=\"og:url\" content=\"https:\/\/lepatriotebenin.com\/index.php\/2026\/03\/23\/conflit-au-soudan-une-attaque-contre-un-hopital-au-darfour-est-fait-au-moins-64-morts\/\" \/>\n<meta property=\"og:site_name\" content=\"Le Patriote\" \/>\n<meta property=\"article:published_time\" content=\"2026-03-23T04:03:40+00:00\" \/>\n<meta property=\"og:image\" content=\"https:\/\/lepatriotebenin.com\/wp-content\/uploads\/2026\/03\/soudan-a.jpeg\" \/>\n\t<meta property=\"og:image:width\" content=\"1024\" \/>\n\t<meta property=\"og:image:height\" content=\"575\" \/>\n\t<meta property=\"og:image:type\" content=\"image\/jpeg\" \/>\n<meta name=\"author\" content=\"Redaction\" \/>\n<meta name=\"twitter:card\" content=\"summary_large_image\" \/>\n<meta name=\"twitter:label1\" content=\"\u00c9crit par\" \/>\n\t<meta name=\"twitter:data1\" content=\"Redaction\" \/>\n\t<meta name=\"twitter:label2\" content=\"Dur\u00e9e de lecture estim\u00e9e\" \/>\n\t<meta name=\"twitter:data2\" content=\"2 minutes\" \/>\n<script type=\"application\/ld+json\" class=\"yoast-schema-graph\">{\"@context\":\"https:\\\/\\\/schema.org\",\"@graph\":[{\"@type\":\"Article\",\"@id\":\"https:\\\/\\\/lepatriotebenin.com\\\/index.php\\\/2026\\\/03\\\/23\\\/conflit-au-soudan-une-attaque-contre-un-hopital-au-darfour-est-fait-au-moins-64-morts\\\/#article\",\"isPartOf\":{\"@id\":\"https:\\\/\\\/lepatriotebenin.com\\\/index.php\\\/2026\\\/03\\\/23\\\/conflit-au-soudan-une-attaque-contre-un-hopital-au-darfour-est-fait-au-moins-64-morts\\\/\"},\"author\":{\"name\":\"Redaction\",\"@id\":\"https:\\\/\\\/lepatriotebenin.com\\\/#\\\/schema\\\/person\\\/2e7709b9c9cc313e452d1136af61690f\"},\"headline\":\"Conflit au Soudan : une attaque contre un h\u00f4pital au Darfour-Est fait au moins 64 morts\",\"datePublished\":\"2026-03-23T04:03:40+00:00\",\"mainEntityOfPage\":{\"@id\":\"https:\\\/\\\/lepatriotebenin.com\\\/index.php\\\/2026\\\/03\\\/23\\\/conflit-au-soudan-une-attaque-contre-un-hopital-au-darfour-est-fait-au-moins-64-morts\\\/\"},\"wordCount\":239,\"commentCount\":0,\"image\":{\"@id\":\"https:\\\/\\\/lepatriotebenin.com\\\/index.php\\\/2026\\\/03\\\/23\\\/conflit-au-soudan-une-attaque-contre-un-hopital-au-darfour-est-fait-au-moins-64-morts\\\/#primaryimage\"},\"thumbnailUrl\":\"https:\\\/\\\/lepatriotebenin.com\\\/wp-content\\\/uploads\\\/2026\\\/03\\\/soudan-a.jpeg\",\"articleSection\":[\"Soci\u00e9t\u00e9\"],\"inLanguage\":\"fr-FR\",\"potentialAction\":[{\"@type\":\"CommentAction\",\"name\":\"Comment\",\"target\":[\"https:\\\/\\\/lepatriotebenin.com\\\/index.php\\\/2026\\\/03\\\/23\\\/conflit-au-soudan-une-attaque-contre-un-hopital-au-darfour-est-fait-au-moins-64-morts\\\/#respond\"]}]},{\"@type\":\"WebPage\",\"@id\":\"https:\\\/\\\/lepatriotebenin.com\\\/index.php\\\/2026\\\/03\\\/23\\\/conflit-au-soudan-une-attaque-contre-un-hopital-au-darfour-est-fait-au-moins-64-morts\\\/\",\"url\":\"https:\\\/\\\/lepatriotebenin.com\\\/index.php\\\/2026\\\/03\\\/23\\\/conflit-au-soudan-une-attaque-contre-un-hopital-au-darfour-est-fait-au-moins-64-morts\\\/\",\"name\":\"Conflit au Soudan : une attaque contre un h\u00f4pital au Darfour-Est fait au moins 64 morts - Le Patriote\",\"isPartOf\":{\"@id\":\"https:\\\/\\\/lepatriotebenin.com\\\/#website\"},\"primaryImageOfPage\":{\"@id\":\"https:\\\/\\\/lepatriotebenin.com\\\/index.php\\\/2026\\\/03\\\/23\\\/conflit-au-soudan-une-attaque-contre-un-hopital-au-darfour-est-fait-au-moins-64-morts\\\/#primaryimage\"},\"image\":{\"@id\":\"https:\\\/\\\/lepatriotebenin.com\\\/index.php\\\/2026\\\/03\\\/23\\\/conflit-au-soudan-une-attaque-contre-un-hopital-au-darfour-est-fait-au-moins-64-morts\\\/#primaryimage\"},\"thumbnailUrl\":\"https:\\\/\\\/lepatriotebenin.com\\\/wp-content\\\/uploads\\\/2026\\\/03\\\/soudan-a.jpeg\",\"datePublished\":\"2026-03-23T04:03:40+00:00\",\"author\":{\"@id\":\"https:\\\/\\\/lepatriotebenin.com\\\/#\\\/schema\\\/person\\\/2e7709b9c9cc313e452d1136af61690f\"},\"breadcrumb\":{\"@id\":\"https:\\\/\\\/lepatriotebenin.com\\\/index.php\\\/2026\\\/03\\\/23\\\/conflit-au-soudan-une-attaque-contre-un-hopital-au-darfour-est-fait-au-moins-64-morts\\\/#breadcrumb\"},\"inLanguage\":\"fr-FR\",\"potentialAction\":[{\"@type\":\"ReadAction\",\"target\":[\"https:\\\/\\\/lepatriotebenin.com\\\/index.php\\\/2026\\\/03\\\/23\\\/conflit-au-soudan-une-attaque-contre-un-hopital-au-darfour-est-fait-au-moins-64-morts\\\/\"]}]},{\"@type\":\"ImageObject\",\"inLanguage\":\"fr-FR\",\"@id\":\"https:\\\/\\\/lepatriotebenin.com\\\/index.php\\\/2026\\\/03\\\/23\\\/conflit-au-soudan-une-attaque-contre-un-hopital-au-darfour-est-fait-au-moins-64-morts\\\/#primaryimage\",\"url\":\"https:\\\/\\\/lepatriotebenin.com\\\/wp-content\\\/uploads\\\/2026\\\/03\\\/soudan-a.jpeg\",\"contentUrl\":\"https:\\\/\\\/lepatriotebenin.com\\\/wp-content\\\/uploads\\\/2026\\\/03\\\/soudan-a.jpeg\",\"width\":1024,\"height\":575},{\"@type\":\"BreadcrumbList\",\"@id\":\"https:\\\/\\\/lepatriotebenin.com\\\/index.php\\\/2026\\\/03\\\/23\\\/conflit-au-soudan-une-attaque-contre-un-hopital-au-darfour-est-fait-au-moins-64-morts\\\/#breadcrumb\",\"itemListElement\":[{\"@type\":\"ListItem\",\"position\":1,\"name\":\"Accueil\",\"item\":\"https:\\\/\\\/lepatriotebenin.com\\\/\"},{\"@type\":\"ListItem\",\"position\":2,\"name\":\"Conflit au Soudan : une attaque contre un h\u00f4pital au Darfour-Est fait au moins 64 morts\"}]},{\"@type\":\"WebSite\",\"@id\":\"https:\\\/\\\/lepatriotebenin.com\\\/#website\",\"url\":\"https:\\\/\\\/lepatriotebenin.com\\\/\",\"name\":\"Le Patriote\",\"description\":\"Le Patriote B\u00e9nin\",\"potentialAction\":[{\"@type\":\"SearchAction\",\"target\":{\"@type\":\"EntryPoint\",\"urlTemplate\":\"https:\\\/\\\/lepatriotebenin.com\\\/?s={search_term_string}\"},\"query-input\":{\"@type\":\"PropertyValueSpecification\",\"valueRequired\":true,\"valueName\":\"search_term_string\"}}],\"inLanguage\":\"fr-FR\"},{\"@type\":\"Person\",\"@id\":\"https:\\\/\\\/lepatriotebenin.com\\\/#\\\/schema\\\/person\\\/2e7709b9c9cc313e452d1136af61690f\",\"name\":\"Redaction\",\"image\":{\"@type\":\"ImageObject\",\"inLanguage\":\"fr-FR\",\"@id\":\"https:\\\/\\\/secure.gravatar.com\\\/avatar\\\/c4c509357859ea2ca2cbb6d8812898a73e4ef1ef9934c2e591d7e32face734d1?s=96&d=mm&r=g\",\"url\":\"https:\\\/\\\/secure.gravatar.com\\\/avatar\\\/c4c509357859ea2ca2cbb6d8812898a73e4ef1ef9934c2e591d7e32face734d1?s=96&d=mm&r=g\",\"contentUrl\":\"https:\\\/\\\/secure.gravatar.com\\\/avatar\\\/c4c509357859ea2ca2cbb6d8812898a73e4ef1ef9934c2e591d7e32face734d1?s=96&d=mm&r=g\",\"caption\":\"Redaction\"},\"url\":\"https:\\\/\\\/lepatriotebenin.com\"}]}<\/script>\n<!-- \/ Yoast SEO plugin. -->","yoast_head_json":{"title":"Conflit au Soudan : une attaque contre un h\u00f4pital au Darfour-Est fait au moins 64 morts - Le Patriote","robots":{"index":"index","follow":"follow","max-snippet":"max-snippet:-1","max-image-preview":"max-image-preview:large","max-video-preview":"max-video-preview:-1"},"canonical":"https:\/\/lepatriotebenin.com\/index.php\/2026\/03\/23\/conflit-au-soudan-une-attaque-contre-un-hopital-au-darfour-est-fait-au-moins-64-morts\/","og_locale":"fr_FR","og_type":"article","og_title":"Conflit au Soudan : une attaque contre un h\u00f4pital au Darfour-Est fait au moins 64 morts - Le Patriote","og_description":"Un h\u00f4pital universitaire \u00e0 El-Daein, dans l&rsquo;est du Darfour, a \u00e9t\u00e9 frapp\u00e9 par une attaque \u00e0 l&rsquo;arme lourde, faisant au moins 64 morts, dont 13 enfants, et 89 bless\u00e9s, selon&hellip;","og_url":"https:\/\/lepatriotebenin.com\/index.php\/2026\/03\/23\/conflit-au-soudan-une-attaque-contre-un-hopital-au-darfour-est-fait-au-moins-64-morts\/","og_site_name":"Le Patriote","article_published_time":"2026-03-23T04:03:40+00:00","og_image":[{"width":1024,"height":575,"url":"https:\/\/lepatriotebenin.com\/wp-content\/uploads\/2026\/03\/soudan-a.jpeg","type":"image\/jpeg"}],"author":"Redaction","twitter_card":"summary_large_image","twitter_misc":{"\u00c9crit par":"Redaction","Dur\u00e9e de lecture estim\u00e9e":"2 minutes"},"schema":{"@context":"https:\/\/schema.org","@graph":[{"@type":"Article","@id":"https:\/\/lepatriotebenin.com\/index.php\/2026\/03\/23\/conflit-au-soudan-une-attaque-contre-un-hopital-au-darfour-est-fait-au-moins-64-morts\/#article","isPartOf":{"@id":"https:\/\/lepatriotebenin.com\/index.php\/2026\/03\/23\/conflit-au-soudan-une-attaque-contre-un-hopital-au-darfour-est-fait-au-moins-64-morts\/"},"author":{"name":"Redaction","@id":"https:\/\/lepatriotebenin.com\/#\/schema\/person\/2e7709b9c9cc313e452d1136af61690f"},"headline":"Conflit au Soudan : une attaque contre un h\u00f4pital au Darfour-Est fait au moins 64 morts","datePublished":"2026-03-23T04:03:40+00:00","mainEntityOfPage":{"@id":"https:\/\/lepatriotebenin.com\/index.php\/2026\/03\/23\/conflit-au-soudan-une-attaque-contre-un-hopital-au-darfour-est-fait-au-moins-64-morts\/"},"wordCount":239,"commentCount":0,"image":{"@id":"https:\/\/lepatriotebenin.com\/index.php\/2026\/03\/23\/conflit-au-soudan-une-attaque-contre-un-hopital-au-darfour-est-fait-au-moins-64-morts\/#primaryimage"},"thumbnailUrl":"https:\/\/lepatriotebenin.com\/wp-content\/uploads\/2026\/03\/soudan-a.jpeg","articleSection":["Soci\u00e9t\u00e9"],"inLanguage":"fr-FR","potentialAction":[{"@type":"CommentAction","name":"Comment","target":["https:\/\/lepatriotebenin.com\/index.php\/2026\/03\/23\/conflit-au-soudan-une-attaque-contre-un-hopital-au-darfour-est-fait-au-moins-64-morts\/#respond"]}]},{"@type":"WebPage","@id":"https:\/\/lepatriotebenin.com\/index.php\/2026\/03\/23\/conflit-au-soudan-une-attaque-contre-un-hopital-au-darfour-est-fait-au-moins-64-morts\/","url":"https:\/\/lepatriotebenin.com\/index.php\/2026\/03\/23\/conflit-au-soudan-une-attaque-contre-un-hopital-au-darfour-est-fait-au-moins-64-morts\/","name":"Conflit au Soudan : une attaque contre un h\u00f4pital au Darfour-Est fait au moins 64 morts - Le Patriote","isPartOf":{"@id":"https:\/\/lepatriotebenin.com\/#website"},"primaryImageOfPage":{"@id":"https:\/\/lepatriotebenin.com\/index.php\/2026\/03\/23\/conflit-au-soudan-une-attaque-contre-un-hopital-au-darfour-est-fait-au-moins-64-morts\/#primaryimage"},"image":{"@id":"https:\/\/lepatriotebenin.com\/index.php\/2026\/03\/23\/conflit-au-soudan-une-attaque-contre-un-hopital-au-darfour-est-fait-au-moins-64-morts\/#primaryimage"},"thumbnailUrl":"https:\/\/lepatriotebenin.com\/wp-content\/uploads\/2026\/03\/soudan-a.jpeg","datePublished":"2026-03-23T04:03:40+00:00","author":{"@id":"https:\/\/lepatriotebenin.com\/#\/schema\/person\/2e7709b9c9cc313e452d1136af61690f"},"breadcrumb":{"@id":"https:\/\/lepatriotebenin.com\/index.php\/2026\/03\/23\/conflit-au-soudan-une-attaque-contre-un-hopital-au-darfour-est-fait-au-moins-64-morts\/#breadcrumb"},"inLanguage":"fr-FR","potentialAction":[{"@type":"ReadAction","target":["https:\/\/lepatriotebenin.com\/index.php\/2026\/03\/23\/conflit-au-soudan-une-attaque-contre-un-hopital-au-darfour-est-fait-au-moins-64-morts\/"]}]},{"@type":"ImageObject","inLanguage":"fr-FR","@id":"https:\/\/lepatriotebenin.com\/index.php\/2026\/03\/23\/conflit-au-soudan-une-attaque-contre-un-hopital-au-darfour-est-fait-au-moins-64-morts\/#primaryimage","url":"https:\/\/lepatriotebenin.com\/wp-content\/uploads\/2026\/03\/soudan-a.jpeg","contentUrl":"https:\/\/lepatriotebenin.com\/wp-content\/uploads\/2026\/03\/soudan-a.jpeg","width":1024,"height":575},{"@type":"BreadcrumbList","@id":"https:\/\/lepatriotebenin.com\/index.php\/2026\/03\/23\/conflit-au-soudan-une-attaque-contre-un-hopital-au-darfour-est-fait-au-moins-64-morts\/#breadcrumb","itemListElement":[{"@type":"ListItem","position":1,"name":"Accueil","item":"https:\/\/lepatriotebenin.com\/"},{"@type":"ListItem","position":2,"name":"Conflit au Soudan : une attaque contre un h\u00f4pital au Darfour-Est fait au moins 64 morts"}]},{"@type":"WebSite","@id":"https:\/\/lepatriotebenin.com\/#website","url":"https:\/\/lepatriotebenin.com\/","name":"Le Patriote","description":"Le Patriote B\u00e9nin","potentialAction":[{"@type":"SearchAction","target":{"@type":"EntryPoint","urlTemplate":"https:\/\/lepatriotebenin.com\/?s={search_term_string}"},"query-input":{"@type":"PropertyValueSpecification","valueRequired":true,"valueName":"search_term_string"}}],"inLanguage":"fr-FR"},{"@type":"Person","@id":"https:\/\/lepatriotebenin.com\/#\/schema\/person\/2e7709b9c9cc313e452d1136af61690f","name":"Redaction","image":{"@type":"ImageObject","inLanguage":"fr-FR","@id":"https:\/\/secure.gravatar.com\/avatar\/c4c509357859ea2ca2cbb6d8812898a73e4ef1ef9934c2e591d7e32face734d1?s=96&d=mm&r=g","url":"https:\/\/secure.gravatar.com\/avatar\/c4c509357859ea2ca2cbb6d8812898a73e4ef1ef9934c2e591d7e32face734d1?s=96&d=mm&r=g","contentUrl":"https:\/\/secure.gravatar.com\/avatar\/c4c509357859ea2ca2cbb6d8812898a73e4ef1ef9934c2e591d7e32face734d1?s=96&d=mm&r=g","caption":"Redaction"},"url":"https:\/\/lepatriotebenin.com"}]}},"_links":{"self":[{"href":"https:\/\/lepatriotebenin.com\/index.php\/wp-json\/wp\/v2\/posts\/17964","targetHints":{"allow":["GET"]}}],"collection":[{"href":"https:\/\/lepatriotebenin.com\/index.php\/wp-json\/wp\/v2\/posts"}],"about":[{"href":"https:\/\/lepatriotebenin.com\/index.php\/wp-json\/wp\/v2\/types\/post"}],"author":[{"embeddable":true,"href":"https:\/\/lepatriotebenin.com\/index.php\/wp-json\/wp\/v2\/users\/5"}],"replies":[{"embeddable":true,"href":"https:\/\/lepatriotebenin.com\/index.php\/wp-json\/wp\/v2\/comments?post=17964"}],"version-history":[{"count":1,"href":"https:\/\/lepatriotebenin.com\/index.php\/wp-json\/wp\/v2\/posts\/17964\/revisions"}],"predecessor-version":[{"id":17966,"href":"https:\/\/lepatriotebenin.com\/index.php\/wp-json\/wp\/v2\/posts\/17964\/revisions\/17966"}],"wp:featuredmedia":[{"embeddable":true,"href":"https:\/\/lepatriotebenin.com\/index.php\/wp-json\/wp\/v2\/media\/17965"}],"wp:attachment":[{"href":"https:\/\/lepatriotebenin.com\/index.php\/wp-json\/wp\/v2\/media?parent=17964"}],"wp:term":[{"taxonomy":"category","embeddable":true,"href":"https:\/\/lepatriotebenin.com\/index.php\/wp-json\/wp\/v2\/categories?post=17964"},{"taxonomy":"post_tag","embeddable":true,"href":"https:\/\/lepatriotebenin.com\/index.php\/wp-json\/wp\/v2\/tags?post=17964"}],"curies":[{"name":"wp","href":"https:\/\/api.w.org\/{rel}","templated":true}]}}