{"id":17955,"date":"2026-03-22T19:42:40","date_gmt":"2026-03-22T18:42:40","guid":{"rendered":"https:\/\/lepatriotebenin.com\/?p=17955"},"modified":"2026-03-22T19:42:40","modified_gmt":"2026-03-22T18:42:40","slug":"politique-guy-mitokpe-quitte-le-parti-les-democrates","status":"publish","type":"post","link":"https:\/\/lepatriotebenin.com\/index.php\/2026\/03\/22\/politique-guy-mitokpe-quitte-le-parti-les-democrates\/","title":{"rendered":"Politique : Guy Mitokp\u00e8 quitte le parti Les D\u00e9mocrates"},"content":{"rendered":"<p><strong>Dans une d\u00e9claration faite sur sa page Facebook, l&rsquo;ex-secr\u00e9taire national \u00e0 communication du parti de l&rsquo;opposition Les D\u00e9mocrates a annonc\u00e9 qu&rsquo;il claque la porte. Lire l&rsquo;int\u00e9gralit\u00e9 de son message<\/strong><\/p>\n<p><strong>B\u00e9ninoises, B\u00e9ninois,<\/strong><\/p>\n<p><strong>Chers compatriotes,<\/strong><\/p>\n<p>En ce dimanche 22 mars 2026, je prends la parole devant vous, le c\u0153ur lourd mais la t\u00eate haute.<\/p>\n<p>Notre pays traverse un tournant d\u00e9cisif de son histoire. Dans cette ar\u00e8ne politique o\u00f9 les vents tournent parfois plus vite que les consciences, j\u2019ai men\u00e9 le combat de mes convictions. J\u2019ai tout donn\u00e9. J\u2019ai offert mon \u00e9nergie, ma loyaut\u00e9 et ma jeunesse pour que les mots \u00ab int\u00e9grit\u00e9 \u00bb , \u00ab fid\u00e9lit\u00e9 \u00bb et \u300aloyaut\u00e9 \u300bne soient pas de vaines expressions sacrifi\u00e9es sur l&rsquo;autel de l&rsquo;opportunisme en politique.<\/p>\n<p>Les \u00e9v\u00e9nements en ont d\u00e9cid\u00e9 autrement. Les circonstances ont trac\u00e9 un autre chemin. J\u2019en prends acte avec la s\u00e9r\u00e9nit\u00e9 de ceux qui n&rsquo;ont rien \u00e0 se reprocher.<\/p>\n<p>Ma gratitude envers le parti Les D\u00e9mocrates est infinie. Vous avez \u00e9t\u00e9 ma famille. Je tiens \u00e0 remercier chaque responsable, chaque militant, de la base au sommet, pour cette aventure humaine et politique.<\/p>\n<p>Un salut tout particulier \u00e0 l&rsquo;Ancien du parti, le Pr\u00e9sident Thomas Boni YAYI. Monsieur le Pr\u00e9sident, travailler \u00e0 vos c\u00f4t\u00e9s fut un honneur et une \u00e9cole de r\u00e9silience.<\/p>\n<p>Apr\u00e8s tout le combat politique que j&rsquo;ai men\u00e9 au sein du Parti Les D\u00e9mocrates, j&rsquo;ai pris l&rsquo;initiative de faire une large consultation des responsables du Parti de la 16\u00e8me circonscription \u00e9lectorale.<\/p>\n<p>J&rsquo;ai successivement consult\u00e9 tous les regroupements d\u00e9nomm\u00e9s\u00a0 \u00a0\u00bb Les amis de Guy Dossou MITOKPE \u00ab\u00a0. J&rsquo;ai rencontr\u00e9 les militants qui nous ont soutenu un peu partout dans le pays.<\/p>\n<p>Apr\u00e8s toutes ces consultations, une seule option est revenue continuellement avec insistance : Nous avons tout donn\u00e9 et nous sommes \u00e0 la fin d&rsquo;un cycle&#8230;.<\/p>\n<p>Fort de ma vigueur et de mes ambitions intactes, j&rsquo;estime qu&rsquo;il est temps pour moi de regarder vers l&rsquo;horizon.<\/p>\n<p>On ne peut rester ind\u00e9finiment dans le deuil des structures quand l&rsquo;avenir du pays nous appelle ailleurs.<\/p>\n<p>C\u2019est donc avec une \u00e9motion profonde, mais une d\u00e9termination in\u00e9branlable, que je vous annonce ma d\u00e9mission du Parti Les D\u00e9mocrates.<\/p>\n<p>Je pars sans amertume, mais avec la conviction que mon \u00e9nergie doit d\u00e9sormais servir de nouveaux d\u00e9fis et desseins pour le bien de notre nation commune.<\/p>\n<p>Que Dieu veille sur le B\u00e9nin et qu&rsquo;Il b\u00e9nisse notre marche vers la lumi\u00e8re&#8230;<\/p>\n<p><strong>Dr. Guy Dossou MITOKPE<\/strong><\/p>\n","protected":false},"excerpt":{"rendered":"<p>Dans une d\u00e9claration faite sur sa page Facebook, l&rsquo;ex-secr\u00e9taire national \u00e0 communication du parti de l&rsquo;opposition Les D\u00e9mocrates a annonc\u00e9 qu&rsquo;il claque la porte. Lire l&rsquo;int\u00e9gralit\u00e9 de son message B\u00e9ninoises,&hellip;<\/p>\n","protected":false},"author":5,"featured_media":17956,"comment_status":"open","ping_status":"open","sticky":false,"template":"","format":"standard","meta":{"content-type":"","om_disable_all_campaigns":false,"_monsterinsights_skip_tracking":false,"_monsterinsights_sitenote_active":false,"_monsterinsights_sitenote_note":"","_monsterinsights_sitenote_category":0,"_uf_show_specific_survey":0,"_uf_disable_surveys":false,"footnotes":""},"categories":[26],"tags":[],"class_list":["post-17955","post","type-post","status-publish","format-standard","has-post-thumbnail","hentry","category-politique"],"aioseo_notices":[],"yoast_head":"<!-- This site is optimized with the Yoast SEO plugin v27.5 - https:\/\/yoast.com\/product\/yoast-seo-wordpress\/ -->\n<title>Politique : Guy Mitokp\u00e8 quitte le parti Les D\u00e9mocrates - Le Patriote<\/title>\n<meta name=\"robots\" content=\"index, follow, max-snippet:-1, max-image-preview:large, max-video-preview:-1\" \/>\n<link rel=\"canonical\" href=\"https:\/\/lepatriotebenin.com\/index.php\/2026\/03\/22\/politique-guy-mitokpe-quitte-le-parti-les-democrates\/\" \/>\n<meta property=\"og:locale\" content=\"fr_FR\" \/>\n<meta property=\"og:type\" content=\"article\" \/>\n<meta property=\"og:title\" content=\"Politique : Guy Mitokp\u00e8 quitte le parti Les D\u00e9mocrates - Le Patriote\" \/>\n<meta property=\"og:description\" content=\"Dans une d\u00e9claration faite sur sa page Facebook, l&rsquo;ex-secr\u00e9taire national \u00e0 communication du parti de l&rsquo;opposition Les D\u00e9mocrates a annonc\u00e9 qu&rsquo;il claque la porte. Lire l&rsquo;int\u00e9gralit\u00e9 de son message B\u00e9ninoises,&hellip;\" \/>\n<meta property=\"og:url\" content=\"https:\/\/lepatriotebenin.com\/index.php\/2026\/03\/22\/politique-guy-mitokpe-quitte-le-parti-les-democrates\/\" \/>\n<meta property=\"og:site_name\" content=\"Le Patriote\" \/>\n<meta property=\"article:published_time\" content=\"2026-03-22T18:42:40+00:00\" \/>\n<meta property=\"og:image\" content=\"https:\/\/lepatriotebenin.com\/wp-content\/uploads\/2026\/03\/guy-mitokpe.jpg\" \/>\n\t<meta property=\"og:image:width\" content=\"650\" \/>\n\t<meta property=\"og:image:height\" content=\"404\" \/>\n\t<meta property=\"og:image:type\" content=\"image\/jpeg\" \/>\n<meta name=\"author\" content=\"Redaction\" \/>\n<meta name=\"twitter:card\" content=\"summary_large_image\" \/>\n<meta name=\"twitter:label1\" content=\"\u00c9crit par\" \/>\n\t<meta name=\"twitter:data1\" content=\"Redaction\" \/>\n\t<meta name=\"twitter:label2\" content=\"Dur\u00e9e de lecture estim\u00e9e\" \/>\n\t<meta name=\"twitter:data2\" content=\"3 minutes\" \/>\n<script type=\"application\/ld+json\" class=\"yoast-schema-graph\">{\"@context\":\"https:\\\/\\\/schema.org\",\"@graph\":[{\"@type\":\"Article\",\"@id\":\"https:\\\/\\\/lepatriotebenin.com\\\/index.php\\\/2026\\\/03\\\/22\\\/politique-guy-mitokpe-quitte-le-parti-les-democrates\\\/#article\",\"isPartOf\":{\"@id\":\"https:\\\/\\\/lepatriotebenin.com\\\/index.php\\\/2026\\\/03\\\/22\\\/politique-guy-mitokpe-quitte-le-parti-les-democrates\\\/\"},\"author\":{\"name\":\"Redaction\",\"@id\":\"https:\\\/\\\/lepatriotebenin.com\\\/#\\\/schema\\\/person\\\/2e7709b9c9cc313e452d1136af61690f\"},\"headline\":\"Politique : Guy Mitokp\u00e8 quitte le parti Les D\u00e9mocrates\",\"datePublished\":\"2026-03-22T18:42:40+00:00\",\"mainEntityOfPage\":{\"@id\":\"https:\\\/\\\/lepatriotebenin.com\\\/index.php\\\/2026\\\/03\\\/22\\\/politique-guy-mitokpe-quitte-le-parti-les-democrates\\\/\"},\"wordCount\":448,\"commentCount\":0,\"image\":{\"@id\":\"https:\\\/\\\/lepatriotebenin.com\\\/index.php\\\/2026\\\/03\\\/22\\\/politique-guy-mitokpe-quitte-le-parti-les-democrates\\\/#primaryimage\"},\"thumbnailUrl\":\"https:\\\/\\\/lepatriotebenin.com\\\/wp-content\\\/uploads\\\/2026\\\/03\\\/guy-mitokpe.jpg\",\"articleSection\":[\"Politique\"],\"inLanguage\":\"fr-FR\",\"potentialAction\":[{\"@type\":\"CommentAction\",\"name\":\"Comment\",\"target\":[\"https:\\\/\\\/lepatriotebenin.com\\\/index.php\\\/2026\\\/03\\\/22\\\/politique-guy-mitokpe-quitte-le-parti-les-democrates\\\/#respond\"]}]},{\"@type\":\"WebPage\",\"@id\":\"https:\\\/\\\/lepatriotebenin.com\\\/index.php\\\/2026\\\/03\\\/22\\\/politique-guy-mitokpe-quitte-le-parti-les-democrates\\\/\",\"url\":\"https:\\\/\\\/lepatriotebenin.com\\\/index.php\\\/2026\\\/03\\\/22\\\/politique-guy-mitokpe-quitte-le-parti-les-democrates\\\/\",\"name\":\"Politique : Guy Mitokp\u00e8 quitte le parti Les D\u00e9mocrates - Le Patriote\",\"isPartOf\":{\"@id\":\"https:\\\/\\\/lepatriotebenin.com\\\/#website\"},\"primaryImageOfPage\":{\"@id\":\"https:\\\/\\\/lepatriotebenin.com\\\/index.php\\\/2026\\\/03\\\/22\\\/politique-guy-mitokpe-quitte-le-parti-les-democrates\\\/#primaryimage\"},\"image\":{\"@id\":\"https:\\\/\\\/lepatriotebenin.com\\\/index.php\\\/2026\\\/03\\\/22\\\/politique-guy-mitokpe-quitte-le-parti-les-democrates\\\/#primaryimage\"},\"thumbnailUrl\":\"https:\\\/\\\/lepatriotebenin.com\\\/wp-content\\\/uploads\\\/2026\\\/03\\\/guy-mitokpe.jpg\",\"datePublished\":\"2026-03-22T18:42:40+00:00\",\"author\":{\"@id\":\"https:\\\/\\\/lepatriotebenin.com\\\/#\\\/schema\\\/person\\\/2e7709b9c9cc313e452d1136af61690f\"},\"breadcrumb\":{\"@id\":\"https:\\\/\\\/lepatriotebenin.com\\\/index.php\\\/2026\\\/03\\\/22\\\/politique-guy-mitokpe-quitte-le-parti-les-democrates\\\/#breadcrumb\"},\"inLanguage\":\"fr-FR\",\"potentialAction\":[{\"@type\":\"ReadAction\",\"target\":[\"https:\\\/\\\/lepatriotebenin.com\\\/index.php\\\/2026\\\/03\\\/22\\\/politique-guy-mitokpe-quitte-le-parti-les-democrates\\\/\"]}]},{\"@type\":\"ImageObject\",\"inLanguage\":\"fr-FR\",\"@id\":\"https:\\\/\\\/lepatriotebenin.com\\\/index.php\\\/2026\\\/03\\\/22\\\/politique-guy-mitokpe-quitte-le-parti-les-democrates\\\/#primaryimage\",\"url\":\"https:\\\/\\\/lepatriotebenin.com\\\/wp-content\\\/uploads\\\/2026\\\/03\\\/guy-mitokpe.jpg\",\"contentUrl\":\"https:\\\/\\\/lepatriotebenin.com\\\/wp-content\\\/uploads\\\/2026\\\/03\\\/guy-mitokpe.jpg\",\"width\":650,\"height\":404},{\"@type\":\"BreadcrumbList\",\"@id\":\"https:\\\/\\\/lepatriotebenin.com\\\/index.php\\\/2026\\\/03\\\/22\\\/politique-guy-mitokpe-quitte-le-parti-les-democrates\\\/#breadcrumb\",\"itemListElement\":[{\"@type\":\"ListItem\",\"position\":1,\"name\":\"Accueil\",\"item\":\"https:\\\/\\\/lepatriotebenin.com\\\/\"},{\"@type\":\"ListItem\",\"position\":2,\"name\":\"Politique : Guy Mitokp\u00e8 quitte le parti Les D\u00e9mocrates\"}]},{\"@type\":\"WebSite\",\"@id\":\"https:\\\/\\\/lepatriotebenin.com\\\/#website\",\"url\":\"https:\\\/\\\/lepatriotebenin.com\\\/\",\"name\":\"Le Patriote\",\"description\":\"Le Patriote B\u00e9nin\",\"potentialAction\":[{\"@type\":\"SearchAction\",\"target\":{\"@type\":\"EntryPoint\",\"urlTemplate\":\"https:\\\/\\\/lepatriotebenin.com\\\/?s={search_term_string}\"},\"query-input\":{\"@type\":\"PropertyValueSpecification\",\"valueRequired\":true,\"valueName\":\"search_term_string\"}}],\"inLanguage\":\"fr-FR\"},{\"@type\":\"Person\",\"@id\":\"https:\\\/\\\/lepatriotebenin.com\\\/#\\\/schema\\\/person\\\/2e7709b9c9cc313e452d1136af61690f\",\"name\":\"Redaction\",\"image\":{\"@type\":\"ImageObject\",\"inLanguage\":\"fr-FR\",\"@id\":\"https:\\\/\\\/secure.gravatar.com\\\/avatar\\\/c4c509357859ea2ca2cbb6d8812898a73e4ef1ef9934c2e591d7e32face734d1?s=96&d=mm&r=g\",\"url\":\"https:\\\/\\\/secure.gravatar.com\\\/avatar\\\/c4c509357859ea2ca2cbb6d8812898a73e4ef1ef9934c2e591d7e32face734d1?s=96&d=mm&r=g\",\"contentUrl\":\"https:\\\/\\\/secure.gravatar.com\\\/avatar\\\/c4c509357859ea2ca2cbb6d8812898a73e4ef1ef9934c2e591d7e32face734d1?s=96&d=mm&r=g\",\"caption\":\"Redaction\"},\"url\":\"https:\\\/\\\/lepatriotebenin.com\"}]}<\/script>\n<!-- \/ Yoast SEO plugin. -->","yoast_head_json":{"title":"Politique : Guy Mitokp\u00e8 quitte le parti Les D\u00e9mocrates - Le Patriote","robots":{"index":"index","follow":"follow","max-snippet":"max-snippet:-1","max-image-preview":"max-image-preview:large","max-video-preview":"max-video-preview:-1"},"canonical":"https:\/\/lepatriotebenin.com\/index.php\/2026\/03\/22\/politique-guy-mitokpe-quitte-le-parti-les-democrates\/","og_locale":"fr_FR","og_type":"article","og_title":"Politique : Guy Mitokp\u00e8 quitte le parti Les D\u00e9mocrates - Le Patriote","og_description":"Dans une d\u00e9claration faite sur sa page Facebook, l&rsquo;ex-secr\u00e9taire national \u00e0 communication du parti de l&rsquo;opposition Les D\u00e9mocrates a annonc\u00e9 qu&rsquo;il claque la porte. Lire l&rsquo;int\u00e9gralit\u00e9 de son message B\u00e9ninoises,&hellip;","og_url":"https:\/\/lepatriotebenin.com\/index.php\/2026\/03\/22\/politique-guy-mitokpe-quitte-le-parti-les-democrates\/","og_site_name":"Le Patriote","article_published_time":"2026-03-22T18:42:40+00:00","og_image":[{"width":650,"height":404,"url":"https:\/\/lepatriotebenin.com\/wp-content\/uploads\/2026\/03\/guy-mitokpe.jpg","type":"image\/jpeg"}],"author":"Redaction","twitter_card":"summary_large_image","twitter_misc":{"\u00c9crit par":"Redaction","Dur\u00e9e de lecture estim\u00e9e":"3 minutes"},"schema":{"@context":"https:\/\/schema.org","@graph":[{"@type":"Article","@id":"https:\/\/lepatriotebenin.com\/index.php\/2026\/03\/22\/politique-guy-mitokpe-quitte-le-parti-les-democrates\/#article","isPartOf":{"@id":"https:\/\/lepatriotebenin.com\/index.php\/2026\/03\/22\/politique-guy-mitokpe-quitte-le-parti-les-democrates\/"},"author":{"name":"Redaction","@id":"https:\/\/lepatriotebenin.com\/#\/schema\/person\/2e7709b9c9cc313e452d1136af61690f"},"headline":"Politique : Guy Mitokp\u00e8 quitte le parti Les D\u00e9mocrates","datePublished":"2026-03-22T18:42:40+00:00","mainEntityOfPage":{"@id":"https:\/\/lepatriotebenin.com\/index.php\/2026\/03\/22\/politique-guy-mitokpe-quitte-le-parti-les-democrates\/"},"wordCount":448,"commentCount":0,"image":{"@id":"https:\/\/lepatriotebenin.com\/index.php\/2026\/03\/22\/politique-guy-mitokpe-quitte-le-parti-les-democrates\/#primaryimage"},"thumbnailUrl":"https:\/\/lepatriotebenin.com\/wp-content\/uploads\/2026\/03\/guy-mitokpe.jpg","articleSection":["Politique"],"inLanguage":"fr-FR","potentialAction":[{"@type":"CommentAction","name":"Comment","target":["https:\/\/lepatriotebenin.com\/index.php\/2026\/03\/22\/politique-guy-mitokpe-quitte-le-parti-les-democrates\/#respond"]}]},{"@type":"WebPage","@id":"https:\/\/lepatriotebenin.com\/index.php\/2026\/03\/22\/politique-guy-mitokpe-quitte-le-parti-les-democrates\/","url":"https:\/\/lepatriotebenin.com\/index.php\/2026\/03\/22\/politique-guy-mitokpe-quitte-le-parti-les-democrates\/","name":"Politique : Guy Mitokp\u00e8 quitte le parti Les D\u00e9mocrates - Le Patriote","isPartOf":{"@id":"https:\/\/lepatriotebenin.com\/#website"},"primaryImageOfPage":{"@id":"https:\/\/lepatriotebenin.com\/index.php\/2026\/03\/22\/politique-guy-mitokpe-quitte-le-parti-les-democrates\/#primaryimage"},"image":{"@id":"https:\/\/lepatriotebenin.com\/index.php\/2026\/03\/22\/politique-guy-mitokpe-quitte-le-parti-les-democrates\/#primaryimage"},"thumbnailUrl":"https:\/\/lepatriotebenin.com\/wp-content\/uploads\/2026\/03\/guy-mitokpe.jpg","datePublished":"2026-03-22T18:42:40+00:00","author":{"@id":"https:\/\/lepatriotebenin.com\/#\/schema\/person\/2e7709b9c9cc313e452d1136af61690f"},"breadcrumb":{"@id":"https:\/\/lepatriotebenin.com\/index.php\/2026\/03\/22\/politique-guy-mitokpe-quitte-le-parti-les-democrates\/#breadcrumb"},"inLanguage":"fr-FR","potentialAction":[{"@type":"ReadAction","target":["https:\/\/lepatriotebenin.com\/index.php\/2026\/03\/22\/politique-guy-mitokpe-quitte-le-parti-les-democrates\/"]}]},{"@type":"ImageObject","inLanguage":"fr-FR","@id":"https:\/\/lepatriotebenin.com\/index.php\/2026\/03\/22\/politique-guy-mitokpe-quitte-le-parti-les-democrates\/#primaryimage","url":"https:\/\/lepatriotebenin.com\/wp-content\/uploads\/2026\/03\/guy-mitokpe.jpg","contentUrl":"https:\/\/lepatriotebenin.com\/wp-content\/uploads\/2026\/03\/guy-mitokpe.jpg","width":650,"height":404},{"@type":"BreadcrumbList","@id":"https:\/\/lepatriotebenin.com\/index.php\/2026\/03\/22\/politique-guy-mitokpe-quitte-le-parti-les-democrates\/#breadcrumb","itemListElement":[{"@type":"ListItem","position":1,"name":"Accueil","item":"https:\/\/lepatriotebenin.com\/"},{"@type":"ListItem","position":2,"name":"Politique : Guy Mitokp\u00e8 quitte le parti Les D\u00e9mocrates"}]},{"@type":"WebSite","@id":"https:\/\/lepatriotebenin.com\/#website","url":"https:\/\/lepatriotebenin.com\/","name":"Le Patriote","description":"Le Patriote B\u00e9nin","potentialAction":[{"@type":"SearchAction","target":{"@type":"EntryPoint","urlTemplate":"https:\/\/lepatriotebenin.com\/?s={search_term_string}"},"query-input":{"@type":"PropertyValueSpecification","valueRequired":true,"valueName":"search_term_string"}}],"inLanguage":"fr-FR"},{"@type":"Person","@id":"https:\/\/lepatriotebenin.com\/#\/schema\/person\/2e7709b9c9cc313e452d1136af61690f","name":"Redaction","image":{"@type":"ImageObject","inLanguage":"fr-FR","@id":"https:\/\/secure.gravatar.com\/avatar\/c4c509357859ea2ca2cbb6d8812898a73e4ef1ef9934c2e591d7e32face734d1?s=96&d=mm&r=g","url":"https:\/\/secure.gravatar.com\/avatar\/c4c509357859ea2ca2cbb6d8812898a73e4ef1ef9934c2e591d7e32face734d1?s=96&d=mm&r=g","contentUrl":"https:\/\/secure.gravatar.com\/avatar\/c4c509357859ea2ca2cbb6d8812898a73e4ef1ef9934c2e591d7e32face734d1?s=96&d=mm&r=g","caption":"Redaction"},"url":"https:\/\/lepatriotebenin.com"}]}},"_links":{"self":[{"href":"https:\/\/lepatriotebenin.com\/index.php\/wp-json\/wp\/v2\/posts\/17955","targetHints":{"allow":["GET"]}}],"collection":[{"href":"https:\/\/lepatriotebenin.com\/index.php\/wp-json\/wp\/v2\/posts"}],"about":[{"href":"https:\/\/lepatriotebenin.com\/index.php\/wp-json\/wp\/v2\/types\/post"}],"author":[{"embeddable":true,"href":"https:\/\/lepatriotebenin.com\/index.php\/wp-json\/wp\/v2\/users\/5"}],"replies":[{"embeddable":true,"href":"https:\/\/lepatriotebenin.com\/index.php\/wp-json\/wp\/v2\/comments?post=17955"}],"version-history":[{"count":1,"href":"https:\/\/lepatriotebenin.com\/index.php\/wp-json\/wp\/v2\/posts\/17955\/revisions"}],"predecessor-version":[{"id":17957,"href":"https:\/\/lepatriotebenin.com\/index.php\/wp-json\/wp\/v2\/posts\/17955\/revisions\/17957"}],"wp:featuredmedia":[{"embeddable":true,"href":"https:\/\/lepatriotebenin.com\/index.php\/wp-json\/wp\/v2\/media\/17956"}],"wp:attachment":[{"href":"https:\/\/lepatriotebenin.com\/index.php\/wp-json\/wp\/v2\/media?parent=17955"}],"wp:term":[{"taxonomy":"category","embeddable":true,"href":"https:\/\/lepatriotebenin.com\/index.php\/wp-json\/wp\/v2\/categories?post=17955"},{"taxonomy":"post_tag","embeddable":true,"href":"https:\/\/lepatriotebenin.com\/index.php\/wp-json\/wp\/v2\/tags?post=17955"}],"curies":[{"name":"wp","href":"https:\/\/api.w.org\/{rel}","templated":true}]}}