{"id":17915,"date":"2026-03-18T21:55:25","date_gmt":"2026-03-18T20:55:25","guid":{"rendered":"https:\/\/lepatriotebenin.com\/?p=17915"},"modified":"2026-03-18T21:55:25","modified_gmt":"2026-03-18T20:55:25","slug":"27eme-anniversaire-du-deces-de-mgr-isidore-de-souza-liajp-lance-un-appel-special-pour-mettre-en-garde-contre-les-risques-de-derives-autoritaires","status":"publish","type":"post","link":"https:\/\/lepatriotebenin.com\/index.php\/2026\/03\/18\/27eme-anniversaire-du-deces-de-mgr-isidore-de-souza-liajp-lance-un-appel-special-pour-mettre-en-garde-contre-les-risques-de-derives-autoritaires\/","title":{"rendered":"27\u00e8me anniversaire du d\u00e9c\u00e8s de  Mgr Isidore de Souza:  L\u2019IAJP  lance un appel sp\u00e9cial pour mettre en garde contre les risques de d\u00e9rives autoritaires"},"content":{"rendered":"<p><strong><em>Pour comm\u00e9morer le 27<sup>\u00e8me<\/sup>\u00a0 anniversaire du d\u00e9c\u00e8s de Monseigneur Isidore de Souza,\u00a0 l\u2019Institut des Artisans de Justice et de Paix (IAJP\/CO)\u00a0 a pr\u00e9sent\u00e9 dans la\u00a0 soir\u00e9e du mardi 17 mars 2026, une \u00e9dition sp\u00e9ciale de sa revue \u00ab\u00a0La petite missive\u00a0\u00bb intitul\u00e9e \u00ab\u00a0Appel sp\u00e9cial de l\u2019IAJP\/CO\u00a0\u00bb. Cette publication renseigne sur les risques de d\u00e9rive politique et\u00a0 appelle \u00e0 un\u00a0 engagement citoyen. Cet appel est lanc\u00e9 pour pr\u00e9server \u00e9galement les acquis d\u00e9mocratiques et renforcer l\u2019h\u00e9ritage politique du pays.<\/em><\/strong><\/p>\n<p>C\u2019est au cours d\u2019une conf\u00e9rence de presse anim\u00e9e par le journaliste\u00a0<strong>Hugues Hector Zogo<\/strong>, en pr\u00e9sence du directeur de l\u2019institution, le\u00a0<strong>P\u00e8re Eric Agu\u00e9nounon\u00a0<\/strong>et de l\u2019ancien recteur de l\u2019<strong>Universit\u00e9 d\u2019Abomey-Calavi Maxime da Cruz<\/strong> que la\u00a0 pr\u00e9sentation du document\u00a0 a eu lieu. Le document se veut une contribution au d\u00e9bat public \u00e0 l\u2019approche de l\u2019\u00e9lection pr\u00e9sidentielle pr\u00e9vue le 12 avril 2026 au B\u00e9nin. Dans son\u00a0 intervention, le P\u00e8re Agu\u00e9nounon a\u00a0 mis un accent particulier\u00a0 sur l\u2019h\u00e9ritage de Mgr\u00a0 Isidore de Souza qui est la d\u00e9mocratie. Elle est \u00ab\u00a0comme\u00a0un d\u00e9terminant et une exigence du bien commun\u00a0\u00bb.\u00a0 Le Directeur de l\u2019IAJP a rappel\u00e9 que la doctrine sociale de l\u2019Eglise d\u00e9finit\u00a0le bien commun \u00ab\u00a0comme l&rsquo;ensemble des\u00a0conditions sociales permettant \u00e0 la personne d&rsquo;atteindre mieux et plus facilement son plein\u00a0\u00e9panouissement\u00a0\u00bb. Cette approche est mobilis\u00e9e pour \u00e9clairer les enjeux actuels li\u00e9s \u00e0 la gouvernance et \u00e0 la participation citoyenne.<\/p>\n<p><strong>L\u2019enracinement de la d\u00e9mocratie <\/strong><\/p>\n<p>Le\u00a0 Directeur de l\u2019IAJP\u00a0 a indiqu\u00e9\u00a0 \u00ab\u00a0 qu\u2019en examinant la culture d\u00e9mocratique et sa pratique, on d\u00e9couvre que la d\u00e9mocratie s&rsquo;enracine\u00a0profond\u00e9ment lorsqu&rsquo;elle commence \u00e0 sublimer le bien commun. Et le bien commun, \u00e0 son tour,\u00a0humanise la d\u00e9mocratie. \u00ab\u00a0Cela donne un si\u00e8cle d&rsquo;exercices de la v\u00e9rit\u00e9, de service de la\u00a0charit\u00e9, de travail collectif assidu, d&rsquo;enseignement de la droiture et d&rsquo;une conscience tenace.\u00a0 C&rsquo;est\u00a0ici que prend tout son sens la charge de l&rsquo;IAJP Chant d&rsquo;Oiseau comme institution pens\u00e9e par\u00a0Mgr Isidore de Sousa. H\u00e9ritier de Mgr Isidore de Sousa, nous sommes appel\u00e9s \u00e0 l&rsquo;incarner dans\u00a0notre pens\u00e9e, dans nos r\u00e9flexions et actions pastorales\u00a0\u00bb,\u00a0 a-t-il\u00a0 laiss\u00e9 entendre.<\/p>\n<p>Pour lui, \u00ab\u00a0 Mgr Isidore de Sousa ne devrait \u00eatre\u00a0une ic\u00f4ne de pi\u00e8ce de mus\u00e9e. Il devait \u00eatre enseign\u00e9, valoris\u00e9 et propos\u00e9 comme mod\u00e8le de\u00a0vie et d&rsquo;engagement citoyen pour le bien sup\u00e9rieur de la nation b\u00e9ninoise. Mgr Isidore de Sousa ne\u00a0devrait \u00eatre une ic\u00f4ne de pi\u00e8ce de mus\u00e9e\u00a0\u00bb.\u00a0 Il\u00a0 a insist\u00e9\u00a0 qu\u2019 il doit \u00eatre enseign\u00e9, valoris\u00e9 et propos\u00e9 comme\u00a0mod\u00e8le de vie et d&rsquo;engagement citoyen pour le bien sup\u00e9rieur de la nation b\u00e9ninoise\u00a0\u00bb. \u00a0\u00ab<em>Notre appel\u00a0pour les temps \u00e0 venir\u00a0\u00bb, dit-il \u00ab\u00a0s\u2019inscrit dans une dynamique d\u2019appropriation de la pens\u00e9e de Mgr Isidore de\u00a0Sousa sur la d\u00e9mocratie et le bien commun en vue de vivre plus pleinement et f\u00e9condement\u00a0 la mystique\u00a0du semeur\u00a0<\/em>\u00bb.<\/p>\n<p><strong>Une interpellation civique et proph\u00e9tique\u00a0<\/strong><\/p>\n<p>Quant\u00a0 au pr\u00e9sentateur de l\u2019\u0153uvre, Hugues Hector Zogo, il\u00a0 a d\u00e9clar\u00e9 que\u00a0 le texte qui\u00a0 lui est soumis, \u00ab\u00a0est une d\u00e9claration publique\u00a0de l&rsquo;Institut des artisans de justice et de paix,\u00a0un organe de r\u00e9flexion et de veille \u00e9thique\u00a0ancr\u00e9 dans l&rsquo;\u00c9glise catholique du B\u00e9nin\u00a0\u00bb. Selon lui, \u00ab il ne s&rsquo;agit ni d&rsquo;un communiqu\u00e9 de circonstances,\u00a0ni d&rsquo;une simple prise de position pastorale,\u00a0mais plut\u00f4t d&rsquo;une interpellation civique et proph\u00e9tique\u00a0d&rsquo;une rare densit\u00e9 intellectuelle et morale\u00a0\u00bb.\u00a0Ce document, dit-il,\u00a0 \u00ab\u00a0se situe \u00e0 la confluence de la th\u00e9ologie politique,\u00a0de la philosophie morale et de l&rsquo;analyse socio-historique\u00a0\u00bb.\u00a0 Il a signifi\u00e9 que\u00a0 ledit document \u00ab\u00a0repr\u00e9sente\u00a0bien plus qu&rsquo;un simple avis d&rsquo;un groupe catholique\u00a0\u00bb.\u00a0\u00a0C&rsquo;est un document phare\u00a0 qui, selon le pr\u00e9sentateur, \u00ab\u00a0 synth\u00e9tise\u00a0les inqui\u00e9tudes d&rsquo;une partie substantielle\u00a0de la soci\u00e9t\u00e9 civile, intellectuelle et morale\u00a0face \u00e0 la trajectoire politique\u00a0de notre pays, le B\u00e9nin\u00a0\u00bb.<\/p>\n<p>Hugues Hector Zogo n\u2019a pas manqu\u00e9 de souligner qu\u2019 \u00ab il articule une inqui\u00e9tude historique,\u00a0un diagnostic s\u00e9v\u00e8re du pr\u00e9sent\u00a0et une proposition exigeante pour l&rsquo;avenir,\u00a0le tout port\u00e9 par une langue et une argumentation\u00a0qui en font une pi\u00e8ce majeure du d\u00e9bat d\u00e9mocratique en cours\u00a0\u00bb.\u00a0 Il a soulign\u00e9 que \u00ab sa lecture est donc indispensable pour quiconque\u00a0souhaite comprendre les lignes de fracture\u00a0et les enjeux \u00e9thiques\u00a0qui sous-tendent la pr\u00e9paration des \u00e9lections de 2026\u00a0et plus largement l&rsquo;avenir du contrat bureaucratique b\u00e9ninois\u00a0\u00bb.\u00a0 L&rsquo;esprit critique qu&rsquo;il anime, affirme-t-il, \u00ab\u00a0n&rsquo;est pas de destruction,\u00a0mais de vigilance salvatrice,\u00a0invitant \u00e0 un sursaut collectif\u00a0avant qu&rsquo;il ne soit trop tard\u00a0\u00bb.<\/p>\n<p><img fetchpriority=\"high\" decoding=\"async\" class=\"alignnone size-medium wp-image-17916\" src=\"https:\/\/lepatriotebenin.com\/wp-content\/uploads\/2026\/03\/iajp-ea-300x200.jpeg\" alt=\"\" width=\"300\" height=\"200\" srcset=\"https:\/\/lepatriotebenin.com\/wp-content\/uploads\/2026\/03\/iajp-ea-300x200.jpeg 300w, https:\/\/lepatriotebenin.com\/wp-content\/uploads\/2026\/03\/iajp-ea-1024x683.jpeg 1024w, https:\/\/lepatriotebenin.com\/wp-content\/uploads\/2026\/03\/iajp-ea-768x512.jpeg 768w, https:\/\/lepatriotebenin.com\/wp-content\/uploads\/2026\/03\/iajp-ea-1536x1025.jpeg 1536w, https:\/\/lepatriotebenin.com\/wp-content\/uploads\/2026\/03\/iajp-ea-2048x1366.jpeg 2048w, https:\/\/lepatriotebenin.com\/wp-content\/uploads\/2026\/03\/iajp-ea-1920x1281.jpeg 1920w, https:\/\/lepatriotebenin.com\/wp-content\/uploads\/2026\/03\/iajp-ea-1170x781.jpeg 1170w, https:\/\/lepatriotebenin.com\/wp-content\/uploads\/2026\/03\/iajp-ea-585x390.jpeg 585w, https:\/\/lepatriotebenin.com\/wp-content\/uploads\/2026\/03\/iajp-ea-263x175.jpeg 263w\" sizes=\"(max-width: 300px) 100vw, 300px\" \/><\/p>\n","protected":false},"excerpt":{"rendered":"<p>Pour comm\u00e9morer le 27\u00e8me\u00a0 anniversaire du d\u00e9c\u00e8s de Monseigneur Isidore de Souza,\u00a0 l\u2019Institut des Artisans de Justice et de Paix (IAJP\/CO)\u00a0 a pr\u00e9sent\u00e9 dans la\u00a0 soir\u00e9e du mardi 17 mars&hellip;<\/p>\n","protected":false},"author":6,"featured_media":17917,"comment_status":"open","ping_status":"open","sticky":false,"template":"","format":"standard","meta":{"content-type":"","om_disable_all_campaigns":false,"_monsterinsights_skip_tracking":false,"_monsterinsights_sitenote_active":false,"_monsterinsights_sitenote_note":"","_monsterinsights_sitenote_category":0,"_uf_show_specific_survey":0,"_uf_disable_surveys":false,"footnotes":""},"categories":[20],"tags":[],"class_list":["post-17915","post","type-post","status-publish","format-standard","has-post-thumbnail","hentry","category-societe"],"aioseo_notices":[],"yoast_head":"<!-- This site is optimized with the Yoast SEO plugin v27.5 - https:\/\/yoast.com\/product\/yoast-seo-wordpress\/ -->\n<title>27\u00e8me anniversaire du d\u00e9c\u00e8s de Mgr Isidore de Souza: L\u2019IAJP lance un appel sp\u00e9cial pour mettre en garde contre les risques de d\u00e9rives autoritaires - Le Patriote<\/title>\n<meta name=\"robots\" content=\"index, follow, max-snippet:-1, max-image-preview:large, max-video-preview:-1\" \/>\n<link rel=\"canonical\" href=\"https:\/\/lepatriotebenin.com\/index.php\/2026\/03\/18\/27eme-anniversaire-du-deces-de-mgr-isidore-de-souza-liajp-lance-un-appel-special-pour-mettre-en-garde-contre-les-risques-de-derives-autoritaires\/\" \/>\n<meta property=\"og:locale\" content=\"fr_FR\" \/>\n<meta property=\"og:type\" content=\"article\" \/>\n<meta property=\"og:title\" content=\"27\u00e8me anniversaire du d\u00e9c\u00e8s de Mgr Isidore de Souza: L\u2019IAJP lance un appel sp\u00e9cial pour mettre en garde contre les risques de d\u00e9rives autoritaires - Le Patriote\" \/>\n<meta property=\"og:description\" content=\"Pour comm\u00e9morer le 27\u00e8me\u00a0 anniversaire du d\u00e9c\u00e8s de Monseigneur Isidore de Souza,\u00a0 l\u2019Institut des Artisans de Justice et de Paix (IAJP\/CO)\u00a0 a pr\u00e9sent\u00e9 dans la\u00a0 soir\u00e9e du mardi 17 mars&hellip;\" \/>\n<meta property=\"og:url\" content=\"https:\/\/lepatriotebenin.com\/index.php\/2026\/03\/18\/27eme-anniversaire-du-deces-de-mgr-isidore-de-souza-liajp-lance-un-appel-special-pour-mettre-en-garde-contre-les-risques-de-derives-autoritaires\/\" \/>\n<meta property=\"og:site_name\" content=\"Le Patriote\" \/>\n<meta property=\"article:published_time\" content=\"2026-03-18T20:55:25+00:00\" \/>\n<meta property=\"og:image\" content=\"https:\/\/lepatriotebenin.com\/wp-content\/uploads\/2026\/03\/iajp-a.jpeg\" \/>\n\t<meta property=\"og:image:width\" content=\"2560\" \/>\n\t<meta property=\"og:image:height\" content=\"1708\" \/>\n\t<meta property=\"og:image:type\" content=\"image\/jpeg\" \/>\n<meta name=\"author\" content=\"Roland AFFANOU\" \/>\n<meta name=\"twitter:card\" content=\"summary_large_image\" \/>\n<meta name=\"twitter:label1\" content=\"\u00c9crit par\" \/>\n\t<meta name=\"twitter:data1\" content=\"Roland AFFANOU\" \/>\n\t<meta name=\"twitter:label2\" content=\"Dur\u00e9e de lecture estim\u00e9e\" \/>\n\t<meta name=\"twitter:data2\" content=\"5 minutes\" \/>\n<script type=\"application\/ld+json\" class=\"yoast-schema-graph\">{\"@context\":\"https:\\\/\\\/schema.org\",\"@graph\":[{\"@type\":\"Article\",\"@id\":\"https:\\\/\\\/lepatriotebenin.com\\\/index.php\\\/2026\\\/03\\\/18\\\/27eme-anniversaire-du-deces-de-mgr-isidore-de-souza-liajp-lance-un-appel-special-pour-mettre-en-garde-contre-les-risques-de-derives-autoritaires\\\/#article\",\"isPartOf\":{\"@id\":\"https:\\\/\\\/lepatriotebenin.com\\\/index.php\\\/2026\\\/03\\\/18\\\/27eme-anniversaire-du-deces-de-mgr-isidore-de-souza-liajp-lance-un-appel-special-pour-mettre-en-garde-contre-les-risques-de-derives-autoritaires\\\/\"},\"author\":{\"name\":\"Roland AFFANOU\",\"@id\":\"https:\\\/\\\/lepatriotebenin.com\\\/#\\\/schema\\\/person\\\/4a9b67216c97d04045e01405c534c91f\"},\"headline\":\"27\u00e8me anniversaire du d\u00e9c\u00e8s de Mgr Isidore de Souza: L\u2019IAJP lance un appel sp\u00e9cial pour mettre en garde contre les risques de d\u00e9rives autoritaires\",\"datePublished\":\"2026-03-18T20:55:25+00:00\",\"mainEntityOfPage\":{\"@id\":\"https:\\\/\\\/lepatriotebenin.com\\\/index.php\\\/2026\\\/03\\\/18\\\/27eme-anniversaire-du-deces-de-mgr-isidore-de-souza-liajp-lance-un-appel-special-pour-mettre-en-garde-contre-les-risques-de-derives-autoritaires\\\/\"},\"wordCount\":850,\"commentCount\":0,\"image\":{\"@id\":\"https:\\\/\\\/lepatriotebenin.com\\\/index.php\\\/2026\\\/03\\\/18\\\/27eme-anniversaire-du-deces-de-mgr-isidore-de-souza-liajp-lance-un-appel-special-pour-mettre-en-garde-contre-les-risques-de-derives-autoritaires\\\/#primaryimage\"},\"thumbnailUrl\":\"https:\\\/\\\/lepatriotebenin.com\\\/wp-content\\\/uploads\\\/2026\\\/03\\\/iajp-a.jpeg\",\"articleSection\":[\"Soci\u00e9t\u00e9\"],\"inLanguage\":\"fr-FR\",\"potentialAction\":[{\"@type\":\"CommentAction\",\"name\":\"Comment\",\"target\":[\"https:\\\/\\\/lepatriotebenin.com\\\/index.php\\\/2026\\\/03\\\/18\\\/27eme-anniversaire-du-deces-de-mgr-isidore-de-souza-liajp-lance-un-appel-special-pour-mettre-en-garde-contre-les-risques-de-derives-autoritaires\\\/#respond\"]}]},{\"@type\":\"WebPage\",\"@id\":\"https:\\\/\\\/lepatriotebenin.com\\\/index.php\\\/2026\\\/03\\\/18\\\/27eme-anniversaire-du-deces-de-mgr-isidore-de-souza-liajp-lance-un-appel-special-pour-mettre-en-garde-contre-les-risques-de-derives-autoritaires\\\/\",\"url\":\"https:\\\/\\\/lepatriotebenin.com\\\/index.php\\\/2026\\\/03\\\/18\\\/27eme-anniversaire-du-deces-de-mgr-isidore-de-souza-liajp-lance-un-appel-special-pour-mettre-en-garde-contre-les-risques-de-derives-autoritaires\\\/\",\"name\":\"27\u00e8me anniversaire du d\u00e9c\u00e8s de Mgr Isidore de Souza: L\u2019IAJP lance un appel sp\u00e9cial pour mettre en garde contre les risques de d\u00e9rives autoritaires - Le Patriote\",\"isPartOf\":{\"@id\":\"https:\\\/\\\/lepatriotebenin.com\\\/#website\"},\"primaryImageOfPage\":{\"@id\":\"https:\\\/\\\/lepatriotebenin.com\\\/index.php\\\/2026\\\/03\\\/18\\\/27eme-anniversaire-du-deces-de-mgr-isidore-de-souza-liajp-lance-un-appel-special-pour-mettre-en-garde-contre-les-risques-de-derives-autoritaires\\\/#primaryimage\"},\"image\":{\"@id\":\"https:\\\/\\\/lepatriotebenin.com\\\/index.php\\\/2026\\\/03\\\/18\\\/27eme-anniversaire-du-deces-de-mgr-isidore-de-souza-liajp-lance-un-appel-special-pour-mettre-en-garde-contre-les-risques-de-derives-autoritaires\\\/#primaryimage\"},\"thumbnailUrl\":\"https:\\\/\\\/lepatriotebenin.com\\\/wp-content\\\/uploads\\\/2026\\\/03\\\/iajp-a.jpeg\",\"datePublished\":\"2026-03-18T20:55:25+00:00\",\"author\":{\"@id\":\"https:\\\/\\\/lepatriotebenin.com\\\/#\\\/schema\\\/person\\\/4a9b67216c97d04045e01405c534c91f\"},\"breadcrumb\":{\"@id\":\"https:\\\/\\\/lepatriotebenin.com\\\/index.php\\\/2026\\\/03\\\/18\\\/27eme-anniversaire-du-deces-de-mgr-isidore-de-souza-liajp-lance-un-appel-special-pour-mettre-en-garde-contre-les-risques-de-derives-autoritaires\\\/#breadcrumb\"},\"inLanguage\":\"fr-FR\",\"potentialAction\":[{\"@type\":\"ReadAction\",\"target\":[\"https:\\\/\\\/lepatriotebenin.com\\\/index.php\\\/2026\\\/03\\\/18\\\/27eme-anniversaire-du-deces-de-mgr-isidore-de-souza-liajp-lance-un-appel-special-pour-mettre-en-garde-contre-les-risques-de-derives-autoritaires\\\/\"]}]},{\"@type\":\"ImageObject\",\"inLanguage\":\"fr-FR\",\"@id\":\"https:\\\/\\\/lepatriotebenin.com\\\/index.php\\\/2026\\\/03\\\/18\\\/27eme-anniversaire-du-deces-de-mgr-isidore-de-souza-liajp-lance-un-appel-special-pour-mettre-en-garde-contre-les-risques-de-derives-autoritaires\\\/#primaryimage\",\"url\":\"https:\\\/\\\/lepatriotebenin.com\\\/wp-content\\\/uploads\\\/2026\\\/03\\\/iajp-a.jpeg\",\"contentUrl\":\"https:\\\/\\\/lepatriotebenin.com\\\/wp-content\\\/uploads\\\/2026\\\/03\\\/iajp-a.jpeg\",\"width\":2560,\"height\":1708},{\"@type\":\"BreadcrumbList\",\"@id\":\"https:\\\/\\\/lepatriotebenin.com\\\/index.php\\\/2026\\\/03\\\/18\\\/27eme-anniversaire-du-deces-de-mgr-isidore-de-souza-liajp-lance-un-appel-special-pour-mettre-en-garde-contre-les-risques-de-derives-autoritaires\\\/#breadcrumb\",\"itemListElement\":[{\"@type\":\"ListItem\",\"position\":1,\"name\":\"Accueil\",\"item\":\"https:\\\/\\\/lepatriotebenin.com\\\/\"},{\"@type\":\"ListItem\",\"position\":2,\"name\":\"27\u00e8me anniversaire du d\u00e9c\u00e8s de Mgr Isidore de Souza: L\u2019IAJP lance un appel sp\u00e9cial pour mettre en garde contre les risques de d\u00e9rives autoritaires\"}]},{\"@type\":\"WebSite\",\"@id\":\"https:\\\/\\\/lepatriotebenin.com\\\/#website\",\"url\":\"https:\\\/\\\/lepatriotebenin.com\\\/\",\"name\":\"Le Patriote\",\"description\":\"Le Patriote B\u00e9nin\",\"potentialAction\":[{\"@type\":\"SearchAction\",\"target\":{\"@type\":\"EntryPoint\",\"urlTemplate\":\"https:\\\/\\\/lepatriotebenin.com\\\/?s={search_term_string}\"},\"query-input\":{\"@type\":\"PropertyValueSpecification\",\"valueRequired\":true,\"valueName\":\"search_term_string\"}}],\"inLanguage\":\"fr-FR\"},{\"@type\":\"Person\",\"@id\":\"https:\\\/\\\/lepatriotebenin.com\\\/#\\\/schema\\\/person\\\/4a9b67216c97d04045e01405c534c91f\",\"name\":\"Roland AFFANOU\",\"image\":{\"@type\":\"ImageObject\",\"inLanguage\":\"fr-FR\",\"@id\":\"https:\\\/\\\/secure.gravatar.com\\\/avatar\\\/7209d3f6d2d47ea4d0c67e14d3effb61feb10ae540a4381280c66265de5bd643?s=96&d=mm&r=g\",\"url\":\"https:\\\/\\\/secure.gravatar.com\\\/avatar\\\/7209d3f6d2d47ea4d0c67e14d3effb61feb10ae540a4381280c66265de5bd643?s=96&d=mm&r=g\",\"contentUrl\":\"https:\\\/\\\/secure.gravatar.com\\\/avatar\\\/7209d3f6d2d47ea4d0c67e14d3effb61feb10ae540a4381280c66265de5bd643?s=96&d=mm&r=g\",\"caption\":\"Roland AFFANOU\"},\"url\":\"https:\\\/\\\/lepatriotebenin.com\"}]}<\/script>\n<!-- \/ Yoast SEO plugin. -->","yoast_head_json":{"title":"27\u00e8me anniversaire du d\u00e9c\u00e8s de Mgr Isidore de Souza: L\u2019IAJP lance un appel sp\u00e9cial pour mettre en garde contre les risques de d\u00e9rives autoritaires - Le Patriote","robots":{"index":"index","follow":"follow","max-snippet":"max-snippet:-1","max-image-preview":"max-image-preview:large","max-video-preview":"max-video-preview:-1"},"canonical":"https:\/\/lepatriotebenin.com\/index.php\/2026\/03\/18\/27eme-anniversaire-du-deces-de-mgr-isidore-de-souza-liajp-lance-un-appel-special-pour-mettre-en-garde-contre-les-risques-de-derives-autoritaires\/","og_locale":"fr_FR","og_type":"article","og_title":"27\u00e8me anniversaire du d\u00e9c\u00e8s de Mgr Isidore de Souza: L\u2019IAJP lance un appel sp\u00e9cial pour mettre en garde contre les risques de d\u00e9rives autoritaires - Le Patriote","og_description":"Pour comm\u00e9morer le 27\u00e8me\u00a0 anniversaire du d\u00e9c\u00e8s de Monseigneur Isidore de Souza,\u00a0 l\u2019Institut des Artisans de Justice et de Paix (IAJP\/CO)\u00a0 a pr\u00e9sent\u00e9 dans la\u00a0 soir\u00e9e du mardi 17 mars&hellip;","og_url":"https:\/\/lepatriotebenin.com\/index.php\/2026\/03\/18\/27eme-anniversaire-du-deces-de-mgr-isidore-de-souza-liajp-lance-un-appel-special-pour-mettre-en-garde-contre-les-risques-de-derives-autoritaires\/","og_site_name":"Le Patriote","article_published_time":"2026-03-18T20:55:25+00:00","og_image":[{"width":2560,"height":1708,"url":"https:\/\/lepatriotebenin.com\/wp-content\/uploads\/2026\/03\/iajp-a.jpeg","type":"image\/jpeg"}],"author":"Roland AFFANOU","twitter_card":"summary_large_image","twitter_misc":{"\u00c9crit par":"Roland AFFANOU","Dur\u00e9e de lecture estim\u00e9e":"5 minutes"},"schema":{"@context":"https:\/\/schema.org","@graph":[{"@type":"Article","@id":"https:\/\/lepatriotebenin.com\/index.php\/2026\/03\/18\/27eme-anniversaire-du-deces-de-mgr-isidore-de-souza-liajp-lance-un-appel-special-pour-mettre-en-garde-contre-les-risques-de-derives-autoritaires\/#article","isPartOf":{"@id":"https:\/\/lepatriotebenin.com\/index.php\/2026\/03\/18\/27eme-anniversaire-du-deces-de-mgr-isidore-de-souza-liajp-lance-un-appel-special-pour-mettre-en-garde-contre-les-risques-de-derives-autoritaires\/"},"author":{"name":"Roland AFFANOU","@id":"https:\/\/lepatriotebenin.com\/#\/schema\/person\/4a9b67216c97d04045e01405c534c91f"},"headline":"27\u00e8me anniversaire du d\u00e9c\u00e8s de Mgr Isidore de Souza: L\u2019IAJP lance un appel sp\u00e9cial pour mettre en garde contre les risques de d\u00e9rives autoritaires","datePublished":"2026-03-18T20:55:25+00:00","mainEntityOfPage":{"@id":"https:\/\/lepatriotebenin.com\/index.php\/2026\/03\/18\/27eme-anniversaire-du-deces-de-mgr-isidore-de-souza-liajp-lance-un-appel-special-pour-mettre-en-garde-contre-les-risques-de-derives-autoritaires\/"},"wordCount":850,"commentCount":0,"image":{"@id":"https:\/\/lepatriotebenin.com\/index.php\/2026\/03\/18\/27eme-anniversaire-du-deces-de-mgr-isidore-de-souza-liajp-lance-un-appel-special-pour-mettre-en-garde-contre-les-risques-de-derives-autoritaires\/#primaryimage"},"thumbnailUrl":"https:\/\/lepatriotebenin.com\/wp-content\/uploads\/2026\/03\/iajp-a.jpeg","articleSection":["Soci\u00e9t\u00e9"],"inLanguage":"fr-FR","potentialAction":[{"@type":"CommentAction","name":"Comment","target":["https:\/\/lepatriotebenin.com\/index.php\/2026\/03\/18\/27eme-anniversaire-du-deces-de-mgr-isidore-de-souza-liajp-lance-un-appel-special-pour-mettre-en-garde-contre-les-risques-de-derives-autoritaires\/#respond"]}]},{"@type":"WebPage","@id":"https:\/\/lepatriotebenin.com\/index.php\/2026\/03\/18\/27eme-anniversaire-du-deces-de-mgr-isidore-de-souza-liajp-lance-un-appel-special-pour-mettre-en-garde-contre-les-risques-de-derives-autoritaires\/","url":"https:\/\/lepatriotebenin.com\/index.php\/2026\/03\/18\/27eme-anniversaire-du-deces-de-mgr-isidore-de-souza-liajp-lance-un-appel-special-pour-mettre-en-garde-contre-les-risques-de-derives-autoritaires\/","name":"27\u00e8me anniversaire du d\u00e9c\u00e8s de Mgr Isidore de Souza: L\u2019IAJP lance un appel sp\u00e9cial pour mettre en garde contre les risques de d\u00e9rives autoritaires - Le Patriote","isPartOf":{"@id":"https:\/\/lepatriotebenin.com\/#website"},"primaryImageOfPage":{"@id":"https:\/\/lepatriotebenin.com\/index.php\/2026\/03\/18\/27eme-anniversaire-du-deces-de-mgr-isidore-de-souza-liajp-lance-un-appel-special-pour-mettre-en-garde-contre-les-risques-de-derives-autoritaires\/#primaryimage"},"image":{"@id":"https:\/\/lepatriotebenin.com\/index.php\/2026\/03\/18\/27eme-anniversaire-du-deces-de-mgr-isidore-de-souza-liajp-lance-un-appel-special-pour-mettre-en-garde-contre-les-risques-de-derives-autoritaires\/#primaryimage"},"thumbnailUrl":"https:\/\/lepatriotebenin.com\/wp-content\/uploads\/2026\/03\/iajp-a.jpeg","datePublished":"2026-03-18T20:55:25+00:00","author":{"@id":"https:\/\/lepatriotebenin.com\/#\/schema\/person\/4a9b67216c97d04045e01405c534c91f"},"breadcrumb":{"@id":"https:\/\/lepatriotebenin.com\/index.php\/2026\/03\/18\/27eme-anniversaire-du-deces-de-mgr-isidore-de-souza-liajp-lance-un-appel-special-pour-mettre-en-garde-contre-les-risques-de-derives-autoritaires\/#breadcrumb"},"inLanguage":"fr-FR","potentialAction":[{"@type":"ReadAction","target":["https:\/\/lepatriotebenin.com\/index.php\/2026\/03\/18\/27eme-anniversaire-du-deces-de-mgr-isidore-de-souza-liajp-lance-un-appel-special-pour-mettre-en-garde-contre-les-risques-de-derives-autoritaires\/"]}]},{"@type":"ImageObject","inLanguage":"fr-FR","@id":"https:\/\/lepatriotebenin.com\/index.php\/2026\/03\/18\/27eme-anniversaire-du-deces-de-mgr-isidore-de-souza-liajp-lance-un-appel-special-pour-mettre-en-garde-contre-les-risques-de-derives-autoritaires\/#primaryimage","url":"https:\/\/lepatriotebenin.com\/wp-content\/uploads\/2026\/03\/iajp-a.jpeg","contentUrl":"https:\/\/lepatriotebenin.com\/wp-content\/uploads\/2026\/03\/iajp-a.jpeg","width":2560,"height":1708},{"@type":"BreadcrumbList","@id":"https:\/\/lepatriotebenin.com\/index.php\/2026\/03\/18\/27eme-anniversaire-du-deces-de-mgr-isidore-de-souza-liajp-lance-un-appel-special-pour-mettre-en-garde-contre-les-risques-de-derives-autoritaires\/#breadcrumb","itemListElement":[{"@type":"ListItem","position":1,"name":"Accueil","item":"https:\/\/lepatriotebenin.com\/"},{"@type":"ListItem","position":2,"name":"27\u00e8me anniversaire du d\u00e9c\u00e8s de Mgr Isidore de Souza: L\u2019IAJP lance un appel sp\u00e9cial pour mettre en garde contre les risques de d\u00e9rives autoritaires"}]},{"@type":"WebSite","@id":"https:\/\/lepatriotebenin.com\/#website","url":"https:\/\/lepatriotebenin.com\/","name":"Le Patriote","description":"Le Patriote B\u00e9nin","potentialAction":[{"@type":"SearchAction","target":{"@type":"EntryPoint","urlTemplate":"https:\/\/lepatriotebenin.com\/?s={search_term_string}"},"query-input":{"@type":"PropertyValueSpecification","valueRequired":true,"valueName":"search_term_string"}}],"inLanguage":"fr-FR"},{"@type":"Person","@id":"https:\/\/lepatriotebenin.com\/#\/schema\/person\/4a9b67216c97d04045e01405c534c91f","name":"Roland AFFANOU","image":{"@type":"ImageObject","inLanguage":"fr-FR","@id":"https:\/\/secure.gravatar.com\/avatar\/7209d3f6d2d47ea4d0c67e14d3effb61feb10ae540a4381280c66265de5bd643?s=96&d=mm&r=g","url":"https:\/\/secure.gravatar.com\/avatar\/7209d3f6d2d47ea4d0c67e14d3effb61feb10ae540a4381280c66265de5bd643?s=96&d=mm&r=g","contentUrl":"https:\/\/secure.gravatar.com\/avatar\/7209d3f6d2d47ea4d0c67e14d3effb61feb10ae540a4381280c66265de5bd643?s=96&d=mm&r=g","caption":"Roland AFFANOU"},"url":"https:\/\/lepatriotebenin.com"}]}},"_links":{"self":[{"href":"https:\/\/lepatriotebenin.com\/index.php\/wp-json\/wp\/v2\/posts\/17915","targetHints":{"allow":["GET"]}}],"collection":[{"href":"https:\/\/lepatriotebenin.com\/index.php\/wp-json\/wp\/v2\/posts"}],"about":[{"href":"https:\/\/lepatriotebenin.com\/index.php\/wp-json\/wp\/v2\/types\/post"}],"author":[{"embeddable":true,"href":"https:\/\/lepatriotebenin.com\/index.php\/wp-json\/wp\/v2\/users\/6"}],"replies":[{"embeddable":true,"href":"https:\/\/lepatriotebenin.com\/index.php\/wp-json\/wp\/v2\/comments?post=17915"}],"version-history":[{"count":1,"href":"https:\/\/lepatriotebenin.com\/index.php\/wp-json\/wp\/v2\/posts\/17915\/revisions"}],"predecessor-version":[{"id":17918,"href":"https:\/\/lepatriotebenin.com\/index.php\/wp-json\/wp\/v2\/posts\/17915\/revisions\/17918"}],"wp:featuredmedia":[{"embeddable":true,"href":"https:\/\/lepatriotebenin.com\/index.php\/wp-json\/wp\/v2\/media\/17917"}],"wp:attachment":[{"href":"https:\/\/lepatriotebenin.com\/index.php\/wp-json\/wp\/v2\/media?parent=17915"}],"wp:term":[{"taxonomy":"category","embeddable":true,"href":"https:\/\/lepatriotebenin.com\/index.php\/wp-json\/wp\/v2\/categories?post=17915"},{"taxonomy":"post_tag","embeddable":true,"href":"https:\/\/lepatriotebenin.com\/index.php\/wp-json\/wp\/v2\/tags?post=17915"}],"curies":[{"name":"wp","href":"https:\/\/api.w.org\/{rel}","templated":true}]}}