{"id":17889,"date":"2026-03-18T04:27:30","date_gmt":"2026-03-18T03:27:30","guid":{"rendered":"https:\/\/lepatriotebenin.com\/?p=17889"},"modified":"2026-03-18T04:27:30","modified_gmt":"2026-03-18T03:27:30","slug":"quelques-jours-apres-son-installation-le-maire-de-parakou-deja-dans-le-zele","status":"publish","type":"post","link":"https:\/\/lepatriotebenin.com\/index.php\/2026\/03\/18\/quelques-jours-apres-son-installation-le-maire-de-parakou-deja-dans-le-zele\/","title":{"rendered":"Quelques jours apr\u00e8s son installation : Le maire de Parakou d\u00e9j\u00e0 dans le z\u00e8le ?"},"content":{"rendered":"<p><strong><em>\u00c0 peine install\u00e9 \u00e0 la t\u00eate de la commune de Parakou, le nouveau maire Zul Kifly Zakarie suscite d\u00e9j\u00e0 des interrogations, voire des inqui\u00e9tudes au sein de l\u2019opinion publique. Alors que les populations attendaient des premiers signaux forts en mati\u00e8re de leadership, les d\u00e9buts du jeune \u00e9dile semblent plut\u00f4t marqu\u00e9s par des sorties jug\u00e9es maladroites et des d\u00e9cisions controvers\u00e9es.<\/em><\/strong><\/p>\n<p>Zul Kifly Zakarie pourra t-il incarner cette autorit\u00e9 que les populations attendent de lui? C&rsquo;est la question qu&rsquo;on se pose au regard des agissements du nouveau maire depuis sa prise de fonction. La premi\u00e8re pol\u00e9mique est intervenue quelques heures seulement apr\u00e8s sa d\u00e9signation. Dans une vid\u00e9o largement relay\u00e9e sur les r\u00e9seaux sociaux, le maire s\u2019adressait \u00e0 ses collaborateurs dans un ton qui a surpris plus d\u2019un. Le discours, per\u00e7u comme autoritaire donnait davantage l\u2019impression d\u2019un encadrement scolaire que des \u00e9changes avec l&rsquo;administration communale. Les termes employ\u00e9s, loin de refl\u00e9ter la posture d\u2019un gestionnaire d\u2019une commune \u00e0 statut particulier, ont suscit\u00e9 des critiques sur son sens du leadership et de la mesure.<\/p>\n<p>\u00c0 cette premi\u00e8re sortie s\u2019ajoute une autre affaire qui alimente les d\u00e9bats. Selon des sources concordantes, le maire aurait personnellement intervenu pour emp\u00eacher la tenue d\u2019une s\u00e9ance de pri\u00e8re pr\u00e9vue en faveur de Reckya Madougou. Il aurait, toujours selon les m\u00eames sources, contact\u00e9 l\u2019imam charg\u00e9 d\u2019officier ladite pri\u00e8re afin de lui interdire formellement toute initiative en ce sens. Une d\u00e9marche qui, si elle est av\u00e9r\u00e9e, soul\u00e8ve des questions sur le respect des libert\u00e9s religieuses et d\u2019expression dans la gestion des affaires locales. Face \u00e0 ces deux \u00e9pisodes rapproch\u00e9s, une interrogation majeure s\u2019impose : le maire de la cit\u00e9 des Koburu ne fait-il pas preuve d\u2019un z\u00e8le excessif dans l\u2019exercice de ses fonctions ?<\/p>\n<p>\u00c0 vouloir trop rapidement imposer son autorit\u00e9, ne risque-t-il pas de compromettre le climat de confiance n\u00e9cessaire \u00e0 une gouvernance efficace et inclusive ? Ce qui rend la situation encore plus pr\u00e9occupante, c\u2019est le profil du maire lui-m\u00eame. Issu de la jeunesse, il incarne aux yeux de nombreux citoyens la nouvelle g\u00e9n\u00e9ration dans la sph\u00e8re politique, mais ces premiers pas autoritaires, pourraient contribuer \u00e0 ternir l\u2019image d\u2019une jeunesse appel\u00e9e \u00e0 prendre davantage de responsabilit\u00e9s. La question de la maturit\u00e9 politique de cette nouvelle \u00e9lite se pose alors avec acuit\u00e9.<\/p>\n<p>Dans un contexte o\u00f9 les attentes sont fortes, notamment de la part des populations qui ont massivement soutenu le Bloc R\u00e9publicain, il appara\u00eet urgent pour le maire de revoir sa posture. Gouverner une commune comme Parakou exige non seulement de l\u2019autorit\u00e9, mais aussi du tact, de l\u2019\u00e9coute et un profond respect des sensibilit\u00e9s sociales et culturelles. Il appartient donc au maire de rectifier le tir, au risque de s\u2019ali\u00e9ner une population qui, pourtant, lui a accord\u00e9 sa confiance, car entre fermet\u00e9 et exc\u00e8s de z\u00e8le, la fronti\u00e8re est mince, et c\u2019est pr\u00e9cis\u00e9ment sur cette ligne que semble aujourd\u2019hui \u00e9voluer le premier responsable de la ville.<\/p>\n<p><strong>Alassane Tour\u00e9<\/strong><\/p>\n<p>&nbsp;<\/p>\n","protected":false},"excerpt":{"rendered":"<p>\u00c0 peine install\u00e9 \u00e0 la t\u00eate de la commune de Parakou, le nouveau maire Zul Kifly Zakarie suscite d\u00e9j\u00e0 des interrogations, voire des inqui\u00e9tudes au sein de l\u2019opinion publique. Alors&hellip;<\/p>\n","protected":false},"author":5,"featured_media":17890,"comment_status":"open","ping_status":"open","sticky":false,"template":"","format":"standard","meta":{"content-type":"","om_disable_all_campaigns":false,"_monsterinsights_skip_tracking":false,"_monsterinsights_sitenote_active":false,"_monsterinsights_sitenote_note":"","_monsterinsights_sitenote_category":0,"_uf_show_specific_survey":0,"_uf_disable_surveys":false,"footnotes":""},"categories":[26],"tags":[],"class_list":["post-17889","post","type-post","status-publish","format-standard","has-post-thumbnail","hentry","category-politique"],"aioseo_notices":[],"yoast_head":"<!-- This site is optimized with the Yoast SEO plugin v27.5 - https:\/\/yoast.com\/product\/yoast-seo-wordpress\/ -->\n<title>Quelques jours apr\u00e8s son installation : Le maire de Parakou d\u00e9j\u00e0 dans le z\u00e8le ? - Le Patriote<\/title>\n<meta name=\"robots\" content=\"index, follow, max-snippet:-1, max-image-preview:large, max-video-preview:-1\" \/>\n<link rel=\"canonical\" href=\"https:\/\/lepatriotebenin.com\/index.php\/2026\/03\/18\/quelques-jours-apres-son-installation-le-maire-de-parakou-deja-dans-le-zele\/\" \/>\n<meta property=\"og:locale\" content=\"fr_FR\" \/>\n<meta property=\"og:type\" content=\"article\" \/>\n<meta property=\"og:title\" content=\"Quelques jours apr\u00e8s son installation : Le maire de Parakou d\u00e9j\u00e0 dans le z\u00e8le ? - Le Patriote\" \/>\n<meta property=\"og:description\" content=\"\u00c0 peine install\u00e9 \u00e0 la t\u00eate de la commune de Parakou, le nouveau maire Zul Kifly Zakarie suscite d\u00e9j\u00e0 des interrogations, voire des inqui\u00e9tudes au sein de l\u2019opinion publique. Alors&hellip;\" \/>\n<meta property=\"og:url\" content=\"https:\/\/lepatriotebenin.com\/index.php\/2026\/03\/18\/quelques-jours-apres-son-installation-le-maire-de-parakou-deja-dans-le-zele\/\" \/>\n<meta property=\"og:site_name\" content=\"Le Patriote\" \/>\n<meta property=\"article:published_time\" content=\"2026-03-18T03:27:30+00:00\" \/>\n<meta property=\"og:image\" content=\"https:\/\/lepatriotebenin.com\/wp-content\/uploads\/2026\/03\/zul-kifly-zacharie2.webp\" \/>\n\t<meta property=\"og:image:width\" content=\"1200\" \/>\n\t<meta property=\"og:image:height\" content=\"675\" \/>\n\t<meta property=\"og:image:type\" content=\"image\/webp\" \/>\n<meta name=\"author\" content=\"Redaction\" \/>\n<meta name=\"twitter:card\" content=\"summary_large_image\" \/>\n<meta name=\"twitter:label1\" content=\"\u00c9crit par\" \/>\n\t<meta name=\"twitter:data1\" content=\"Redaction\" \/>\n\t<meta name=\"twitter:label2\" content=\"Dur\u00e9e de lecture estim\u00e9e\" \/>\n\t<meta name=\"twitter:data2\" content=\"3 minutes\" \/>\n<script type=\"application\/ld+json\" class=\"yoast-schema-graph\">{\"@context\":\"https:\\\/\\\/schema.org\",\"@graph\":[{\"@type\":\"Article\",\"@id\":\"https:\\\/\\\/lepatriotebenin.com\\\/index.php\\\/2026\\\/03\\\/18\\\/quelques-jours-apres-son-installation-le-maire-de-parakou-deja-dans-le-zele\\\/#article\",\"isPartOf\":{\"@id\":\"https:\\\/\\\/lepatriotebenin.com\\\/index.php\\\/2026\\\/03\\\/18\\\/quelques-jours-apres-son-installation-le-maire-de-parakou-deja-dans-le-zele\\\/\"},\"author\":{\"name\":\"Redaction\",\"@id\":\"https:\\\/\\\/lepatriotebenin.com\\\/#\\\/schema\\\/person\\\/2e7709b9c9cc313e452d1136af61690f\"},\"headline\":\"Quelques jours apr\u00e8s son installation : Le maire de Parakou d\u00e9j\u00e0 dans le z\u00e8le ?\",\"datePublished\":\"2026-03-18T03:27:30+00:00\",\"mainEntityOfPage\":{\"@id\":\"https:\\\/\\\/lepatriotebenin.com\\\/index.php\\\/2026\\\/03\\\/18\\\/quelques-jours-apres-son-installation-le-maire-de-parakou-deja-dans-le-zele\\\/\"},\"wordCount\":561,\"commentCount\":0,\"image\":{\"@id\":\"https:\\\/\\\/lepatriotebenin.com\\\/index.php\\\/2026\\\/03\\\/18\\\/quelques-jours-apres-son-installation-le-maire-de-parakou-deja-dans-le-zele\\\/#primaryimage\"},\"thumbnailUrl\":\"https:\\\/\\\/lepatriotebenin.com\\\/wp-content\\\/uploads\\\/2026\\\/03\\\/zul-kifly-zacharie2.webp\",\"articleSection\":[\"Politique\"],\"inLanguage\":\"fr-FR\",\"potentialAction\":[{\"@type\":\"CommentAction\",\"name\":\"Comment\",\"target\":[\"https:\\\/\\\/lepatriotebenin.com\\\/index.php\\\/2026\\\/03\\\/18\\\/quelques-jours-apres-son-installation-le-maire-de-parakou-deja-dans-le-zele\\\/#respond\"]}]},{\"@type\":\"WebPage\",\"@id\":\"https:\\\/\\\/lepatriotebenin.com\\\/index.php\\\/2026\\\/03\\\/18\\\/quelques-jours-apres-son-installation-le-maire-de-parakou-deja-dans-le-zele\\\/\",\"url\":\"https:\\\/\\\/lepatriotebenin.com\\\/index.php\\\/2026\\\/03\\\/18\\\/quelques-jours-apres-son-installation-le-maire-de-parakou-deja-dans-le-zele\\\/\",\"name\":\"Quelques jours apr\u00e8s son installation : Le maire de Parakou d\u00e9j\u00e0 dans le z\u00e8le ? - Le Patriote\",\"isPartOf\":{\"@id\":\"https:\\\/\\\/lepatriotebenin.com\\\/#website\"},\"primaryImageOfPage\":{\"@id\":\"https:\\\/\\\/lepatriotebenin.com\\\/index.php\\\/2026\\\/03\\\/18\\\/quelques-jours-apres-son-installation-le-maire-de-parakou-deja-dans-le-zele\\\/#primaryimage\"},\"image\":{\"@id\":\"https:\\\/\\\/lepatriotebenin.com\\\/index.php\\\/2026\\\/03\\\/18\\\/quelques-jours-apres-son-installation-le-maire-de-parakou-deja-dans-le-zele\\\/#primaryimage\"},\"thumbnailUrl\":\"https:\\\/\\\/lepatriotebenin.com\\\/wp-content\\\/uploads\\\/2026\\\/03\\\/zul-kifly-zacharie2.webp\",\"datePublished\":\"2026-03-18T03:27:30+00:00\",\"author\":{\"@id\":\"https:\\\/\\\/lepatriotebenin.com\\\/#\\\/schema\\\/person\\\/2e7709b9c9cc313e452d1136af61690f\"},\"breadcrumb\":{\"@id\":\"https:\\\/\\\/lepatriotebenin.com\\\/index.php\\\/2026\\\/03\\\/18\\\/quelques-jours-apres-son-installation-le-maire-de-parakou-deja-dans-le-zele\\\/#breadcrumb\"},\"inLanguage\":\"fr-FR\",\"potentialAction\":[{\"@type\":\"ReadAction\",\"target\":[\"https:\\\/\\\/lepatriotebenin.com\\\/index.php\\\/2026\\\/03\\\/18\\\/quelques-jours-apres-son-installation-le-maire-de-parakou-deja-dans-le-zele\\\/\"]}]},{\"@type\":\"ImageObject\",\"inLanguage\":\"fr-FR\",\"@id\":\"https:\\\/\\\/lepatriotebenin.com\\\/index.php\\\/2026\\\/03\\\/18\\\/quelques-jours-apres-son-installation-le-maire-de-parakou-deja-dans-le-zele\\\/#primaryimage\",\"url\":\"https:\\\/\\\/lepatriotebenin.com\\\/wp-content\\\/uploads\\\/2026\\\/03\\\/zul-kifly-zacharie2.webp\",\"contentUrl\":\"https:\\\/\\\/lepatriotebenin.com\\\/wp-content\\\/uploads\\\/2026\\\/03\\\/zul-kifly-zacharie2.webp\",\"width\":1200,\"height\":675},{\"@type\":\"BreadcrumbList\",\"@id\":\"https:\\\/\\\/lepatriotebenin.com\\\/index.php\\\/2026\\\/03\\\/18\\\/quelques-jours-apres-son-installation-le-maire-de-parakou-deja-dans-le-zele\\\/#breadcrumb\",\"itemListElement\":[{\"@type\":\"ListItem\",\"position\":1,\"name\":\"Accueil\",\"item\":\"https:\\\/\\\/lepatriotebenin.com\\\/\"},{\"@type\":\"ListItem\",\"position\":2,\"name\":\"Quelques jours apr\u00e8s son installation : Le maire de Parakou d\u00e9j\u00e0 dans le z\u00e8le ?\"}]},{\"@type\":\"WebSite\",\"@id\":\"https:\\\/\\\/lepatriotebenin.com\\\/#website\",\"url\":\"https:\\\/\\\/lepatriotebenin.com\\\/\",\"name\":\"Le Patriote\",\"description\":\"Le Patriote B\u00e9nin\",\"potentialAction\":[{\"@type\":\"SearchAction\",\"target\":{\"@type\":\"EntryPoint\",\"urlTemplate\":\"https:\\\/\\\/lepatriotebenin.com\\\/?s={search_term_string}\"},\"query-input\":{\"@type\":\"PropertyValueSpecification\",\"valueRequired\":true,\"valueName\":\"search_term_string\"}}],\"inLanguage\":\"fr-FR\"},{\"@type\":\"Person\",\"@id\":\"https:\\\/\\\/lepatriotebenin.com\\\/#\\\/schema\\\/person\\\/2e7709b9c9cc313e452d1136af61690f\",\"name\":\"Redaction\",\"image\":{\"@type\":\"ImageObject\",\"inLanguage\":\"fr-FR\",\"@id\":\"https:\\\/\\\/secure.gravatar.com\\\/avatar\\\/c4c509357859ea2ca2cbb6d8812898a73e4ef1ef9934c2e591d7e32face734d1?s=96&d=mm&r=g\",\"url\":\"https:\\\/\\\/secure.gravatar.com\\\/avatar\\\/c4c509357859ea2ca2cbb6d8812898a73e4ef1ef9934c2e591d7e32face734d1?s=96&d=mm&r=g\",\"contentUrl\":\"https:\\\/\\\/secure.gravatar.com\\\/avatar\\\/c4c509357859ea2ca2cbb6d8812898a73e4ef1ef9934c2e591d7e32face734d1?s=96&d=mm&r=g\",\"caption\":\"Redaction\"},\"url\":\"https:\\\/\\\/lepatriotebenin.com\"}]}<\/script>\n<!-- \/ Yoast SEO plugin. -->","yoast_head_json":{"title":"Quelques jours apr\u00e8s son installation : Le maire de Parakou d\u00e9j\u00e0 dans le z\u00e8le ? - Le Patriote","robots":{"index":"index","follow":"follow","max-snippet":"max-snippet:-1","max-image-preview":"max-image-preview:large","max-video-preview":"max-video-preview:-1"},"canonical":"https:\/\/lepatriotebenin.com\/index.php\/2026\/03\/18\/quelques-jours-apres-son-installation-le-maire-de-parakou-deja-dans-le-zele\/","og_locale":"fr_FR","og_type":"article","og_title":"Quelques jours apr\u00e8s son installation : Le maire de Parakou d\u00e9j\u00e0 dans le z\u00e8le ? - Le Patriote","og_description":"\u00c0 peine install\u00e9 \u00e0 la t\u00eate de la commune de Parakou, le nouveau maire Zul Kifly Zakarie suscite d\u00e9j\u00e0 des interrogations, voire des inqui\u00e9tudes au sein de l\u2019opinion publique. Alors&hellip;","og_url":"https:\/\/lepatriotebenin.com\/index.php\/2026\/03\/18\/quelques-jours-apres-son-installation-le-maire-de-parakou-deja-dans-le-zele\/","og_site_name":"Le Patriote","article_published_time":"2026-03-18T03:27:30+00:00","og_image":[{"width":1200,"height":675,"url":"https:\/\/lepatriotebenin.com\/wp-content\/uploads\/2026\/03\/zul-kifly-zacharie2.webp","type":"image\/webp"}],"author":"Redaction","twitter_card":"summary_large_image","twitter_misc":{"\u00c9crit par":"Redaction","Dur\u00e9e de lecture estim\u00e9e":"3 minutes"},"schema":{"@context":"https:\/\/schema.org","@graph":[{"@type":"Article","@id":"https:\/\/lepatriotebenin.com\/index.php\/2026\/03\/18\/quelques-jours-apres-son-installation-le-maire-de-parakou-deja-dans-le-zele\/#article","isPartOf":{"@id":"https:\/\/lepatriotebenin.com\/index.php\/2026\/03\/18\/quelques-jours-apres-son-installation-le-maire-de-parakou-deja-dans-le-zele\/"},"author":{"name":"Redaction","@id":"https:\/\/lepatriotebenin.com\/#\/schema\/person\/2e7709b9c9cc313e452d1136af61690f"},"headline":"Quelques jours apr\u00e8s son installation : Le maire de Parakou d\u00e9j\u00e0 dans le z\u00e8le ?","datePublished":"2026-03-18T03:27:30+00:00","mainEntityOfPage":{"@id":"https:\/\/lepatriotebenin.com\/index.php\/2026\/03\/18\/quelques-jours-apres-son-installation-le-maire-de-parakou-deja-dans-le-zele\/"},"wordCount":561,"commentCount":0,"image":{"@id":"https:\/\/lepatriotebenin.com\/index.php\/2026\/03\/18\/quelques-jours-apres-son-installation-le-maire-de-parakou-deja-dans-le-zele\/#primaryimage"},"thumbnailUrl":"https:\/\/lepatriotebenin.com\/wp-content\/uploads\/2026\/03\/zul-kifly-zacharie2.webp","articleSection":["Politique"],"inLanguage":"fr-FR","potentialAction":[{"@type":"CommentAction","name":"Comment","target":["https:\/\/lepatriotebenin.com\/index.php\/2026\/03\/18\/quelques-jours-apres-son-installation-le-maire-de-parakou-deja-dans-le-zele\/#respond"]}]},{"@type":"WebPage","@id":"https:\/\/lepatriotebenin.com\/index.php\/2026\/03\/18\/quelques-jours-apres-son-installation-le-maire-de-parakou-deja-dans-le-zele\/","url":"https:\/\/lepatriotebenin.com\/index.php\/2026\/03\/18\/quelques-jours-apres-son-installation-le-maire-de-parakou-deja-dans-le-zele\/","name":"Quelques jours apr\u00e8s son installation : Le maire de Parakou d\u00e9j\u00e0 dans le z\u00e8le ? - Le Patriote","isPartOf":{"@id":"https:\/\/lepatriotebenin.com\/#website"},"primaryImageOfPage":{"@id":"https:\/\/lepatriotebenin.com\/index.php\/2026\/03\/18\/quelques-jours-apres-son-installation-le-maire-de-parakou-deja-dans-le-zele\/#primaryimage"},"image":{"@id":"https:\/\/lepatriotebenin.com\/index.php\/2026\/03\/18\/quelques-jours-apres-son-installation-le-maire-de-parakou-deja-dans-le-zele\/#primaryimage"},"thumbnailUrl":"https:\/\/lepatriotebenin.com\/wp-content\/uploads\/2026\/03\/zul-kifly-zacharie2.webp","datePublished":"2026-03-18T03:27:30+00:00","author":{"@id":"https:\/\/lepatriotebenin.com\/#\/schema\/person\/2e7709b9c9cc313e452d1136af61690f"},"breadcrumb":{"@id":"https:\/\/lepatriotebenin.com\/index.php\/2026\/03\/18\/quelques-jours-apres-son-installation-le-maire-de-parakou-deja-dans-le-zele\/#breadcrumb"},"inLanguage":"fr-FR","potentialAction":[{"@type":"ReadAction","target":["https:\/\/lepatriotebenin.com\/index.php\/2026\/03\/18\/quelques-jours-apres-son-installation-le-maire-de-parakou-deja-dans-le-zele\/"]}]},{"@type":"ImageObject","inLanguage":"fr-FR","@id":"https:\/\/lepatriotebenin.com\/index.php\/2026\/03\/18\/quelques-jours-apres-son-installation-le-maire-de-parakou-deja-dans-le-zele\/#primaryimage","url":"https:\/\/lepatriotebenin.com\/wp-content\/uploads\/2026\/03\/zul-kifly-zacharie2.webp","contentUrl":"https:\/\/lepatriotebenin.com\/wp-content\/uploads\/2026\/03\/zul-kifly-zacharie2.webp","width":1200,"height":675},{"@type":"BreadcrumbList","@id":"https:\/\/lepatriotebenin.com\/index.php\/2026\/03\/18\/quelques-jours-apres-son-installation-le-maire-de-parakou-deja-dans-le-zele\/#breadcrumb","itemListElement":[{"@type":"ListItem","position":1,"name":"Accueil","item":"https:\/\/lepatriotebenin.com\/"},{"@type":"ListItem","position":2,"name":"Quelques jours apr\u00e8s son installation : Le maire de Parakou d\u00e9j\u00e0 dans le z\u00e8le ?"}]},{"@type":"WebSite","@id":"https:\/\/lepatriotebenin.com\/#website","url":"https:\/\/lepatriotebenin.com\/","name":"Le Patriote","description":"Le Patriote B\u00e9nin","potentialAction":[{"@type":"SearchAction","target":{"@type":"EntryPoint","urlTemplate":"https:\/\/lepatriotebenin.com\/?s={search_term_string}"},"query-input":{"@type":"PropertyValueSpecification","valueRequired":true,"valueName":"search_term_string"}}],"inLanguage":"fr-FR"},{"@type":"Person","@id":"https:\/\/lepatriotebenin.com\/#\/schema\/person\/2e7709b9c9cc313e452d1136af61690f","name":"Redaction","image":{"@type":"ImageObject","inLanguage":"fr-FR","@id":"https:\/\/secure.gravatar.com\/avatar\/c4c509357859ea2ca2cbb6d8812898a73e4ef1ef9934c2e591d7e32face734d1?s=96&d=mm&r=g","url":"https:\/\/secure.gravatar.com\/avatar\/c4c509357859ea2ca2cbb6d8812898a73e4ef1ef9934c2e591d7e32face734d1?s=96&d=mm&r=g","contentUrl":"https:\/\/secure.gravatar.com\/avatar\/c4c509357859ea2ca2cbb6d8812898a73e4ef1ef9934c2e591d7e32face734d1?s=96&d=mm&r=g","caption":"Redaction"},"url":"https:\/\/lepatriotebenin.com"}]}},"_links":{"self":[{"href":"https:\/\/lepatriotebenin.com\/index.php\/wp-json\/wp\/v2\/posts\/17889","targetHints":{"allow":["GET"]}}],"collection":[{"href":"https:\/\/lepatriotebenin.com\/index.php\/wp-json\/wp\/v2\/posts"}],"about":[{"href":"https:\/\/lepatriotebenin.com\/index.php\/wp-json\/wp\/v2\/types\/post"}],"author":[{"embeddable":true,"href":"https:\/\/lepatriotebenin.com\/index.php\/wp-json\/wp\/v2\/users\/5"}],"replies":[{"embeddable":true,"href":"https:\/\/lepatriotebenin.com\/index.php\/wp-json\/wp\/v2\/comments?post=17889"}],"version-history":[{"count":1,"href":"https:\/\/lepatriotebenin.com\/index.php\/wp-json\/wp\/v2\/posts\/17889\/revisions"}],"predecessor-version":[{"id":17891,"href":"https:\/\/lepatriotebenin.com\/index.php\/wp-json\/wp\/v2\/posts\/17889\/revisions\/17891"}],"wp:featuredmedia":[{"embeddable":true,"href":"https:\/\/lepatriotebenin.com\/index.php\/wp-json\/wp\/v2\/media\/17890"}],"wp:attachment":[{"href":"https:\/\/lepatriotebenin.com\/index.php\/wp-json\/wp\/v2\/media?parent=17889"}],"wp:term":[{"taxonomy":"category","embeddable":true,"href":"https:\/\/lepatriotebenin.com\/index.php\/wp-json\/wp\/v2\/categories?post=17889"},{"taxonomy":"post_tag","embeddable":true,"href":"https:\/\/lepatriotebenin.com\/index.php\/wp-json\/wp\/v2\/tags?post=17889"}],"curies":[{"name":"wp","href":"https:\/\/api.w.org\/{rel}","templated":true}]}}