{"id":17812,"date":"2026-03-16T02:02:13","date_gmt":"2026-03-16T01:02:13","guid":{"rendered":"https:\/\/lepatriotebenin.com\/?p=17812"},"modified":"2026-03-16T02:02:13","modified_gmt":"2026-03-16T01:02:13","slug":"presidentielle-2026-au-benin-la-haac-fixe-les-regles-de-la-campagne-mediatique","status":"publish","type":"post","link":"https:\/\/lepatriotebenin.com\/index.php\/2026\/03\/16\/presidentielle-2026-au-benin-la-haac-fixe-les-regles-de-la-campagne-mediatique\/","title":{"rendered":"Pr\u00e9sidentielle 2026  au  B\u00e9nin : La HAAC fixe les r\u00e8gles de la campagne m\u00e9diatique"},"content":{"rendered":"<p><em><strong>\u00a0\u00c0 l\u2019approche de l\u2019\u00e9lection pr\u00e9sidentielle du 12 avril 2026, la Haute autorit\u00e9 de l\u2019audiovisuel et de la communication (HAAC) a fix\u00e9 les r\u00e8gles du jeu pour les m\u00e9dias. Une d\u00e9cision d\u00e9taill\u00e9e encadre l\u2019acc\u00e8s aux antennes, la diffusion des contenus \u00e9lectoraux et les obligations des organes de presse afin de garantir l\u2019\u00e9galit\u00e9 entre candidats, pr\u00e9venir la d\u00e9sinformation et pr\u00e9server la coh\u00e9sion nationale pendant toute la p\u00e9riode de campagne. C\u2019est \u00e0 travers la d\u00e9cision n\u00b026-003 du 3 mars 2026 portant r\u00e8glementation de la campagne m\u00e9diatique\u00a0 pour l\u2019\u00e9lection du duo pr\u00e9sident et Vice-pr\u00e9sident\u00a0 de la R\u00e9publique de 2026.Lire\u00a0 l\u2019int\u00e9gralit\u00e9 de\u00a0 La d\u00e9cision<\/strong><\/em><\/p>\n<p><a href=\"https:\/\/lepatriotebenin.com\/wp-content\/uploads\/2026\/03\/dec-n26-003-portant-reglementation-campagne-election-pr-2026.pdf\">DEC N\u00b026-003 PORTANT REGLEMENTATION CAMPAGNE ELECTION PR 2026<\/a><\/p>\n","protected":false},"excerpt":{"rendered":"<p>\u00a0\u00c0 l\u2019approche de l\u2019\u00e9lection pr\u00e9sidentielle du 12 avril 2026, la Haute autorit\u00e9 de l\u2019audiovisuel et de la communication (HAAC) a fix\u00e9 les r\u00e8gles du jeu pour les m\u00e9dias. Une d\u00e9cision&hellip;<\/p>\n","protected":false},"author":5,"featured_media":17814,"comment_status":"open","ping_status":"open","sticky":false,"template":"","format":"standard","meta":{"content-type":"","om_disable_all_campaigns":false,"_monsterinsights_skip_tracking":false,"_monsterinsights_sitenote_active":false,"_monsterinsights_sitenote_note":"","_monsterinsights_sitenote_category":0,"_uf_show_specific_survey":0,"_uf_disable_surveys":false,"footnotes":""},"categories":[20],"tags":[],"class_list":["post-17812","post","type-post","status-publish","format-standard","has-post-thumbnail","hentry","category-societe"],"aioseo_notices":[],"yoast_head":"<!-- This site is optimized with the Yoast SEO plugin v27.5 - https:\/\/yoast.com\/product\/yoast-seo-wordpress\/ -->\n<title>Pr\u00e9sidentielle 2026 au B\u00e9nin : La HAAC fixe les r\u00e8gles de la campagne m\u00e9diatique - Le Patriote<\/title>\n<meta name=\"robots\" content=\"index, follow, max-snippet:-1, max-image-preview:large, max-video-preview:-1\" \/>\n<link rel=\"canonical\" href=\"https:\/\/lepatriotebenin.com\/index.php\/2026\/03\/16\/presidentielle-2026-au-benin-la-haac-fixe-les-regles-de-la-campagne-mediatique\/\" \/>\n<meta property=\"og:locale\" content=\"fr_FR\" \/>\n<meta property=\"og:type\" content=\"article\" \/>\n<meta property=\"og:title\" content=\"Pr\u00e9sidentielle 2026 au B\u00e9nin : La HAAC fixe les r\u00e8gles de la campagne m\u00e9diatique - Le Patriote\" \/>\n<meta property=\"og:description\" content=\"\u00a0\u00c0 l\u2019approche de l\u2019\u00e9lection pr\u00e9sidentielle du 12 avril 2026, la Haute autorit\u00e9 de l\u2019audiovisuel et de la communication (HAAC) a fix\u00e9 les r\u00e8gles du jeu pour les m\u00e9dias. Une d\u00e9cision&hellip;\" \/>\n<meta property=\"og:url\" content=\"https:\/\/lepatriotebenin.com\/index.php\/2026\/03\/16\/presidentielle-2026-au-benin-la-haac-fixe-les-regles-de-la-campagne-mediatique\/\" \/>\n<meta property=\"og:site_name\" content=\"Le Patriote\" \/>\n<meta property=\"article:published_time\" content=\"2026-03-16T01:02:13+00:00\" \/>\n<meta property=\"og:image\" content=\"https:\/\/lepatriotebenin.com\/wp-content\/uploads\/2026\/03\/loko-a.jpeg\" \/>\n\t<meta property=\"og:image:width\" content=\"1520\" \/>\n\t<meta property=\"og:image:height\" content=\"1011\" \/>\n\t<meta property=\"og:image:type\" content=\"image\/jpeg\" \/>\n<meta name=\"author\" content=\"Redaction\" \/>\n<meta name=\"twitter:card\" content=\"summary_large_image\" \/>\n<meta name=\"twitter:label1\" content=\"\u00c9crit par\" \/>\n\t<meta name=\"twitter:data1\" content=\"Redaction\" \/>\n\t<meta name=\"twitter:label2\" content=\"Dur\u00e9e de lecture estim\u00e9e\" \/>\n\t<meta name=\"twitter:data2\" content=\"1 minute\" \/>\n<script type=\"application\/ld+json\" class=\"yoast-schema-graph\">{\"@context\":\"https:\\\/\\\/schema.org\",\"@graph\":[{\"@type\":\"Article\",\"@id\":\"https:\\\/\\\/lepatriotebenin.com\\\/index.php\\\/2026\\\/03\\\/16\\\/presidentielle-2026-au-benin-la-haac-fixe-les-regles-de-la-campagne-mediatique\\\/#article\",\"isPartOf\":{\"@id\":\"https:\\\/\\\/lepatriotebenin.com\\\/index.php\\\/2026\\\/03\\\/16\\\/presidentielle-2026-au-benin-la-haac-fixe-les-regles-de-la-campagne-mediatique\\\/\"},\"author\":{\"name\":\"Redaction\",\"@id\":\"https:\\\/\\\/lepatriotebenin.com\\\/#\\\/schema\\\/person\\\/2e7709b9c9cc313e452d1136af61690f\"},\"headline\":\"Pr\u00e9sidentielle 2026 au B\u00e9nin : La HAAC fixe les r\u00e8gles de la campagne m\u00e9diatique\",\"datePublished\":\"2026-03-16T01:02:13+00:00\",\"mainEntityOfPage\":{\"@id\":\"https:\\\/\\\/lepatriotebenin.com\\\/index.php\\\/2026\\\/03\\\/16\\\/presidentielle-2026-au-benin-la-haac-fixe-les-regles-de-la-campagne-mediatique\\\/\"},\"wordCount\":146,\"commentCount\":0,\"image\":{\"@id\":\"https:\\\/\\\/lepatriotebenin.com\\\/index.php\\\/2026\\\/03\\\/16\\\/presidentielle-2026-au-benin-la-haac-fixe-les-regles-de-la-campagne-mediatique\\\/#primaryimage\"},\"thumbnailUrl\":\"https:\\\/\\\/lepatriotebenin.com\\\/wp-content\\\/uploads\\\/2026\\\/03\\\/loko-a.jpeg\",\"articleSection\":[\"Soci\u00e9t\u00e9\"],\"inLanguage\":\"fr-FR\",\"potentialAction\":[{\"@type\":\"CommentAction\",\"name\":\"Comment\",\"target\":[\"https:\\\/\\\/lepatriotebenin.com\\\/index.php\\\/2026\\\/03\\\/16\\\/presidentielle-2026-au-benin-la-haac-fixe-les-regles-de-la-campagne-mediatique\\\/#respond\"]}]},{\"@type\":\"WebPage\",\"@id\":\"https:\\\/\\\/lepatriotebenin.com\\\/index.php\\\/2026\\\/03\\\/16\\\/presidentielle-2026-au-benin-la-haac-fixe-les-regles-de-la-campagne-mediatique\\\/\",\"url\":\"https:\\\/\\\/lepatriotebenin.com\\\/index.php\\\/2026\\\/03\\\/16\\\/presidentielle-2026-au-benin-la-haac-fixe-les-regles-de-la-campagne-mediatique\\\/\",\"name\":\"Pr\u00e9sidentielle 2026 au B\u00e9nin : La HAAC fixe les r\u00e8gles de la campagne m\u00e9diatique - Le Patriote\",\"isPartOf\":{\"@id\":\"https:\\\/\\\/lepatriotebenin.com\\\/#website\"},\"primaryImageOfPage\":{\"@id\":\"https:\\\/\\\/lepatriotebenin.com\\\/index.php\\\/2026\\\/03\\\/16\\\/presidentielle-2026-au-benin-la-haac-fixe-les-regles-de-la-campagne-mediatique\\\/#primaryimage\"},\"image\":{\"@id\":\"https:\\\/\\\/lepatriotebenin.com\\\/index.php\\\/2026\\\/03\\\/16\\\/presidentielle-2026-au-benin-la-haac-fixe-les-regles-de-la-campagne-mediatique\\\/#primaryimage\"},\"thumbnailUrl\":\"https:\\\/\\\/lepatriotebenin.com\\\/wp-content\\\/uploads\\\/2026\\\/03\\\/loko-a.jpeg\",\"datePublished\":\"2026-03-16T01:02:13+00:00\",\"author\":{\"@id\":\"https:\\\/\\\/lepatriotebenin.com\\\/#\\\/schema\\\/person\\\/2e7709b9c9cc313e452d1136af61690f\"},\"breadcrumb\":{\"@id\":\"https:\\\/\\\/lepatriotebenin.com\\\/index.php\\\/2026\\\/03\\\/16\\\/presidentielle-2026-au-benin-la-haac-fixe-les-regles-de-la-campagne-mediatique\\\/#breadcrumb\"},\"inLanguage\":\"fr-FR\",\"potentialAction\":[{\"@type\":\"ReadAction\",\"target\":[\"https:\\\/\\\/lepatriotebenin.com\\\/index.php\\\/2026\\\/03\\\/16\\\/presidentielle-2026-au-benin-la-haac-fixe-les-regles-de-la-campagne-mediatique\\\/\"]}]},{\"@type\":\"ImageObject\",\"inLanguage\":\"fr-FR\",\"@id\":\"https:\\\/\\\/lepatriotebenin.com\\\/index.php\\\/2026\\\/03\\\/16\\\/presidentielle-2026-au-benin-la-haac-fixe-les-regles-de-la-campagne-mediatique\\\/#primaryimage\",\"url\":\"https:\\\/\\\/lepatriotebenin.com\\\/wp-content\\\/uploads\\\/2026\\\/03\\\/loko-a.jpeg\",\"contentUrl\":\"https:\\\/\\\/lepatriotebenin.com\\\/wp-content\\\/uploads\\\/2026\\\/03\\\/loko-a.jpeg\",\"width\":1520,\"height\":1011},{\"@type\":\"BreadcrumbList\",\"@id\":\"https:\\\/\\\/lepatriotebenin.com\\\/index.php\\\/2026\\\/03\\\/16\\\/presidentielle-2026-au-benin-la-haac-fixe-les-regles-de-la-campagne-mediatique\\\/#breadcrumb\",\"itemListElement\":[{\"@type\":\"ListItem\",\"position\":1,\"name\":\"Accueil\",\"item\":\"https:\\\/\\\/lepatriotebenin.com\\\/\"},{\"@type\":\"ListItem\",\"position\":2,\"name\":\"Pr\u00e9sidentielle 2026 au B\u00e9nin : La HAAC fixe les r\u00e8gles de la campagne m\u00e9diatique\"}]},{\"@type\":\"WebSite\",\"@id\":\"https:\\\/\\\/lepatriotebenin.com\\\/#website\",\"url\":\"https:\\\/\\\/lepatriotebenin.com\\\/\",\"name\":\"Le Patriote\",\"description\":\"Le Patriote B\u00e9nin\",\"potentialAction\":[{\"@type\":\"SearchAction\",\"target\":{\"@type\":\"EntryPoint\",\"urlTemplate\":\"https:\\\/\\\/lepatriotebenin.com\\\/?s={search_term_string}\"},\"query-input\":{\"@type\":\"PropertyValueSpecification\",\"valueRequired\":true,\"valueName\":\"search_term_string\"}}],\"inLanguage\":\"fr-FR\"},{\"@type\":\"Person\",\"@id\":\"https:\\\/\\\/lepatriotebenin.com\\\/#\\\/schema\\\/person\\\/2e7709b9c9cc313e452d1136af61690f\",\"name\":\"Redaction\",\"image\":{\"@type\":\"ImageObject\",\"inLanguage\":\"fr-FR\",\"@id\":\"https:\\\/\\\/secure.gravatar.com\\\/avatar\\\/c4c509357859ea2ca2cbb6d8812898a73e4ef1ef9934c2e591d7e32face734d1?s=96&d=mm&r=g\",\"url\":\"https:\\\/\\\/secure.gravatar.com\\\/avatar\\\/c4c509357859ea2ca2cbb6d8812898a73e4ef1ef9934c2e591d7e32face734d1?s=96&d=mm&r=g\",\"contentUrl\":\"https:\\\/\\\/secure.gravatar.com\\\/avatar\\\/c4c509357859ea2ca2cbb6d8812898a73e4ef1ef9934c2e591d7e32face734d1?s=96&d=mm&r=g\",\"caption\":\"Redaction\"},\"url\":\"https:\\\/\\\/lepatriotebenin.com\"}]}<\/script>\n<!-- \/ Yoast SEO plugin. -->","yoast_head_json":{"title":"Pr\u00e9sidentielle 2026 au B\u00e9nin : La HAAC fixe les r\u00e8gles de la campagne m\u00e9diatique - Le Patriote","robots":{"index":"index","follow":"follow","max-snippet":"max-snippet:-1","max-image-preview":"max-image-preview:large","max-video-preview":"max-video-preview:-1"},"canonical":"https:\/\/lepatriotebenin.com\/index.php\/2026\/03\/16\/presidentielle-2026-au-benin-la-haac-fixe-les-regles-de-la-campagne-mediatique\/","og_locale":"fr_FR","og_type":"article","og_title":"Pr\u00e9sidentielle 2026 au B\u00e9nin : La HAAC fixe les r\u00e8gles de la campagne m\u00e9diatique - Le Patriote","og_description":"\u00a0\u00c0 l\u2019approche de l\u2019\u00e9lection pr\u00e9sidentielle du 12 avril 2026, la Haute autorit\u00e9 de l\u2019audiovisuel et de la communication (HAAC) a fix\u00e9 les r\u00e8gles du jeu pour les m\u00e9dias. Une d\u00e9cision&hellip;","og_url":"https:\/\/lepatriotebenin.com\/index.php\/2026\/03\/16\/presidentielle-2026-au-benin-la-haac-fixe-les-regles-de-la-campagne-mediatique\/","og_site_name":"Le Patriote","article_published_time":"2026-03-16T01:02:13+00:00","og_image":[{"width":1520,"height":1011,"url":"https:\/\/lepatriotebenin.com\/wp-content\/uploads\/2026\/03\/loko-a.jpeg","type":"image\/jpeg"}],"author":"Redaction","twitter_card":"summary_large_image","twitter_misc":{"\u00c9crit par":"Redaction","Dur\u00e9e de lecture estim\u00e9e":"1 minute"},"schema":{"@context":"https:\/\/schema.org","@graph":[{"@type":"Article","@id":"https:\/\/lepatriotebenin.com\/index.php\/2026\/03\/16\/presidentielle-2026-au-benin-la-haac-fixe-les-regles-de-la-campagne-mediatique\/#article","isPartOf":{"@id":"https:\/\/lepatriotebenin.com\/index.php\/2026\/03\/16\/presidentielle-2026-au-benin-la-haac-fixe-les-regles-de-la-campagne-mediatique\/"},"author":{"name":"Redaction","@id":"https:\/\/lepatriotebenin.com\/#\/schema\/person\/2e7709b9c9cc313e452d1136af61690f"},"headline":"Pr\u00e9sidentielle 2026 au B\u00e9nin : La HAAC fixe les r\u00e8gles de la campagne m\u00e9diatique","datePublished":"2026-03-16T01:02:13+00:00","mainEntityOfPage":{"@id":"https:\/\/lepatriotebenin.com\/index.php\/2026\/03\/16\/presidentielle-2026-au-benin-la-haac-fixe-les-regles-de-la-campagne-mediatique\/"},"wordCount":146,"commentCount":0,"image":{"@id":"https:\/\/lepatriotebenin.com\/index.php\/2026\/03\/16\/presidentielle-2026-au-benin-la-haac-fixe-les-regles-de-la-campagne-mediatique\/#primaryimage"},"thumbnailUrl":"https:\/\/lepatriotebenin.com\/wp-content\/uploads\/2026\/03\/loko-a.jpeg","articleSection":["Soci\u00e9t\u00e9"],"inLanguage":"fr-FR","potentialAction":[{"@type":"CommentAction","name":"Comment","target":["https:\/\/lepatriotebenin.com\/index.php\/2026\/03\/16\/presidentielle-2026-au-benin-la-haac-fixe-les-regles-de-la-campagne-mediatique\/#respond"]}]},{"@type":"WebPage","@id":"https:\/\/lepatriotebenin.com\/index.php\/2026\/03\/16\/presidentielle-2026-au-benin-la-haac-fixe-les-regles-de-la-campagne-mediatique\/","url":"https:\/\/lepatriotebenin.com\/index.php\/2026\/03\/16\/presidentielle-2026-au-benin-la-haac-fixe-les-regles-de-la-campagne-mediatique\/","name":"Pr\u00e9sidentielle 2026 au B\u00e9nin : La HAAC fixe les r\u00e8gles de la campagne m\u00e9diatique - Le Patriote","isPartOf":{"@id":"https:\/\/lepatriotebenin.com\/#website"},"primaryImageOfPage":{"@id":"https:\/\/lepatriotebenin.com\/index.php\/2026\/03\/16\/presidentielle-2026-au-benin-la-haac-fixe-les-regles-de-la-campagne-mediatique\/#primaryimage"},"image":{"@id":"https:\/\/lepatriotebenin.com\/index.php\/2026\/03\/16\/presidentielle-2026-au-benin-la-haac-fixe-les-regles-de-la-campagne-mediatique\/#primaryimage"},"thumbnailUrl":"https:\/\/lepatriotebenin.com\/wp-content\/uploads\/2026\/03\/loko-a.jpeg","datePublished":"2026-03-16T01:02:13+00:00","author":{"@id":"https:\/\/lepatriotebenin.com\/#\/schema\/person\/2e7709b9c9cc313e452d1136af61690f"},"breadcrumb":{"@id":"https:\/\/lepatriotebenin.com\/index.php\/2026\/03\/16\/presidentielle-2026-au-benin-la-haac-fixe-les-regles-de-la-campagne-mediatique\/#breadcrumb"},"inLanguage":"fr-FR","potentialAction":[{"@type":"ReadAction","target":["https:\/\/lepatriotebenin.com\/index.php\/2026\/03\/16\/presidentielle-2026-au-benin-la-haac-fixe-les-regles-de-la-campagne-mediatique\/"]}]},{"@type":"ImageObject","inLanguage":"fr-FR","@id":"https:\/\/lepatriotebenin.com\/index.php\/2026\/03\/16\/presidentielle-2026-au-benin-la-haac-fixe-les-regles-de-la-campagne-mediatique\/#primaryimage","url":"https:\/\/lepatriotebenin.com\/wp-content\/uploads\/2026\/03\/loko-a.jpeg","contentUrl":"https:\/\/lepatriotebenin.com\/wp-content\/uploads\/2026\/03\/loko-a.jpeg","width":1520,"height":1011},{"@type":"BreadcrumbList","@id":"https:\/\/lepatriotebenin.com\/index.php\/2026\/03\/16\/presidentielle-2026-au-benin-la-haac-fixe-les-regles-de-la-campagne-mediatique\/#breadcrumb","itemListElement":[{"@type":"ListItem","position":1,"name":"Accueil","item":"https:\/\/lepatriotebenin.com\/"},{"@type":"ListItem","position":2,"name":"Pr\u00e9sidentielle 2026 au B\u00e9nin : La HAAC fixe les r\u00e8gles de la campagne m\u00e9diatique"}]},{"@type":"WebSite","@id":"https:\/\/lepatriotebenin.com\/#website","url":"https:\/\/lepatriotebenin.com\/","name":"Le Patriote","description":"Le Patriote B\u00e9nin","potentialAction":[{"@type":"SearchAction","target":{"@type":"EntryPoint","urlTemplate":"https:\/\/lepatriotebenin.com\/?s={search_term_string}"},"query-input":{"@type":"PropertyValueSpecification","valueRequired":true,"valueName":"search_term_string"}}],"inLanguage":"fr-FR"},{"@type":"Person","@id":"https:\/\/lepatriotebenin.com\/#\/schema\/person\/2e7709b9c9cc313e452d1136af61690f","name":"Redaction","image":{"@type":"ImageObject","inLanguage":"fr-FR","@id":"https:\/\/secure.gravatar.com\/avatar\/c4c509357859ea2ca2cbb6d8812898a73e4ef1ef9934c2e591d7e32face734d1?s=96&d=mm&r=g","url":"https:\/\/secure.gravatar.com\/avatar\/c4c509357859ea2ca2cbb6d8812898a73e4ef1ef9934c2e591d7e32face734d1?s=96&d=mm&r=g","contentUrl":"https:\/\/secure.gravatar.com\/avatar\/c4c509357859ea2ca2cbb6d8812898a73e4ef1ef9934c2e591d7e32face734d1?s=96&d=mm&r=g","caption":"Redaction"},"url":"https:\/\/lepatriotebenin.com"}]}},"_links":{"self":[{"href":"https:\/\/lepatriotebenin.com\/index.php\/wp-json\/wp\/v2\/posts\/17812","targetHints":{"allow":["GET"]}}],"collection":[{"href":"https:\/\/lepatriotebenin.com\/index.php\/wp-json\/wp\/v2\/posts"}],"about":[{"href":"https:\/\/lepatriotebenin.com\/index.php\/wp-json\/wp\/v2\/types\/post"}],"author":[{"embeddable":true,"href":"https:\/\/lepatriotebenin.com\/index.php\/wp-json\/wp\/v2\/users\/5"}],"replies":[{"embeddable":true,"href":"https:\/\/lepatriotebenin.com\/index.php\/wp-json\/wp\/v2\/comments?post=17812"}],"version-history":[{"count":1,"href":"https:\/\/lepatriotebenin.com\/index.php\/wp-json\/wp\/v2\/posts\/17812\/revisions"}],"predecessor-version":[{"id":17815,"href":"https:\/\/lepatriotebenin.com\/index.php\/wp-json\/wp\/v2\/posts\/17812\/revisions\/17815"}],"wp:featuredmedia":[{"embeddable":true,"href":"https:\/\/lepatriotebenin.com\/index.php\/wp-json\/wp\/v2\/media\/17814"}],"wp:attachment":[{"href":"https:\/\/lepatriotebenin.com\/index.php\/wp-json\/wp\/v2\/media?parent=17812"}],"wp:term":[{"taxonomy":"category","embeddable":true,"href":"https:\/\/lepatriotebenin.com\/index.php\/wp-json\/wp\/v2\/categories?post=17812"},{"taxonomy":"post_tag","embeddable":true,"href":"https:\/\/lepatriotebenin.com\/index.php\/wp-json\/wp\/v2\/tags?post=17812"}],"curies":[{"name":"wp","href":"https:\/\/api.w.org\/{rel}","templated":true}]}}