{"id":17795,"date":"2026-03-14T21:58:45","date_gmt":"2026-03-14T20:58:45","guid":{"rendered":"https:\/\/lepatriotebenin.com\/?p=17795"},"modified":"2026-03-14T21:59:37","modified_gmt":"2026-03-14T20:59:37","slug":"course-au-secretariat-general-de-lonu-des-ex-footballeurs-africains-derriere-macky-sall","status":"publish","type":"post","link":"https:\/\/lepatriotebenin.com\/index.php\/2026\/03\/14\/course-au-secretariat-general-de-lonu-des-ex-footballeurs-africains-derriere-macky-sall\/","title":{"rendered":"Course au secr\u00e9tariat g\u00e9n\u00e9ral de l&rsquo;ONU : Des ex-footballeurs africains derri\u00e8re Macky Sall"},"content":{"rendered":"<p><strong><em>La candidature de l\u2019ancien pr\u00e9sident s\u00e9n\u00e9galais Macky Sall au poste de Secr\u00e9taire g\u00e9n\u00e9ral de l\u2019Organisation des Nations Unies suscite d\u00e9j\u00e0 des soutiens sur le continent. Plusieurs anciennes gloires du football africain ont r\u00e9cemment exprim\u00e9, \u00e0 travers des vid\u00e9os, leur appui \u00e0 cette ambition, mettant en avant son leadership et son engagement pour la paix et la coop\u00e9ration internationale.<\/em><\/strong><\/p>\n<p>La possible candidature de Macky Sall au poste de Secr\u00e9taire g\u00e9n\u00e9ral de l&rsquo;Organisation des Nations Unies continue de faire r\u00e9agir au-del\u00e0 des sph\u00e8res politiques. Ces derniers jours, plusieurs anciens internationaux africains ont publiquement affich\u00e9 leur soutien \u00e0 l\u2019ancien chef d\u2019\u00c9tat s\u00e9n\u00e9galais \u00e0 travers des messages diffus\u00e9s en vid\u00e9o.<\/p>\n<p>En effet, l\u2019ancien capitaine des \u00c9perviers du Togo, Emmanuel Adebayor, a salu\u00e9 la vision et le leadership de l&rsquo;ancien dirigeant s\u00e9n\u00e9galais. Dans son message, il affirme croire en la capacit\u00e9 de Macky Sall \u00e0 rassembler la communaut\u00e9 internationale autour d\u2019un id\u00e9al commun. \u00ab Aujourd\u2019hui, je tiens \u00e0 apporter mon soutien \u00e0 la candidature du pr\u00e9sident Macky Sall au poste de Secr\u00e9taire G\u00e9n\u00e9ral des Nations Unies. Je crois en sa vision et en son leadership et je crois qu\u2019ensemble nous pouvons construire un monde meilleur, un monde plus juste, un monde uni \u00bb, a-t-il d\u00e9clar\u00e9.<\/p>\n<p>Du c\u00f4t\u00e9 de la C\u00f4te d\u2019Ivoire, l\u2019ancien milieu de terrain des \u00c9l\u00e9phants, Yaya Tour\u00e9, a lui aussi exprim\u00e9 son appui. Il estime que la candidature de Macky Sall repr\u00e9sente une opportunit\u00e9 pour renforcer la paix et la s\u00e9curit\u00e9 internationales. \u00ab Je soutiens la candidature du pr\u00e9sident Macky Sall au poste de Secr\u00e9taire G\u00e9n\u00e9ral des Nations Unies. Tous ensemble pour la paix en Afrique et la s\u00e9curit\u00e9 internationale \u00bb, a-t-il indiqu\u00e9.<\/p>\n<p>L\u2019ancien international s\u00e9n\u00e9galais El Hadji Diouf s\u2019est \u00e9galement joint \u00e0 cet \u00e9lan de soutien. Se pr\u00e9sentant comme \u00ab citoyen du monde \u00bb, il a d\u00e9clar\u00e9 soutenir la candidature de son compatriote afin de contribuer \u00e0 la construction d\u2019un monde plus juste et plus \u00e9quilibr\u00e9. Enfin, l\u2019ex-international camerounais Alexandre Song a lui aussi exprim\u00e9 sa position en faveur de l\u2019ancien pr\u00e9sident s\u00e9n\u00e9galais. Dans son message, il appelle \u00e0 l\u2019unit\u00e9 autour de cette candidature pour b\u00e2tir \u00ab un monde meilleur et plus juste \u00bb.<\/p>\n<p>\u00c0 travers ces diff\u00e9rentes prises de parole, ces figures du football africain semblent vouloir peser symboliquement dans le d\u00e9bat international, en apportant leur notori\u00e9t\u00e9 au soutien de la candidature de Macky Sall pour diriger les Nations Unies. Leur mobilisation t\u00e9moigne aussi de l\u2019\u00e9cho que suscite cette ambition sur le continent africain.<\/p>\n<p><strong>Gildas AHOGNI<\/strong><\/p>\n","protected":false},"excerpt":{"rendered":"<p>La candidature de l\u2019ancien pr\u00e9sident s\u00e9n\u00e9galais Macky Sall au poste de Secr\u00e9taire g\u00e9n\u00e9ral de l\u2019Organisation des Nations Unies suscite d\u00e9j\u00e0 des soutiens sur le continent. Plusieurs anciennes gloires du football&hellip;<\/p>\n","protected":false},"author":5,"featured_media":17796,"comment_status":"open","ping_status":"open","sticky":false,"template":"","format":"standard","meta":{"content-type":"","om_disable_all_campaigns":false,"_monsterinsights_skip_tracking":false,"_monsterinsights_sitenote_active":false,"_monsterinsights_sitenote_note":"","_monsterinsights_sitenote_category":0,"_uf_show_specific_survey":0,"_uf_disable_surveys":false,"footnotes":""},"categories":[20],"tags":[],"class_list":["post-17795","post","type-post","status-publish","format-standard","has-post-thumbnail","hentry","category-societe"],"aioseo_notices":[],"yoast_head":"<!-- This site is optimized with the Yoast SEO plugin v27.5 - https:\/\/yoast.com\/product\/yoast-seo-wordpress\/ -->\n<title>Course au secr\u00e9tariat g\u00e9n\u00e9ral de l&#039;ONU : Des ex-footballeurs africains derri\u00e8re Macky Sall - Le Patriote<\/title>\n<meta name=\"robots\" content=\"index, follow, max-snippet:-1, max-image-preview:large, max-video-preview:-1\" \/>\n<link rel=\"canonical\" href=\"https:\/\/lepatriotebenin.com\/index.php\/2026\/03\/14\/course-au-secretariat-general-de-lonu-des-ex-footballeurs-africains-derriere-macky-sall\/\" \/>\n<meta property=\"og:locale\" content=\"fr_FR\" \/>\n<meta property=\"og:type\" content=\"article\" \/>\n<meta property=\"og:title\" content=\"Course au secr\u00e9tariat g\u00e9n\u00e9ral de l&#039;ONU : Des ex-footballeurs africains derri\u00e8re Macky Sall - Le Patriote\" \/>\n<meta property=\"og:description\" content=\"La candidature de l\u2019ancien pr\u00e9sident s\u00e9n\u00e9galais Macky Sall au poste de Secr\u00e9taire g\u00e9n\u00e9ral de l\u2019Organisation des Nations Unies suscite d\u00e9j\u00e0 des soutiens sur le continent. Plusieurs anciennes gloires du football&hellip;\" \/>\n<meta property=\"og:url\" content=\"https:\/\/lepatriotebenin.com\/index.php\/2026\/03\/14\/course-au-secretariat-general-de-lonu-des-ex-footballeurs-africains-derriere-macky-sall\/\" \/>\n<meta property=\"og:site_name\" content=\"Le Patriote\" \/>\n<meta property=\"article:published_time\" content=\"2026-03-14T20:58:45+00:00\" \/>\n<meta property=\"article:modified_time\" content=\"2026-03-14T20:59:37+00:00\" \/>\n<meta property=\"og:image\" content=\"https:\/\/lepatriotebenin.com\/wp-content\/uploads\/2026\/03\/macky-sall.webp\" \/>\n\t<meta property=\"og:image:width\" content=\"836\" \/>\n\t<meta property=\"og:image:height\" content=\"569\" \/>\n\t<meta property=\"og:image:type\" content=\"image\/webp\" \/>\n<meta name=\"author\" content=\"Redaction\" \/>\n<meta name=\"twitter:card\" content=\"summary_large_image\" \/>\n<meta name=\"twitter:label1\" content=\"\u00c9crit par\" \/>\n\t<meta name=\"twitter:data1\" content=\"Redaction\" \/>\n\t<meta name=\"twitter:label2\" content=\"Dur\u00e9e de lecture estim\u00e9e\" \/>\n\t<meta name=\"twitter:data2\" content=\"3 minutes\" \/>\n<script type=\"application\/ld+json\" class=\"yoast-schema-graph\">{\"@context\":\"https:\\\/\\\/schema.org\",\"@graph\":[{\"@type\":\"Article\",\"@id\":\"https:\\\/\\\/lepatriotebenin.com\\\/index.php\\\/2026\\\/03\\\/14\\\/course-au-secretariat-general-de-lonu-des-ex-footballeurs-africains-derriere-macky-sall\\\/#article\",\"isPartOf\":{\"@id\":\"https:\\\/\\\/lepatriotebenin.com\\\/index.php\\\/2026\\\/03\\\/14\\\/course-au-secretariat-general-de-lonu-des-ex-footballeurs-africains-derriere-macky-sall\\\/\"},\"author\":{\"name\":\"Redaction\",\"@id\":\"https:\\\/\\\/lepatriotebenin.com\\\/#\\\/schema\\\/person\\\/2e7709b9c9cc313e452d1136af61690f\"},\"headline\":\"Course au secr\u00e9tariat g\u00e9n\u00e9ral de l&rsquo;ONU : Des ex-footballeurs africains derri\u00e8re Macky Sall\",\"datePublished\":\"2026-03-14T20:58:45+00:00\",\"dateModified\":\"2026-03-14T20:59:37+00:00\",\"mainEntityOfPage\":{\"@id\":\"https:\\\/\\\/lepatriotebenin.com\\\/index.php\\\/2026\\\/03\\\/14\\\/course-au-secretariat-general-de-lonu-des-ex-footballeurs-africains-derriere-macky-sall\\\/\"},\"wordCount\":471,\"commentCount\":0,\"image\":{\"@id\":\"https:\\\/\\\/lepatriotebenin.com\\\/index.php\\\/2026\\\/03\\\/14\\\/course-au-secretariat-general-de-lonu-des-ex-footballeurs-africains-derriere-macky-sall\\\/#primaryimage\"},\"thumbnailUrl\":\"https:\\\/\\\/lepatriotebenin.com\\\/wp-content\\\/uploads\\\/2026\\\/03\\\/macky-sall.webp\",\"articleSection\":[\"Soci\u00e9t\u00e9\"],\"inLanguage\":\"fr-FR\",\"potentialAction\":[{\"@type\":\"CommentAction\",\"name\":\"Comment\",\"target\":[\"https:\\\/\\\/lepatriotebenin.com\\\/index.php\\\/2026\\\/03\\\/14\\\/course-au-secretariat-general-de-lonu-des-ex-footballeurs-africains-derriere-macky-sall\\\/#respond\"]}]},{\"@type\":\"WebPage\",\"@id\":\"https:\\\/\\\/lepatriotebenin.com\\\/index.php\\\/2026\\\/03\\\/14\\\/course-au-secretariat-general-de-lonu-des-ex-footballeurs-africains-derriere-macky-sall\\\/\",\"url\":\"https:\\\/\\\/lepatriotebenin.com\\\/index.php\\\/2026\\\/03\\\/14\\\/course-au-secretariat-general-de-lonu-des-ex-footballeurs-africains-derriere-macky-sall\\\/\",\"name\":\"Course au secr\u00e9tariat g\u00e9n\u00e9ral de l'ONU : Des ex-footballeurs africains derri\u00e8re Macky Sall - Le Patriote\",\"isPartOf\":{\"@id\":\"https:\\\/\\\/lepatriotebenin.com\\\/#website\"},\"primaryImageOfPage\":{\"@id\":\"https:\\\/\\\/lepatriotebenin.com\\\/index.php\\\/2026\\\/03\\\/14\\\/course-au-secretariat-general-de-lonu-des-ex-footballeurs-africains-derriere-macky-sall\\\/#primaryimage\"},\"image\":{\"@id\":\"https:\\\/\\\/lepatriotebenin.com\\\/index.php\\\/2026\\\/03\\\/14\\\/course-au-secretariat-general-de-lonu-des-ex-footballeurs-africains-derriere-macky-sall\\\/#primaryimage\"},\"thumbnailUrl\":\"https:\\\/\\\/lepatriotebenin.com\\\/wp-content\\\/uploads\\\/2026\\\/03\\\/macky-sall.webp\",\"datePublished\":\"2026-03-14T20:58:45+00:00\",\"dateModified\":\"2026-03-14T20:59:37+00:00\",\"author\":{\"@id\":\"https:\\\/\\\/lepatriotebenin.com\\\/#\\\/schema\\\/person\\\/2e7709b9c9cc313e452d1136af61690f\"},\"breadcrumb\":{\"@id\":\"https:\\\/\\\/lepatriotebenin.com\\\/index.php\\\/2026\\\/03\\\/14\\\/course-au-secretariat-general-de-lonu-des-ex-footballeurs-africains-derriere-macky-sall\\\/#breadcrumb\"},\"inLanguage\":\"fr-FR\",\"potentialAction\":[{\"@type\":\"ReadAction\",\"target\":[\"https:\\\/\\\/lepatriotebenin.com\\\/index.php\\\/2026\\\/03\\\/14\\\/course-au-secretariat-general-de-lonu-des-ex-footballeurs-africains-derriere-macky-sall\\\/\"]}]},{\"@type\":\"ImageObject\",\"inLanguage\":\"fr-FR\",\"@id\":\"https:\\\/\\\/lepatriotebenin.com\\\/index.php\\\/2026\\\/03\\\/14\\\/course-au-secretariat-general-de-lonu-des-ex-footballeurs-africains-derriere-macky-sall\\\/#primaryimage\",\"url\":\"https:\\\/\\\/lepatriotebenin.com\\\/wp-content\\\/uploads\\\/2026\\\/03\\\/macky-sall.webp\",\"contentUrl\":\"https:\\\/\\\/lepatriotebenin.com\\\/wp-content\\\/uploads\\\/2026\\\/03\\\/macky-sall.webp\",\"width\":836,\"height\":569},{\"@type\":\"BreadcrumbList\",\"@id\":\"https:\\\/\\\/lepatriotebenin.com\\\/index.php\\\/2026\\\/03\\\/14\\\/course-au-secretariat-general-de-lonu-des-ex-footballeurs-africains-derriere-macky-sall\\\/#breadcrumb\",\"itemListElement\":[{\"@type\":\"ListItem\",\"position\":1,\"name\":\"Accueil\",\"item\":\"https:\\\/\\\/lepatriotebenin.com\\\/\"},{\"@type\":\"ListItem\",\"position\":2,\"name\":\"Course au secr\u00e9tariat g\u00e9n\u00e9ral de l&rsquo;ONU : Des ex-footballeurs africains derri\u00e8re Macky Sall\"}]},{\"@type\":\"WebSite\",\"@id\":\"https:\\\/\\\/lepatriotebenin.com\\\/#website\",\"url\":\"https:\\\/\\\/lepatriotebenin.com\\\/\",\"name\":\"Le Patriote\",\"description\":\"Le Patriote B\u00e9nin\",\"potentialAction\":[{\"@type\":\"SearchAction\",\"target\":{\"@type\":\"EntryPoint\",\"urlTemplate\":\"https:\\\/\\\/lepatriotebenin.com\\\/?s={search_term_string}\"},\"query-input\":{\"@type\":\"PropertyValueSpecification\",\"valueRequired\":true,\"valueName\":\"search_term_string\"}}],\"inLanguage\":\"fr-FR\"},{\"@type\":\"Person\",\"@id\":\"https:\\\/\\\/lepatriotebenin.com\\\/#\\\/schema\\\/person\\\/2e7709b9c9cc313e452d1136af61690f\",\"name\":\"Redaction\",\"image\":{\"@type\":\"ImageObject\",\"inLanguage\":\"fr-FR\",\"@id\":\"https:\\\/\\\/secure.gravatar.com\\\/avatar\\\/c4c509357859ea2ca2cbb6d8812898a73e4ef1ef9934c2e591d7e32face734d1?s=96&d=mm&r=g\",\"url\":\"https:\\\/\\\/secure.gravatar.com\\\/avatar\\\/c4c509357859ea2ca2cbb6d8812898a73e4ef1ef9934c2e591d7e32face734d1?s=96&d=mm&r=g\",\"contentUrl\":\"https:\\\/\\\/secure.gravatar.com\\\/avatar\\\/c4c509357859ea2ca2cbb6d8812898a73e4ef1ef9934c2e591d7e32face734d1?s=96&d=mm&r=g\",\"caption\":\"Redaction\"},\"url\":\"https:\\\/\\\/lepatriotebenin.com\"}]}<\/script>\n<!-- \/ Yoast SEO plugin. -->","yoast_head_json":{"title":"Course au secr\u00e9tariat g\u00e9n\u00e9ral de l'ONU : Des ex-footballeurs africains derri\u00e8re Macky Sall - Le Patriote","robots":{"index":"index","follow":"follow","max-snippet":"max-snippet:-1","max-image-preview":"max-image-preview:large","max-video-preview":"max-video-preview:-1"},"canonical":"https:\/\/lepatriotebenin.com\/index.php\/2026\/03\/14\/course-au-secretariat-general-de-lonu-des-ex-footballeurs-africains-derriere-macky-sall\/","og_locale":"fr_FR","og_type":"article","og_title":"Course au secr\u00e9tariat g\u00e9n\u00e9ral de l'ONU : Des ex-footballeurs africains derri\u00e8re Macky Sall - Le Patriote","og_description":"La candidature de l\u2019ancien pr\u00e9sident s\u00e9n\u00e9galais Macky Sall au poste de Secr\u00e9taire g\u00e9n\u00e9ral de l\u2019Organisation des Nations Unies suscite d\u00e9j\u00e0 des soutiens sur le continent. Plusieurs anciennes gloires du football&hellip;","og_url":"https:\/\/lepatriotebenin.com\/index.php\/2026\/03\/14\/course-au-secretariat-general-de-lonu-des-ex-footballeurs-africains-derriere-macky-sall\/","og_site_name":"Le Patriote","article_published_time":"2026-03-14T20:58:45+00:00","article_modified_time":"2026-03-14T20:59:37+00:00","og_image":[{"width":836,"height":569,"url":"https:\/\/lepatriotebenin.com\/wp-content\/uploads\/2026\/03\/macky-sall.webp","type":"image\/webp"}],"author":"Redaction","twitter_card":"summary_large_image","twitter_misc":{"\u00c9crit par":"Redaction","Dur\u00e9e de lecture estim\u00e9e":"3 minutes"},"schema":{"@context":"https:\/\/schema.org","@graph":[{"@type":"Article","@id":"https:\/\/lepatriotebenin.com\/index.php\/2026\/03\/14\/course-au-secretariat-general-de-lonu-des-ex-footballeurs-africains-derriere-macky-sall\/#article","isPartOf":{"@id":"https:\/\/lepatriotebenin.com\/index.php\/2026\/03\/14\/course-au-secretariat-general-de-lonu-des-ex-footballeurs-africains-derriere-macky-sall\/"},"author":{"name":"Redaction","@id":"https:\/\/lepatriotebenin.com\/#\/schema\/person\/2e7709b9c9cc313e452d1136af61690f"},"headline":"Course au secr\u00e9tariat g\u00e9n\u00e9ral de l&rsquo;ONU : Des ex-footballeurs africains derri\u00e8re Macky Sall","datePublished":"2026-03-14T20:58:45+00:00","dateModified":"2026-03-14T20:59:37+00:00","mainEntityOfPage":{"@id":"https:\/\/lepatriotebenin.com\/index.php\/2026\/03\/14\/course-au-secretariat-general-de-lonu-des-ex-footballeurs-africains-derriere-macky-sall\/"},"wordCount":471,"commentCount":0,"image":{"@id":"https:\/\/lepatriotebenin.com\/index.php\/2026\/03\/14\/course-au-secretariat-general-de-lonu-des-ex-footballeurs-africains-derriere-macky-sall\/#primaryimage"},"thumbnailUrl":"https:\/\/lepatriotebenin.com\/wp-content\/uploads\/2026\/03\/macky-sall.webp","articleSection":["Soci\u00e9t\u00e9"],"inLanguage":"fr-FR","potentialAction":[{"@type":"CommentAction","name":"Comment","target":["https:\/\/lepatriotebenin.com\/index.php\/2026\/03\/14\/course-au-secretariat-general-de-lonu-des-ex-footballeurs-africains-derriere-macky-sall\/#respond"]}]},{"@type":"WebPage","@id":"https:\/\/lepatriotebenin.com\/index.php\/2026\/03\/14\/course-au-secretariat-general-de-lonu-des-ex-footballeurs-africains-derriere-macky-sall\/","url":"https:\/\/lepatriotebenin.com\/index.php\/2026\/03\/14\/course-au-secretariat-general-de-lonu-des-ex-footballeurs-africains-derriere-macky-sall\/","name":"Course au secr\u00e9tariat g\u00e9n\u00e9ral de l'ONU : Des ex-footballeurs africains derri\u00e8re Macky Sall - Le Patriote","isPartOf":{"@id":"https:\/\/lepatriotebenin.com\/#website"},"primaryImageOfPage":{"@id":"https:\/\/lepatriotebenin.com\/index.php\/2026\/03\/14\/course-au-secretariat-general-de-lonu-des-ex-footballeurs-africains-derriere-macky-sall\/#primaryimage"},"image":{"@id":"https:\/\/lepatriotebenin.com\/index.php\/2026\/03\/14\/course-au-secretariat-general-de-lonu-des-ex-footballeurs-africains-derriere-macky-sall\/#primaryimage"},"thumbnailUrl":"https:\/\/lepatriotebenin.com\/wp-content\/uploads\/2026\/03\/macky-sall.webp","datePublished":"2026-03-14T20:58:45+00:00","dateModified":"2026-03-14T20:59:37+00:00","author":{"@id":"https:\/\/lepatriotebenin.com\/#\/schema\/person\/2e7709b9c9cc313e452d1136af61690f"},"breadcrumb":{"@id":"https:\/\/lepatriotebenin.com\/index.php\/2026\/03\/14\/course-au-secretariat-general-de-lonu-des-ex-footballeurs-africains-derriere-macky-sall\/#breadcrumb"},"inLanguage":"fr-FR","potentialAction":[{"@type":"ReadAction","target":["https:\/\/lepatriotebenin.com\/index.php\/2026\/03\/14\/course-au-secretariat-general-de-lonu-des-ex-footballeurs-africains-derriere-macky-sall\/"]}]},{"@type":"ImageObject","inLanguage":"fr-FR","@id":"https:\/\/lepatriotebenin.com\/index.php\/2026\/03\/14\/course-au-secretariat-general-de-lonu-des-ex-footballeurs-africains-derriere-macky-sall\/#primaryimage","url":"https:\/\/lepatriotebenin.com\/wp-content\/uploads\/2026\/03\/macky-sall.webp","contentUrl":"https:\/\/lepatriotebenin.com\/wp-content\/uploads\/2026\/03\/macky-sall.webp","width":836,"height":569},{"@type":"BreadcrumbList","@id":"https:\/\/lepatriotebenin.com\/index.php\/2026\/03\/14\/course-au-secretariat-general-de-lonu-des-ex-footballeurs-africains-derriere-macky-sall\/#breadcrumb","itemListElement":[{"@type":"ListItem","position":1,"name":"Accueil","item":"https:\/\/lepatriotebenin.com\/"},{"@type":"ListItem","position":2,"name":"Course au secr\u00e9tariat g\u00e9n\u00e9ral de l&rsquo;ONU : Des ex-footballeurs africains derri\u00e8re Macky Sall"}]},{"@type":"WebSite","@id":"https:\/\/lepatriotebenin.com\/#website","url":"https:\/\/lepatriotebenin.com\/","name":"Le Patriote","description":"Le Patriote B\u00e9nin","potentialAction":[{"@type":"SearchAction","target":{"@type":"EntryPoint","urlTemplate":"https:\/\/lepatriotebenin.com\/?s={search_term_string}"},"query-input":{"@type":"PropertyValueSpecification","valueRequired":true,"valueName":"search_term_string"}}],"inLanguage":"fr-FR"},{"@type":"Person","@id":"https:\/\/lepatriotebenin.com\/#\/schema\/person\/2e7709b9c9cc313e452d1136af61690f","name":"Redaction","image":{"@type":"ImageObject","inLanguage":"fr-FR","@id":"https:\/\/secure.gravatar.com\/avatar\/c4c509357859ea2ca2cbb6d8812898a73e4ef1ef9934c2e591d7e32face734d1?s=96&d=mm&r=g","url":"https:\/\/secure.gravatar.com\/avatar\/c4c509357859ea2ca2cbb6d8812898a73e4ef1ef9934c2e591d7e32face734d1?s=96&d=mm&r=g","contentUrl":"https:\/\/secure.gravatar.com\/avatar\/c4c509357859ea2ca2cbb6d8812898a73e4ef1ef9934c2e591d7e32face734d1?s=96&d=mm&r=g","caption":"Redaction"},"url":"https:\/\/lepatriotebenin.com"}]}},"_links":{"self":[{"href":"https:\/\/lepatriotebenin.com\/index.php\/wp-json\/wp\/v2\/posts\/17795","targetHints":{"allow":["GET"]}}],"collection":[{"href":"https:\/\/lepatriotebenin.com\/index.php\/wp-json\/wp\/v2\/posts"}],"about":[{"href":"https:\/\/lepatriotebenin.com\/index.php\/wp-json\/wp\/v2\/types\/post"}],"author":[{"embeddable":true,"href":"https:\/\/lepatriotebenin.com\/index.php\/wp-json\/wp\/v2\/users\/5"}],"replies":[{"embeddable":true,"href":"https:\/\/lepatriotebenin.com\/index.php\/wp-json\/wp\/v2\/comments?post=17795"}],"version-history":[{"count":2,"href":"https:\/\/lepatriotebenin.com\/index.php\/wp-json\/wp\/v2\/posts\/17795\/revisions"}],"predecessor-version":[{"id":17798,"href":"https:\/\/lepatriotebenin.com\/index.php\/wp-json\/wp\/v2\/posts\/17795\/revisions\/17798"}],"wp:featuredmedia":[{"embeddable":true,"href":"https:\/\/lepatriotebenin.com\/index.php\/wp-json\/wp\/v2\/media\/17796"}],"wp:attachment":[{"href":"https:\/\/lepatriotebenin.com\/index.php\/wp-json\/wp\/v2\/media?parent=17795"}],"wp:term":[{"taxonomy":"category","embeddable":true,"href":"https:\/\/lepatriotebenin.com\/index.php\/wp-json\/wp\/v2\/categories?post=17795"},{"taxonomy":"post_tag","embeddable":true,"href":"https:\/\/lepatriotebenin.com\/index.php\/wp-json\/wp\/v2\/tags?post=17795"}],"curies":[{"name":"wp","href":"https:\/\/api.w.org\/{rel}","templated":true}]}}