{"id":17776,"date":"2026-03-13T18:03:31","date_gmt":"2026-03-13T17:03:31","guid":{"rendered":"https:\/\/lepatriotebenin.com\/?p=17776"},"modified":"2026-03-13T18:03:31","modified_gmt":"2026-03-13T17:03:31","slug":"27-ans-apres-sa-disparition-le-souvenir-de-monseigneur-isidore-de-souza-toujours-vivace-dans-les-memoires","status":"publish","type":"post","link":"https:\/\/lepatriotebenin.com\/index.php\/2026\/03\/13\/27-ans-apres-sa-disparition-le-souvenir-de-monseigneur-isidore-de-souza-toujours-vivace-dans-les-memoires\/","title":{"rendered":"27 ans apr\u00e8s sa disparition : Le souvenir de Monseigneur Isidore De Souza toujours vivace dans les m\u00e9moires"},"content":{"rendered":"<p><strong><em>Vingt-sept ans apr\u00e8s sa disparition, Isidore de Souza demeure une figure majeure de l\u2019histoire politique contemporaine du B\u00e9nin. Artisan de dialogue et de consensus, l\u2019ancien archev\u00eaque de Cotonou reste associ\u00e9 \u00e0 l\u2019un des tournants d\u00e9cisifs qui ont ouvert la voie au renouveau d\u00e9mocratique du pays.<\/em><\/strong><\/p>\n<p>Le 13 mars 1999, le B\u00e9nin perdait l\u2019une de ses figures morales et politiques les plus respect\u00e9es : Monseigneur Isidore de Souza. Vingt-sept ans plus tard, son souvenir reste profond\u00e9ment ancr\u00e9 dans la m\u00e9moire collective nationale, tant son r\u00f4le dans l\u2019histoire d\u00e9mocratique du pays fut d\u00e9terminant.<\/p>\n<p>Homme d\u2019\u00c9glise, intellectuel respect\u00e9 et acteur de dialogue, Isidore de Souza s\u2019est impos\u00e9 comme une personnalit\u00e9 centrale lors de la Conf\u00e9rence nationale des forces vives de f\u00e9vrier 1990. \u00c0 la t\u00eate du pr\u00e9sidium de cette rencontre historique, il a su instaurer un climat d\u2019\u00e9coute et de responsabilit\u00e9 dans un contexte politique particuli\u00e8rement tendu. Son sens de l\u2019\u00e9quilibre, sa parole mesur\u00e9e et son autorit\u00e9 morale ont largement contribu\u00e9 \u00e0 la r\u00e9ussite de ces assises. Sous sa pr\u00e9sidence, les d\u00e9bats ont permis d\u2019aboutir \u00e0 des d\u00e9cisions majeures comme la fin du r\u00e9gime marxiste-l\u00e9niniste, l\u2019ouverture au pluralisme politique et la mise en place d\u2019institutions d\u00e9mocratiques. \u00c0 ce titre, il est aujourd\u2019hui reconnu comme l\u2019un des trois hommes cl\u00e9s de cette conf\u00e9rence qui a marqu\u00e9 un tournant d\u00e9cisif pour le B\u00e9nin.<\/p>\n<p>Au-del\u00e0 de l\u2019\u00e9v\u00e9nement, Monseigneur de Souza incarnait une vision : celle d\u2019un pays capable de r\u00e9soudre ses crises par le dialogue, la concertation et le respect des diff\u00e9rences. Son engagement pour la paix et la d\u00e9mocratie continue d\u2019inspirer les g\u00e9n\u00e9rations actuelles.<\/p>\n<p>Vingt-sept ans apr\u00e8s sa disparition, l\u2019h\u00e9ritage d\u2019Isidore de Souza reste vivant. Dans un contexte o\u00f9 les d\u00e9mocraties africaines sont r\u00e9guli\u00e8rement confront\u00e9es \u00e0 de nouveaux d\u00e9fis, son parcours rappelle qu\u2019une nation peut trouver son salut dans la sagesse, la responsabilit\u00e9 et la recherche du consensus.<\/p>\n<p><strong>Gildas AHOGNI<\/strong><\/p>\n","protected":false},"excerpt":{"rendered":"<p>Vingt-sept ans apr\u00e8s sa disparition, Isidore de Souza demeure une figure majeure de l\u2019histoire politique contemporaine du B\u00e9nin. Artisan de dialogue et de consensus, l\u2019ancien archev\u00eaque de Cotonou reste associ\u00e9&hellip;<\/p>\n","protected":false},"author":5,"featured_media":17777,"comment_status":"open","ping_status":"open","sticky":false,"template":"","format":"standard","meta":{"content-type":"","om_disable_all_campaigns":false,"_monsterinsights_skip_tracking":false,"_monsterinsights_sitenote_active":false,"_monsterinsights_sitenote_note":"","_monsterinsights_sitenote_category":0,"_uf_show_specific_survey":0,"_uf_disable_surveys":false,"footnotes":""},"categories":[20],"tags":[],"class_list":["post-17776","post","type-post","status-publish","format-standard","has-post-thumbnail","hentry","category-societe"],"aioseo_notices":[],"yoast_head":"<!-- This site is optimized with the Yoast SEO plugin v27.5 - https:\/\/yoast.com\/product\/yoast-seo-wordpress\/ -->\n<title>27 ans apr\u00e8s sa disparition : Le souvenir de Monseigneur Isidore De Souza toujours vivace dans les m\u00e9moires - Le Patriote<\/title>\n<meta name=\"robots\" content=\"index, follow, max-snippet:-1, max-image-preview:large, max-video-preview:-1\" \/>\n<link rel=\"canonical\" href=\"https:\/\/lepatriotebenin.com\/index.php\/2026\/03\/13\/27-ans-apres-sa-disparition-le-souvenir-de-monseigneur-isidore-de-souza-toujours-vivace-dans-les-memoires\/\" \/>\n<meta property=\"og:locale\" content=\"fr_FR\" \/>\n<meta property=\"og:type\" content=\"article\" \/>\n<meta property=\"og:title\" content=\"27 ans apr\u00e8s sa disparition : Le souvenir de Monseigneur Isidore De Souza toujours vivace dans les m\u00e9moires - Le Patriote\" \/>\n<meta property=\"og:description\" content=\"Vingt-sept ans apr\u00e8s sa disparition, Isidore de Souza demeure une figure majeure de l\u2019histoire politique contemporaine du B\u00e9nin. Artisan de dialogue et de consensus, l\u2019ancien archev\u00eaque de Cotonou reste associ\u00e9&hellip;\" \/>\n<meta property=\"og:url\" content=\"https:\/\/lepatriotebenin.com\/index.php\/2026\/03\/13\/27-ans-apres-sa-disparition-le-souvenir-de-monseigneur-isidore-de-souza-toujours-vivace-dans-les-memoires\/\" \/>\n<meta property=\"og:site_name\" content=\"Le Patriote\" \/>\n<meta property=\"article:published_time\" content=\"2026-03-13T17:03:31+00:00\" \/>\n<meta property=\"og:image\" content=\"https:\/\/lepatriotebenin.com\/wp-content\/uploads\/2026\/03\/de-souza.webp\" \/>\n\t<meta property=\"og:image:width\" content=\"1200\" \/>\n\t<meta property=\"og:image:height\" content=\"675\" \/>\n\t<meta property=\"og:image:type\" content=\"image\/webp\" \/>\n<meta name=\"author\" content=\"Redaction\" \/>\n<meta name=\"twitter:card\" content=\"summary_large_image\" \/>\n<meta name=\"twitter:label1\" content=\"\u00c9crit par\" \/>\n\t<meta name=\"twitter:data1\" content=\"Redaction\" \/>\n\t<meta name=\"twitter:label2\" content=\"Dur\u00e9e de lecture estim\u00e9e\" \/>\n\t<meta name=\"twitter:data2\" content=\"2 minutes\" \/>\n<script type=\"application\/ld+json\" class=\"yoast-schema-graph\">{\"@context\":\"https:\\\/\\\/schema.org\",\"@graph\":[{\"@type\":\"Article\",\"@id\":\"https:\\\/\\\/lepatriotebenin.com\\\/index.php\\\/2026\\\/03\\\/13\\\/27-ans-apres-sa-disparition-le-souvenir-de-monseigneur-isidore-de-souza-toujours-vivace-dans-les-memoires\\\/#article\",\"isPartOf\":{\"@id\":\"https:\\\/\\\/lepatriotebenin.com\\\/index.php\\\/2026\\\/03\\\/13\\\/27-ans-apres-sa-disparition-le-souvenir-de-monseigneur-isidore-de-souza-toujours-vivace-dans-les-memoires\\\/\"},\"author\":{\"name\":\"Redaction\",\"@id\":\"https:\\\/\\\/lepatriotebenin.com\\\/#\\\/schema\\\/person\\\/2e7709b9c9cc313e452d1136af61690f\"},\"headline\":\"27 ans apr\u00e8s sa disparition : Le souvenir de Monseigneur Isidore De Souza toujours vivace dans les m\u00e9moires\",\"datePublished\":\"2026-03-13T17:03:31+00:00\",\"mainEntityOfPage\":{\"@id\":\"https:\\\/\\\/lepatriotebenin.com\\\/index.php\\\/2026\\\/03\\\/13\\\/27-ans-apres-sa-disparition-le-souvenir-de-monseigneur-isidore-de-souza-toujours-vivace-dans-les-memoires\\\/\"},\"wordCount\":374,\"commentCount\":0,\"image\":{\"@id\":\"https:\\\/\\\/lepatriotebenin.com\\\/index.php\\\/2026\\\/03\\\/13\\\/27-ans-apres-sa-disparition-le-souvenir-de-monseigneur-isidore-de-souza-toujours-vivace-dans-les-memoires\\\/#primaryimage\"},\"thumbnailUrl\":\"https:\\\/\\\/lepatriotebenin.com\\\/wp-content\\\/uploads\\\/2026\\\/03\\\/de-souza.webp\",\"articleSection\":[\"Soci\u00e9t\u00e9\"],\"inLanguage\":\"fr-FR\",\"potentialAction\":[{\"@type\":\"CommentAction\",\"name\":\"Comment\",\"target\":[\"https:\\\/\\\/lepatriotebenin.com\\\/index.php\\\/2026\\\/03\\\/13\\\/27-ans-apres-sa-disparition-le-souvenir-de-monseigneur-isidore-de-souza-toujours-vivace-dans-les-memoires\\\/#respond\"]}]},{\"@type\":\"WebPage\",\"@id\":\"https:\\\/\\\/lepatriotebenin.com\\\/index.php\\\/2026\\\/03\\\/13\\\/27-ans-apres-sa-disparition-le-souvenir-de-monseigneur-isidore-de-souza-toujours-vivace-dans-les-memoires\\\/\",\"url\":\"https:\\\/\\\/lepatriotebenin.com\\\/index.php\\\/2026\\\/03\\\/13\\\/27-ans-apres-sa-disparition-le-souvenir-de-monseigneur-isidore-de-souza-toujours-vivace-dans-les-memoires\\\/\",\"name\":\"27 ans apr\u00e8s sa disparition : Le souvenir de Monseigneur Isidore De Souza toujours vivace dans les m\u00e9moires - Le Patriote\",\"isPartOf\":{\"@id\":\"https:\\\/\\\/lepatriotebenin.com\\\/#website\"},\"primaryImageOfPage\":{\"@id\":\"https:\\\/\\\/lepatriotebenin.com\\\/index.php\\\/2026\\\/03\\\/13\\\/27-ans-apres-sa-disparition-le-souvenir-de-monseigneur-isidore-de-souza-toujours-vivace-dans-les-memoires\\\/#primaryimage\"},\"image\":{\"@id\":\"https:\\\/\\\/lepatriotebenin.com\\\/index.php\\\/2026\\\/03\\\/13\\\/27-ans-apres-sa-disparition-le-souvenir-de-monseigneur-isidore-de-souza-toujours-vivace-dans-les-memoires\\\/#primaryimage\"},\"thumbnailUrl\":\"https:\\\/\\\/lepatriotebenin.com\\\/wp-content\\\/uploads\\\/2026\\\/03\\\/de-souza.webp\",\"datePublished\":\"2026-03-13T17:03:31+00:00\",\"author\":{\"@id\":\"https:\\\/\\\/lepatriotebenin.com\\\/#\\\/schema\\\/person\\\/2e7709b9c9cc313e452d1136af61690f\"},\"breadcrumb\":{\"@id\":\"https:\\\/\\\/lepatriotebenin.com\\\/index.php\\\/2026\\\/03\\\/13\\\/27-ans-apres-sa-disparition-le-souvenir-de-monseigneur-isidore-de-souza-toujours-vivace-dans-les-memoires\\\/#breadcrumb\"},\"inLanguage\":\"fr-FR\",\"potentialAction\":[{\"@type\":\"ReadAction\",\"target\":[\"https:\\\/\\\/lepatriotebenin.com\\\/index.php\\\/2026\\\/03\\\/13\\\/27-ans-apres-sa-disparition-le-souvenir-de-monseigneur-isidore-de-souza-toujours-vivace-dans-les-memoires\\\/\"]}]},{\"@type\":\"ImageObject\",\"inLanguage\":\"fr-FR\",\"@id\":\"https:\\\/\\\/lepatriotebenin.com\\\/index.php\\\/2026\\\/03\\\/13\\\/27-ans-apres-sa-disparition-le-souvenir-de-monseigneur-isidore-de-souza-toujours-vivace-dans-les-memoires\\\/#primaryimage\",\"url\":\"https:\\\/\\\/lepatriotebenin.com\\\/wp-content\\\/uploads\\\/2026\\\/03\\\/de-souza.webp\",\"contentUrl\":\"https:\\\/\\\/lepatriotebenin.com\\\/wp-content\\\/uploads\\\/2026\\\/03\\\/de-souza.webp\",\"width\":1200,\"height\":675},{\"@type\":\"BreadcrumbList\",\"@id\":\"https:\\\/\\\/lepatriotebenin.com\\\/index.php\\\/2026\\\/03\\\/13\\\/27-ans-apres-sa-disparition-le-souvenir-de-monseigneur-isidore-de-souza-toujours-vivace-dans-les-memoires\\\/#breadcrumb\",\"itemListElement\":[{\"@type\":\"ListItem\",\"position\":1,\"name\":\"Accueil\",\"item\":\"https:\\\/\\\/lepatriotebenin.com\\\/\"},{\"@type\":\"ListItem\",\"position\":2,\"name\":\"27 ans apr\u00e8s sa disparition : Le souvenir de Monseigneur Isidore De Souza toujours vivace dans les m\u00e9moires\"}]},{\"@type\":\"WebSite\",\"@id\":\"https:\\\/\\\/lepatriotebenin.com\\\/#website\",\"url\":\"https:\\\/\\\/lepatriotebenin.com\\\/\",\"name\":\"Le Patriote\",\"description\":\"Le Patriote B\u00e9nin\",\"potentialAction\":[{\"@type\":\"SearchAction\",\"target\":{\"@type\":\"EntryPoint\",\"urlTemplate\":\"https:\\\/\\\/lepatriotebenin.com\\\/?s={search_term_string}\"},\"query-input\":{\"@type\":\"PropertyValueSpecification\",\"valueRequired\":true,\"valueName\":\"search_term_string\"}}],\"inLanguage\":\"fr-FR\"},{\"@type\":\"Person\",\"@id\":\"https:\\\/\\\/lepatriotebenin.com\\\/#\\\/schema\\\/person\\\/2e7709b9c9cc313e452d1136af61690f\",\"name\":\"Redaction\",\"image\":{\"@type\":\"ImageObject\",\"inLanguage\":\"fr-FR\",\"@id\":\"https:\\\/\\\/secure.gravatar.com\\\/avatar\\\/c4c509357859ea2ca2cbb6d8812898a73e4ef1ef9934c2e591d7e32face734d1?s=96&d=mm&r=g\",\"url\":\"https:\\\/\\\/secure.gravatar.com\\\/avatar\\\/c4c509357859ea2ca2cbb6d8812898a73e4ef1ef9934c2e591d7e32face734d1?s=96&d=mm&r=g\",\"contentUrl\":\"https:\\\/\\\/secure.gravatar.com\\\/avatar\\\/c4c509357859ea2ca2cbb6d8812898a73e4ef1ef9934c2e591d7e32face734d1?s=96&d=mm&r=g\",\"caption\":\"Redaction\"},\"url\":\"https:\\\/\\\/lepatriotebenin.com\"}]}<\/script>\n<!-- \/ Yoast SEO plugin. -->","yoast_head_json":{"title":"27 ans apr\u00e8s sa disparition : Le souvenir de Monseigneur Isidore De Souza toujours vivace dans les m\u00e9moires - Le Patriote","robots":{"index":"index","follow":"follow","max-snippet":"max-snippet:-1","max-image-preview":"max-image-preview:large","max-video-preview":"max-video-preview:-1"},"canonical":"https:\/\/lepatriotebenin.com\/index.php\/2026\/03\/13\/27-ans-apres-sa-disparition-le-souvenir-de-monseigneur-isidore-de-souza-toujours-vivace-dans-les-memoires\/","og_locale":"fr_FR","og_type":"article","og_title":"27 ans apr\u00e8s sa disparition : Le souvenir de Monseigneur Isidore De Souza toujours vivace dans les m\u00e9moires - Le Patriote","og_description":"Vingt-sept ans apr\u00e8s sa disparition, Isidore de Souza demeure une figure majeure de l\u2019histoire politique contemporaine du B\u00e9nin. Artisan de dialogue et de consensus, l\u2019ancien archev\u00eaque de Cotonou reste associ\u00e9&hellip;","og_url":"https:\/\/lepatriotebenin.com\/index.php\/2026\/03\/13\/27-ans-apres-sa-disparition-le-souvenir-de-monseigneur-isidore-de-souza-toujours-vivace-dans-les-memoires\/","og_site_name":"Le Patriote","article_published_time":"2026-03-13T17:03:31+00:00","og_image":[{"width":1200,"height":675,"url":"https:\/\/lepatriotebenin.com\/wp-content\/uploads\/2026\/03\/de-souza.webp","type":"image\/webp"}],"author":"Redaction","twitter_card":"summary_large_image","twitter_misc":{"\u00c9crit par":"Redaction","Dur\u00e9e de lecture estim\u00e9e":"2 minutes"},"schema":{"@context":"https:\/\/schema.org","@graph":[{"@type":"Article","@id":"https:\/\/lepatriotebenin.com\/index.php\/2026\/03\/13\/27-ans-apres-sa-disparition-le-souvenir-de-monseigneur-isidore-de-souza-toujours-vivace-dans-les-memoires\/#article","isPartOf":{"@id":"https:\/\/lepatriotebenin.com\/index.php\/2026\/03\/13\/27-ans-apres-sa-disparition-le-souvenir-de-monseigneur-isidore-de-souza-toujours-vivace-dans-les-memoires\/"},"author":{"name":"Redaction","@id":"https:\/\/lepatriotebenin.com\/#\/schema\/person\/2e7709b9c9cc313e452d1136af61690f"},"headline":"27 ans apr\u00e8s sa disparition : Le souvenir de Monseigneur Isidore De Souza toujours vivace dans les m\u00e9moires","datePublished":"2026-03-13T17:03:31+00:00","mainEntityOfPage":{"@id":"https:\/\/lepatriotebenin.com\/index.php\/2026\/03\/13\/27-ans-apres-sa-disparition-le-souvenir-de-monseigneur-isidore-de-souza-toujours-vivace-dans-les-memoires\/"},"wordCount":374,"commentCount":0,"image":{"@id":"https:\/\/lepatriotebenin.com\/index.php\/2026\/03\/13\/27-ans-apres-sa-disparition-le-souvenir-de-monseigneur-isidore-de-souza-toujours-vivace-dans-les-memoires\/#primaryimage"},"thumbnailUrl":"https:\/\/lepatriotebenin.com\/wp-content\/uploads\/2026\/03\/de-souza.webp","articleSection":["Soci\u00e9t\u00e9"],"inLanguage":"fr-FR","potentialAction":[{"@type":"CommentAction","name":"Comment","target":["https:\/\/lepatriotebenin.com\/index.php\/2026\/03\/13\/27-ans-apres-sa-disparition-le-souvenir-de-monseigneur-isidore-de-souza-toujours-vivace-dans-les-memoires\/#respond"]}]},{"@type":"WebPage","@id":"https:\/\/lepatriotebenin.com\/index.php\/2026\/03\/13\/27-ans-apres-sa-disparition-le-souvenir-de-monseigneur-isidore-de-souza-toujours-vivace-dans-les-memoires\/","url":"https:\/\/lepatriotebenin.com\/index.php\/2026\/03\/13\/27-ans-apres-sa-disparition-le-souvenir-de-monseigneur-isidore-de-souza-toujours-vivace-dans-les-memoires\/","name":"27 ans apr\u00e8s sa disparition : Le souvenir de Monseigneur Isidore De Souza toujours vivace dans les m\u00e9moires - Le Patriote","isPartOf":{"@id":"https:\/\/lepatriotebenin.com\/#website"},"primaryImageOfPage":{"@id":"https:\/\/lepatriotebenin.com\/index.php\/2026\/03\/13\/27-ans-apres-sa-disparition-le-souvenir-de-monseigneur-isidore-de-souza-toujours-vivace-dans-les-memoires\/#primaryimage"},"image":{"@id":"https:\/\/lepatriotebenin.com\/index.php\/2026\/03\/13\/27-ans-apres-sa-disparition-le-souvenir-de-monseigneur-isidore-de-souza-toujours-vivace-dans-les-memoires\/#primaryimage"},"thumbnailUrl":"https:\/\/lepatriotebenin.com\/wp-content\/uploads\/2026\/03\/de-souza.webp","datePublished":"2026-03-13T17:03:31+00:00","author":{"@id":"https:\/\/lepatriotebenin.com\/#\/schema\/person\/2e7709b9c9cc313e452d1136af61690f"},"breadcrumb":{"@id":"https:\/\/lepatriotebenin.com\/index.php\/2026\/03\/13\/27-ans-apres-sa-disparition-le-souvenir-de-monseigneur-isidore-de-souza-toujours-vivace-dans-les-memoires\/#breadcrumb"},"inLanguage":"fr-FR","potentialAction":[{"@type":"ReadAction","target":["https:\/\/lepatriotebenin.com\/index.php\/2026\/03\/13\/27-ans-apres-sa-disparition-le-souvenir-de-monseigneur-isidore-de-souza-toujours-vivace-dans-les-memoires\/"]}]},{"@type":"ImageObject","inLanguage":"fr-FR","@id":"https:\/\/lepatriotebenin.com\/index.php\/2026\/03\/13\/27-ans-apres-sa-disparition-le-souvenir-de-monseigneur-isidore-de-souza-toujours-vivace-dans-les-memoires\/#primaryimage","url":"https:\/\/lepatriotebenin.com\/wp-content\/uploads\/2026\/03\/de-souza.webp","contentUrl":"https:\/\/lepatriotebenin.com\/wp-content\/uploads\/2026\/03\/de-souza.webp","width":1200,"height":675},{"@type":"BreadcrumbList","@id":"https:\/\/lepatriotebenin.com\/index.php\/2026\/03\/13\/27-ans-apres-sa-disparition-le-souvenir-de-monseigneur-isidore-de-souza-toujours-vivace-dans-les-memoires\/#breadcrumb","itemListElement":[{"@type":"ListItem","position":1,"name":"Accueil","item":"https:\/\/lepatriotebenin.com\/"},{"@type":"ListItem","position":2,"name":"27 ans apr\u00e8s sa disparition : Le souvenir de Monseigneur Isidore De Souza toujours vivace dans les m\u00e9moires"}]},{"@type":"WebSite","@id":"https:\/\/lepatriotebenin.com\/#website","url":"https:\/\/lepatriotebenin.com\/","name":"Le Patriote","description":"Le Patriote B\u00e9nin","potentialAction":[{"@type":"SearchAction","target":{"@type":"EntryPoint","urlTemplate":"https:\/\/lepatriotebenin.com\/?s={search_term_string}"},"query-input":{"@type":"PropertyValueSpecification","valueRequired":true,"valueName":"search_term_string"}}],"inLanguage":"fr-FR"},{"@type":"Person","@id":"https:\/\/lepatriotebenin.com\/#\/schema\/person\/2e7709b9c9cc313e452d1136af61690f","name":"Redaction","image":{"@type":"ImageObject","inLanguage":"fr-FR","@id":"https:\/\/secure.gravatar.com\/avatar\/c4c509357859ea2ca2cbb6d8812898a73e4ef1ef9934c2e591d7e32face734d1?s=96&d=mm&r=g","url":"https:\/\/secure.gravatar.com\/avatar\/c4c509357859ea2ca2cbb6d8812898a73e4ef1ef9934c2e591d7e32face734d1?s=96&d=mm&r=g","contentUrl":"https:\/\/secure.gravatar.com\/avatar\/c4c509357859ea2ca2cbb6d8812898a73e4ef1ef9934c2e591d7e32face734d1?s=96&d=mm&r=g","caption":"Redaction"},"url":"https:\/\/lepatriotebenin.com"}]}},"_links":{"self":[{"href":"https:\/\/lepatriotebenin.com\/index.php\/wp-json\/wp\/v2\/posts\/17776","targetHints":{"allow":["GET"]}}],"collection":[{"href":"https:\/\/lepatriotebenin.com\/index.php\/wp-json\/wp\/v2\/posts"}],"about":[{"href":"https:\/\/lepatriotebenin.com\/index.php\/wp-json\/wp\/v2\/types\/post"}],"author":[{"embeddable":true,"href":"https:\/\/lepatriotebenin.com\/index.php\/wp-json\/wp\/v2\/users\/5"}],"replies":[{"embeddable":true,"href":"https:\/\/lepatriotebenin.com\/index.php\/wp-json\/wp\/v2\/comments?post=17776"}],"version-history":[{"count":1,"href":"https:\/\/lepatriotebenin.com\/index.php\/wp-json\/wp\/v2\/posts\/17776\/revisions"}],"predecessor-version":[{"id":17778,"href":"https:\/\/lepatriotebenin.com\/index.php\/wp-json\/wp\/v2\/posts\/17776\/revisions\/17778"}],"wp:featuredmedia":[{"embeddable":true,"href":"https:\/\/lepatriotebenin.com\/index.php\/wp-json\/wp\/v2\/media\/17777"}],"wp:attachment":[{"href":"https:\/\/lepatriotebenin.com\/index.php\/wp-json\/wp\/v2\/media?parent=17776"}],"wp:term":[{"taxonomy":"category","embeddable":true,"href":"https:\/\/lepatriotebenin.com\/index.php\/wp-json\/wp\/v2\/categories?post=17776"},{"taxonomy":"post_tag","embeddable":true,"href":"https:\/\/lepatriotebenin.com\/index.php\/wp-json\/wp\/v2\/tags?post=17776"}],"curies":[{"name":"wp","href":"https:\/\/api.w.org\/{rel}","templated":true}]}}