{"id":17763,"date":"2026-03-13T04:12:08","date_gmt":"2026-03-13T03:12:08","guid":{"rendered":"https:\/\/lepatriotebenin.com\/?p=17763"},"modified":"2026-03-13T04:12:08","modified_gmt":"2026-03-13T03:12:08","slug":"reprise-de-la-coordination-du-parti-les-democrates-la-seance-de-tous-les-dangers-ce-jour","status":"publish","type":"post","link":"https:\/\/lepatriotebenin.com\/index.php\/2026\/03\/13\/reprise-de-la-coordination-du-parti-les-democrates-la-seance-de-tous-les-dangers-ce-jour\/","title":{"rendered":"Reprise de la coordination du Parti Les D\u00e9mocrates : La s\u00e9ance de tous les dangers, ce jour"},"content":{"rendered":"<p>&nbsp;<\/p>\n<p><em><strong>La session de la coordination nationale du parti Les D\u00e9mocrates suspendue vendredi dernier reprend ce jour 13 Mars 2026. A la veille de la session du vendredi 6 mars, le pr\u00e9sident du parti a d\u00e9pos\u00e9 le tablier pour se consacrer \u00e0\u00a0 Dieu et s&rsquo;occuper de sa sant\u00e9. <\/strong><\/em><\/p>\n<p>Cette d\u00e9cision a pouss\u00e9 les membres de la coordination nationale du parti qui devraient se pencher sur\u00a0 huit points, \u00e0\u00a0 suspendre les travaux pour envoyer une d\u00e9l\u00e9gation \u00e9chang\u00e9e\u00a0 avec le Septuag\u00e9naire de Tchaourrou. Ceci afin de le convaincre\u00a0 pour qu&rsquo;il revienne sur sa d\u00e9cision. Malheureusement, Boni Yayi maintient sa d\u00e9mission malgr\u00e9 les supplications de la d\u00e9l\u00e9gation du parti envoy\u00e9e \u00e0\u00a0 Parakou.<\/p>\n<p>Ce vendredi, la session de la coordination nationale devra donc se prononcer sur deux points majeurs de l&rsquo;ordre du jour \u00e0\u00a0 savoir la position que le parti doit adopter \u00e0\u00a0 l&rsquo;occasion de la pr\u00e9sidentielle de 2026 et la succession du pr\u00e9sident d\u00e9missionnaire, afin d&rsquo;\u00e9viter au parti un total naufrage.<\/p>\n<p>Dans les coulisses, on apprend qu&rsquo;une grande partie des cadres et responsables du parti\u00a0 pense que le parti ferait mieux de soutenir le candidat de la mouvance pour survivre les 7 ann\u00e9es \u00e0\u00a0 venir \u00e9tant donn\u00e9 qu&rsquo;il n&rsquo;a plus d&rsquo;\u00e9lus. Ce camp opte pour le changement de la strat\u00e9gie de lutte pendant que l&rsquo;autre camp, minoritaire pense maintenir le parti\u00a0 dans l&rsquo;opposition \u00e9tant donn\u00e9 que rien de ce pour quoi le parti se bat depuis sa cr\u00e9ation n&rsquo;est encore obtenu. De plus, selon le camp, il vaut mieux rester coh\u00e9rant dans son combat.<\/p>\n<p>Aussi, cette session de la coordination nationale devra-t-elle d\u00e9cider de quand et comment pourvoir le parti d&rsquo;un nouveau pr\u00e9sident apr\u00e8s\u00a0 le d\u00e9part inattendu du docteur Boni Yayi.\u00a0 Sur ce point les avis risquent \u00e9galement de diverger rendant la prise des d\u00e9cisions tr\u00e8s\u00a0 sulfureuse. Pour \u00e9viter \u00e0\u00a0 la baraque de se briser dans cette temp\u00eate, les responsables du parti notamment les deux vices pr\u00e9sidents Eric Hound\u00e9t\u00e9\u00a0 et Nour\u00e9nou Atchad\u00e9, devront la jouer tr\u00e8s finement ce jour et d\u00e9sormais, en attendant le congr\u00e8s pour tout r\u00e9organiser. Mais cette r\u00e9organisation ne pourra \u00eatre possible avant la pr\u00e9sidentielle du 12 Avril 2026 \u00e1 moins de vouloir tout noyer dans la pr\u00e9cipitation et l&rsquo;improvisation.<\/p>\n<p>&nbsp;<\/p>\n<p><strong>Norbert Adjakoun<\/strong><\/p>\n","protected":false},"excerpt":{"rendered":"<p>&nbsp; La session de la coordination nationale du parti Les D\u00e9mocrates suspendue vendredi dernier reprend ce jour 13 Mars 2026. A la veille de la session du vendredi 6 mars,&hellip;<\/p>\n","protected":false},"author":5,"featured_media":17764,"comment_status":"open","ping_status":"open","sticky":false,"template":"","format":"standard","meta":{"content-type":"","om_disable_all_campaigns":false,"_monsterinsights_skip_tracking":false,"_monsterinsights_sitenote_active":false,"_monsterinsights_sitenote_note":"","_monsterinsights_sitenote_category":0,"_uf_show_specific_survey":0,"_uf_disable_surveys":false,"footnotes":""},"categories":[26],"tags":[],"class_list":["post-17763","post","type-post","status-publish","format-standard","has-post-thumbnail","hentry","category-politique"],"aioseo_notices":[],"yoast_head":"<!-- This site is optimized with the Yoast SEO plugin v27.5 - https:\/\/yoast.com\/product\/yoast-seo-wordpress\/ -->\n<title>Reprise de la coordination du Parti Les D\u00e9mocrates : La s\u00e9ance de tous les dangers, ce jour - Le Patriote<\/title>\n<meta name=\"robots\" content=\"index, follow, max-snippet:-1, max-image-preview:large, max-video-preview:-1\" \/>\n<link rel=\"canonical\" href=\"https:\/\/lepatriotebenin.com\/index.php\/2026\/03\/13\/reprise-de-la-coordination-du-parti-les-democrates-la-seance-de-tous-les-dangers-ce-jour\/\" \/>\n<meta property=\"og:locale\" content=\"fr_FR\" \/>\n<meta property=\"og:type\" content=\"article\" \/>\n<meta property=\"og:title\" content=\"Reprise de la coordination du Parti Les D\u00e9mocrates : La s\u00e9ance de tous les dangers, ce jour - Le Patriote\" \/>\n<meta property=\"og:description\" content=\"&nbsp; La session de la coordination nationale du parti Les D\u00e9mocrates suspendue vendredi dernier reprend ce jour 13 Mars 2026. A la veille de la session du vendredi 6 mars,&hellip;\" \/>\n<meta property=\"og:url\" content=\"https:\/\/lepatriotebenin.com\/index.php\/2026\/03\/13\/reprise-de-la-coordination-du-parti-les-democrates-la-seance-de-tous-les-dangers-ce-jour\/\" \/>\n<meta property=\"og:site_name\" content=\"Le Patriote\" \/>\n<meta property=\"article:published_time\" content=\"2026-03-13T03:12:08+00:00\" \/>\n<meta property=\"og:image\" content=\"https:\/\/lepatriotebenin.com\/wp-content\/uploads\/2026\/03\/eric-et-atchade.jpg\" \/>\n\t<meta property=\"og:image:width\" content=\"532\" \/>\n\t<meta property=\"og:image:height\" content=\"239\" \/>\n\t<meta property=\"og:image:type\" content=\"image\/jpeg\" \/>\n<meta name=\"author\" content=\"Redaction\" \/>\n<meta name=\"twitter:card\" content=\"summary_large_image\" \/>\n<meta name=\"twitter:label1\" content=\"\u00c9crit par\" \/>\n\t<meta name=\"twitter:data1\" content=\"Redaction\" \/>\n\t<meta name=\"twitter:label2\" content=\"Dur\u00e9e de lecture estim\u00e9e\" \/>\n\t<meta name=\"twitter:data2\" content=\"3 minutes\" \/>\n<script type=\"application\/ld+json\" class=\"yoast-schema-graph\">{\"@context\":\"https:\\\/\\\/schema.org\",\"@graph\":[{\"@type\":\"Article\",\"@id\":\"https:\\\/\\\/lepatriotebenin.com\\\/index.php\\\/2026\\\/03\\\/13\\\/reprise-de-la-coordination-du-parti-les-democrates-la-seance-de-tous-les-dangers-ce-jour\\\/#article\",\"isPartOf\":{\"@id\":\"https:\\\/\\\/lepatriotebenin.com\\\/index.php\\\/2026\\\/03\\\/13\\\/reprise-de-la-coordination-du-parti-les-democrates-la-seance-de-tous-les-dangers-ce-jour\\\/\"},\"author\":{\"name\":\"Redaction\",\"@id\":\"https:\\\/\\\/lepatriotebenin.com\\\/#\\\/schema\\\/person\\\/2e7709b9c9cc313e452d1136af61690f\"},\"headline\":\"Reprise de la coordination du Parti Les D\u00e9mocrates : La s\u00e9ance de tous les dangers, ce jour\",\"datePublished\":\"2026-03-13T03:12:08+00:00\",\"mainEntityOfPage\":{\"@id\":\"https:\\\/\\\/lepatriotebenin.com\\\/index.php\\\/2026\\\/03\\\/13\\\/reprise-de-la-coordination-du-parti-les-democrates-la-seance-de-tous-les-dangers-ce-jour\\\/\"},\"wordCount\":417,\"commentCount\":0,\"image\":{\"@id\":\"https:\\\/\\\/lepatriotebenin.com\\\/index.php\\\/2026\\\/03\\\/13\\\/reprise-de-la-coordination-du-parti-les-democrates-la-seance-de-tous-les-dangers-ce-jour\\\/#primaryimage\"},\"thumbnailUrl\":\"https:\\\/\\\/lepatriotebenin.com\\\/wp-content\\\/uploads\\\/2026\\\/03\\\/eric-et-atchade.jpg\",\"articleSection\":[\"Politique\"],\"inLanguage\":\"fr-FR\",\"potentialAction\":[{\"@type\":\"CommentAction\",\"name\":\"Comment\",\"target\":[\"https:\\\/\\\/lepatriotebenin.com\\\/index.php\\\/2026\\\/03\\\/13\\\/reprise-de-la-coordination-du-parti-les-democrates-la-seance-de-tous-les-dangers-ce-jour\\\/#respond\"]}]},{\"@type\":\"WebPage\",\"@id\":\"https:\\\/\\\/lepatriotebenin.com\\\/index.php\\\/2026\\\/03\\\/13\\\/reprise-de-la-coordination-du-parti-les-democrates-la-seance-de-tous-les-dangers-ce-jour\\\/\",\"url\":\"https:\\\/\\\/lepatriotebenin.com\\\/index.php\\\/2026\\\/03\\\/13\\\/reprise-de-la-coordination-du-parti-les-democrates-la-seance-de-tous-les-dangers-ce-jour\\\/\",\"name\":\"Reprise de la coordination du Parti Les D\u00e9mocrates : La s\u00e9ance de tous les dangers, ce jour - Le Patriote\",\"isPartOf\":{\"@id\":\"https:\\\/\\\/lepatriotebenin.com\\\/#website\"},\"primaryImageOfPage\":{\"@id\":\"https:\\\/\\\/lepatriotebenin.com\\\/index.php\\\/2026\\\/03\\\/13\\\/reprise-de-la-coordination-du-parti-les-democrates-la-seance-de-tous-les-dangers-ce-jour\\\/#primaryimage\"},\"image\":{\"@id\":\"https:\\\/\\\/lepatriotebenin.com\\\/index.php\\\/2026\\\/03\\\/13\\\/reprise-de-la-coordination-du-parti-les-democrates-la-seance-de-tous-les-dangers-ce-jour\\\/#primaryimage\"},\"thumbnailUrl\":\"https:\\\/\\\/lepatriotebenin.com\\\/wp-content\\\/uploads\\\/2026\\\/03\\\/eric-et-atchade.jpg\",\"datePublished\":\"2026-03-13T03:12:08+00:00\",\"author\":{\"@id\":\"https:\\\/\\\/lepatriotebenin.com\\\/#\\\/schema\\\/person\\\/2e7709b9c9cc313e452d1136af61690f\"},\"breadcrumb\":{\"@id\":\"https:\\\/\\\/lepatriotebenin.com\\\/index.php\\\/2026\\\/03\\\/13\\\/reprise-de-la-coordination-du-parti-les-democrates-la-seance-de-tous-les-dangers-ce-jour\\\/#breadcrumb\"},\"inLanguage\":\"fr-FR\",\"potentialAction\":[{\"@type\":\"ReadAction\",\"target\":[\"https:\\\/\\\/lepatriotebenin.com\\\/index.php\\\/2026\\\/03\\\/13\\\/reprise-de-la-coordination-du-parti-les-democrates-la-seance-de-tous-les-dangers-ce-jour\\\/\"]}]},{\"@type\":\"ImageObject\",\"inLanguage\":\"fr-FR\",\"@id\":\"https:\\\/\\\/lepatriotebenin.com\\\/index.php\\\/2026\\\/03\\\/13\\\/reprise-de-la-coordination-du-parti-les-democrates-la-seance-de-tous-les-dangers-ce-jour\\\/#primaryimage\",\"url\":\"https:\\\/\\\/lepatriotebenin.com\\\/wp-content\\\/uploads\\\/2026\\\/03\\\/eric-et-atchade.jpg\",\"contentUrl\":\"https:\\\/\\\/lepatriotebenin.com\\\/wp-content\\\/uploads\\\/2026\\\/03\\\/eric-et-atchade.jpg\",\"width\":532,\"height\":239},{\"@type\":\"BreadcrumbList\",\"@id\":\"https:\\\/\\\/lepatriotebenin.com\\\/index.php\\\/2026\\\/03\\\/13\\\/reprise-de-la-coordination-du-parti-les-democrates-la-seance-de-tous-les-dangers-ce-jour\\\/#breadcrumb\",\"itemListElement\":[{\"@type\":\"ListItem\",\"position\":1,\"name\":\"Accueil\",\"item\":\"https:\\\/\\\/lepatriotebenin.com\\\/\"},{\"@type\":\"ListItem\",\"position\":2,\"name\":\"Reprise de la coordination du Parti Les D\u00e9mocrates : La s\u00e9ance de tous les dangers, ce jour\"}]},{\"@type\":\"WebSite\",\"@id\":\"https:\\\/\\\/lepatriotebenin.com\\\/#website\",\"url\":\"https:\\\/\\\/lepatriotebenin.com\\\/\",\"name\":\"Le Patriote\",\"description\":\"Le Patriote B\u00e9nin\",\"potentialAction\":[{\"@type\":\"SearchAction\",\"target\":{\"@type\":\"EntryPoint\",\"urlTemplate\":\"https:\\\/\\\/lepatriotebenin.com\\\/?s={search_term_string}\"},\"query-input\":{\"@type\":\"PropertyValueSpecification\",\"valueRequired\":true,\"valueName\":\"search_term_string\"}}],\"inLanguage\":\"fr-FR\"},{\"@type\":\"Person\",\"@id\":\"https:\\\/\\\/lepatriotebenin.com\\\/#\\\/schema\\\/person\\\/2e7709b9c9cc313e452d1136af61690f\",\"name\":\"Redaction\",\"image\":{\"@type\":\"ImageObject\",\"inLanguage\":\"fr-FR\",\"@id\":\"https:\\\/\\\/secure.gravatar.com\\\/avatar\\\/c4c509357859ea2ca2cbb6d8812898a73e4ef1ef9934c2e591d7e32face734d1?s=96&d=mm&r=g\",\"url\":\"https:\\\/\\\/secure.gravatar.com\\\/avatar\\\/c4c509357859ea2ca2cbb6d8812898a73e4ef1ef9934c2e591d7e32face734d1?s=96&d=mm&r=g\",\"contentUrl\":\"https:\\\/\\\/secure.gravatar.com\\\/avatar\\\/c4c509357859ea2ca2cbb6d8812898a73e4ef1ef9934c2e591d7e32face734d1?s=96&d=mm&r=g\",\"caption\":\"Redaction\"},\"url\":\"https:\\\/\\\/lepatriotebenin.com\"}]}<\/script>\n<!-- \/ Yoast SEO plugin. -->","yoast_head_json":{"title":"Reprise de la coordination du Parti Les D\u00e9mocrates : La s\u00e9ance de tous les dangers, ce jour - Le Patriote","robots":{"index":"index","follow":"follow","max-snippet":"max-snippet:-1","max-image-preview":"max-image-preview:large","max-video-preview":"max-video-preview:-1"},"canonical":"https:\/\/lepatriotebenin.com\/index.php\/2026\/03\/13\/reprise-de-la-coordination-du-parti-les-democrates-la-seance-de-tous-les-dangers-ce-jour\/","og_locale":"fr_FR","og_type":"article","og_title":"Reprise de la coordination du Parti Les D\u00e9mocrates : La s\u00e9ance de tous les dangers, ce jour - Le Patriote","og_description":"&nbsp; La session de la coordination nationale du parti Les D\u00e9mocrates suspendue vendredi dernier reprend ce jour 13 Mars 2026. A la veille de la session du vendredi 6 mars,&hellip;","og_url":"https:\/\/lepatriotebenin.com\/index.php\/2026\/03\/13\/reprise-de-la-coordination-du-parti-les-democrates-la-seance-de-tous-les-dangers-ce-jour\/","og_site_name":"Le Patriote","article_published_time":"2026-03-13T03:12:08+00:00","og_image":[{"width":532,"height":239,"url":"https:\/\/lepatriotebenin.com\/wp-content\/uploads\/2026\/03\/eric-et-atchade.jpg","type":"image\/jpeg"}],"author":"Redaction","twitter_card":"summary_large_image","twitter_misc":{"\u00c9crit par":"Redaction","Dur\u00e9e de lecture estim\u00e9e":"3 minutes"},"schema":{"@context":"https:\/\/schema.org","@graph":[{"@type":"Article","@id":"https:\/\/lepatriotebenin.com\/index.php\/2026\/03\/13\/reprise-de-la-coordination-du-parti-les-democrates-la-seance-de-tous-les-dangers-ce-jour\/#article","isPartOf":{"@id":"https:\/\/lepatriotebenin.com\/index.php\/2026\/03\/13\/reprise-de-la-coordination-du-parti-les-democrates-la-seance-de-tous-les-dangers-ce-jour\/"},"author":{"name":"Redaction","@id":"https:\/\/lepatriotebenin.com\/#\/schema\/person\/2e7709b9c9cc313e452d1136af61690f"},"headline":"Reprise de la coordination du Parti Les D\u00e9mocrates : La s\u00e9ance de tous les dangers, ce jour","datePublished":"2026-03-13T03:12:08+00:00","mainEntityOfPage":{"@id":"https:\/\/lepatriotebenin.com\/index.php\/2026\/03\/13\/reprise-de-la-coordination-du-parti-les-democrates-la-seance-de-tous-les-dangers-ce-jour\/"},"wordCount":417,"commentCount":0,"image":{"@id":"https:\/\/lepatriotebenin.com\/index.php\/2026\/03\/13\/reprise-de-la-coordination-du-parti-les-democrates-la-seance-de-tous-les-dangers-ce-jour\/#primaryimage"},"thumbnailUrl":"https:\/\/lepatriotebenin.com\/wp-content\/uploads\/2026\/03\/eric-et-atchade.jpg","articleSection":["Politique"],"inLanguage":"fr-FR","potentialAction":[{"@type":"CommentAction","name":"Comment","target":["https:\/\/lepatriotebenin.com\/index.php\/2026\/03\/13\/reprise-de-la-coordination-du-parti-les-democrates-la-seance-de-tous-les-dangers-ce-jour\/#respond"]}]},{"@type":"WebPage","@id":"https:\/\/lepatriotebenin.com\/index.php\/2026\/03\/13\/reprise-de-la-coordination-du-parti-les-democrates-la-seance-de-tous-les-dangers-ce-jour\/","url":"https:\/\/lepatriotebenin.com\/index.php\/2026\/03\/13\/reprise-de-la-coordination-du-parti-les-democrates-la-seance-de-tous-les-dangers-ce-jour\/","name":"Reprise de la coordination du Parti Les D\u00e9mocrates : La s\u00e9ance de tous les dangers, ce jour - Le Patriote","isPartOf":{"@id":"https:\/\/lepatriotebenin.com\/#website"},"primaryImageOfPage":{"@id":"https:\/\/lepatriotebenin.com\/index.php\/2026\/03\/13\/reprise-de-la-coordination-du-parti-les-democrates-la-seance-de-tous-les-dangers-ce-jour\/#primaryimage"},"image":{"@id":"https:\/\/lepatriotebenin.com\/index.php\/2026\/03\/13\/reprise-de-la-coordination-du-parti-les-democrates-la-seance-de-tous-les-dangers-ce-jour\/#primaryimage"},"thumbnailUrl":"https:\/\/lepatriotebenin.com\/wp-content\/uploads\/2026\/03\/eric-et-atchade.jpg","datePublished":"2026-03-13T03:12:08+00:00","author":{"@id":"https:\/\/lepatriotebenin.com\/#\/schema\/person\/2e7709b9c9cc313e452d1136af61690f"},"breadcrumb":{"@id":"https:\/\/lepatriotebenin.com\/index.php\/2026\/03\/13\/reprise-de-la-coordination-du-parti-les-democrates-la-seance-de-tous-les-dangers-ce-jour\/#breadcrumb"},"inLanguage":"fr-FR","potentialAction":[{"@type":"ReadAction","target":["https:\/\/lepatriotebenin.com\/index.php\/2026\/03\/13\/reprise-de-la-coordination-du-parti-les-democrates-la-seance-de-tous-les-dangers-ce-jour\/"]}]},{"@type":"ImageObject","inLanguage":"fr-FR","@id":"https:\/\/lepatriotebenin.com\/index.php\/2026\/03\/13\/reprise-de-la-coordination-du-parti-les-democrates-la-seance-de-tous-les-dangers-ce-jour\/#primaryimage","url":"https:\/\/lepatriotebenin.com\/wp-content\/uploads\/2026\/03\/eric-et-atchade.jpg","contentUrl":"https:\/\/lepatriotebenin.com\/wp-content\/uploads\/2026\/03\/eric-et-atchade.jpg","width":532,"height":239},{"@type":"BreadcrumbList","@id":"https:\/\/lepatriotebenin.com\/index.php\/2026\/03\/13\/reprise-de-la-coordination-du-parti-les-democrates-la-seance-de-tous-les-dangers-ce-jour\/#breadcrumb","itemListElement":[{"@type":"ListItem","position":1,"name":"Accueil","item":"https:\/\/lepatriotebenin.com\/"},{"@type":"ListItem","position":2,"name":"Reprise de la coordination du Parti Les D\u00e9mocrates : La s\u00e9ance de tous les dangers, ce jour"}]},{"@type":"WebSite","@id":"https:\/\/lepatriotebenin.com\/#website","url":"https:\/\/lepatriotebenin.com\/","name":"Le Patriote","description":"Le Patriote B\u00e9nin","potentialAction":[{"@type":"SearchAction","target":{"@type":"EntryPoint","urlTemplate":"https:\/\/lepatriotebenin.com\/?s={search_term_string}"},"query-input":{"@type":"PropertyValueSpecification","valueRequired":true,"valueName":"search_term_string"}}],"inLanguage":"fr-FR"},{"@type":"Person","@id":"https:\/\/lepatriotebenin.com\/#\/schema\/person\/2e7709b9c9cc313e452d1136af61690f","name":"Redaction","image":{"@type":"ImageObject","inLanguage":"fr-FR","@id":"https:\/\/secure.gravatar.com\/avatar\/c4c509357859ea2ca2cbb6d8812898a73e4ef1ef9934c2e591d7e32face734d1?s=96&d=mm&r=g","url":"https:\/\/secure.gravatar.com\/avatar\/c4c509357859ea2ca2cbb6d8812898a73e4ef1ef9934c2e591d7e32face734d1?s=96&d=mm&r=g","contentUrl":"https:\/\/secure.gravatar.com\/avatar\/c4c509357859ea2ca2cbb6d8812898a73e4ef1ef9934c2e591d7e32face734d1?s=96&d=mm&r=g","caption":"Redaction"},"url":"https:\/\/lepatriotebenin.com"}]}},"_links":{"self":[{"href":"https:\/\/lepatriotebenin.com\/index.php\/wp-json\/wp\/v2\/posts\/17763","targetHints":{"allow":["GET"]}}],"collection":[{"href":"https:\/\/lepatriotebenin.com\/index.php\/wp-json\/wp\/v2\/posts"}],"about":[{"href":"https:\/\/lepatriotebenin.com\/index.php\/wp-json\/wp\/v2\/types\/post"}],"author":[{"embeddable":true,"href":"https:\/\/lepatriotebenin.com\/index.php\/wp-json\/wp\/v2\/users\/5"}],"replies":[{"embeddable":true,"href":"https:\/\/lepatriotebenin.com\/index.php\/wp-json\/wp\/v2\/comments?post=17763"}],"version-history":[{"count":1,"href":"https:\/\/lepatriotebenin.com\/index.php\/wp-json\/wp\/v2\/posts\/17763\/revisions"}],"predecessor-version":[{"id":17765,"href":"https:\/\/lepatriotebenin.com\/index.php\/wp-json\/wp\/v2\/posts\/17763\/revisions\/17765"}],"wp:featuredmedia":[{"embeddable":true,"href":"https:\/\/lepatriotebenin.com\/index.php\/wp-json\/wp\/v2\/media\/17764"}],"wp:attachment":[{"href":"https:\/\/lepatriotebenin.com\/index.php\/wp-json\/wp\/v2\/media?parent=17763"}],"wp:term":[{"taxonomy":"category","embeddable":true,"href":"https:\/\/lepatriotebenin.com\/index.php\/wp-json\/wp\/v2\/categories?post=17763"},{"taxonomy":"post_tag","embeddable":true,"href":"https:\/\/lepatriotebenin.com\/index.php\/wp-json\/wp\/v2\/tags?post=17763"}],"curies":[{"name":"wp","href":"https:\/\/api.w.org\/{rel}","templated":true}]}}