{"id":17725,"date":"2026-03-11T01:58:04","date_gmt":"2026-03-11T00:58:04","guid":{"rendered":"https:\/\/lepatriotebenin.com\/?p=17725"},"modified":"2026-03-11T01:58:04","modified_gmt":"2026-03-11T00:58:04","slug":"vague-de-critiques-contre-yayi-et-les-democrates-le-ver-nest-pas-dans-le-fruit","status":"publish","type":"post","link":"https:\/\/lepatriotebenin.com\/index.php\/2026\/03\/11\/vague-de-critiques-contre-yayi-et-les-democrates-le-ver-nest-pas-dans-le-fruit\/","title":{"rendered":"Vague de critiques contre Yayi et Les D\u00e9mocrates : Le  ver n\u2019est pas dans le fruit"},"content":{"rendered":"<p><em><strong>Au Congr\u00e8s\u00a0 de Parakou les 13, 14 et 15\u00a0 Octobre 2023, les militants du parti Les D\u00e9mocrates ont port\u00e9 \u00e0\u00a0 la t\u00eate\u00a0 de leur formation politique l&rsquo;ancien pr\u00e9sident de la R\u00e9publique, le docteur Boni Yayi alors pr\u00e9sident d&rsquo;honneur de ce groupe politique. Le peuple b\u00e9ninois a pouss\u00e9 un ouf de soulagement parce qu&rsquo;il craignait pour le parti le destin des Forces Cauris pour un B\u00e9nin \u00c9mergent (Fcbe). En portant \u00e0\u00a0 la t\u00eate\u00a0 du parti le\u00a0 septuag\u00e9naire de Tchaourou, le parti visait au moins trois objectifs. S\u00e9curiser le parti, prot\u00e9ger le pr\u00e9d\u00e9cesseur du nouveau pr\u00e9sident et profiter de la grande aura de Boni Yayi pour r\u00e9ussir sa marche vers la conqu\u00eate du pouvoir.<\/strong><\/em><\/p>\n<p>Trois ans apr\u00e8s\u00a0 ce congr\u00e8s dont les \u00e9chos ont r\u00e9sonn\u00e9 au-del\u00e0 des fronti\u00e8res b\u00e9ninoises, quel bilan convient-il de retenir ?<\/p>\n<p>La peur a gagn\u00e9 le rang de la mouvance pr\u00e9sidentielle\u00a0 et les sommeils ont \u00e9t\u00e9 perturb\u00e9s d\u00e8s les premi\u00e8res heures de l&rsquo;\u00e9lection de Boni Yayi pl\u00e9biscit\u00e9 \u00e0 \u00a0la t\u00eate\u00a0 du parti\u00a0 Les D\u00e9mocrates. La conviction du nouveau pr\u00e9sident du parti soutenue par sa grande et forte foi chr\u00e9tienne et surtout son amour pour son pays le positionne comme l&rsquo;une des plus grandes menaces au r\u00e9gime de la Rupture qui, depuis 2016 faisait des victimes sur tous les plans \u00e0 travers ses r\u00e9formes.\u00a0 Boni Yayi en personne en a \u00e9t\u00e9 victime pour avoir \u00e9t\u00e9 enferm\u00e9 chez lui pendant 52 jours, en 2019. Malgr\u00e9 son rang d&rsquo;ancien pr\u00e9sident du B\u00e9nin, le docteur Boni Yayi a subi les pires humiliations parce qu&rsquo;il\u00a0 refuse de\u00a0 voir ses compatriotes perdre leur travail, et\/ou leur commerce, s&rsquo;exiler ou se retrouver en prison pour leur position politique. L&rsquo;ancien pr\u00e9sident s&rsquo;opposant \u00e0\u00a0 des \u00e9lections exclusives et \u00e0\u00a0 la d\u00e9molition de l&rsquo;\u00e9difice d\u00e9mocratique du pays a attir\u00e9 la col\u00e8re\u00a0 de la rupture.<\/p>\n<p>A la t\u00eate\u00a0 des LD, Boni Yayi s&rsquo;est alors donn\u00e9 comme objectifs de pr\u00e9server\u00a0 et consolider les efforts de son pr\u00e9d\u00e9cesseur, l&rsquo;honorable \u00c9ric Hound\u00e9t\u00e9, unifier davantage le parti, s\u00e9curiser les 28 d\u00e9put\u00e9s dont le parti a \u00e9t\u00e9 cr\u00e9dit\u00e9 aux l\u00e9gislatives du 8 janvier 2023 et surtout conduire l&rsquo;opposition \u00e0\u00a0 une alternative au sommet de l&rsquo;\u00c9tat pour lib\u00e9rer le B\u00e9nin et son peuple.<\/p>\n<p>A l&rsquo;Assembl\u00e9e Nationale et sous le leadership du pr\u00e9sident Boni Yayi, le groupe parlementaire Les D\u00e9mocrates, pr\u00e9sid\u00e9 par l&rsquo;honorable Nour\u00e9nou Atchad\u00e9 a donn\u00e9 de l&rsquo;insomnie au r\u00e9gime qui refuse de travailler pour le peuple mais pour pr\u00e9server des int\u00e9r\u00eats et surtout r\u00e9duire toutes les voix discordantes au silence.<\/p>\n<p>Pendant 3 ans, il n&rsquo;y a pas de semaine o\u00f9 le parti n&rsquo;est en activit\u00e9 quelque part sur le territoire b\u00e9ninois et m\u00eame\u00a0 \u00e0\u00a0 l&rsquo;international.<\/p>\n<p>Des s\u00e9ances entre le pr\u00e9sident et les d\u00e9put\u00e9s, les cadres du parti, les responsables du parti, les responsables d&rsquo;autres formations politiques, les groupements des corps de m\u00e9tiers etc. se sont multipli\u00e9s \u00e0\u00a0 Cadjehoun, au si\u00e8ge du parti \u00e0\u00a0 Fifadji \u00e0\u00a0 Cotonou etc. En 3 ans, le pr\u00e9sident Boni Yayi a organis\u00e9 avec son parti des dizaines de g\u00e9ants meetings qui ont traumatis\u00e9 le pouvoir en place au point d&rsquo;interdire des activit\u00e9s politiques sans au pr\u00e9alable\u00a0 une autorisation\u00a0 sign\u00e9e des autorit\u00e9s locales. Plusieurs activit\u00e9s m\u00eame\u00a0 autoris\u00e9es des LD ont \u00e9t\u00e9, alors, entre 2025 et 2026 r\u00e9prim\u00e9es par les forces de l&rsquo;ordre. Mais le pr\u00e9sident Boni Yayi n&rsquo;a pas fl\u00e9chi. Plusieurs militants LD\u00a0 se sont retrouv\u00e9s en prison pour leur opinion.<\/p>\n<p>Tout a \u00e9t\u00e9\u00a0 mis en place et mis en \u0153uvre pour d\u00e9stabiliser le parti mais Boni Yayi est rest\u00e9 \u00e9gal \u00e0\u00a0 lui-m\u00eame convaincu que le parti lib\u00e8rera le B\u00e9nin et son\u00a0 au terme des \u00e9lections g\u00e9n\u00e9rales de 2026. Pendant sa pr\u00e9sidence, la minorit\u00e9 parlementaire repr\u00e9sent\u00e9e par les D\u00e9mocrates a adress\u00e9 pr\u00e8s de 100 interpellations au gouvernement sans r\u00e9ponses \u00e9videntes. Moins d&rsquo;un cinqui\u00e8me de ces interpellations a re\u00e7u des r\u00e9ponses du gouvernement qui se pr\u00e9occupait plus, en r\u00e9alit\u00e9, de la r\u00e9vision de la constitution et des mesures devant \u00e9carter l&rsquo;opposition de toutes les \u00e9lections en 2026.<\/p>\n<p>D&rsquo;ailleurs, tout portait \u00e0\u00a0 croire qu&rsquo;apr\u00e8s\u00a0 les l\u00e9gislatives de 2023 et surtout d\u00e8s l&rsquo;arriv\u00e9e de Boni Yayi \u00e0\u00a0 la t\u00eate\u00a0 de ce parti, le seul programme d&rsquo;action qu&rsquo;a d\u00e9roul\u00e9 la rupture est d&rsquo;enterrer les LD et forcer Boni Yayi \u00e0 la retraite politique apr\u00e8s lui avoir fait porter le chapeau de tous les maux que cette rupture aura fait souffrir aux LD.<\/p>\n<p>Le plan semble march\u00e9 car depuis octobre 2025. Le parti et son pr\u00e9sident sont en proie \u00e0\u00a0 des attaques, menaces, manipulations et autres mesures visant \u00e0\u00a0 broyer l&rsquo;opposition. Exclu de la pr\u00e9sidentielle et des communales Boni Yayi n&rsquo;a pas abandonn\u00e9 le combat et malgr\u00e9 le code \u00e9lectoral exclusif, il va aux l\u00e9gislatives du 11 Janvier 2026 avec son parti pour \u00e9prouver le r\u00e9gime. Au finish, il r\u00e9ussit \u00e0\u00a0 prouver que le r\u00e9gime ne veut plus de la d\u00e9mocratie mais plut\u00f4t travaille pour un retour au parti unique.<\/p>\n<p>Boni Yayi d\u00e9missionne de la t\u00eate\u00a0 du parti le 4 mars 2026 pour s&rsquo;occuper de sa sant\u00e9, mais sa formation politique rejette la d\u00e9mission.<\/p>\n<p>Quelle preuve de plus pour reconnaitre le travail et l&rsquo;importance de ce dernier gr\u00e2ce \u00e0\u00a0 qui, le parti est rest\u00e9 debout malgr\u00e9 les temp\u00eates ?<\/p>\n<p>Au terme des l\u00e9gislatives\u00a0 de 2026, les D\u00e9mocrates sont sortis sans \u00e9lu avec des frustr\u00e9s, des d\u00e9courag\u00e9s des d\u00e9motiv\u00e9s, des d\u00e9sesp\u00e9r\u00e9s, mais continue d&rsquo;exister et se r\u00e9organise pour l&rsquo;atteinte de ses objectifs, \u00e0 savoir conqu\u00e9rir et g\u00e9rer le pouvoir pour la lib\u00e9ration et la prosp\u00e9rit\u00e9 du Benin et son peuple.<\/p>\n<p>Il fallait le pr\u00e9sident Boni Yayi soutenu par ses vices pr\u00e9sidents, \u00e0\u00a0 la t\u00eate de ce parti de l&rsquo;opposition, pour arriver \u00e0\u00a0 ces r\u00e9sultats.<\/p>\n","protected":false},"excerpt":{"rendered":"<p>Au Congr\u00e8s\u00a0 de Parakou les 13, 14 et 15\u00a0 Octobre 2023, les militants du parti Les D\u00e9mocrates ont port\u00e9 \u00e0\u00a0 la t\u00eate\u00a0 de leur formation politique l&rsquo;ancien pr\u00e9sident de la&hellip;<\/p>\n","protected":false},"author":12,"featured_media":17570,"comment_status":"open","ping_status":"open","sticky":false,"template":"","format":"standard","meta":{"content-type":"","om_disable_all_campaigns":false,"_monsterinsights_skip_tracking":false,"_monsterinsights_sitenote_active":false,"_monsterinsights_sitenote_note":"","_monsterinsights_sitenote_category":0,"_uf_show_specific_survey":0,"_uf_disable_surveys":false,"footnotes":""},"categories":[26],"tags":[],"class_list":["post-17725","post","type-post","status-publish","format-standard","has-post-thumbnail","hentry","category-politique"],"aioseo_notices":[],"yoast_head":"<!-- This site is optimized with the Yoast SEO plugin v27.5 - https:\/\/yoast.com\/product\/yoast-seo-wordpress\/ -->\n<title>Vague de critiques contre Yayi et Les D\u00e9mocrates : Le ver n\u2019est pas dans le fruit - Le Patriote<\/title>\n<meta name=\"robots\" content=\"index, follow, max-snippet:-1, max-image-preview:large, max-video-preview:-1\" \/>\n<link rel=\"canonical\" href=\"https:\/\/lepatriotebenin.com\/index.php\/2026\/03\/11\/vague-de-critiques-contre-yayi-et-les-democrates-le-ver-nest-pas-dans-le-fruit\/\" \/>\n<meta property=\"og:locale\" content=\"fr_FR\" \/>\n<meta property=\"og:type\" content=\"article\" \/>\n<meta property=\"og:title\" content=\"Vague de critiques contre Yayi et Les D\u00e9mocrates : Le ver n\u2019est pas dans le fruit - Le Patriote\" \/>\n<meta property=\"og:description\" content=\"Au Congr\u00e8s\u00a0 de Parakou les 13, 14 et 15\u00a0 Octobre 2023, les militants du parti Les D\u00e9mocrates ont port\u00e9 \u00e0\u00a0 la t\u00eate\u00a0 de leur formation politique l&rsquo;ancien pr\u00e9sident de la&hellip;\" \/>\n<meta property=\"og:url\" content=\"https:\/\/lepatriotebenin.com\/index.php\/2026\/03\/11\/vague-de-critiques-contre-yayi-et-les-democrates-le-ver-nest-pas-dans-le-fruit\/\" \/>\n<meta property=\"og:site_name\" content=\"Le Patriote\" \/>\n<meta property=\"article:published_time\" content=\"2026-03-11T00:58:04+00:00\" \/>\n<meta property=\"og:image\" content=\"https:\/\/lepatriotebenin.com\/wp-content\/uploads\/2026\/03\/boni-yayi.jpg\" \/>\n\t<meta property=\"og:image:width\" content=\"863\" \/>\n\t<meta property=\"og:image:height\" content=\"486\" \/>\n\t<meta property=\"og:image:type\" content=\"image\/jpeg\" \/>\n<meta name=\"author\" content=\"Comlan Paul ODAH\" \/>\n<meta name=\"twitter:card\" content=\"summary_large_image\" \/>\n<meta name=\"twitter:label1\" content=\"\u00c9crit par\" \/>\n\t<meta name=\"twitter:data1\" content=\"Comlan Paul ODAH\" \/>\n\t<meta name=\"twitter:label2\" content=\"Dur\u00e9e de lecture estim\u00e9e\" \/>\n\t<meta name=\"twitter:data2\" content=\"5 minutes\" \/>\n<script type=\"application\/ld+json\" class=\"yoast-schema-graph\">{\"@context\":\"https:\\\/\\\/schema.org\",\"@graph\":[{\"@type\":\"Article\",\"@id\":\"https:\\\/\\\/lepatriotebenin.com\\\/index.php\\\/2026\\\/03\\\/11\\\/vague-de-critiques-contre-yayi-et-les-democrates-le-ver-nest-pas-dans-le-fruit\\\/#article\",\"isPartOf\":{\"@id\":\"https:\\\/\\\/lepatriotebenin.com\\\/index.php\\\/2026\\\/03\\\/11\\\/vague-de-critiques-contre-yayi-et-les-democrates-le-ver-nest-pas-dans-le-fruit\\\/\"},\"author\":{\"name\":\"Comlan Paul ODAH\",\"@id\":\"https:\\\/\\\/lepatriotebenin.com\\\/#\\\/schema\\\/person\\\/6486fa44ec286eee49816deb241bcbbf\"},\"headline\":\"Vague de critiques contre Yayi et Les D\u00e9mocrates : Le ver n\u2019est pas dans le fruit\",\"datePublished\":\"2026-03-11T00:58:04+00:00\",\"mainEntityOfPage\":{\"@id\":\"https:\\\/\\\/lepatriotebenin.com\\\/index.php\\\/2026\\\/03\\\/11\\\/vague-de-critiques-contre-yayi-et-les-democrates-le-ver-nest-pas-dans-le-fruit\\\/\"},\"wordCount\":1067,\"commentCount\":0,\"image\":{\"@id\":\"https:\\\/\\\/lepatriotebenin.com\\\/index.php\\\/2026\\\/03\\\/11\\\/vague-de-critiques-contre-yayi-et-les-democrates-le-ver-nest-pas-dans-le-fruit\\\/#primaryimage\"},\"thumbnailUrl\":\"https:\\\/\\\/lepatriotebenin.com\\\/wp-content\\\/uploads\\\/2026\\\/03\\\/boni-yayi.jpg\",\"articleSection\":[\"Politique\"],\"inLanguage\":\"fr-FR\",\"potentialAction\":[{\"@type\":\"CommentAction\",\"name\":\"Comment\",\"target\":[\"https:\\\/\\\/lepatriotebenin.com\\\/index.php\\\/2026\\\/03\\\/11\\\/vague-de-critiques-contre-yayi-et-les-democrates-le-ver-nest-pas-dans-le-fruit\\\/#respond\"]}]},{\"@type\":\"WebPage\",\"@id\":\"https:\\\/\\\/lepatriotebenin.com\\\/index.php\\\/2026\\\/03\\\/11\\\/vague-de-critiques-contre-yayi-et-les-democrates-le-ver-nest-pas-dans-le-fruit\\\/\",\"url\":\"https:\\\/\\\/lepatriotebenin.com\\\/index.php\\\/2026\\\/03\\\/11\\\/vague-de-critiques-contre-yayi-et-les-democrates-le-ver-nest-pas-dans-le-fruit\\\/\",\"name\":\"Vague de critiques contre Yayi et Les D\u00e9mocrates : Le ver n\u2019est pas dans le fruit - Le Patriote\",\"isPartOf\":{\"@id\":\"https:\\\/\\\/lepatriotebenin.com\\\/#website\"},\"primaryImageOfPage\":{\"@id\":\"https:\\\/\\\/lepatriotebenin.com\\\/index.php\\\/2026\\\/03\\\/11\\\/vague-de-critiques-contre-yayi-et-les-democrates-le-ver-nest-pas-dans-le-fruit\\\/#primaryimage\"},\"image\":{\"@id\":\"https:\\\/\\\/lepatriotebenin.com\\\/index.php\\\/2026\\\/03\\\/11\\\/vague-de-critiques-contre-yayi-et-les-democrates-le-ver-nest-pas-dans-le-fruit\\\/#primaryimage\"},\"thumbnailUrl\":\"https:\\\/\\\/lepatriotebenin.com\\\/wp-content\\\/uploads\\\/2026\\\/03\\\/boni-yayi.jpg\",\"datePublished\":\"2026-03-11T00:58:04+00:00\",\"author\":{\"@id\":\"https:\\\/\\\/lepatriotebenin.com\\\/#\\\/schema\\\/person\\\/6486fa44ec286eee49816deb241bcbbf\"},\"breadcrumb\":{\"@id\":\"https:\\\/\\\/lepatriotebenin.com\\\/index.php\\\/2026\\\/03\\\/11\\\/vague-de-critiques-contre-yayi-et-les-democrates-le-ver-nest-pas-dans-le-fruit\\\/#breadcrumb\"},\"inLanguage\":\"fr-FR\",\"potentialAction\":[{\"@type\":\"ReadAction\",\"target\":[\"https:\\\/\\\/lepatriotebenin.com\\\/index.php\\\/2026\\\/03\\\/11\\\/vague-de-critiques-contre-yayi-et-les-democrates-le-ver-nest-pas-dans-le-fruit\\\/\"]}]},{\"@type\":\"ImageObject\",\"inLanguage\":\"fr-FR\",\"@id\":\"https:\\\/\\\/lepatriotebenin.com\\\/index.php\\\/2026\\\/03\\\/11\\\/vague-de-critiques-contre-yayi-et-les-democrates-le-ver-nest-pas-dans-le-fruit\\\/#primaryimage\",\"url\":\"https:\\\/\\\/lepatriotebenin.com\\\/wp-content\\\/uploads\\\/2026\\\/03\\\/boni-yayi.jpg\",\"contentUrl\":\"https:\\\/\\\/lepatriotebenin.com\\\/wp-content\\\/uploads\\\/2026\\\/03\\\/boni-yayi.jpg\",\"width\":863,\"height\":486},{\"@type\":\"BreadcrumbList\",\"@id\":\"https:\\\/\\\/lepatriotebenin.com\\\/index.php\\\/2026\\\/03\\\/11\\\/vague-de-critiques-contre-yayi-et-les-democrates-le-ver-nest-pas-dans-le-fruit\\\/#breadcrumb\",\"itemListElement\":[{\"@type\":\"ListItem\",\"position\":1,\"name\":\"Accueil\",\"item\":\"https:\\\/\\\/lepatriotebenin.com\\\/\"},{\"@type\":\"ListItem\",\"position\":2,\"name\":\"Vague de critiques contre Yayi et Les D\u00e9mocrates : Le ver n\u2019est pas dans le fruit\"}]},{\"@type\":\"WebSite\",\"@id\":\"https:\\\/\\\/lepatriotebenin.com\\\/#website\",\"url\":\"https:\\\/\\\/lepatriotebenin.com\\\/\",\"name\":\"Le Patriote\",\"description\":\"Le Patriote B\u00e9nin\",\"potentialAction\":[{\"@type\":\"SearchAction\",\"target\":{\"@type\":\"EntryPoint\",\"urlTemplate\":\"https:\\\/\\\/lepatriotebenin.com\\\/?s={search_term_string}\"},\"query-input\":{\"@type\":\"PropertyValueSpecification\",\"valueRequired\":true,\"valueName\":\"search_term_string\"}}],\"inLanguage\":\"fr-FR\"},{\"@type\":\"Person\",\"@id\":\"https:\\\/\\\/lepatriotebenin.com\\\/#\\\/schema\\\/person\\\/6486fa44ec286eee49816deb241bcbbf\",\"name\":\"Comlan Paul ODAH\",\"image\":{\"@type\":\"ImageObject\",\"inLanguage\":\"fr-FR\",\"@id\":\"https:\\\/\\\/secure.gravatar.com\\\/avatar\\\/c45cf8a86d3cde8c562d63858f4ea8947664bd10708ad75990c2938897d9dbe1?s=96&d=mm&r=g\",\"url\":\"https:\\\/\\\/secure.gravatar.com\\\/avatar\\\/c45cf8a86d3cde8c562d63858f4ea8947664bd10708ad75990c2938897d9dbe1?s=96&d=mm&r=g\",\"contentUrl\":\"https:\\\/\\\/secure.gravatar.com\\\/avatar\\\/c45cf8a86d3cde8c562d63858f4ea8947664bd10708ad75990c2938897d9dbe1?s=96&d=mm&r=g\",\"caption\":\"Comlan Paul ODAH\"},\"url\":\"https:\\\/\\\/lepatriotebenin.com\"}]}<\/script>\n<!-- \/ Yoast SEO plugin. -->","yoast_head_json":{"title":"Vague de critiques contre Yayi et Les D\u00e9mocrates : Le ver n\u2019est pas dans le fruit - Le Patriote","robots":{"index":"index","follow":"follow","max-snippet":"max-snippet:-1","max-image-preview":"max-image-preview:large","max-video-preview":"max-video-preview:-1"},"canonical":"https:\/\/lepatriotebenin.com\/index.php\/2026\/03\/11\/vague-de-critiques-contre-yayi-et-les-democrates-le-ver-nest-pas-dans-le-fruit\/","og_locale":"fr_FR","og_type":"article","og_title":"Vague de critiques contre Yayi et Les D\u00e9mocrates : Le ver n\u2019est pas dans le fruit - Le Patriote","og_description":"Au Congr\u00e8s\u00a0 de Parakou les 13, 14 et 15\u00a0 Octobre 2023, les militants du parti Les D\u00e9mocrates ont port\u00e9 \u00e0\u00a0 la t\u00eate\u00a0 de leur formation politique l&rsquo;ancien pr\u00e9sident de la&hellip;","og_url":"https:\/\/lepatriotebenin.com\/index.php\/2026\/03\/11\/vague-de-critiques-contre-yayi-et-les-democrates-le-ver-nest-pas-dans-le-fruit\/","og_site_name":"Le Patriote","article_published_time":"2026-03-11T00:58:04+00:00","og_image":[{"width":863,"height":486,"url":"https:\/\/lepatriotebenin.com\/wp-content\/uploads\/2026\/03\/boni-yayi.jpg","type":"image\/jpeg"}],"author":"Comlan Paul ODAH","twitter_card":"summary_large_image","twitter_misc":{"\u00c9crit par":"Comlan Paul ODAH","Dur\u00e9e de lecture estim\u00e9e":"5 minutes"},"schema":{"@context":"https:\/\/schema.org","@graph":[{"@type":"Article","@id":"https:\/\/lepatriotebenin.com\/index.php\/2026\/03\/11\/vague-de-critiques-contre-yayi-et-les-democrates-le-ver-nest-pas-dans-le-fruit\/#article","isPartOf":{"@id":"https:\/\/lepatriotebenin.com\/index.php\/2026\/03\/11\/vague-de-critiques-contre-yayi-et-les-democrates-le-ver-nest-pas-dans-le-fruit\/"},"author":{"name":"Comlan Paul ODAH","@id":"https:\/\/lepatriotebenin.com\/#\/schema\/person\/6486fa44ec286eee49816deb241bcbbf"},"headline":"Vague de critiques contre Yayi et Les D\u00e9mocrates : Le ver n\u2019est pas dans le fruit","datePublished":"2026-03-11T00:58:04+00:00","mainEntityOfPage":{"@id":"https:\/\/lepatriotebenin.com\/index.php\/2026\/03\/11\/vague-de-critiques-contre-yayi-et-les-democrates-le-ver-nest-pas-dans-le-fruit\/"},"wordCount":1067,"commentCount":0,"image":{"@id":"https:\/\/lepatriotebenin.com\/index.php\/2026\/03\/11\/vague-de-critiques-contre-yayi-et-les-democrates-le-ver-nest-pas-dans-le-fruit\/#primaryimage"},"thumbnailUrl":"https:\/\/lepatriotebenin.com\/wp-content\/uploads\/2026\/03\/boni-yayi.jpg","articleSection":["Politique"],"inLanguage":"fr-FR","potentialAction":[{"@type":"CommentAction","name":"Comment","target":["https:\/\/lepatriotebenin.com\/index.php\/2026\/03\/11\/vague-de-critiques-contre-yayi-et-les-democrates-le-ver-nest-pas-dans-le-fruit\/#respond"]}]},{"@type":"WebPage","@id":"https:\/\/lepatriotebenin.com\/index.php\/2026\/03\/11\/vague-de-critiques-contre-yayi-et-les-democrates-le-ver-nest-pas-dans-le-fruit\/","url":"https:\/\/lepatriotebenin.com\/index.php\/2026\/03\/11\/vague-de-critiques-contre-yayi-et-les-democrates-le-ver-nest-pas-dans-le-fruit\/","name":"Vague de critiques contre Yayi et Les D\u00e9mocrates : Le ver n\u2019est pas dans le fruit - Le Patriote","isPartOf":{"@id":"https:\/\/lepatriotebenin.com\/#website"},"primaryImageOfPage":{"@id":"https:\/\/lepatriotebenin.com\/index.php\/2026\/03\/11\/vague-de-critiques-contre-yayi-et-les-democrates-le-ver-nest-pas-dans-le-fruit\/#primaryimage"},"image":{"@id":"https:\/\/lepatriotebenin.com\/index.php\/2026\/03\/11\/vague-de-critiques-contre-yayi-et-les-democrates-le-ver-nest-pas-dans-le-fruit\/#primaryimage"},"thumbnailUrl":"https:\/\/lepatriotebenin.com\/wp-content\/uploads\/2026\/03\/boni-yayi.jpg","datePublished":"2026-03-11T00:58:04+00:00","author":{"@id":"https:\/\/lepatriotebenin.com\/#\/schema\/person\/6486fa44ec286eee49816deb241bcbbf"},"breadcrumb":{"@id":"https:\/\/lepatriotebenin.com\/index.php\/2026\/03\/11\/vague-de-critiques-contre-yayi-et-les-democrates-le-ver-nest-pas-dans-le-fruit\/#breadcrumb"},"inLanguage":"fr-FR","potentialAction":[{"@type":"ReadAction","target":["https:\/\/lepatriotebenin.com\/index.php\/2026\/03\/11\/vague-de-critiques-contre-yayi-et-les-democrates-le-ver-nest-pas-dans-le-fruit\/"]}]},{"@type":"ImageObject","inLanguage":"fr-FR","@id":"https:\/\/lepatriotebenin.com\/index.php\/2026\/03\/11\/vague-de-critiques-contre-yayi-et-les-democrates-le-ver-nest-pas-dans-le-fruit\/#primaryimage","url":"https:\/\/lepatriotebenin.com\/wp-content\/uploads\/2026\/03\/boni-yayi.jpg","contentUrl":"https:\/\/lepatriotebenin.com\/wp-content\/uploads\/2026\/03\/boni-yayi.jpg","width":863,"height":486},{"@type":"BreadcrumbList","@id":"https:\/\/lepatriotebenin.com\/index.php\/2026\/03\/11\/vague-de-critiques-contre-yayi-et-les-democrates-le-ver-nest-pas-dans-le-fruit\/#breadcrumb","itemListElement":[{"@type":"ListItem","position":1,"name":"Accueil","item":"https:\/\/lepatriotebenin.com\/"},{"@type":"ListItem","position":2,"name":"Vague de critiques contre Yayi et Les D\u00e9mocrates : Le ver n\u2019est pas dans le fruit"}]},{"@type":"WebSite","@id":"https:\/\/lepatriotebenin.com\/#website","url":"https:\/\/lepatriotebenin.com\/","name":"Le Patriote","description":"Le Patriote B\u00e9nin","potentialAction":[{"@type":"SearchAction","target":{"@type":"EntryPoint","urlTemplate":"https:\/\/lepatriotebenin.com\/?s={search_term_string}"},"query-input":{"@type":"PropertyValueSpecification","valueRequired":true,"valueName":"search_term_string"}}],"inLanguage":"fr-FR"},{"@type":"Person","@id":"https:\/\/lepatriotebenin.com\/#\/schema\/person\/6486fa44ec286eee49816deb241bcbbf","name":"Comlan Paul ODAH","image":{"@type":"ImageObject","inLanguage":"fr-FR","@id":"https:\/\/secure.gravatar.com\/avatar\/c45cf8a86d3cde8c562d63858f4ea8947664bd10708ad75990c2938897d9dbe1?s=96&d=mm&r=g","url":"https:\/\/secure.gravatar.com\/avatar\/c45cf8a86d3cde8c562d63858f4ea8947664bd10708ad75990c2938897d9dbe1?s=96&d=mm&r=g","contentUrl":"https:\/\/secure.gravatar.com\/avatar\/c45cf8a86d3cde8c562d63858f4ea8947664bd10708ad75990c2938897d9dbe1?s=96&d=mm&r=g","caption":"Comlan Paul ODAH"},"url":"https:\/\/lepatriotebenin.com"}]}},"_links":{"self":[{"href":"https:\/\/lepatriotebenin.com\/index.php\/wp-json\/wp\/v2\/posts\/17725","targetHints":{"allow":["GET"]}}],"collection":[{"href":"https:\/\/lepatriotebenin.com\/index.php\/wp-json\/wp\/v2\/posts"}],"about":[{"href":"https:\/\/lepatriotebenin.com\/index.php\/wp-json\/wp\/v2\/types\/post"}],"author":[{"embeddable":true,"href":"https:\/\/lepatriotebenin.com\/index.php\/wp-json\/wp\/v2\/users\/12"}],"replies":[{"embeddable":true,"href":"https:\/\/lepatriotebenin.com\/index.php\/wp-json\/wp\/v2\/comments?post=17725"}],"version-history":[{"count":1,"href":"https:\/\/lepatriotebenin.com\/index.php\/wp-json\/wp\/v2\/posts\/17725\/revisions"}],"predecessor-version":[{"id":17726,"href":"https:\/\/lepatriotebenin.com\/index.php\/wp-json\/wp\/v2\/posts\/17725\/revisions\/17726"}],"wp:featuredmedia":[{"embeddable":true,"href":"https:\/\/lepatriotebenin.com\/index.php\/wp-json\/wp\/v2\/media\/17570"}],"wp:attachment":[{"href":"https:\/\/lepatriotebenin.com\/index.php\/wp-json\/wp\/v2\/media?parent=17725"}],"wp:term":[{"taxonomy":"category","embeddable":true,"href":"https:\/\/lepatriotebenin.com\/index.php\/wp-json\/wp\/v2\/categories?post=17725"},{"taxonomy":"post_tag","embeddable":true,"href":"https:\/\/lepatriotebenin.com\/index.php\/wp-json\/wp\/v2\/tags?post=17725"}],"curies":[{"name":"wp","href":"https:\/\/api.w.org\/{rel}","templated":true}]}}