{"id":1771,"date":"2023-12-04T13:59:02","date_gmt":"2023-12-04T12:59:02","guid":{"rendered":"https:\/\/lepatriotebenin.com\/?p=1771"},"modified":"2023-12-04T13:59:03","modified_gmt":"2023-12-04T12:59:03","slug":"construction-des-infrastructures-au-benin-jean-baptiste-elias-denonce-lopacite-dans-la-gestion-des-fonds","status":"publish","type":"post","link":"https:\/\/lepatriotebenin.com\/index.php\/2023\/12\/04\/construction-des-infrastructures-au-benin-jean-baptiste-elias-denonce-lopacite-dans-la-gestion-des-fonds\/","title":{"rendered":"\u00a0\u00a0Construction des infrastructures au B\u00e9nin\u00a0: Jean-Baptiste Elias d\u00e9nonce l\u2019opacit\u00e9 dans la gestion des fonds \u00a0"},"content":{"rendered":"\n<p>La transparence dans la gestion des fonds allou\u00e9s pour la construction des infrastructures au B\u00e9nin pr\u00e9occupe le Pr\u00e9sident du Front des Organisations Nationales contre la Corruption (FONAC), <strong>Jean-Baptiste Elias<\/strong>. Intervenant apr\u00e8s la communication qui a pour th\u00e8me <strong>\u00ab&nbsp;<\/strong><strong>La question des droits humains et la probl\u00e9matique du d\u00e9veloppement \u00e9conomique au B\u00e9nin<\/strong><strong>&nbsp;\u00bb<\/strong> pr\u00e9sent\u00e9 par <strong>Thiermo Kafui&nbsp; Em\u00e9ric Olory-Togb\u00e9 <\/strong>, Conseiller technique du Ministre d\u2019Etat en charge de l\u2019Economie, des Finances et de la Coop\u00e9ration le <strong>1<sup>er<\/sup> d\u00e9cembre 2023<\/strong> au Chant d\u2019 Oiseau de Cotonou lors du symposium annuel de 2023 organis\u00e9&nbsp; par l\u2019 Institut&nbsp; des artisans de justice et de paix ( IAJP),&nbsp; le pr\u00e9sident du FONAC a d\u00e9clar\u00e9 que <strong>\u00ab&nbsp; le droit \u00e0 l\u2019 information fait partie des droits de l\u2019homme&nbsp;\u00bb.<\/strong><\/p>\n\n\n\n<p>&nbsp;Il a laiss\u00e9 entendre qu\u2019\u00ab<strong>&nbsp;aujourd\u2019hui , on r\u00e9alise beaucoup d\u2019infrastructures pour nous mais nous cherchons \u00e0 savoir \u00e0 quel prix \u00bb.<\/strong> Selon lui, \u00ab <strong>on n\u2019a pas la r\u00e9ponse<\/strong>&nbsp;\u00bb. Jean-Baptiste Elias a indiqu\u00e9 que<strong> \u00ab c\u2019est \u00e0 partir des pr\u00eats que ces r\u00e9alisations se font&nbsp;\u00bb <\/strong>et que <strong>\u00ab c\u2019est nous qui allons rembourser les pr\u00eats&nbsp;\u00bb.&nbsp; \u00ab&nbsp;Vous, moi, mes enfants, vos enfants, vos petits enfants vont rembourser et nous n\u2019avons pas l\u2019information de ce que \u00e7a co\u00fbte<\/strong>&nbsp;\u00bb a-t-il fait savoir. &nbsp;C\u2019est pour cela que le Pr\u00e9sident Jean- Baptiste Elias a signifi\u00e9 au Conseiller technique du Ministre d\u2019Etat en charge de l\u2019Economie, des Finances et de la Coop\u00e9ration qu\u2019\u00ab<strong> il faut expliquer au ministre que dans les droits de l\u2019homme , le droit \u00e0 l\u2019 information est \u00e9galement capitale<\/strong>&nbsp;\u00bb.<\/p>\n\n\n\n<p>&nbsp;R\u00e9pondant \u00e0 la pr\u00e9occupation du pr\u00e9sident du Fonac, le Conseiller technique Thiermo Kafui&nbsp; Em\u00e9ric Olory-Togb\u00e9 a pr\u00e9cis\u00e9 <strong>qu\u2019&nbsp;\u00ab&nbsp;en ce qui concerne la transparence sur les m\u00e9thodes de financement, la Caisse autonome de gestion de la dette ( CAGD) est en charge des conditions de financement et de la dette en R\u00e9publique du B\u00e9nin&nbsp;\u00bb <\/strong>.&nbsp; Il a soulign\u00e9 que \u00ab<strong> le site internet de la CAGD est disponible sur Google<\/strong> \u00bb et qu\u2019<strong>\u00ab un point r\u00e9gulier est fait sur le portefeuille de dette , l\u2019\u00e9tat d\u2019endettement&nbsp;\u00bb. &nbsp;<\/strong>A -t-il ajout\u00e9 que \u00ab<strong>&nbsp;des rapports sont faits de mani\u00e8re r\u00e9guli\u00e8re sur la transparence de la dette publique b\u00e9ninoise&nbsp;\u00bb.<\/strong> &nbsp;&nbsp;<\/p>\n\n\n\n<figure class=\"wp-block-image size-full\"><img fetchpriority=\"high\" decoding=\"async\" width=\"600\" height=\"400\" src=\"https:\/\/lepatriotebenin.com\/wp-content\/uploads\/2023\/12\/jean-baptiste-elias1-0fe4b.jpg\" alt=\"\" class=\"wp-image-1772\" srcset=\"https:\/\/lepatriotebenin.com\/wp-content\/uploads\/2023\/12\/jean-baptiste-elias1-0fe4b.jpg 600w, https:\/\/lepatriotebenin.com\/wp-content\/uploads\/2023\/12\/jean-baptiste-elias1-0fe4b-300x200.jpg 300w, https:\/\/lepatriotebenin.com\/wp-content\/uploads\/2023\/12\/jean-baptiste-elias1-0fe4b-585x390.jpg 585w, https:\/\/lepatriotebenin.com\/wp-content\/uploads\/2023\/12\/jean-baptiste-elias1-0fe4b-263x175.jpg 263w\" sizes=\"(max-width: 600px) 100vw, 600px\" \/><\/figure>\n","protected":false},"excerpt":{"rendered":"<p>La transparence dans la gestion des fonds allou\u00e9s pour la construction des infrastructures au B\u00e9nin pr\u00e9occupe le Pr\u00e9sident du Front des Organisations Nationales contre la Corruption (FONAC), Jean-Baptiste Elias. Intervenant&hellip;<\/p>\n","protected":false},"author":6,"featured_media":1772,"comment_status":"open","ping_status":"open","sticky":false,"template":"","format":"standard","meta":{"content-type":"","om_disable_all_campaigns":false,"_monsterinsights_skip_tracking":false,"_monsterinsights_sitenote_active":false,"_monsterinsights_sitenote_note":"","_monsterinsights_sitenote_category":0,"_uf_show_specific_survey":0,"_uf_disable_surveys":false,"footnotes":""},"categories":[20],"tags":[],"class_list":["post-1771","post","type-post","status-publish","format-standard","has-post-thumbnail","hentry","category-societe"],"aioseo_notices":[],"yoast_head":"<!-- This site is optimized with the Yoast SEO plugin v27.5 - https:\/\/yoast.com\/product\/yoast-seo-wordpress\/ -->\n<title>\u00a0\u00a0Construction des infrastructures au B\u00e9nin\u00a0: Jean-Baptiste Elias d\u00e9nonce l\u2019opacit\u00e9 dans la gestion des fonds \u00a0 - Le Patriote<\/title>\n<meta name=\"robots\" content=\"index, follow, max-snippet:-1, max-image-preview:large, max-video-preview:-1\" \/>\n<link rel=\"canonical\" href=\"https:\/\/lepatriotebenin.com\/index.php\/2023\/12\/04\/construction-des-infrastructures-au-benin-jean-baptiste-elias-denonce-lopacite-dans-la-gestion-des-fonds\/\" \/>\n<meta property=\"og:locale\" content=\"fr_FR\" \/>\n<meta property=\"og:type\" content=\"article\" \/>\n<meta property=\"og:title\" content=\"\u00a0\u00a0Construction des infrastructures au B\u00e9nin\u00a0: Jean-Baptiste Elias d\u00e9nonce l\u2019opacit\u00e9 dans la gestion des fonds \u00a0 - Le Patriote\" \/>\n<meta property=\"og:description\" content=\"La transparence dans la gestion des fonds allou\u00e9s pour la construction des infrastructures au B\u00e9nin pr\u00e9occupe le Pr\u00e9sident du Front des Organisations Nationales contre la Corruption (FONAC), Jean-Baptiste Elias. Intervenant&hellip;\" \/>\n<meta property=\"og:url\" content=\"https:\/\/lepatriotebenin.com\/index.php\/2023\/12\/04\/construction-des-infrastructures-au-benin-jean-baptiste-elias-denonce-lopacite-dans-la-gestion-des-fonds\/\" \/>\n<meta property=\"og:site_name\" content=\"Le Patriote\" \/>\n<meta property=\"article:published_time\" content=\"2023-12-04T12:59:02+00:00\" \/>\n<meta property=\"article:modified_time\" content=\"2023-12-04T12:59:03+00:00\" \/>\n<meta property=\"og:image\" content=\"https:\/\/lepatriotebenin.com\/wp-content\/uploads\/2023\/12\/jean-baptiste-elias1-0fe4b.jpg\" \/>\n\t<meta property=\"og:image:width\" content=\"600\" \/>\n\t<meta property=\"og:image:height\" content=\"400\" \/>\n\t<meta property=\"og:image:type\" content=\"image\/jpeg\" \/>\n<meta name=\"author\" content=\"Roland AFFANOU\" \/>\n<meta name=\"twitter:card\" content=\"summary_large_image\" \/>\n<meta name=\"twitter:label1\" content=\"\u00c9crit par\" \/>\n\t<meta name=\"twitter:data1\" content=\"Roland AFFANOU\" \/>\n\t<meta name=\"twitter:label2\" content=\"Dur\u00e9e de lecture estim\u00e9e\" \/>\n\t<meta name=\"twitter:data2\" content=\"2 minutes\" \/>\n<script type=\"application\/ld+json\" class=\"yoast-schema-graph\">{\"@context\":\"https:\\\/\\\/schema.org\",\"@graph\":[{\"@type\":\"Article\",\"@id\":\"https:\\\/\\\/lepatriotebenin.com\\\/index.php\\\/2023\\\/12\\\/04\\\/construction-des-infrastructures-au-benin-jean-baptiste-elias-denonce-lopacite-dans-la-gestion-des-fonds\\\/#article\",\"isPartOf\":{\"@id\":\"https:\\\/\\\/lepatriotebenin.com\\\/index.php\\\/2023\\\/12\\\/04\\\/construction-des-infrastructures-au-benin-jean-baptiste-elias-denonce-lopacite-dans-la-gestion-des-fonds\\\/\"},\"author\":{\"name\":\"Roland AFFANOU\",\"@id\":\"https:\\\/\\\/lepatriotebenin.com\\\/#\\\/schema\\\/person\\\/4a9b67216c97d04045e01405c534c91f\"},\"headline\":\"\u00a0\u00a0Construction des infrastructures au B\u00e9nin\u00a0: Jean-Baptiste Elias d\u00e9nonce l\u2019opacit\u00e9 dans la gestion des fonds \u00a0\",\"datePublished\":\"2023-12-04T12:59:02+00:00\",\"dateModified\":\"2023-12-04T12:59:03+00:00\",\"mainEntityOfPage\":{\"@id\":\"https:\\\/\\\/lepatriotebenin.com\\\/index.php\\\/2023\\\/12\\\/04\\\/construction-des-infrastructures-au-benin-jean-baptiste-elias-denonce-lopacite-dans-la-gestion-des-fonds\\\/\"},\"wordCount\":430,\"commentCount\":0,\"image\":{\"@id\":\"https:\\\/\\\/lepatriotebenin.com\\\/index.php\\\/2023\\\/12\\\/04\\\/construction-des-infrastructures-au-benin-jean-baptiste-elias-denonce-lopacite-dans-la-gestion-des-fonds\\\/#primaryimage\"},\"thumbnailUrl\":\"https:\\\/\\\/lepatriotebenin.com\\\/wp-content\\\/uploads\\\/2023\\\/12\\\/jean-baptiste-elias1-0fe4b.jpg\",\"articleSection\":[\"Soci\u00e9t\u00e9\"],\"inLanguage\":\"fr-FR\",\"potentialAction\":[{\"@type\":\"CommentAction\",\"name\":\"Comment\",\"target\":[\"https:\\\/\\\/lepatriotebenin.com\\\/index.php\\\/2023\\\/12\\\/04\\\/construction-des-infrastructures-au-benin-jean-baptiste-elias-denonce-lopacite-dans-la-gestion-des-fonds\\\/#respond\"]}]},{\"@type\":\"WebPage\",\"@id\":\"https:\\\/\\\/lepatriotebenin.com\\\/index.php\\\/2023\\\/12\\\/04\\\/construction-des-infrastructures-au-benin-jean-baptiste-elias-denonce-lopacite-dans-la-gestion-des-fonds\\\/\",\"url\":\"https:\\\/\\\/lepatriotebenin.com\\\/index.php\\\/2023\\\/12\\\/04\\\/construction-des-infrastructures-au-benin-jean-baptiste-elias-denonce-lopacite-dans-la-gestion-des-fonds\\\/\",\"name\":\"\u00a0\u00a0Construction des infrastructures au B\u00e9nin\u00a0: Jean-Baptiste Elias d\u00e9nonce l\u2019opacit\u00e9 dans la gestion des fonds \u00a0 - Le Patriote\",\"isPartOf\":{\"@id\":\"https:\\\/\\\/lepatriotebenin.com\\\/#website\"},\"primaryImageOfPage\":{\"@id\":\"https:\\\/\\\/lepatriotebenin.com\\\/index.php\\\/2023\\\/12\\\/04\\\/construction-des-infrastructures-au-benin-jean-baptiste-elias-denonce-lopacite-dans-la-gestion-des-fonds\\\/#primaryimage\"},\"image\":{\"@id\":\"https:\\\/\\\/lepatriotebenin.com\\\/index.php\\\/2023\\\/12\\\/04\\\/construction-des-infrastructures-au-benin-jean-baptiste-elias-denonce-lopacite-dans-la-gestion-des-fonds\\\/#primaryimage\"},\"thumbnailUrl\":\"https:\\\/\\\/lepatriotebenin.com\\\/wp-content\\\/uploads\\\/2023\\\/12\\\/jean-baptiste-elias1-0fe4b.jpg\",\"datePublished\":\"2023-12-04T12:59:02+00:00\",\"dateModified\":\"2023-12-04T12:59:03+00:00\",\"author\":{\"@id\":\"https:\\\/\\\/lepatriotebenin.com\\\/#\\\/schema\\\/person\\\/4a9b67216c97d04045e01405c534c91f\"},\"breadcrumb\":{\"@id\":\"https:\\\/\\\/lepatriotebenin.com\\\/index.php\\\/2023\\\/12\\\/04\\\/construction-des-infrastructures-au-benin-jean-baptiste-elias-denonce-lopacite-dans-la-gestion-des-fonds\\\/#breadcrumb\"},\"inLanguage\":\"fr-FR\",\"potentialAction\":[{\"@type\":\"ReadAction\",\"target\":[\"https:\\\/\\\/lepatriotebenin.com\\\/index.php\\\/2023\\\/12\\\/04\\\/construction-des-infrastructures-au-benin-jean-baptiste-elias-denonce-lopacite-dans-la-gestion-des-fonds\\\/\"]}]},{\"@type\":\"ImageObject\",\"inLanguage\":\"fr-FR\",\"@id\":\"https:\\\/\\\/lepatriotebenin.com\\\/index.php\\\/2023\\\/12\\\/04\\\/construction-des-infrastructures-au-benin-jean-baptiste-elias-denonce-lopacite-dans-la-gestion-des-fonds\\\/#primaryimage\",\"url\":\"https:\\\/\\\/lepatriotebenin.com\\\/wp-content\\\/uploads\\\/2023\\\/12\\\/jean-baptiste-elias1-0fe4b.jpg\",\"contentUrl\":\"https:\\\/\\\/lepatriotebenin.com\\\/wp-content\\\/uploads\\\/2023\\\/12\\\/jean-baptiste-elias1-0fe4b.jpg\",\"width\":600,\"height\":400},{\"@type\":\"BreadcrumbList\",\"@id\":\"https:\\\/\\\/lepatriotebenin.com\\\/index.php\\\/2023\\\/12\\\/04\\\/construction-des-infrastructures-au-benin-jean-baptiste-elias-denonce-lopacite-dans-la-gestion-des-fonds\\\/#breadcrumb\",\"itemListElement\":[{\"@type\":\"ListItem\",\"position\":1,\"name\":\"Accueil\",\"item\":\"https:\\\/\\\/lepatriotebenin.com\\\/\"},{\"@type\":\"ListItem\",\"position\":2,\"name\":\"\u00a0\u00a0Construction des infrastructures au B\u00e9nin\u00a0: Jean-Baptiste Elias d\u00e9nonce l\u2019opacit\u00e9 dans la gestion des fonds \u00a0\"}]},{\"@type\":\"WebSite\",\"@id\":\"https:\\\/\\\/lepatriotebenin.com\\\/#website\",\"url\":\"https:\\\/\\\/lepatriotebenin.com\\\/\",\"name\":\"Le Patriote\",\"description\":\"Le Patriote B\u00e9nin\",\"potentialAction\":[{\"@type\":\"SearchAction\",\"target\":{\"@type\":\"EntryPoint\",\"urlTemplate\":\"https:\\\/\\\/lepatriotebenin.com\\\/?s={search_term_string}\"},\"query-input\":{\"@type\":\"PropertyValueSpecification\",\"valueRequired\":true,\"valueName\":\"search_term_string\"}}],\"inLanguage\":\"fr-FR\"},{\"@type\":\"Person\",\"@id\":\"https:\\\/\\\/lepatriotebenin.com\\\/#\\\/schema\\\/person\\\/4a9b67216c97d04045e01405c534c91f\",\"name\":\"Roland AFFANOU\",\"image\":{\"@type\":\"ImageObject\",\"inLanguage\":\"fr-FR\",\"@id\":\"https:\\\/\\\/secure.gravatar.com\\\/avatar\\\/7209d3f6d2d47ea4d0c67e14d3effb61feb10ae540a4381280c66265de5bd643?s=96&d=mm&r=g\",\"url\":\"https:\\\/\\\/secure.gravatar.com\\\/avatar\\\/7209d3f6d2d47ea4d0c67e14d3effb61feb10ae540a4381280c66265de5bd643?s=96&d=mm&r=g\",\"contentUrl\":\"https:\\\/\\\/secure.gravatar.com\\\/avatar\\\/7209d3f6d2d47ea4d0c67e14d3effb61feb10ae540a4381280c66265de5bd643?s=96&d=mm&r=g\",\"caption\":\"Roland AFFANOU\"},\"url\":\"https:\\\/\\\/lepatriotebenin.com\"}]}<\/script>\n<!-- \/ Yoast SEO plugin. -->","yoast_head_json":{"title":"\u00a0\u00a0Construction des infrastructures au B\u00e9nin\u00a0: Jean-Baptiste Elias d\u00e9nonce l\u2019opacit\u00e9 dans la gestion des fonds \u00a0 - Le Patriote","robots":{"index":"index","follow":"follow","max-snippet":"max-snippet:-1","max-image-preview":"max-image-preview:large","max-video-preview":"max-video-preview:-1"},"canonical":"https:\/\/lepatriotebenin.com\/index.php\/2023\/12\/04\/construction-des-infrastructures-au-benin-jean-baptiste-elias-denonce-lopacite-dans-la-gestion-des-fonds\/","og_locale":"fr_FR","og_type":"article","og_title":"\u00a0\u00a0Construction des infrastructures au B\u00e9nin\u00a0: Jean-Baptiste Elias d\u00e9nonce l\u2019opacit\u00e9 dans la gestion des fonds \u00a0 - Le Patriote","og_description":"La transparence dans la gestion des fonds allou\u00e9s pour la construction des infrastructures au B\u00e9nin pr\u00e9occupe le Pr\u00e9sident du Front des Organisations Nationales contre la Corruption (FONAC), Jean-Baptiste Elias. Intervenant&hellip;","og_url":"https:\/\/lepatriotebenin.com\/index.php\/2023\/12\/04\/construction-des-infrastructures-au-benin-jean-baptiste-elias-denonce-lopacite-dans-la-gestion-des-fonds\/","og_site_name":"Le Patriote","article_published_time":"2023-12-04T12:59:02+00:00","article_modified_time":"2023-12-04T12:59:03+00:00","og_image":[{"width":600,"height":400,"url":"https:\/\/lepatriotebenin.com\/wp-content\/uploads\/2023\/12\/jean-baptiste-elias1-0fe4b.jpg","type":"image\/jpeg"}],"author":"Roland AFFANOU","twitter_card":"summary_large_image","twitter_misc":{"\u00c9crit par":"Roland AFFANOU","Dur\u00e9e de lecture estim\u00e9e":"2 minutes"},"schema":{"@context":"https:\/\/schema.org","@graph":[{"@type":"Article","@id":"https:\/\/lepatriotebenin.com\/index.php\/2023\/12\/04\/construction-des-infrastructures-au-benin-jean-baptiste-elias-denonce-lopacite-dans-la-gestion-des-fonds\/#article","isPartOf":{"@id":"https:\/\/lepatriotebenin.com\/index.php\/2023\/12\/04\/construction-des-infrastructures-au-benin-jean-baptiste-elias-denonce-lopacite-dans-la-gestion-des-fonds\/"},"author":{"name":"Roland AFFANOU","@id":"https:\/\/lepatriotebenin.com\/#\/schema\/person\/4a9b67216c97d04045e01405c534c91f"},"headline":"\u00a0\u00a0Construction des infrastructures au B\u00e9nin\u00a0: Jean-Baptiste Elias d\u00e9nonce l\u2019opacit\u00e9 dans la gestion des fonds \u00a0","datePublished":"2023-12-04T12:59:02+00:00","dateModified":"2023-12-04T12:59:03+00:00","mainEntityOfPage":{"@id":"https:\/\/lepatriotebenin.com\/index.php\/2023\/12\/04\/construction-des-infrastructures-au-benin-jean-baptiste-elias-denonce-lopacite-dans-la-gestion-des-fonds\/"},"wordCount":430,"commentCount":0,"image":{"@id":"https:\/\/lepatriotebenin.com\/index.php\/2023\/12\/04\/construction-des-infrastructures-au-benin-jean-baptiste-elias-denonce-lopacite-dans-la-gestion-des-fonds\/#primaryimage"},"thumbnailUrl":"https:\/\/lepatriotebenin.com\/wp-content\/uploads\/2023\/12\/jean-baptiste-elias1-0fe4b.jpg","articleSection":["Soci\u00e9t\u00e9"],"inLanguage":"fr-FR","potentialAction":[{"@type":"CommentAction","name":"Comment","target":["https:\/\/lepatriotebenin.com\/index.php\/2023\/12\/04\/construction-des-infrastructures-au-benin-jean-baptiste-elias-denonce-lopacite-dans-la-gestion-des-fonds\/#respond"]}]},{"@type":"WebPage","@id":"https:\/\/lepatriotebenin.com\/index.php\/2023\/12\/04\/construction-des-infrastructures-au-benin-jean-baptiste-elias-denonce-lopacite-dans-la-gestion-des-fonds\/","url":"https:\/\/lepatriotebenin.com\/index.php\/2023\/12\/04\/construction-des-infrastructures-au-benin-jean-baptiste-elias-denonce-lopacite-dans-la-gestion-des-fonds\/","name":"\u00a0\u00a0Construction des infrastructures au B\u00e9nin\u00a0: Jean-Baptiste Elias d\u00e9nonce l\u2019opacit\u00e9 dans la gestion des fonds \u00a0 - Le Patriote","isPartOf":{"@id":"https:\/\/lepatriotebenin.com\/#website"},"primaryImageOfPage":{"@id":"https:\/\/lepatriotebenin.com\/index.php\/2023\/12\/04\/construction-des-infrastructures-au-benin-jean-baptiste-elias-denonce-lopacite-dans-la-gestion-des-fonds\/#primaryimage"},"image":{"@id":"https:\/\/lepatriotebenin.com\/index.php\/2023\/12\/04\/construction-des-infrastructures-au-benin-jean-baptiste-elias-denonce-lopacite-dans-la-gestion-des-fonds\/#primaryimage"},"thumbnailUrl":"https:\/\/lepatriotebenin.com\/wp-content\/uploads\/2023\/12\/jean-baptiste-elias1-0fe4b.jpg","datePublished":"2023-12-04T12:59:02+00:00","dateModified":"2023-12-04T12:59:03+00:00","author":{"@id":"https:\/\/lepatriotebenin.com\/#\/schema\/person\/4a9b67216c97d04045e01405c534c91f"},"breadcrumb":{"@id":"https:\/\/lepatriotebenin.com\/index.php\/2023\/12\/04\/construction-des-infrastructures-au-benin-jean-baptiste-elias-denonce-lopacite-dans-la-gestion-des-fonds\/#breadcrumb"},"inLanguage":"fr-FR","potentialAction":[{"@type":"ReadAction","target":["https:\/\/lepatriotebenin.com\/index.php\/2023\/12\/04\/construction-des-infrastructures-au-benin-jean-baptiste-elias-denonce-lopacite-dans-la-gestion-des-fonds\/"]}]},{"@type":"ImageObject","inLanguage":"fr-FR","@id":"https:\/\/lepatriotebenin.com\/index.php\/2023\/12\/04\/construction-des-infrastructures-au-benin-jean-baptiste-elias-denonce-lopacite-dans-la-gestion-des-fonds\/#primaryimage","url":"https:\/\/lepatriotebenin.com\/wp-content\/uploads\/2023\/12\/jean-baptiste-elias1-0fe4b.jpg","contentUrl":"https:\/\/lepatriotebenin.com\/wp-content\/uploads\/2023\/12\/jean-baptiste-elias1-0fe4b.jpg","width":600,"height":400},{"@type":"BreadcrumbList","@id":"https:\/\/lepatriotebenin.com\/index.php\/2023\/12\/04\/construction-des-infrastructures-au-benin-jean-baptiste-elias-denonce-lopacite-dans-la-gestion-des-fonds\/#breadcrumb","itemListElement":[{"@type":"ListItem","position":1,"name":"Accueil","item":"https:\/\/lepatriotebenin.com\/"},{"@type":"ListItem","position":2,"name":"\u00a0\u00a0Construction des infrastructures au B\u00e9nin\u00a0: Jean-Baptiste Elias d\u00e9nonce l\u2019opacit\u00e9 dans la gestion des fonds \u00a0"}]},{"@type":"WebSite","@id":"https:\/\/lepatriotebenin.com\/#website","url":"https:\/\/lepatriotebenin.com\/","name":"Le Patriote","description":"Le Patriote B\u00e9nin","potentialAction":[{"@type":"SearchAction","target":{"@type":"EntryPoint","urlTemplate":"https:\/\/lepatriotebenin.com\/?s={search_term_string}"},"query-input":{"@type":"PropertyValueSpecification","valueRequired":true,"valueName":"search_term_string"}}],"inLanguage":"fr-FR"},{"@type":"Person","@id":"https:\/\/lepatriotebenin.com\/#\/schema\/person\/4a9b67216c97d04045e01405c534c91f","name":"Roland AFFANOU","image":{"@type":"ImageObject","inLanguage":"fr-FR","@id":"https:\/\/secure.gravatar.com\/avatar\/7209d3f6d2d47ea4d0c67e14d3effb61feb10ae540a4381280c66265de5bd643?s=96&d=mm&r=g","url":"https:\/\/secure.gravatar.com\/avatar\/7209d3f6d2d47ea4d0c67e14d3effb61feb10ae540a4381280c66265de5bd643?s=96&d=mm&r=g","contentUrl":"https:\/\/secure.gravatar.com\/avatar\/7209d3f6d2d47ea4d0c67e14d3effb61feb10ae540a4381280c66265de5bd643?s=96&d=mm&r=g","caption":"Roland AFFANOU"},"url":"https:\/\/lepatriotebenin.com"}]}},"_links":{"self":[{"href":"https:\/\/lepatriotebenin.com\/index.php\/wp-json\/wp\/v2\/posts\/1771","targetHints":{"allow":["GET"]}}],"collection":[{"href":"https:\/\/lepatriotebenin.com\/index.php\/wp-json\/wp\/v2\/posts"}],"about":[{"href":"https:\/\/lepatriotebenin.com\/index.php\/wp-json\/wp\/v2\/types\/post"}],"author":[{"embeddable":true,"href":"https:\/\/lepatriotebenin.com\/index.php\/wp-json\/wp\/v2\/users\/6"}],"replies":[{"embeddable":true,"href":"https:\/\/lepatriotebenin.com\/index.php\/wp-json\/wp\/v2\/comments?post=1771"}],"version-history":[{"count":1,"href":"https:\/\/lepatriotebenin.com\/index.php\/wp-json\/wp\/v2\/posts\/1771\/revisions"}],"predecessor-version":[{"id":1773,"href":"https:\/\/lepatriotebenin.com\/index.php\/wp-json\/wp\/v2\/posts\/1771\/revisions\/1773"}],"wp:featuredmedia":[{"embeddable":true,"href":"https:\/\/lepatriotebenin.com\/index.php\/wp-json\/wp\/v2\/media\/1772"}],"wp:attachment":[{"href":"https:\/\/lepatriotebenin.com\/index.php\/wp-json\/wp\/v2\/media?parent=1771"}],"wp:term":[{"taxonomy":"category","embeddable":true,"href":"https:\/\/lepatriotebenin.com\/index.php\/wp-json\/wp\/v2\/categories?post=1771"},{"taxonomy":"post_tag","embeddable":true,"href":"https:\/\/lepatriotebenin.com\/index.php\/wp-json\/wp\/v2\/tags?post=1771"}],"curies":[{"name":"wp","href":"https:\/\/api.w.org\/{rel}","templated":true}]}}