{"id":17694,"date":"2026-03-11T00:56:02","date_gmt":"2026-03-10T23:56:02","guid":{"rendered":"https:\/\/lepatriotebenin.com\/?p=17694"},"modified":"2026-03-11T00:56:02","modified_gmt":"2026-03-10T23:56:02","slug":"guerre-russo-ukrainienne-un-etudiant-nigerien-tue-au-front","status":"publish","type":"post","link":"https:\/\/lepatriotebenin.com\/index.php\/2026\/03\/11\/guerre-russo-ukrainienne-un-etudiant-nigerien-tue-au-front\/","title":{"rendered":"Guerre russo-ukrainienne :  Un \u00e9tudiant nig\u00e9rien tu\u00e9 au front"},"content":{"rendered":"<p><strong>Un \u00e9tudiant nig\u00e9rien a perdu la vie en Ukraine apr\u00e8s avoir \u00e9t\u00e9 enr\u00f4l\u00e9 dans les forces russes. Abdoulaye Issaka Isma\u00ebl, inscrit en master \u00e0 l&rsquo;Universit\u00e9 d&rsquo;\u00c9tat russe du Tourisme et des Services, est le dernier \u00e9tudiant africain \u00e0 tomber dans le conflit ukrainien.<\/strong><\/p>\n<p>L&rsquo;Association des \u00e9tudiants nig\u00e9riens en Russie (AENR) a annonc\u00e9 avec tristesse le d\u00e9c\u00e8s d&rsquo;Abdoulaye Issaka Isma\u00ebl, qui aurait \u00e9t\u00e9 recrut\u00e9 par les forces russes pour combattre en Ukraine. Les circonstances exactes de son d\u00e9c\u00e8s ne sont pas encore claires, mais l&rsquo;AENR a exprim\u00e9 ses condol\u00e9ances \u00e0 la famille et aux proches de l&rsquo;\u00e9tudiant.<\/p>\n<p>Ce d\u00e9c\u00e8s intervient dans un contexte o\u00f9 de nombreux rapports \u00e9voquent le recrutement d&rsquo;\u00e9tudiants africains par les forces russes. Une \u00e9tude r\u00e9cente de l&rsquo;Institut fran\u00e7ais des relations internationales (IFRI) d\u00e9nonce l&rsquo;enr\u00f4lement des Africains dans la guerre russo-ukrainienne. Selon ce rapport, la Russie m\u00e8ne une campagne de recrutement de main-d&rsquo;\u0153uvre f\u00e9minine et de combattants non professionnels en Afrique subsaharienne pour soutenir son effort de guerre.\u200e<\/p>\n<p>Plus de 1 400 combattants africains ont \u00e9t\u00e9 identifi\u00e9s dans les rangs russes en Ukraine, originaires de 36 pays diff\u00e9rents. Les pays les plus touch\u00e9s sont l&rsquo;\u00c9gypte (361), le Cameroun (335) et le Ghana (234). Les recrues sont souvent attir\u00e9es par des promesses de salaires \u00e9lev\u00e9s, de citoyennet\u00e9 et d&rsquo;opportunit\u00e9s professionnelles.<\/p>\n<p>L&rsquo;Union africaine a condamn\u00e9 ces pratiques, les qualifiant de \u00ab\u00a0choquantes et racistes\u00a0\u00bb. Les gouvernements africains sont \u00e9galement intervenus pour mettre en garde leurs citoyens contre ces recrutements. Les autorit\u00e9s nig\u00e9riennes et russes sont appel\u00e9es \u00e0 faire la lumi\u00e8re sur ce dossier.<\/p>\n<p><strong>Ez\u00e9chiel Dagb\u00e9gnon PADONOU<\/strong><\/p>\n","protected":false},"excerpt":{"rendered":"<p>Un \u00e9tudiant nig\u00e9rien a perdu la vie en Ukraine apr\u00e8s avoir \u00e9t\u00e9 enr\u00f4l\u00e9 dans les forces russes. Abdoulaye Issaka Isma\u00ebl, inscrit en master \u00e0 l&rsquo;Universit\u00e9 d&rsquo;\u00c9tat russe du Tourisme et&hellip;<\/p>\n","protected":false},"author":5,"featured_media":17695,"comment_status":"open","ping_status":"open","sticky":false,"template":"","format":"standard","meta":{"content-type":"","om_disable_all_campaigns":false,"_monsterinsights_skip_tracking":false,"_monsterinsights_sitenote_active":false,"_monsterinsights_sitenote_note":"","_monsterinsights_sitenote_category":0,"_uf_show_specific_survey":0,"_uf_disable_surveys":false,"footnotes":""},"categories":[20],"tags":[],"class_list":["post-17694","post","type-post","status-publish","format-standard","has-post-thumbnail","hentry","category-societe"],"aioseo_notices":[],"yoast_head":"<!-- This site is optimized with the Yoast SEO plugin v27.5 - https:\/\/yoast.com\/product\/yoast-seo-wordpress\/ -->\n<title>Guerre russo-ukrainienne : Un \u00e9tudiant nig\u00e9rien tu\u00e9 au front - Le Patriote<\/title>\n<meta name=\"robots\" content=\"index, follow, max-snippet:-1, max-image-preview:large, max-video-preview:-1\" \/>\n<link rel=\"canonical\" href=\"https:\/\/lepatriotebenin.com\/index.php\/2026\/03\/11\/guerre-russo-ukrainienne-un-etudiant-nigerien-tue-au-front\/\" \/>\n<meta property=\"og:locale\" content=\"fr_FR\" \/>\n<meta property=\"og:type\" content=\"article\" \/>\n<meta property=\"og:title\" content=\"Guerre russo-ukrainienne : Un \u00e9tudiant nig\u00e9rien tu\u00e9 au front - Le Patriote\" \/>\n<meta property=\"og:description\" content=\"Un \u00e9tudiant nig\u00e9rien a perdu la vie en Ukraine apr\u00e8s avoir \u00e9t\u00e9 enr\u00f4l\u00e9 dans les forces russes. Abdoulaye Issaka Isma\u00ebl, inscrit en master \u00e0 l&rsquo;Universit\u00e9 d&rsquo;\u00c9tat russe du Tourisme et&hellip;\" \/>\n<meta property=\"og:url\" content=\"https:\/\/lepatriotebenin.com\/index.php\/2026\/03\/11\/guerre-russo-ukrainienne-un-etudiant-nigerien-tue-au-front\/\" \/>\n<meta property=\"og:site_name\" content=\"Le Patriote\" \/>\n<meta property=\"article:published_time\" content=\"2026-03-10T23:56:02+00:00\" \/>\n<meta property=\"og:image\" content=\"https:\/\/lepatriotebenin.com\/wp-content\/uploads\/2026\/03\/guerre-russo-a.jpeg\" \/>\n\t<meta property=\"og:image:width\" content=\"1280\" \/>\n\t<meta property=\"og:image:height\" content=\"720\" \/>\n\t<meta property=\"og:image:type\" content=\"image\/jpeg\" \/>\n<meta name=\"author\" content=\"Redaction\" \/>\n<meta name=\"twitter:card\" content=\"summary_large_image\" \/>\n<meta name=\"twitter:label1\" content=\"\u00c9crit par\" \/>\n\t<meta name=\"twitter:data1\" content=\"Redaction\" \/>\n\t<meta name=\"twitter:label2\" content=\"Dur\u00e9e de lecture estim\u00e9e\" \/>\n\t<meta name=\"twitter:data2\" content=\"2 minutes\" \/>\n<script type=\"application\/ld+json\" class=\"yoast-schema-graph\">{\"@context\":\"https:\\\/\\\/schema.org\",\"@graph\":[{\"@type\":\"Article\",\"@id\":\"https:\\\/\\\/lepatriotebenin.com\\\/index.php\\\/2026\\\/03\\\/11\\\/guerre-russo-ukrainienne-un-etudiant-nigerien-tue-au-front\\\/#article\",\"isPartOf\":{\"@id\":\"https:\\\/\\\/lepatriotebenin.com\\\/index.php\\\/2026\\\/03\\\/11\\\/guerre-russo-ukrainienne-un-etudiant-nigerien-tue-au-front\\\/\"},\"author\":{\"name\":\"Redaction\",\"@id\":\"https:\\\/\\\/lepatriotebenin.com\\\/#\\\/schema\\\/person\\\/2e7709b9c9cc313e452d1136af61690f\"},\"headline\":\"Guerre russo-ukrainienne : Un \u00e9tudiant nig\u00e9rien tu\u00e9 au front\",\"datePublished\":\"2026-03-10T23:56:02+00:00\",\"mainEntityOfPage\":{\"@id\":\"https:\\\/\\\/lepatriotebenin.com\\\/index.php\\\/2026\\\/03\\\/11\\\/guerre-russo-ukrainienne-un-etudiant-nigerien-tue-au-front\\\/\"},\"wordCount\":298,\"commentCount\":0,\"image\":{\"@id\":\"https:\\\/\\\/lepatriotebenin.com\\\/index.php\\\/2026\\\/03\\\/11\\\/guerre-russo-ukrainienne-un-etudiant-nigerien-tue-au-front\\\/#primaryimage\"},\"thumbnailUrl\":\"https:\\\/\\\/lepatriotebenin.com\\\/wp-content\\\/uploads\\\/2026\\\/03\\\/guerre-russo-a.jpeg\",\"articleSection\":[\"Soci\u00e9t\u00e9\"],\"inLanguage\":\"fr-FR\",\"potentialAction\":[{\"@type\":\"CommentAction\",\"name\":\"Comment\",\"target\":[\"https:\\\/\\\/lepatriotebenin.com\\\/index.php\\\/2026\\\/03\\\/11\\\/guerre-russo-ukrainienne-un-etudiant-nigerien-tue-au-front\\\/#respond\"]}]},{\"@type\":\"WebPage\",\"@id\":\"https:\\\/\\\/lepatriotebenin.com\\\/index.php\\\/2026\\\/03\\\/11\\\/guerre-russo-ukrainienne-un-etudiant-nigerien-tue-au-front\\\/\",\"url\":\"https:\\\/\\\/lepatriotebenin.com\\\/index.php\\\/2026\\\/03\\\/11\\\/guerre-russo-ukrainienne-un-etudiant-nigerien-tue-au-front\\\/\",\"name\":\"Guerre russo-ukrainienne : Un \u00e9tudiant nig\u00e9rien tu\u00e9 au front - Le Patriote\",\"isPartOf\":{\"@id\":\"https:\\\/\\\/lepatriotebenin.com\\\/#website\"},\"primaryImageOfPage\":{\"@id\":\"https:\\\/\\\/lepatriotebenin.com\\\/index.php\\\/2026\\\/03\\\/11\\\/guerre-russo-ukrainienne-un-etudiant-nigerien-tue-au-front\\\/#primaryimage\"},\"image\":{\"@id\":\"https:\\\/\\\/lepatriotebenin.com\\\/index.php\\\/2026\\\/03\\\/11\\\/guerre-russo-ukrainienne-un-etudiant-nigerien-tue-au-front\\\/#primaryimage\"},\"thumbnailUrl\":\"https:\\\/\\\/lepatriotebenin.com\\\/wp-content\\\/uploads\\\/2026\\\/03\\\/guerre-russo-a.jpeg\",\"datePublished\":\"2026-03-10T23:56:02+00:00\",\"author\":{\"@id\":\"https:\\\/\\\/lepatriotebenin.com\\\/#\\\/schema\\\/person\\\/2e7709b9c9cc313e452d1136af61690f\"},\"breadcrumb\":{\"@id\":\"https:\\\/\\\/lepatriotebenin.com\\\/index.php\\\/2026\\\/03\\\/11\\\/guerre-russo-ukrainienne-un-etudiant-nigerien-tue-au-front\\\/#breadcrumb\"},\"inLanguage\":\"fr-FR\",\"potentialAction\":[{\"@type\":\"ReadAction\",\"target\":[\"https:\\\/\\\/lepatriotebenin.com\\\/index.php\\\/2026\\\/03\\\/11\\\/guerre-russo-ukrainienne-un-etudiant-nigerien-tue-au-front\\\/\"]}]},{\"@type\":\"ImageObject\",\"inLanguage\":\"fr-FR\",\"@id\":\"https:\\\/\\\/lepatriotebenin.com\\\/index.php\\\/2026\\\/03\\\/11\\\/guerre-russo-ukrainienne-un-etudiant-nigerien-tue-au-front\\\/#primaryimage\",\"url\":\"https:\\\/\\\/lepatriotebenin.com\\\/wp-content\\\/uploads\\\/2026\\\/03\\\/guerre-russo-a.jpeg\",\"contentUrl\":\"https:\\\/\\\/lepatriotebenin.com\\\/wp-content\\\/uploads\\\/2026\\\/03\\\/guerre-russo-a.jpeg\",\"width\":1280,\"height\":720},{\"@type\":\"BreadcrumbList\",\"@id\":\"https:\\\/\\\/lepatriotebenin.com\\\/index.php\\\/2026\\\/03\\\/11\\\/guerre-russo-ukrainienne-un-etudiant-nigerien-tue-au-front\\\/#breadcrumb\",\"itemListElement\":[{\"@type\":\"ListItem\",\"position\":1,\"name\":\"Accueil\",\"item\":\"https:\\\/\\\/lepatriotebenin.com\\\/\"},{\"@type\":\"ListItem\",\"position\":2,\"name\":\"Guerre russo-ukrainienne : Un \u00e9tudiant nig\u00e9rien tu\u00e9 au front\"}]},{\"@type\":\"WebSite\",\"@id\":\"https:\\\/\\\/lepatriotebenin.com\\\/#website\",\"url\":\"https:\\\/\\\/lepatriotebenin.com\\\/\",\"name\":\"Le Patriote\",\"description\":\"Le Patriote B\u00e9nin\",\"potentialAction\":[{\"@type\":\"SearchAction\",\"target\":{\"@type\":\"EntryPoint\",\"urlTemplate\":\"https:\\\/\\\/lepatriotebenin.com\\\/?s={search_term_string}\"},\"query-input\":{\"@type\":\"PropertyValueSpecification\",\"valueRequired\":true,\"valueName\":\"search_term_string\"}}],\"inLanguage\":\"fr-FR\"},{\"@type\":\"Person\",\"@id\":\"https:\\\/\\\/lepatriotebenin.com\\\/#\\\/schema\\\/person\\\/2e7709b9c9cc313e452d1136af61690f\",\"name\":\"Redaction\",\"image\":{\"@type\":\"ImageObject\",\"inLanguage\":\"fr-FR\",\"@id\":\"https:\\\/\\\/secure.gravatar.com\\\/avatar\\\/c4c509357859ea2ca2cbb6d8812898a73e4ef1ef9934c2e591d7e32face734d1?s=96&d=mm&r=g\",\"url\":\"https:\\\/\\\/secure.gravatar.com\\\/avatar\\\/c4c509357859ea2ca2cbb6d8812898a73e4ef1ef9934c2e591d7e32face734d1?s=96&d=mm&r=g\",\"contentUrl\":\"https:\\\/\\\/secure.gravatar.com\\\/avatar\\\/c4c509357859ea2ca2cbb6d8812898a73e4ef1ef9934c2e591d7e32face734d1?s=96&d=mm&r=g\",\"caption\":\"Redaction\"},\"url\":\"https:\\\/\\\/lepatriotebenin.com\"}]}<\/script>\n<!-- \/ Yoast SEO plugin. -->","yoast_head_json":{"title":"Guerre russo-ukrainienne : Un \u00e9tudiant nig\u00e9rien tu\u00e9 au front - Le Patriote","robots":{"index":"index","follow":"follow","max-snippet":"max-snippet:-1","max-image-preview":"max-image-preview:large","max-video-preview":"max-video-preview:-1"},"canonical":"https:\/\/lepatriotebenin.com\/index.php\/2026\/03\/11\/guerre-russo-ukrainienne-un-etudiant-nigerien-tue-au-front\/","og_locale":"fr_FR","og_type":"article","og_title":"Guerre russo-ukrainienne : Un \u00e9tudiant nig\u00e9rien tu\u00e9 au front - Le Patriote","og_description":"Un \u00e9tudiant nig\u00e9rien a perdu la vie en Ukraine apr\u00e8s avoir \u00e9t\u00e9 enr\u00f4l\u00e9 dans les forces russes. Abdoulaye Issaka Isma\u00ebl, inscrit en master \u00e0 l&rsquo;Universit\u00e9 d&rsquo;\u00c9tat russe du Tourisme et&hellip;","og_url":"https:\/\/lepatriotebenin.com\/index.php\/2026\/03\/11\/guerre-russo-ukrainienne-un-etudiant-nigerien-tue-au-front\/","og_site_name":"Le Patriote","article_published_time":"2026-03-10T23:56:02+00:00","og_image":[{"width":1280,"height":720,"url":"https:\/\/lepatriotebenin.com\/wp-content\/uploads\/2026\/03\/guerre-russo-a.jpeg","type":"image\/jpeg"}],"author":"Redaction","twitter_card":"summary_large_image","twitter_misc":{"\u00c9crit par":"Redaction","Dur\u00e9e de lecture estim\u00e9e":"2 minutes"},"schema":{"@context":"https:\/\/schema.org","@graph":[{"@type":"Article","@id":"https:\/\/lepatriotebenin.com\/index.php\/2026\/03\/11\/guerre-russo-ukrainienne-un-etudiant-nigerien-tue-au-front\/#article","isPartOf":{"@id":"https:\/\/lepatriotebenin.com\/index.php\/2026\/03\/11\/guerre-russo-ukrainienne-un-etudiant-nigerien-tue-au-front\/"},"author":{"name":"Redaction","@id":"https:\/\/lepatriotebenin.com\/#\/schema\/person\/2e7709b9c9cc313e452d1136af61690f"},"headline":"Guerre russo-ukrainienne : Un \u00e9tudiant nig\u00e9rien tu\u00e9 au front","datePublished":"2026-03-10T23:56:02+00:00","mainEntityOfPage":{"@id":"https:\/\/lepatriotebenin.com\/index.php\/2026\/03\/11\/guerre-russo-ukrainienne-un-etudiant-nigerien-tue-au-front\/"},"wordCount":298,"commentCount":0,"image":{"@id":"https:\/\/lepatriotebenin.com\/index.php\/2026\/03\/11\/guerre-russo-ukrainienne-un-etudiant-nigerien-tue-au-front\/#primaryimage"},"thumbnailUrl":"https:\/\/lepatriotebenin.com\/wp-content\/uploads\/2026\/03\/guerre-russo-a.jpeg","articleSection":["Soci\u00e9t\u00e9"],"inLanguage":"fr-FR","potentialAction":[{"@type":"CommentAction","name":"Comment","target":["https:\/\/lepatriotebenin.com\/index.php\/2026\/03\/11\/guerre-russo-ukrainienne-un-etudiant-nigerien-tue-au-front\/#respond"]}]},{"@type":"WebPage","@id":"https:\/\/lepatriotebenin.com\/index.php\/2026\/03\/11\/guerre-russo-ukrainienne-un-etudiant-nigerien-tue-au-front\/","url":"https:\/\/lepatriotebenin.com\/index.php\/2026\/03\/11\/guerre-russo-ukrainienne-un-etudiant-nigerien-tue-au-front\/","name":"Guerre russo-ukrainienne : Un \u00e9tudiant nig\u00e9rien tu\u00e9 au front - Le Patriote","isPartOf":{"@id":"https:\/\/lepatriotebenin.com\/#website"},"primaryImageOfPage":{"@id":"https:\/\/lepatriotebenin.com\/index.php\/2026\/03\/11\/guerre-russo-ukrainienne-un-etudiant-nigerien-tue-au-front\/#primaryimage"},"image":{"@id":"https:\/\/lepatriotebenin.com\/index.php\/2026\/03\/11\/guerre-russo-ukrainienne-un-etudiant-nigerien-tue-au-front\/#primaryimage"},"thumbnailUrl":"https:\/\/lepatriotebenin.com\/wp-content\/uploads\/2026\/03\/guerre-russo-a.jpeg","datePublished":"2026-03-10T23:56:02+00:00","author":{"@id":"https:\/\/lepatriotebenin.com\/#\/schema\/person\/2e7709b9c9cc313e452d1136af61690f"},"breadcrumb":{"@id":"https:\/\/lepatriotebenin.com\/index.php\/2026\/03\/11\/guerre-russo-ukrainienne-un-etudiant-nigerien-tue-au-front\/#breadcrumb"},"inLanguage":"fr-FR","potentialAction":[{"@type":"ReadAction","target":["https:\/\/lepatriotebenin.com\/index.php\/2026\/03\/11\/guerre-russo-ukrainienne-un-etudiant-nigerien-tue-au-front\/"]}]},{"@type":"ImageObject","inLanguage":"fr-FR","@id":"https:\/\/lepatriotebenin.com\/index.php\/2026\/03\/11\/guerre-russo-ukrainienne-un-etudiant-nigerien-tue-au-front\/#primaryimage","url":"https:\/\/lepatriotebenin.com\/wp-content\/uploads\/2026\/03\/guerre-russo-a.jpeg","contentUrl":"https:\/\/lepatriotebenin.com\/wp-content\/uploads\/2026\/03\/guerre-russo-a.jpeg","width":1280,"height":720},{"@type":"BreadcrumbList","@id":"https:\/\/lepatriotebenin.com\/index.php\/2026\/03\/11\/guerre-russo-ukrainienne-un-etudiant-nigerien-tue-au-front\/#breadcrumb","itemListElement":[{"@type":"ListItem","position":1,"name":"Accueil","item":"https:\/\/lepatriotebenin.com\/"},{"@type":"ListItem","position":2,"name":"Guerre russo-ukrainienne : Un \u00e9tudiant nig\u00e9rien tu\u00e9 au front"}]},{"@type":"WebSite","@id":"https:\/\/lepatriotebenin.com\/#website","url":"https:\/\/lepatriotebenin.com\/","name":"Le Patriote","description":"Le Patriote B\u00e9nin","potentialAction":[{"@type":"SearchAction","target":{"@type":"EntryPoint","urlTemplate":"https:\/\/lepatriotebenin.com\/?s={search_term_string}"},"query-input":{"@type":"PropertyValueSpecification","valueRequired":true,"valueName":"search_term_string"}}],"inLanguage":"fr-FR"},{"@type":"Person","@id":"https:\/\/lepatriotebenin.com\/#\/schema\/person\/2e7709b9c9cc313e452d1136af61690f","name":"Redaction","image":{"@type":"ImageObject","inLanguage":"fr-FR","@id":"https:\/\/secure.gravatar.com\/avatar\/c4c509357859ea2ca2cbb6d8812898a73e4ef1ef9934c2e591d7e32face734d1?s=96&d=mm&r=g","url":"https:\/\/secure.gravatar.com\/avatar\/c4c509357859ea2ca2cbb6d8812898a73e4ef1ef9934c2e591d7e32face734d1?s=96&d=mm&r=g","contentUrl":"https:\/\/secure.gravatar.com\/avatar\/c4c509357859ea2ca2cbb6d8812898a73e4ef1ef9934c2e591d7e32face734d1?s=96&d=mm&r=g","caption":"Redaction"},"url":"https:\/\/lepatriotebenin.com"}]}},"_links":{"self":[{"href":"https:\/\/lepatriotebenin.com\/index.php\/wp-json\/wp\/v2\/posts\/17694","targetHints":{"allow":["GET"]}}],"collection":[{"href":"https:\/\/lepatriotebenin.com\/index.php\/wp-json\/wp\/v2\/posts"}],"about":[{"href":"https:\/\/lepatriotebenin.com\/index.php\/wp-json\/wp\/v2\/types\/post"}],"author":[{"embeddable":true,"href":"https:\/\/lepatriotebenin.com\/index.php\/wp-json\/wp\/v2\/users\/5"}],"replies":[{"embeddable":true,"href":"https:\/\/lepatriotebenin.com\/index.php\/wp-json\/wp\/v2\/comments?post=17694"}],"version-history":[{"count":1,"href":"https:\/\/lepatriotebenin.com\/index.php\/wp-json\/wp\/v2\/posts\/17694\/revisions"}],"predecessor-version":[{"id":17696,"href":"https:\/\/lepatriotebenin.com\/index.php\/wp-json\/wp\/v2\/posts\/17694\/revisions\/17696"}],"wp:featuredmedia":[{"embeddable":true,"href":"https:\/\/lepatriotebenin.com\/index.php\/wp-json\/wp\/v2\/media\/17695"}],"wp:attachment":[{"href":"https:\/\/lepatriotebenin.com\/index.php\/wp-json\/wp\/v2\/media?parent=17694"}],"wp:term":[{"taxonomy":"category","embeddable":true,"href":"https:\/\/lepatriotebenin.com\/index.php\/wp-json\/wp\/v2\/categories?post=17694"},{"taxonomy":"post_tag","embeddable":true,"href":"https:\/\/lepatriotebenin.com\/index.php\/wp-json\/wp\/v2\/tags?post=17694"}],"curies":[{"name":"wp","href":"https:\/\/api.w.org\/{rel}","templated":true}]}}