{"id":17687,"date":"2026-03-10T15:21:16","date_gmt":"2026-03-10T14:21:16","guid":{"rendered":"https:\/\/lepatriotebenin.com\/?p=17687"},"modified":"2026-03-10T15:22:05","modified_gmt":"2026-03-10T14:22:05","slug":"tensions-politiques-au-senegal-le-pastef-soutient-sonko-face-a-la-coalition-diomaye-president","status":"publish","type":"post","link":"https:\/\/lepatriotebenin.com\/index.php\/2026\/03\/10\/tensions-politiques-au-senegal-le-pastef-soutient-sonko-face-a-la-coalition-diomaye-president\/","title":{"rendered":"Tensions politiques au S\u00e9n\u00e9gal : le Pastef soutient Sonko face \u00e0 la coalition \u00ab Diomaye Pr\u00e9sident \u00bb"},"content":{"rendered":"<p><strong>Au S\u00e9n\u00e9gal, des tensions apparaissent entre le pr\u00e9sident Bassirou Diomaye Faye et son Premier ministre Ousmane Sonko. La cr\u00e9ation de la coalition \u00ab Diomaye Pr\u00e9sident \u00bb provoque des r\u00e9actions au sein du parti au pouvoir, le Pastef.<\/strong><\/p>\n<p>Le parti au pouvoir, le Pastef, tente de rester uni alors que des tensions apparaissent entre le pr\u00e9sident Bassirou Diomaye Faye et son Premier ministre Ousmane Sonko. Depuis quelques jours, plusieurs cadres du parti ont exprim\u00e9 leur soutien \u00e0 Sonko, qui reste le leader du Pastef.<\/p>\n<p>Cette situation intervient apr\u00e8s la cr\u00e9ation de la coalition \u00ab Diomaye Pr\u00e9sident \u00bb. Cette coalition a tenu sa premi\u00e8re assembl\u00e9e g\u00e9n\u00e9rale le 7 mars. Ses responsables veulent en faire une nouvelle force politique pour participer aux prochaines \u00e9lections. Contrairement \u00e0 la coalition mise en place avant l\u2019\u00e9lection pr\u00e9sidentielle de 2024, qui \u00e9tait contr\u00f4l\u00e9e par Sonko et le Pastef pour soutenir Diomaye Faye, cette nouvelle structure est ind\u00e9pendante et centr\u00e9e autour du pr\u00e9sident, ce qui inqui\u00e8te certains cadres du Pastef.<\/p>\n<p>Plusieurs responsables du Pastef craignent que cette coalition parall\u00e8le affaiblisse le r\u00f4le du parti et la place de Sonko. Ils rappellent que le Pastef a \u00e9t\u00e9 \u00e0 l\u2019origine de la victoire du pr\u00e9sident en 2024 et que ses militants restent attach\u00e9s au leader du parti.<\/p>\n<p>La situation montre que l\u2019\u00e9quilibre du pouvoir reste fragile entre les deux dirigeants. Bassirou Diomaye Faye est le pr\u00e9sident de la R\u00e9publique, mais Ousmane Sonko garde une grande influence politique en tant que chef du Pastef.<\/p>\n<p>Pour l\u2019instant, aucune rupture officielle n\u2019est annonc\u00e9e, mais la cr\u00e9ation de la coalition \u00ab Diomaye Pr\u00e9sident \u00bb montre que des diff\u00e9rences importantes commencent \u00e0 appara\u00eetre au sommet du pouvoir.<\/p>\n<p><strong>Ez\u00e9chiel Dagb\u00e9gnon PADONOU<\/strong><\/p>\n","protected":false},"excerpt":{"rendered":"<p>Au S\u00e9n\u00e9gal, des tensions apparaissent entre le pr\u00e9sident Bassirou Diomaye Faye et son Premier ministre Ousmane Sonko. La cr\u00e9ation de la coalition \u00ab Diomaye Pr\u00e9sident \u00bb provoque des r\u00e9actions au&hellip;<\/p>\n","protected":false},"author":5,"featured_media":17688,"comment_status":"open","ping_status":"open","sticky":false,"template":"","format":"standard","meta":{"content-type":"","om_disable_all_campaigns":false,"_monsterinsights_skip_tracking":false,"_monsterinsights_sitenote_active":false,"_monsterinsights_sitenote_note":"","_monsterinsights_sitenote_category":0,"_uf_show_specific_survey":0,"_uf_disable_surveys":false,"footnotes":""},"categories":[26],"tags":[],"class_list":["post-17687","post","type-post","status-publish","format-standard","has-post-thumbnail","hentry","category-politique"],"aioseo_notices":[],"yoast_head":"<!-- This site is optimized with the Yoast SEO plugin v27.5 - https:\/\/yoast.com\/product\/yoast-seo-wordpress\/ -->\n<title>Tensions politiques au S\u00e9n\u00e9gal : le Pastef soutient Sonko face \u00e0 la coalition \u00ab Diomaye Pr\u00e9sident \u00bb - Le Patriote<\/title>\n<meta name=\"robots\" content=\"index, follow, max-snippet:-1, max-image-preview:large, max-video-preview:-1\" \/>\n<link rel=\"canonical\" href=\"https:\/\/lepatriotebenin.com\/index.php\/2026\/03\/10\/tensions-politiques-au-senegal-le-pastef-soutient-sonko-face-a-la-coalition-diomaye-president\/\" \/>\n<meta property=\"og:locale\" content=\"fr_FR\" \/>\n<meta property=\"og:type\" content=\"article\" \/>\n<meta property=\"og:title\" content=\"Tensions politiques au S\u00e9n\u00e9gal : le Pastef soutient Sonko face \u00e0 la coalition \u00ab Diomaye Pr\u00e9sident \u00bb - Le Patriote\" \/>\n<meta property=\"og:description\" content=\"Au S\u00e9n\u00e9gal, des tensions apparaissent entre le pr\u00e9sident Bassirou Diomaye Faye et son Premier ministre Ousmane Sonko. La cr\u00e9ation de la coalition \u00ab Diomaye Pr\u00e9sident \u00bb provoque des r\u00e9actions au&hellip;\" \/>\n<meta property=\"og:url\" content=\"https:\/\/lepatriotebenin.com\/index.php\/2026\/03\/10\/tensions-politiques-au-senegal-le-pastef-soutient-sonko-face-a-la-coalition-diomaye-president\/\" \/>\n<meta property=\"og:site_name\" content=\"Le Patriote\" \/>\n<meta property=\"article:published_time\" content=\"2026-03-10T14:21:16+00:00\" \/>\n<meta property=\"article:modified_time\" content=\"2026-03-10T14:22:05+00:00\" \/>\n<meta property=\"og:image\" content=\"https:\/\/lepatriotebenin.com\/wp-content\/uploads\/2026\/03\/senegal-a.jpeg\" \/>\n\t<meta property=\"og:image:width\" content=\"1280\" \/>\n\t<meta property=\"og:image:height\" content=\"720\" \/>\n\t<meta property=\"og:image:type\" content=\"image\/jpeg\" \/>\n<meta name=\"author\" content=\"Redaction\" \/>\n<meta name=\"twitter:card\" content=\"summary_large_image\" \/>\n<meta name=\"twitter:label1\" content=\"\u00c9crit par\" \/>\n\t<meta name=\"twitter:data1\" content=\"Redaction\" \/>\n\t<meta name=\"twitter:label2\" content=\"Dur\u00e9e de lecture estim\u00e9e\" \/>\n\t<meta name=\"twitter:data2\" content=\"2 minutes\" \/>\n<script type=\"application\/ld+json\" class=\"yoast-schema-graph\">{\"@context\":\"https:\\\/\\\/schema.org\",\"@graph\":[{\"@type\":\"Article\",\"@id\":\"https:\\\/\\\/lepatriotebenin.com\\\/index.php\\\/2026\\\/03\\\/10\\\/tensions-politiques-au-senegal-le-pastef-soutient-sonko-face-a-la-coalition-diomaye-president\\\/#article\",\"isPartOf\":{\"@id\":\"https:\\\/\\\/lepatriotebenin.com\\\/index.php\\\/2026\\\/03\\\/10\\\/tensions-politiques-au-senegal-le-pastef-soutient-sonko-face-a-la-coalition-diomaye-president\\\/\"},\"author\":{\"name\":\"Redaction\",\"@id\":\"https:\\\/\\\/lepatriotebenin.com\\\/#\\\/schema\\\/person\\\/2e7709b9c9cc313e452d1136af61690f\"},\"headline\":\"Tensions politiques au S\u00e9n\u00e9gal : le Pastef soutient Sonko face \u00e0 la coalition \u00ab Diomaye Pr\u00e9sident \u00bb\",\"datePublished\":\"2026-03-10T14:21:16+00:00\",\"dateModified\":\"2026-03-10T14:22:05+00:00\",\"mainEntityOfPage\":{\"@id\":\"https:\\\/\\\/lepatriotebenin.com\\\/index.php\\\/2026\\\/03\\\/10\\\/tensions-politiques-au-senegal-le-pastef-soutient-sonko-face-a-la-coalition-diomaye-president\\\/\"},\"wordCount\":317,\"commentCount\":0,\"image\":{\"@id\":\"https:\\\/\\\/lepatriotebenin.com\\\/index.php\\\/2026\\\/03\\\/10\\\/tensions-politiques-au-senegal-le-pastef-soutient-sonko-face-a-la-coalition-diomaye-president\\\/#primaryimage\"},\"thumbnailUrl\":\"https:\\\/\\\/lepatriotebenin.com\\\/wp-content\\\/uploads\\\/2026\\\/03\\\/senegal-a.jpeg\",\"articleSection\":[\"Politique\"],\"inLanguage\":\"fr-FR\",\"potentialAction\":[{\"@type\":\"CommentAction\",\"name\":\"Comment\",\"target\":[\"https:\\\/\\\/lepatriotebenin.com\\\/index.php\\\/2026\\\/03\\\/10\\\/tensions-politiques-au-senegal-le-pastef-soutient-sonko-face-a-la-coalition-diomaye-president\\\/#respond\"]}]},{\"@type\":\"WebPage\",\"@id\":\"https:\\\/\\\/lepatriotebenin.com\\\/index.php\\\/2026\\\/03\\\/10\\\/tensions-politiques-au-senegal-le-pastef-soutient-sonko-face-a-la-coalition-diomaye-president\\\/\",\"url\":\"https:\\\/\\\/lepatriotebenin.com\\\/index.php\\\/2026\\\/03\\\/10\\\/tensions-politiques-au-senegal-le-pastef-soutient-sonko-face-a-la-coalition-diomaye-president\\\/\",\"name\":\"Tensions politiques au S\u00e9n\u00e9gal : le Pastef soutient Sonko face \u00e0 la coalition \u00ab Diomaye Pr\u00e9sident \u00bb - Le Patriote\",\"isPartOf\":{\"@id\":\"https:\\\/\\\/lepatriotebenin.com\\\/#website\"},\"primaryImageOfPage\":{\"@id\":\"https:\\\/\\\/lepatriotebenin.com\\\/index.php\\\/2026\\\/03\\\/10\\\/tensions-politiques-au-senegal-le-pastef-soutient-sonko-face-a-la-coalition-diomaye-president\\\/#primaryimage\"},\"image\":{\"@id\":\"https:\\\/\\\/lepatriotebenin.com\\\/index.php\\\/2026\\\/03\\\/10\\\/tensions-politiques-au-senegal-le-pastef-soutient-sonko-face-a-la-coalition-diomaye-president\\\/#primaryimage\"},\"thumbnailUrl\":\"https:\\\/\\\/lepatriotebenin.com\\\/wp-content\\\/uploads\\\/2026\\\/03\\\/senegal-a.jpeg\",\"datePublished\":\"2026-03-10T14:21:16+00:00\",\"dateModified\":\"2026-03-10T14:22:05+00:00\",\"author\":{\"@id\":\"https:\\\/\\\/lepatriotebenin.com\\\/#\\\/schema\\\/person\\\/2e7709b9c9cc313e452d1136af61690f\"},\"breadcrumb\":{\"@id\":\"https:\\\/\\\/lepatriotebenin.com\\\/index.php\\\/2026\\\/03\\\/10\\\/tensions-politiques-au-senegal-le-pastef-soutient-sonko-face-a-la-coalition-diomaye-president\\\/#breadcrumb\"},\"inLanguage\":\"fr-FR\",\"potentialAction\":[{\"@type\":\"ReadAction\",\"target\":[\"https:\\\/\\\/lepatriotebenin.com\\\/index.php\\\/2026\\\/03\\\/10\\\/tensions-politiques-au-senegal-le-pastef-soutient-sonko-face-a-la-coalition-diomaye-president\\\/\"]}]},{\"@type\":\"ImageObject\",\"inLanguage\":\"fr-FR\",\"@id\":\"https:\\\/\\\/lepatriotebenin.com\\\/index.php\\\/2026\\\/03\\\/10\\\/tensions-politiques-au-senegal-le-pastef-soutient-sonko-face-a-la-coalition-diomaye-president\\\/#primaryimage\",\"url\":\"https:\\\/\\\/lepatriotebenin.com\\\/wp-content\\\/uploads\\\/2026\\\/03\\\/senegal-a.jpeg\",\"contentUrl\":\"https:\\\/\\\/lepatriotebenin.com\\\/wp-content\\\/uploads\\\/2026\\\/03\\\/senegal-a.jpeg\",\"width\":1280,\"height\":720},{\"@type\":\"BreadcrumbList\",\"@id\":\"https:\\\/\\\/lepatriotebenin.com\\\/index.php\\\/2026\\\/03\\\/10\\\/tensions-politiques-au-senegal-le-pastef-soutient-sonko-face-a-la-coalition-diomaye-president\\\/#breadcrumb\",\"itemListElement\":[{\"@type\":\"ListItem\",\"position\":1,\"name\":\"Accueil\",\"item\":\"https:\\\/\\\/lepatriotebenin.com\\\/\"},{\"@type\":\"ListItem\",\"position\":2,\"name\":\"Tensions politiques au S\u00e9n\u00e9gal : le Pastef soutient Sonko face \u00e0 la coalition \u00ab Diomaye Pr\u00e9sident \u00bb\"}]},{\"@type\":\"WebSite\",\"@id\":\"https:\\\/\\\/lepatriotebenin.com\\\/#website\",\"url\":\"https:\\\/\\\/lepatriotebenin.com\\\/\",\"name\":\"Le Patriote\",\"description\":\"Le Patriote B\u00e9nin\",\"potentialAction\":[{\"@type\":\"SearchAction\",\"target\":{\"@type\":\"EntryPoint\",\"urlTemplate\":\"https:\\\/\\\/lepatriotebenin.com\\\/?s={search_term_string}\"},\"query-input\":{\"@type\":\"PropertyValueSpecification\",\"valueRequired\":true,\"valueName\":\"search_term_string\"}}],\"inLanguage\":\"fr-FR\"},{\"@type\":\"Person\",\"@id\":\"https:\\\/\\\/lepatriotebenin.com\\\/#\\\/schema\\\/person\\\/2e7709b9c9cc313e452d1136af61690f\",\"name\":\"Redaction\",\"image\":{\"@type\":\"ImageObject\",\"inLanguage\":\"fr-FR\",\"@id\":\"https:\\\/\\\/secure.gravatar.com\\\/avatar\\\/c4c509357859ea2ca2cbb6d8812898a73e4ef1ef9934c2e591d7e32face734d1?s=96&d=mm&r=g\",\"url\":\"https:\\\/\\\/secure.gravatar.com\\\/avatar\\\/c4c509357859ea2ca2cbb6d8812898a73e4ef1ef9934c2e591d7e32face734d1?s=96&d=mm&r=g\",\"contentUrl\":\"https:\\\/\\\/secure.gravatar.com\\\/avatar\\\/c4c509357859ea2ca2cbb6d8812898a73e4ef1ef9934c2e591d7e32face734d1?s=96&d=mm&r=g\",\"caption\":\"Redaction\"},\"url\":\"https:\\\/\\\/lepatriotebenin.com\"}]}<\/script>\n<!-- \/ Yoast SEO plugin. -->","yoast_head_json":{"title":"Tensions politiques au S\u00e9n\u00e9gal : le Pastef soutient Sonko face \u00e0 la coalition \u00ab Diomaye Pr\u00e9sident \u00bb - Le Patriote","robots":{"index":"index","follow":"follow","max-snippet":"max-snippet:-1","max-image-preview":"max-image-preview:large","max-video-preview":"max-video-preview:-1"},"canonical":"https:\/\/lepatriotebenin.com\/index.php\/2026\/03\/10\/tensions-politiques-au-senegal-le-pastef-soutient-sonko-face-a-la-coalition-diomaye-president\/","og_locale":"fr_FR","og_type":"article","og_title":"Tensions politiques au S\u00e9n\u00e9gal : le Pastef soutient Sonko face \u00e0 la coalition \u00ab Diomaye Pr\u00e9sident \u00bb - Le Patriote","og_description":"Au S\u00e9n\u00e9gal, des tensions apparaissent entre le pr\u00e9sident Bassirou Diomaye Faye et son Premier ministre Ousmane Sonko. La cr\u00e9ation de la coalition \u00ab Diomaye Pr\u00e9sident \u00bb provoque des r\u00e9actions au&hellip;","og_url":"https:\/\/lepatriotebenin.com\/index.php\/2026\/03\/10\/tensions-politiques-au-senegal-le-pastef-soutient-sonko-face-a-la-coalition-diomaye-president\/","og_site_name":"Le Patriote","article_published_time":"2026-03-10T14:21:16+00:00","article_modified_time":"2026-03-10T14:22:05+00:00","og_image":[{"width":1280,"height":720,"url":"https:\/\/lepatriotebenin.com\/wp-content\/uploads\/2026\/03\/senegal-a.jpeg","type":"image\/jpeg"}],"author":"Redaction","twitter_card":"summary_large_image","twitter_misc":{"\u00c9crit par":"Redaction","Dur\u00e9e de lecture estim\u00e9e":"2 minutes"},"schema":{"@context":"https:\/\/schema.org","@graph":[{"@type":"Article","@id":"https:\/\/lepatriotebenin.com\/index.php\/2026\/03\/10\/tensions-politiques-au-senegal-le-pastef-soutient-sonko-face-a-la-coalition-diomaye-president\/#article","isPartOf":{"@id":"https:\/\/lepatriotebenin.com\/index.php\/2026\/03\/10\/tensions-politiques-au-senegal-le-pastef-soutient-sonko-face-a-la-coalition-diomaye-president\/"},"author":{"name":"Redaction","@id":"https:\/\/lepatriotebenin.com\/#\/schema\/person\/2e7709b9c9cc313e452d1136af61690f"},"headline":"Tensions politiques au S\u00e9n\u00e9gal : le Pastef soutient Sonko face \u00e0 la coalition \u00ab Diomaye Pr\u00e9sident \u00bb","datePublished":"2026-03-10T14:21:16+00:00","dateModified":"2026-03-10T14:22:05+00:00","mainEntityOfPage":{"@id":"https:\/\/lepatriotebenin.com\/index.php\/2026\/03\/10\/tensions-politiques-au-senegal-le-pastef-soutient-sonko-face-a-la-coalition-diomaye-president\/"},"wordCount":317,"commentCount":0,"image":{"@id":"https:\/\/lepatriotebenin.com\/index.php\/2026\/03\/10\/tensions-politiques-au-senegal-le-pastef-soutient-sonko-face-a-la-coalition-diomaye-president\/#primaryimage"},"thumbnailUrl":"https:\/\/lepatriotebenin.com\/wp-content\/uploads\/2026\/03\/senegal-a.jpeg","articleSection":["Politique"],"inLanguage":"fr-FR","potentialAction":[{"@type":"CommentAction","name":"Comment","target":["https:\/\/lepatriotebenin.com\/index.php\/2026\/03\/10\/tensions-politiques-au-senegal-le-pastef-soutient-sonko-face-a-la-coalition-diomaye-president\/#respond"]}]},{"@type":"WebPage","@id":"https:\/\/lepatriotebenin.com\/index.php\/2026\/03\/10\/tensions-politiques-au-senegal-le-pastef-soutient-sonko-face-a-la-coalition-diomaye-president\/","url":"https:\/\/lepatriotebenin.com\/index.php\/2026\/03\/10\/tensions-politiques-au-senegal-le-pastef-soutient-sonko-face-a-la-coalition-diomaye-president\/","name":"Tensions politiques au S\u00e9n\u00e9gal : le Pastef soutient Sonko face \u00e0 la coalition \u00ab Diomaye Pr\u00e9sident \u00bb - Le Patriote","isPartOf":{"@id":"https:\/\/lepatriotebenin.com\/#website"},"primaryImageOfPage":{"@id":"https:\/\/lepatriotebenin.com\/index.php\/2026\/03\/10\/tensions-politiques-au-senegal-le-pastef-soutient-sonko-face-a-la-coalition-diomaye-president\/#primaryimage"},"image":{"@id":"https:\/\/lepatriotebenin.com\/index.php\/2026\/03\/10\/tensions-politiques-au-senegal-le-pastef-soutient-sonko-face-a-la-coalition-diomaye-president\/#primaryimage"},"thumbnailUrl":"https:\/\/lepatriotebenin.com\/wp-content\/uploads\/2026\/03\/senegal-a.jpeg","datePublished":"2026-03-10T14:21:16+00:00","dateModified":"2026-03-10T14:22:05+00:00","author":{"@id":"https:\/\/lepatriotebenin.com\/#\/schema\/person\/2e7709b9c9cc313e452d1136af61690f"},"breadcrumb":{"@id":"https:\/\/lepatriotebenin.com\/index.php\/2026\/03\/10\/tensions-politiques-au-senegal-le-pastef-soutient-sonko-face-a-la-coalition-diomaye-president\/#breadcrumb"},"inLanguage":"fr-FR","potentialAction":[{"@type":"ReadAction","target":["https:\/\/lepatriotebenin.com\/index.php\/2026\/03\/10\/tensions-politiques-au-senegal-le-pastef-soutient-sonko-face-a-la-coalition-diomaye-president\/"]}]},{"@type":"ImageObject","inLanguage":"fr-FR","@id":"https:\/\/lepatriotebenin.com\/index.php\/2026\/03\/10\/tensions-politiques-au-senegal-le-pastef-soutient-sonko-face-a-la-coalition-diomaye-president\/#primaryimage","url":"https:\/\/lepatriotebenin.com\/wp-content\/uploads\/2026\/03\/senegal-a.jpeg","contentUrl":"https:\/\/lepatriotebenin.com\/wp-content\/uploads\/2026\/03\/senegal-a.jpeg","width":1280,"height":720},{"@type":"BreadcrumbList","@id":"https:\/\/lepatriotebenin.com\/index.php\/2026\/03\/10\/tensions-politiques-au-senegal-le-pastef-soutient-sonko-face-a-la-coalition-diomaye-president\/#breadcrumb","itemListElement":[{"@type":"ListItem","position":1,"name":"Accueil","item":"https:\/\/lepatriotebenin.com\/"},{"@type":"ListItem","position":2,"name":"Tensions politiques au S\u00e9n\u00e9gal : le Pastef soutient Sonko face \u00e0 la coalition \u00ab Diomaye Pr\u00e9sident \u00bb"}]},{"@type":"WebSite","@id":"https:\/\/lepatriotebenin.com\/#website","url":"https:\/\/lepatriotebenin.com\/","name":"Le Patriote","description":"Le Patriote B\u00e9nin","potentialAction":[{"@type":"SearchAction","target":{"@type":"EntryPoint","urlTemplate":"https:\/\/lepatriotebenin.com\/?s={search_term_string}"},"query-input":{"@type":"PropertyValueSpecification","valueRequired":true,"valueName":"search_term_string"}}],"inLanguage":"fr-FR"},{"@type":"Person","@id":"https:\/\/lepatriotebenin.com\/#\/schema\/person\/2e7709b9c9cc313e452d1136af61690f","name":"Redaction","image":{"@type":"ImageObject","inLanguage":"fr-FR","@id":"https:\/\/secure.gravatar.com\/avatar\/c4c509357859ea2ca2cbb6d8812898a73e4ef1ef9934c2e591d7e32face734d1?s=96&d=mm&r=g","url":"https:\/\/secure.gravatar.com\/avatar\/c4c509357859ea2ca2cbb6d8812898a73e4ef1ef9934c2e591d7e32face734d1?s=96&d=mm&r=g","contentUrl":"https:\/\/secure.gravatar.com\/avatar\/c4c509357859ea2ca2cbb6d8812898a73e4ef1ef9934c2e591d7e32face734d1?s=96&d=mm&r=g","caption":"Redaction"},"url":"https:\/\/lepatriotebenin.com"}]}},"_links":{"self":[{"href":"https:\/\/lepatriotebenin.com\/index.php\/wp-json\/wp\/v2\/posts\/17687","targetHints":{"allow":["GET"]}}],"collection":[{"href":"https:\/\/lepatriotebenin.com\/index.php\/wp-json\/wp\/v2\/posts"}],"about":[{"href":"https:\/\/lepatriotebenin.com\/index.php\/wp-json\/wp\/v2\/types\/post"}],"author":[{"embeddable":true,"href":"https:\/\/lepatriotebenin.com\/index.php\/wp-json\/wp\/v2\/users\/5"}],"replies":[{"embeddable":true,"href":"https:\/\/lepatriotebenin.com\/index.php\/wp-json\/wp\/v2\/comments?post=17687"}],"version-history":[{"count":2,"href":"https:\/\/lepatriotebenin.com\/index.php\/wp-json\/wp\/v2\/posts\/17687\/revisions"}],"predecessor-version":[{"id":17690,"href":"https:\/\/lepatriotebenin.com\/index.php\/wp-json\/wp\/v2\/posts\/17687\/revisions\/17690"}],"wp:featuredmedia":[{"embeddable":true,"href":"https:\/\/lepatriotebenin.com\/index.php\/wp-json\/wp\/v2\/media\/17688"}],"wp:attachment":[{"href":"https:\/\/lepatriotebenin.com\/index.php\/wp-json\/wp\/v2\/media?parent=17687"}],"wp:term":[{"taxonomy":"category","embeddable":true,"href":"https:\/\/lepatriotebenin.com\/index.php\/wp-json\/wp\/v2\/categories?post=17687"},{"taxonomy":"post_tag","embeddable":true,"href":"https:\/\/lepatriotebenin.com\/index.php\/wp-json\/wp\/v2\/tags?post=17687"}],"curies":[{"name":"wp","href":"https:\/\/api.w.org\/{rel}","templated":true}]}}