{"id":1766,"date":"2023-12-02T23:14:10","date_gmt":"2023-12-02T22:14:10","guid":{"rendered":"https:\/\/lepatriotebenin.com\/?p=1766"},"modified":"2023-12-02T23:14:11","modified_gmt":"2023-12-02T22:14:11","slug":"adoption-du-plan-de-travail-annuel-les-democrates-en-retraite-a-grand-popo","status":"publish","type":"post","link":"https:\/\/lepatriotebenin.com\/index.php\/2023\/12\/02\/adoption-du-plan-de-travail-annuel-les-democrates-en-retraite-a-grand-popo\/","title":{"rendered":"Adoption du plan de travail annuel: Les D\u00e9mocrates en retraite \u00e0 Grand Popo"},"content":{"rendered":"\n<p>Quelques jours apr\u00e8s la sulfureuse rencontre avec le chef de l\u2019Etat, le plus grand parti de l\u2019opposition se r\u00e9unit dans la ville baln\u00e9aire de Grand Popo pour se pencher sur le plan de travail 2024 du parti. \u00a0Le pr\u00e9sident du parti Boni Yayi a marqu\u00e9 l\u2019ouverture des travaux de sa pr\u00e9sence.<\/p>\n\n\n\n<figure class=\"wp-block-image size-large\"><img fetchpriority=\"high\" decoding=\"async\" width=\"1024\" height=\"767\" src=\"https:\/\/lepatriotebenin.com\/wp-content\/uploads\/2023\/12\/ld1-1024x767.jpg\" alt=\"\" class=\"wp-image-1767\" srcset=\"https:\/\/lepatriotebenin.com\/wp-content\/uploads\/2023\/12\/ld1-1024x767.jpg 1024w, https:\/\/lepatriotebenin.com\/wp-content\/uploads\/2023\/12\/ld1-300x225.jpg 300w, https:\/\/lepatriotebenin.com\/wp-content\/uploads\/2023\/12\/ld1-768x575.jpg 768w, https:\/\/lepatriotebenin.com\/wp-content\/uploads\/2023\/12\/ld1-585x438.jpg 585w, https:\/\/lepatriotebenin.com\/wp-content\/uploads\/2023\/12\/ld1.jpg 1080w\" sizes=\"(max-width: 1024px) 100vw, 1024px\" \/><figcaption class=\"wp-element-caption\">Vue partielle des participants<\/figcaption><\/figure>\n\n\n\n<p>Depuis ce samedi 02 d\u00e9cembre, leaders et membres des organes dirigeants du parti se sont retrouv\u00e9s \u00e0 Grand Popo pour \u00e9laborer le programme d\u2019actions du parti pour l\u2019ann\u00e9e 2024. Cette activit\u00e9 qui permettra au parti de disposer d\u2019une feuille de route est l\u2019une des recommandations du dernier congr\u00e8s qui s\u2019est tenu les 14 et 15 octobre dernier \u00e0 Parakou. En outre, le parti va se consacrer \u00e0 l\u2019\u00e9laboration \u00e0 temps du budget annuel et du plan de formation des dirigeants du parti \u00e0 tous les niveaux et l\u2019organisation des \u00e9lections g\u00e9n\u00e9rales de 2026. Pr\u00e9sent \u00e0 l\u2019ouverture des travaux, le pr\u00e9sident Boni Yayi flanqu\u00e9 de son premier vice-pr\u00e9sident Eric Hound\u00e9t\u00e9 a affirm\u00e9 que ce s\u00e9minaire est le premier acte de l\u2019op\u00e9rationnalisation \u00a0de ce plan de travail avant d\u2019ajouter que\u00a0: \u00ab il vise essentiellement \u00e0 planifier le travail qui nous incombe dans l\u2019animation de la vie politique nationale pour l\u2019ann\u00e9e 2024, doter le parti d\u2019un budget annuel et faire participer les cadres du parti \u00e0 l\u2019\u00e9laboration de ces outils de gestion afin qu\u2019ils se les approprient pour faciliter la mise en \u0153uvre \u00bb, a-t-il ajout\u00e9.<\/p>\n","protected":false},"excerpt":{"rendered":"<p>Quelques jours apr\u00e8s la sulfureuse rencontre avec le chef de l\u2019Etat, le plus grand parti de l\u2019opposition se r\u00e9unit dans la ville baln\u00e9aire de Grand Popo pour se pencher sur&hellip;<\/p>\n","protected":false},"author":2,"featured_media":1768,"comment_status":"open","ping_status":"open","sticky":false,"template":"","format":"standard","meta":{"content-type":"","om_disable_all_campaigns":false,"_monsterinsights_skip_tracking":false,"_monsterinsights_sitenote_active":false,"_monsterinsights_sitenote_note":"","_monsterinsights_sitenote_category":0,"_uf_show_specific_survey":0,"_uf_disable_surveys":false,"footnotes":""},"categories":[26],"tags":[45,46],"class_list":["post-1766","post","type-post","status-publish","format-standard","has-post-thumbnail","hentry","category-politique","tag-les-democrates","tag-politique"],"aioseo_notices":[],"yoast_head":"<!-- This site is optimized with the Yoast SEO plugin v27.5 - https:\/\/yoast.com\/product\/yoast-seo-wordpress\/ -->\n<title>Adoption du plan de travail annuel: Les D\u00e9mocrates en retraite \u00e0 Grand Popo - Le Patriote<\/title>\n<meta name=\"robots\" content=\"index, follow, max-snippet:-1, max-image-preview:large, max-video-preview:-1\" \/>\n<link rel=\"canonical\" href=\"https:\/\/lepatriotebenin.com\/index.php\/2023\/12\/02\/adoption-du-plan-de-travail-annuel-les-democrates-en-retraite-a-grand-popo\/\" \/>\n<meta property=\"og:locale\" content=\"fr_FR\" \/>\n<meta property=\"og:type\" content=\"article\" \/>\n<meta property=\"og:title\" content=\"Adoption du plan de travail annuel: Les D\u00e9mocrates en retraite \u00e0 Grand Popo - Le Patriote\" \/>\n<meta property=\"og:description\" content=\"Quelques jours apr\u00e8s la sulfureuse rencontre avec le chef de l\u2019Etat, le plus grand parti de l\u2019opposition se r\u00e9unit dans la ville baln\u00e9aire de Grand Popo pour se pencher sur&hellip;\" \/>\n<meta property=\"og:url\" content=\"https:\/\/lepatriotebenin.com\/index.php\/2023\/12\/02\/adoption-du-plan-de-travail-annuel-les-democrates-en-retraite-a-grand-popo\/\" \/>\n<meta property=\"og:site_name\" content=\"Le Patriote\" \/>\n<meta property=\"article:published_time\" content=\"2023-12-02T22:14:10+00:00\" \/>\n<meta property=\"article:modified_time\" content=\"2023-12-02T22:14:11+00:00\" \/>\n<meta property=\"og:image\" content=\"https:\/\/lepatriotebenin.com\/wp-content\/uploads\/2023\/12\/ld2.jpg\" \/>\n\t<meta property=\"og:image:width\" content=\"768\" \/>\n\t<meta property=\"og:image:height\" content=\"345\" \/>\n\t<meta property=\"og:image:type\" content=\"image\/jpeg\" \/>\n<meta name=\"author\" content=\"Marcel ZOUMENOU\" \/>\n<meta name=\"twitter:card\" content=\"summary_large_image\" \/>\n<meta name=\"twitter:label1\" content=\"\u00c9crit par\" \/>\n\t<meta name=\"twitter:data1\" content=\"Marcel ZOUMENOU\" \/>\n\t<meta name=\"twitter:label2\" content=\"Dur\u00e9e de lecture estim\u00e9e\" \/>\n\t<meta name=\"twitter:data2\" content=\"1 minute\" \/>\n<script type=\"application\/ld+json\" class=\"yoast-schema-graph\">{\"@context\":\"https:\\\/\\\/schema.org\",\"@graph\":[{\"@type\":\"Article\",\"@id\":\"https:\\\/\\\/lepatriotebenin.com\\\/index.php\\\/2023\\\/12\\\/02\\\/adoption-du-plan-de-travail-annuel-les-democrates-en-retraite-a-grand-popo\\\/#article\",\"isPartOf\":{\"@id\":\"https:\\\/\\\/lepatriotebenin.com\\\/index.php\\\/2023\\\/12\\\/02\\\/adoption-du-plan-de-travail-annuel-les-democrates-en-retraite-a-grand-popo\\\/\"},\"author\":{\"name\":\"Marcel ZOUMENOU\",\"@id\":\"https:\\\/\\\/lepatriotebenin.com\\\/#\\\/schema\\\/person\\\/bc185387219a73c6f2f8698114720c49\"},\"headline\":\"Adoption du plan de travail annuel: Les D\u00e9mocrates en retraite \u00e0 Grand Popo\",\"datePublished\":\"2023-12-02T22:14:10+00:00\",\"dateModified\":\"2023-12-02T22:14:11+00:00\",\"mainEntityOfPage\":{\"@id\":\"https:\\\/\\\/lepatriotebenin.com\\\/index.php\\\/2023\\\/12\\\/02\\\/adoption-du-plan-de-travail-annuel-les-democrates-en-retraite-a-grand-popo\\\/\"},\"wordCount\":270,\"commentCount\":0,\"image\":{\"@id\":\"https:\\\/\\\/lepatriotebenin.com\\\/index.php\\\/2023\\\/12\\\/02\\\/adoption-du-plan-de-travail-annuel-les-democrates-en-retraite-a-grand-popo\\\/#primaryimage\"},\"thumbnailUrl\":\"https:\\\/\\\/lepatriotebenin.com\\\/wp-content\\\/uploads\\\/2023\\\/12\\\/ld2.jpg\",\"keywords\":[\"Les D\u00e9mocrates\",\"Politique\"],\"articleSection\":[\"Politique\"],\"inLanguage\":\"fr-FR\",\"potentialAction\":[{\"@type\":\"CommentAction\",\"name\":\"Comment\",\"target\":[\"https:\\\/\\\/lepatriotebenin.com\\\/index.php\\\/2023\\\/12\\\/02\\\/adoption-du-plan-de-travail-annuel-les-democrates-en-retraite-a-grand-popo\\\/#respond\"]}]},{\"@type\":\"WebPage\",\"@id\":\"https:\\\/\\\/lepatriotebenin.com\\\/index.php\\\/2023\\\/12\\\/02\\\/adoption-du-plan-de-travail-annuel-les-democrates-en-retraite-a-grand-popo\\\/\",\"url\":\"https:\\\/\\\/lepatriotebenin.com\\\/index.php\\\/2023\\\/12\\\/02\\\/adoption-du-plan-de-travail-annuel-les-democrates-en-retraite-a-grand-popo\\\/\",\"name\":\"Adoption du plan de travail annuel: Les D\u00e9mocrates en retraite \u00e0 Grand Popo - Le Patriote\",\"isPartOf\":{\"@id\":\"https:\\\/\\\/lepatriotebenin.com\\\/#website\"},\"primaryImageOfPage\":{\"@id\":\"https:\\\/\\\/lepatriotebenin.com\\\/index.php\\\/2023\\\/12\\\/02\\\/adoption-du-plan-de-travail-annuel-les-democrates-en-retraite-a-grand-popo\\\/#primaryimage\"},\"image\":{\"@id\":\"https:\\\/\\\/lepatriotebenin.com\\\/index.php\\\/2023\\\/12\\\/02\\\/adoption-du-plan-de-travail-annuel-les-democrates-en-retraite-a-grand-popo\\\/#primaryimage\"},\"thumbnailUrl\":\"https:\\\/\\\/lepatriotebenin.com\\\/wp-content\\\/uploads\\\/2023\\\/12\\\/ld2.jpg\",\"datePublished\":\"2023-12-02T22:14:10+00:00\",\"dateModified\":\"2023-12-02T22:14:11+00:00\",\"author\":{\"@id\":\"https:\\\/\\\/lepatriotebenin.com\\\/#\\\/schema\\\/person\\\/bc185387219a73c6f2f8698114720c49\"},\"breadcrumb\":{\"@id\":\"https:\\\/\\\/lepatriotebenin.com\\\/index.php\\\/2023\\\/12\\\/02\\\/adoption-du-plan-de-travail-annuel-les-democrates-en-retraite-a-grand-popo\\\/#breadcrumb\"},\"inLanguage\":\"fr-FR\",\"potentialAction\":[{\"@type\":\"ReadAction\",\"target\":[\"https:\\\/\\\/lepatriotebenin.com\\\/index.php\\\/2023\\\/12\\\/02\\\/adoption-du-plan-de-travail-annuel-les-democrates-en-retraite-a-grand-popo\\\/\"]}]},{\"@type\":\"ImageObject\",\"inLanguage\":\"fr-FR\",\"@id\":\"https:\\\/\\\/lepatriotebenin.com\\\/index.php\\\/2023\\\/12\\\/02\\\/adoption-du-plan-de-travail-annuel-les-democrates-en-retraite-a-grand-popo\\\/#primaryimage\",\"url\":\"https:\\\/\\\/lepatriotebenin.com\\\/wp-content\\\/uploads\\\/2023\\\/12\\\/ld2.jpg\",\"contentUrl\":\"https:\\\/\\\/lepatriotebenin.com\\\/wp-content\\\/uploads\\\/2023\\\/12\\\/ld2.jpg\",\"width\":768,\"height\":345},{\"@type\":\"BreadcrumbList\",\"@id\":\"https:\\\/\\\/lepatriotebenin.com\\\/index.php\\\/2023\\\/12\\\/02\\\/adoption-du-plan-de-travail-annuel-les-democrates-en-retraite-a-grand-popo\\\/#breadcrumb\",\"itemListElement\":[{\"@type\":\"ListItem\",\"position\":1,\"name\":\"Accueil\",\"item\":\"https:\\\/\\\/lepatriotebenin.com\\\/\"},{\"@type\":\"ListItem\",\"position\":2,\"name\":\"Adoption du plan de travail annuel: Les D\u00e9mocrates en retraite \u00e0 Grand Popo\"}]},{\"@type\":\"WebSite\",\"@id\":\"https:\\\/\\\/lepatriotebenin.com\\\/#website\",\"url\":\"https:\\\/\\\/lepatriotebenin.com\\\/\",\"name\":\"Le Patriote\",\"description\":\"Le Patriote B\u00e9nin\",\"potentialAction\":[{\"@type\":\"SearchAction\",\"target\":{\"@type\":\"EntryPoint\",\"urlTemplate\":\"https:\\\/\\\/lepatriotebenin.com\\\/?s={search_term_string}\"},\"query-input\":{\"@type\":\"PropertyValueSpecification\",\"valueRequired\":true,\"valueName\":\"search_term_string\"}}],\"inLanguage\":\"fr-FR\"},{\"@type\":\"Person\",\"@id\":\"https:\\\/\\\/lepatriotebenin.com\\\/#\\\/schema\\\/person\\\/bc185387219a73c6f2f8698114720c49\",\"name\":\"Marcel ZOUMENOU\",\"image\":{\"@type\":\"ImageObject\",\"inLanguage\":\"fr-FR\",\"@id\":\"https:\\\/\\\/secure.gravatar.com\\\/avatar\\\/55e60188ee1ca2050a14675489f7856c575861edc734548164d100bdb6565472?s=96&d=mm&r=g\",\"url\":\"https:\\\/\\\/secure.gravatar.com\\\/avatar\\\/55e60188ee1ca2050a14675489f7856c575861edc734548164d100bdb6565472?s=96&d=mm&r=g\",\"contentUrl\":\"https:\\\/\\\/secure.gravatar.com\\\/avatar\\\/55e60188ee1ca2050a14675489f7856c575861edc734548164d100bdb6565472?s=96&d=mm&r=g\",\"caption\":\"Marcel ZOUMENOU\"},\"url\":\"https:\\\/\\\/lepatriotebenin.com\"}]}<\/script>\n<!-- \/ Yoast SEO plugin. -->","yoast_head_json":{"title":"Adoption du plan de travail annuel: Les D\u00e9mocrates en retraite \u00e0 Grand Popo - Le Patriote","robots":{"index":"index","follow":"follow","max-snippet":"max-snippet:-1","max-image-preview":"max-image-preview:large","max-video-preview":"max-video-preview:-1"},"canonical":"https:\/\/lepatriotebenin.com\/index.php\/2023\/12\/02\/adoption-du-plan-de-travail-annuel-les-democrates-en-retraite-a-grand-popo\/","og_locale":"fr_FR","og_type":"article","og_title":"Adoption du plan de travail annuel: Les D\u00e9mocrates en retraite \u00e0 Grand Popo - Le Patriote","og_description":"Quelques jours apr\u00e8s la sulfureuse rencontre avec le chef de l\u2019Etat, le plus grand parti de l\u2019opposition se r\u00e9unit dans la ville baln\u00e9aire de Grand Popo pour se pencher sur&hellip;","og_url":"https:\/\/lepatriotebenin.com\/index.php\/2023\/12\/02\/adoption-du-plan-de-travail-annuel-les-democrates-en-retraite-a-grand-popo\/","og_site_name":"Le Patriote","article_published_time":"2023-12-02T22:14:10+00:00","article_modified_time":"2023-12-02T22:14:11+00:00","og_image":[{"width":768,"height":345,"url":"https:\/\/lepatriotebenin.com\/wp-content\/uploads\/2023\/12\/ld2.jpg","type":"image\/jpeg"}],"author":"Marcel ZOUMENOU","twitter_card":"summary_large_image","twitter_misc":{"\u00c9crit par":"Marcel ZOUMENOU","Dur\u00e9e de lecture estim\u00e9e":"1 minute"},"schema":{"@context":"https:\/\/schema.org","@graph":[{"@type":"Article","@id":"https:\/\/lepatriotebenin.com\/index.php\/2023\/12\/02\/adoption-du-plan-de-travail-annuel-les-democrates-en-retraite-a-grand-popo\/#article","isPartOf":{"@id":"https:\/\/lepatriotebenin.com\/index.php\/2023\/12\/02\/adoption-du-plan-de-travail-annuel-les-democrates-en-retraite-a-grand-popo\/"},"author":{"name":"Marcel ZOUMENOU","@id":"https:\/\/lepatriotebenin.com\/#\/schema\/person\/bc185387219a73c6f2f8698114720c49"},"headline":"Adoption du plan de travail annuel: Les D\u00e9mocrates en retraite \u00e0 Grand Popo","datePublished":"2023-12-02T22:14:10+00:00","dateModified":"2023-12-02T22:14:11+00:00","mainEntityOfPage":{"@id":"https:\/\/lepatriotebenin.com\/index.php\/2023\/12\/02\/adoption-du-plan-de-travail-annuel-les-democrates-en-retraite-a-grand-popo\/"},"wordCount":270,"commentCount":0,"image":{"@id":"https:\/\/lepatriotebenin.com\/index.php\/2023\/12\/02\/adoption-du-plan-de-travail-annuel-les-democrates-en-retraite-a-grand-popo\/#primaryimage"},"thumbnailUrl":"https:\/\/lepatriotebenin.com\/wp-content\/uploads\/2023\/12\/ld2.jpg","keywords":["Les D\u00e9mocrates","Politique"],"articleSection":["Politique"],"inLanguage":"fr-FR","potentialAction":[{"@type":"CommentAction","name":"Comment","target":["https:\/\/lepatriotebenin.com\/index.php\/2023\/12\/02\/adoption-du-plan-de-travail-annuel-les-democrates-en-retraite-a-grand-popo\/#respond"]}]},{"@type":"WebPage","@id":"https:\/\/lepatriotebenin.com\/index.php\/2023\/12\/02\/adoption-du-plan-de-travail-annuel-les-democrates-en-retraite-a-grand-popo\/","url":"https:\/\/lepatriotebenin.com\/index.php\/2023\/12\/02\/adoption-du-plan-de-travail-annuel-les-democrates-en-retraite-a-grand-popo\/","name":"Adoption du plan de travail annuel: Les D\u00e9mocrates en retraite \u00e0 Grand Popo - Le Patriote","isPartOf":{"@id":"https:\/\/lepatriotebenin.com\/#website"},"primaryImageOfPage":{"@id":"https:\/\/lepatriotebenin.com\/index.php\/2023\/12\/02\/adoption-du-plan-de-travail-annuel-les-democrates-en-retraite-a-grand-popo\/#primaryimage"},"image":{"@id":"https:\/\/lepatriotebenin.com\/index.php\/2023\/12\/02\/adoption-du-plan-de-travail-annuel-les-democrates-en-retraite-a-grand-popo\/#primaryimage"},"thumbnailUrl":"https:\/\/lepatriotebenin.com\/wp-content\/uploads\/2023\/12\/ld2.jpg","datePublished":"2023-12-02T22:14:10+00:00","dateModified":"2023-12-02T22:14:11+00:00","author":{"@id":"https:\/\/lepatriotebenin.com\/#\/schema\/person\/bc185387219a73c6f2f8698114720c49"},"breadcrumb":{"@id":"https:\/\/lepatriotebenin.com\/index.php\/2023\/12\/02\/adoption-du-plan-de-travail-annuel-les-democrates-en-retraite-a-grand-popo\/#breadcrumb"},"inLanguage":"fr-FR","potentialAction":[{"@type":"ReadAction","target":["https:\/\/lepatriotebenin.com\/index.php\/2023\/12\/02\/adoption-du-plan-de-travail-annuel-les-democrates-en-retraite-a-grand-popo\/"]}]},{"@type":"ImageObject","inLanguage":"fr-FR","@id":"https:\/\/lepatriotebenin.com\/index.php\/2023\/12\/02\/adoption-du-plan-de-travail-annuel-les-democrates-en-retraite-a-grand-popo\/#primaryimage","url":"https:\/\/lepatriotebenin.com\/wp-content\/uploads\/2023\/12\/ld2.jpg","contentUrl":"https:\/\/lepatriotebenin.com\/wp-content\/uploads\/2023\/12\/ld2.jpg","width":768,"height":345},{"@type":"BreadcrumbList","@id":"https:\/\/lepatriotebenin.com\/index.php\/2023\/12\/02\/adoption-du-plan-de-travail-annuel-les-democrates-en-retraite-a-grand-popo\/#breadcrumb","itemListElement":[{"@type":"ListItem","position":1,"name":"Accueil","item":"https:\/\/lepatriotebenin.com\/"},{"@type":"ListItem","position":2,"name":"Adoption du plan de travail annuel: Les D\u00e9mocrates en retraite \u00e0 Grand Popo"}]},{"@type":"WebSite","@id":"https:\/\/lepatriotebenin.com\/#website","url":"https:\/\/lepatriotebenin.com\/","name":"Le Patriote","description":"Le Patriote B\u00e9nin","potentialAction":[{"@type":"SearchAction","target":{"@type":"EntryPoint","urlTemplate":"https:\/\/lepatriotebenin.com\/?s={search_term_string}"},"query-input":{"@type":"PropertyValueSpecification","valueRequired":true,"valueName":"search_term_string"}}],"inLanguage":"fr-FR"},{"@type":"Person","@id":"https:\/\/lepatriotebenin.com\/#\/schema\/person\/bc185387219a73c6f2f8698114720c49","name":"Marcel ZOUMENOU","image":{"@type":"ImageObject","inLanguage":"fr-FR","@id":"https:\/\/secure.gravatar.com\/avatar\/55e60188ee1ca2050a14675489f7856c575861edc734548164d100bdb6565472?s=96&d=mm&r=g","url":"https:\/\/secure.gravatar.com\/avatar\/55e60188ee1ca2050a14675489f7856c575861edc734548164d100bdb6565472?s=96&d=mm&r=g","contentUrl":"https:\/\/secure.gravatar.com\/avatar\/55e60188ee1ca2050a14675489f7856c575861edc734548164d100bdb6565472?s=96&d=mm&r=g","caption":"Marcel ZOUMENOU"},"url":"https:\/\/lepatriotebenin.com"}]}},"_links":{"self":[{"href":"https:\/\/lepatriotebenin.com\/index.php\/wp-json\/wp\/v2\/posts\/1766","targetHints":{"allow":["GET"]}}],"collection":[{"href":"https:\/\/lepatriotebenin.com\/index.php\/wp-json\/wp\/v2\/posts"}],"about":[{"href":"https:\/\/lepatriotebenin.com\/index.php\/wp-json\/wp\/v2\/types\/post"}],"author":[{"embeddable":true,"href":"https:\/\/lepatriotebenin.com\/index.php\/wp-json\/wp\/v2\/users\/2"}],"replies":[{"embeddable":true,"href":"https:\/\/lepatriotebenin.com\/index.php\/wp-json\/wp\/v2\/comments?post=1766"}],"version-history":[{"count":1,"href":"https:\/\/lepatriotebenin.com\/index.php\/wp-json\/wp\/v2\/posts\/1766\/revisions"}],"predecessor-version":[{"id":1769,"href":"https:\/\/lepatriotebenin.com\/index.php\/wp-json\/wp\/v2\/posts\/1766\/revisions\/1769"}],"wp:featuredmedia":[{"embeddable":true,"href":"https:\/\/lepatriotebenin.com\/index.php\/wp-json\/wp\/v2\/media\/1768"}],"wp:attachment":[{"href":"https:\/\/lepatriotebenin.com\/index.php\/wp-json\/wp\/v2\/media?parent=1766"}],"wp:term":[{"taxonomy":"category","embeddable":true,"href":"https:\/\/lepatriotebenin.com\/index.php\/wp-json\/wp\/v2\/categories?post=1766"},{"taxonomy":"post_tag","embeddable":true,"href":"https:\/\/lepatriotebenin.com\/index.php\/wp-json\/wp\/v2\/tags?post=1766"}],"curies":[{"name":"wp","href":"https:\/\/api.w.org\/{rel}","templated":true}]}}