{"id":17650,"date":"2026-03-07T10:22:13","date_gmt":"2026-03-07T09:22:13","guid":{"rendered":"https:\/\/lepatriotebenin.com\/?p=17650"},"modified":"2026-03-07T10:22:13","modified_gmt":"2026-03-07T09:22:13","slug":"caf-le-desordre-permanent-dans-la-gestion-du-calendrier-des-competitions-africaines","status":"publish","type":"post","link":"https:\/\/lepatriotebenin.com\/index.php\/2026\/03\/07\/caf-le-desordre-permanent-dans-la-gestion-du-calendrier-des-competitions-africaines\/","title":{"rendered":"CAF : le d\u00e9sordre permanent dans la gestion du calendrier des comp\u00e9titions africaines"},"content":{"rendered":"<p>Depuis plusieurs ann\u00e9es, la gestion du calendrier des comp\u00e9titions par la Confederation of African Football suscite une frustration grandissante parmi les observateurs, les journalistes et de nombreux acteurs du football africain. Reports \u00e0 r\u00e9p\u00e9tition, d\u00e9cisions tardives et justifications parfois contest\u00e9es ont progressivement install\u00e9 l\u2019image d\u2019une organisation incapable de planifier sereinement ses propres tournois.<\/p>\n<p>Le cas de la Coupe d\u2019Afrique des nations f\u00e9minine, illustre parfaitement cette situation. L\u2019\u00e9dition 2020 a \u00e9t\u00e9 purement et simplement annul\u00e9e. Celle initialement pr\u00e9vue en 2024 a \u00e9t\u00e9 repouss\u00e9e \u00e0 2025, soit un d\u00e9calage de dix-neuf mois. Et l\u2019\u00e9dition 2026 a d\u00e9j\u00e0 \u00e9t\u00e9 d\u00e9plac\u00e9e de mars \u00e0 juillet, confirmant une instabilit\u00e9 chronique dans la programmation.<\/p>\n<p>Le probl\u00e8me ne concerne toutefois pas uniquement le football f\u00e9minin. Les comp\u00e9titions masculines ont connu des perturbations similaires. La\u00a0 coupe d&rsquo;Afrique des Nations 2021 a \u00e9t\u00e9 report\u00e9e \u00e0 2022, et la CAN 2023 s\u2019est finalement disput\u00e9e en 2024, officiellement en raison des conditions climatiques. Quant \u00e0 la CAN 2025, elle devrait se tenir en juin et finalement la FIFA a impos\u00e9 en collaboration avec la CAF d\u00e9cembre et janvier afin d\u2019\u00e9viter un chevauchement avec la FIFA Club World Cup.<\/p>\n<p>Le championnat r\u00e9serv\u00e9 aux joueurs \u00e9voluant dans les championnats nationaux, le CHAN , n\u2019a pas \u00e9t\u00e9 \u00e9pargn\u00e9 par ces bouleversements. L\u2019\u00e9dition 2020 a \u00e9t\u00e9 disput\u00e9e en 2021, celle de 2022 en 2023, tandis que l\u2019\u00e9dition pr\u00e9vue en 2024 a \u00e9t\u00e9 repouss\u00e9e \u00e0 2025. Et Finalement le CHAN supprim\u00e9 du calendrier de la CAF.<\/p>\n<p>\u00c0 force de reports et de modifications de derni\u00e8re minute, c\u2019est la cr\u00e9dibilit\u00e9 m\u00eame des comp\u00e9titions africaines qui se trouve fragilis\u00e9e. Pour les diffuseurs, les sponsors et les partenaires commerciaux, un calendrier instable repr\u00e9sente un risque important. Il devient difficile d\u2019investir durablement dans des comp\u00e9titions dont les dates changent r\u00e9guli\u00e8rement.<\/p>\n<p>Certes, la CAF a enregistr\u00e9 certains progr\u00e8s dans les domaines du marketing et des droits m\u00e9diatiques sous la pr\u00e9sidence de Patrice Motsepe. Mais la gestion op\u00e9rationnelle et la planification des comp\u00e9titions continuent de susciter de vives critiques.<\/p>\n<p>Dans le sport moderne, l\u2019organisation d\u2019un tournoi ne repose pas uniquement sur les moyens financiers. Elle exige avant tout de la rigueur, de l\u2019anticipation et une planification solide. Sans ces \u00e9l\u00e9ments, m\u00eame les comp\u00e9titions les plus prestigieuses risquent de perdre en cr\u00e9dibilit\u00e9 et en attractivit\u00e9.<\/p>\n<p>Aujourd\u2019hui, une question s\u2019impose : comment le football africain peut-il renforcer son influence sur la sc\u00e8ne mondiale si l\u2019organisation de ses propres comp\u00e9titions demeure marqu\u00e9e par une telle instabilit\u00e9 ?<\/p>\n<p><strong>Hugues Zinsou Zounon.<\/strong><\/p>\n","protected":false},"excerpt":{"rendered":"<p>Depuis plusieurs ann\u00e9es, la gestion du calendrier des comp\u00e9titions par la Confederation of African Football suscite une frustration grandissante parmi les observateurs, les journalistes et de nombreux acteurs du football&hellip;<\/p>\n","protected":false},"author":5,"featured_media":17651,"comment_status":"open","ping_status":"open","sticky":false,"template":"","format":"standard","meta":{"content-type":"","om_disable_all_campaigns":false,"_monsterinsights_skip_tracking":false,"_monsterinsights_sitenote_active":false,"_monsterinsights_sitenote_note":"","_monsterinsights_sitenote_category":0,"_uf_show_specific_survey":0,"_uf_disable_surveys":false,"footnotes":""},"categories":[8],"tags":[],"class_list":["post-17650","post","type-post","status-publish","format-standard","has-post-thumbnail","hentry","category-sport"],"aioseo_notices":[],"yoast_head":"<!-- This site is optimized with the Yoast SEO plugin v27.5 - https:\/\/yoast.com\/product\/yoast-seo-wordpress\/ -->\n<title>CAF : le d\u00e9sordre permanent dans la gestion du calendrier des comp\u00e9titions africaines - Le Patriote<\/title>\n<meta name=\"robots\" content=\"index, follow, max-snippet:-1, max-image-preview:large, max-video-preview:-1\" \/>\n<link rel=\"canonical\" href=\"https:\/\/lepatriotebenin.com\/index.php\/2026\/03\/07\/caf-le-desordre-permanent-dans-la-gestion-du-calendrier-des-competitions-africaines\/\" \/>\n<meta property=\"og:locale\" content=\"fr_FR\" \/>\n<meta property=\"og:type\" content=\"article\" \/>\n<meta property=\"og:title\" content=\"CAF : le d\u00e9sordre permanent dans la gestion du calendrier des comp\u00e9titions africaines - Le Patriote\" \/>\n<meta property=\"og:description\" content=\"Depuis plusieurs ann\u00e9es, la gestion du calendrier des comp\u00e9titions par la Confederation of African Football suscite une frustration grandissante parmi les observateurs, les journalistes et de nombreux acteurs du football&hellip;\" \/>\n<meta property=\"og:url\" content=\"https:\/\/lepatriotebenin.com\/index.php\/2026\/03\/07\/caf-le-desordre-permanent-dans-la-gestion-du-calendrier-des-competitions-africaines\/\" \/>\n<meta property=\"og:site_name\" content=\"Le Patriote\" \/>\n<meta property=\"article:published_time\" content=\"2026-03-07T09:22:13+00:00\" \/>\n<meta property=\"og:image\" content=\"https:\/\/lepatriotebenin.com\/wp-content\/uploads\/2026\/03\/caf-logo-2009.png\" \/>\n\t<meta property=\"og:image:width\" content=\"330\" \/>\n\t<meta property=\"og:image:height\" content=\"307\" \/>\n\t<meta property=\"og:image:type\" content=\"image\/png\" \/>\n<meta name=\"author\" content=\"Redaction\" \/>\n<meta name=\"twitter:card\" content=\"summary_large_image\" \/>\n<meta name=\"twitter:label1\" content=\"\u00c9crit par\" \/>\n\t<meta name=\"twitter:data1\" content=\"Redaction\" \/>\n\t<meta name=\"twitter:label2\" content=\"Dur\u00e9e de lecture estim\u00e9e\" \/>\n\t<meta name=\"twitter:data2\" content=\"3 minutes\" \/>\n<script type=\"application\/ld+json\" class=\"yoast-schema-graph\">{\"@context\":\"https:\\\/\\\/schema.org\",\"@graph\":[{\"@type\":\"Article\",\"@id\":\"https:\\\/\\\/lepatriotebenin.com\\\/index.php\\\/2026\\\/03\\\/07\\\/caf-le-desordre-permanent-dans-la-gestion-du-calendrier-des-competitions-africaines\\\/#article\",\"isPartOf\":{\"@id\":\"https:\\\/\\\/lepatriotebenin.com\\\/index.php\\\/2026\\\/03\\\/07\\\/caf-le-desordre-permanent-dans-la-gestion-du-calendrier-des-competitions-africaines\\\/\"},\"author\":{\"name\":\"Redaction\",\"@id\":\"https:\\\/\\\/lepatriotebenin.com\\\/#\\\/schema\\\/person\\\/2e7709b9c9cc313e452d1136af61690f\"},\"headline\":\"CAF : le d\u00e9sordre permanent dans la gestion du calendrier des comp\u00e9titions africaines\",\"datePublished\":\"2026-03-07T09:22:13+00:00\",\"mainEntityOfPage\":{\"@id\":\"https:\\\/\\\/lepatriotebenin.com\\\/index.php\\\/2026\\\/03\\\/07\\\/caf-le-desordre-permanent-dans-la-gestion-du-calendrier-des-competitions-africaines\\\/\"},\"wordCount\":458,\"commentCount\":0,\"image\":{\"@id\":\"https:\\\/\\\/lepatriotebenin.com\\\/index.php\\\/2026\\\/03\\\/07\\\/caf-le-desordre-permanent-dans-la-gestion-du-calendrier-des-competitions-africaines\\\/#primaryimage\"},\"thumbnailUrl\":\"https:\\\/\\\/lepatriotebenin.com\\\/wp-content\\\/uploads\\\/2026\\\/03\\\/caf-logo-2009.png\",\"articleSection\":[\"Sport\"],\"inLanguage\":\"fr-FR\",\"potentialAction\":[{\"@type\":\"CommentAction\",\"name\":\"Comment\",\"target\":[\"https:\\\/\\\/lepatriotebenin.com\\\/index.php\\\/2026\\\/03\\\/07\\\/caf-le-desordre-permanent-dans-la-gestion-du-calendrier-des-competitions-africaines\\\/#respond\"]}]},{\"@type\":\"WebPage\",\"@id\":\"https:\\\/\\\/lepatriotebenin.com\\\/index.php\\\/2026\\\/03\\\/07\\\/caf-le-desordre-permanent-dans-la-gestion-du-calendrier-des-competitions-africaines\\\/\",\"url\":\"https:\\\/\\\/lepatriotebenin.com\\\/index.php\\\/2026\\\/03\\\/07\\\/caf-le-desordre-permanent-dans-la-gestion-du-calendrier-des-competitions-africaines\\\/\",\"name\":\"CAF : le d\u00e9sordre permanent dans la gestion du calendrier des comp\u00e9titions africaines - Le Patriote\",\"isPartOf\":{\"@id\":\"https:\\\/\\\/lepatriotebenin.com\\\/#website\"},\"primaryImageOfPage\":{\"@id\":\"https:\\\/\\\/lepatriotebenin.com\\\/index.php\\\/2026\\\/03\\\/07\\\/caf-le-desordre-permanent-dans-la-gestion-du-calendrier-des-competitions-africaines\\\/#primaryimage\"},\"image\":{\"@id\":\"https:\\\/\\\/lepatriotebenin.com\\\/index.php\\\/2026\\\/03\\\/07\\\/caf-le-desordre-permanent-dans-la-gestion-du-calendrier-des-competitions-africaines\\\/#primaryimage\"},\"thumbnailUrl\":\"https:\\\/\\\/lepatriotebenin.com\\\/wp-content\\\/uploads\\\/2026\\\/03\\\/caf-logo-2009.png\",\"datePublished\":\"2026-03-07T09:22:13+00:00\",\"author\":{\"@id\":\"https:\\\/\\\/lepatriotebenin.com\\\/#\\\/schema\\\/person\\\/2e7709b9c9cc313e452d1136af61690f\"},\"breadcrumb\":{\"@id\":\"https:\\\/\\\/lepatriotebenin.com\\\/index.php\\\/2026\\\/03\\\/07\\\/caf-le-desordre-permanent-dans-la-gestion-du-calendrier-des-competitions-africaines\\\/#breadcrumb\"},\"inLanguage\":\"fr-FR\",\"potentialAction\":[{\"@type\":\"ReadAction\",\"target\":[\"https:\\\/\\\/lepatriotebenin.com\\\/index.php\\\/2026\\\/03\\\/07\\\/caf-le-desordre-permanent-dans-la-gestion-du-calendrier-des-competitions-africaines\\\/\"]}]},{\"@type\":\"ImageObject\",\"inLanguage\":\"fr-FR\",\"@id\":\"https:\\\/\\\/lepatriotebenin.com\\\/index.php\\\/2026\\\/03\\\/07\\\/caf-le-desordre-permanent-dans-la-gestion-du-calendrier-des-competitions-africaines\\\/#primaryimage\",\"url\":\"https:\\\/\\\/lepatriotebenin.com\\\/wp-content\\\/uploads\\\/2026\\\/03\\\/caf-logo-2009.png\",\"contentUrl\":\"https:\\\/\\\/lepatriotebenin.com\\\/wp-content\\\/uploads\\\/2026\\\/03\\\/caf-logo-2009.png\",\"width\":330,\"height\":307},{\"@type\":\"BreadcrumbList\",\"@id\":\"https:\\\/\\\/lepatriotebenin.com\\\/index.php\\\/2026\\\/03\\\/07\\\/caf-le-desordre-permanent-dans-la-gestion-du-calendrier-des-competitions-africaines\\\/#breadcrumb\",\"itemListElement\":[{\"@type\":\"ListItem\",\"position\":1,\"name\":\"Accueil\",\"item\":\"https:\\\/\\\/lepatriotebenin.com\\\/\"},{\"@type\":\"ListItem\",\"position\":2,\"name\":\"CAF : le d\u00e9sordre permanent dans la gestion du calendrier des comp\u00e9titions africaines\"}]},{\"@type\":\"WebSite\",\"@id\":\"https:\\\/\\\/lepatriotebenin.com\\\/#website\",\"url\":\"https:\\\/\\\/lepatriotebenin.com\\\/\",\"name\":\"Le Patriote\",\"description\":\"Le Patriote B\u00e9nin\",\"potentialAction\":[{\"@type\":\"SearchAction\",\"target\":{\"@type\":\"EntryPoint\",\"urlTemplate\":\"https:\\\/\\\/lepatriotebenin.com\\\/?s={search_term_string}\"},\"query-input\":{\"@type\":\"PropertyValueSpecification\",\"valueRequired\":true,\"valueName\":\"search_term_string\"}}],\"inLanguage\":\"fr-FR\"},{\"@type\":\"Person\",\"@id\":\"https:\\\/\\\/lepatriotebenin.com\\\/#\\\/schema\\\/person\\\/2e7709b9c9cc313e452d1136af61690f\",\"name\":\"Redaction\",\"image\":{\"@type\":\"ImageObject\",\"inLanguage\":\"fr-FR\",\"@id\":\"https:\\\/\\\/secure.gravatar.com\\\/avatar\\\/c4c509357859ea2ca2cbb6d8812898a73e4ef1ef9934c2e591d7e32face734d1?s=96&d=mm&r=g\",\"url\":\"https:\\\/\\\/secure.gravatar.com\\\/avatar\\\/c4c509357859ea2ca2cbb6d8812898a73e4ef1ef9934c2e591d7e32face734d1?s=96&d=mm&r=g\",\"contentUrl\":\"https:\\\/\\\/secure.gravatar.com\\\/avatar\\\/c4c509357859ea2ca2cbb6d8812898a73e4ef1ef9934c2e591d7e32face734d1?s=96&d=mm&r=g\",\"caption\":\"Redaction\"},\"url\":\"https:\\\/\\\/lepatriotebenin.com\"}]}<\/script>\n<!-- \/ Yoast SEO plugin. -->","yoast_head_json":{"title":"CAF : le d\u00e9sordre permanent dans la gestion du calendrier des comp\u00e9titions africaines - Le Patriote","robots":{"index":"index","follow":"follow","max-snippet":"max-snippet:-1","max-image-preview":"max-image-preview:large","max-video-preview":"max-video-preview:-1"},"canonical":"https:\/\/lepatriotebenin.com\/index.php\/2026\/03\/07\/caf-le-desordre-permanent-dans-la-gestion-du-calendrier-des-competitions-africaines\/","og_locale":"fr_FR","og_type":"article","og_title":"CAF : le d\u00e9sordre permanent dans la gestion du calendrier des comp\u00e9titions africaines - Le Patriote","og_description":"Depuis plusieurs ann\u00e9es, la gestion du calendrier des comp\u00e9titions par la Confederation of African Football suscite une frustration grandissante parmi les observateurs, les journalistes et de nombreux acteurs du football&hellip;","og_url":"https:\/\/lepatriotebenin.com\/index.php\/2026\/03\/07\/caf-le-desordre-permanent-dans-la-gestion-du-calendrier-des-competitions-africaines\/","og_site_name":"Le Patriote","article_published_time":"2026-03-07T09:22:13+00:00","og_image":[{"width":330,"height":307,"url":"https:\/\/lepatriotebenin.com\/wp-content\/uploads\/2026\/03\/caf-logo-2009.png","type":"image\/png"}],"author":"Redaction","twitter_card":"summary_large_image","twitter_misc":{"\u00c9crit par":"Redaction","Dur\u00e9e de lecture estim\u00e9e":"3 minutes"},"schema":{"@context":"https:\/\/schema.org","@graph":[{"@type":"Article","@id":"https:\/\/lepatriotebenin.com\/index.php\/2026\/03\/07\/caf-le-desordre-permanent-dans-la-gestion-du-calendrier-des-competitions-africaines\/#article","isPartOf":{"@id":"https:\/\/lepatriotebenin.com\/index.php\/2026\/03\/07\/caf-le-desordre-permanent-dans-la-gestion-du-calendrier-des-competitions-africaines\/"},"author":{"name":"Redaction","@id":"https:\/\/lepatriotebenin.com\/#\/schema\/person\/2e7709b9c9cc313e452d1136af61690f"},"headline":"CAF : le d\u00e9sordre permanent dans la gestion du calendrier des comp\u00e9titions africaines","datePublished":"2026-03-07T09:22:13+00:00","mainEntityOfPage":{"@id":"https:\/\/lepatriotebenin.com\/index.php\/2026\/03\/07\/caf-le-desordre-permanent-dans-la-gestion-du-calendrier-des-competitions-africaines\/"},"wordCount":458,"commentCount":0,"image":{"@id":"https:\/\/lepatriotebenin.com\/index.php\/2026\/03\/07\/caf-le-desordre-permanent-dans-la-gestion-du-calendrier-des-competitions-africaines\/#primaryimage"},"thumbnailUrl":"https:\/\/lepatriotebenin.com\/wp-content\/uploads\/2026\/03\/caf-logo-2009.png","articleSection":["Sport"],"inLanguage":"fr-FR","potentialAction":[{"@type":"CommentAction","name":"Comment","target":["https:\/\/lepatriotebenin.com\/index.php\/2026\/03\/07\/caf-le-desordre-permanent-dans-la-gestion-du-calendrier-des-competitions-africaines\/#respond"]}]},{"@type":"WebPage","@id":"https:\/\/lepatriotebenin.com\/index.php\/2026\/03\/07\/caf-le-desordre-permanent-dans-la-gestion-du-calendrier-des-competitions-africaines\/","url":"https:\/\/lepatriotebenin.com\/index.php\/2026\/03\/07\/caf-le-desordre-permanent-dans-la-gestion-du-calendrier-des-competitions-africaines\/","name":"CAF : le d\u00e9sordre permanent dans la gestion du calendrier des comp\u00e9titions africaines - Le Patriote","isPartOf":{"@id":"https:\/\/lepatriotebenin.com\/#website"},"primaryImageOfPage":{"@id":"https:\/\/lepatriotebenin.com\/index.php\/2026\/03\/07\/caf-le-desordre-permanent-dans-la-gestion-du-calendrier-des-competitions-africaines\/#primaryimage"},"image":{"@id":"https:\/\/lepatriotebenin.com\/index.php\/2026\/03\/07\/caf-le-desordre-permanent-dans-la-gestion-du-calendrier-des-competitions-africaines\/#primaryimage"},"thumbnailUrl":"https:\/\/lepatriotebenin.com\/wp-content\/uploads\/2026\/03\/caf-logo-2009.png","datePublished":"2026-03-07T09:22:13+00:00","author":{"@id":"https:\/\/lepatriotebenin.com\/#\/schema\/person\/2e7709b9c9cc313e452d1136af61690f"},"breadcrumb":{"@id":"https:\/\/lepatriotebenin.com\/index.php\/2026\/03\/07\/caf-le-desordre-permanent-dans-la-gestion-du-calendrier-des-competitions-africaines\/#breadcrumb"},"inLanguage":"fr-FR","potentialAction":[{"@type":"ReadAction","target":["https:\/\/lepatriotebenin.com\/index.php\/2026\/03\/07\/caf-le-desordre-permanent-dans-la-gestion-du-calendrier-des-competitions-africaines\/"]}]},{"@type":"ImageObject","inLanguage":"fr-FR","@id":"https:\/\/lepatriotebenin.com\/index.php\/2026\/03\/07\/caf-le-desordre-permanent-dans-la-gestion-du-calendrier-des-competitions-africaines\/#primaryimage","url":"https:\/\/lepatriotebenin.com\/wp-content\/uploads\/2026\/03\/caf-logo-2009.png","contentUrl":"https:\/\/lepatriotebenin.com\/wp-content\/uploads\/2026\/03\/caf-logo-2009.png","width":330,"height":307},{"@type":"BreadcrumbList","@id":"https:\/\/lepatriotebenin.com\/index.php\/2026\/03\/07\/caf-le-desordre-permanent-dans-la-gestion-du-calendrier-des-competitions-africaines\/#breadcrumb","itemListElement":[{"@type":"ListItem","position":1,"name":"Accueil","item":"https:\/\/lepatriotebenin.com\/"},{"@type":"ListItem","position":2,"name":"CAF : le d\u00e9sordre permanent dans la gestion du calendrier des comp\u00e9titions africaines"}]},{"@type":"WebSite","@id":"https:\/\/lepatriotebenin.com\/#website","url":"https:\/\/lepatriotebenin.com\/","name":"Le Patriote","description":"Le Patriote B\u00e9nin","potentialAction":[{"@type":"SearchAction","target":{"@type":"EntryPoint","urlTemplate":"https:\/\/lepatriotebenin.com\/?s={search_term_string}"},"query-input":{"@type":"PropertyValueSpecification","valueRequired":true,"valueName":"search_term_string"}}],"inLanguage":"fr-FR"},{"@type":"Person","@id":"https:\/\/lepatriotebenin.com\/#\/schema\/person\/2e7709b9c9cc313e452d1136af61690f","name":"Redaction","image":{"@type":"ImageObject","inLanguage":"fr-FR","@id":"https:\/\/secure.gravatar.com\/avatar\/c4c509357859ea2ca2cbb6d8812898a73e4ef1ef9934c2e591d7e32face734d1?s=96&d=mm&r=g","url":"https:\/\/secure.gravatar.com\/avatar\/c4c509357859ea2ca2cbb6d8812898a73e4ef1ef9934c2e591d7e32face734d1?s=96&d=mm&r=g","contentUrl":"https:\/\/secure.gravatar.com\/avatar\/c4c509357859ea2ca2cbb6d8812898a73e4ef1ef9934c2e591d7e32face734d1?s=96&d=mm&r=g","caption":"Redaction"},"url":"https:\/\/lepatriotebenin.com"}]}},"_links":{"self":[{"href":"https:\/\/lepatriotebenin.com\/index.php\/wp-json\/wp\/v2\/posts\/17650","targetHints":{"allow":["GET"]}}],"collection":[{"href":"https:\/\/lepatriotebenin.com\/index.php\/wp-json\/wp\/v2\/posts"}],"about":[{"href":"https:\/\/lepatriotebenin.com\/index.php\/wp-json\/wp\/v2\/types\/post"}],"author":[{"embeddable":true,"href":"https:\/\/lepatriotebenin.com\/index.php\/wp-json\/wp\/v2\/users\/5"}],"replies":[{"embeddable":true,"href":"https:\/\/lepatriotebenin.com\/index.php\/wp-json\/wp\/v2\/comments?post=17650"}],"version-history":[{"count":1,"href":"https:\/\/lepatriotebenin.com\/index.php\/wp-json\/wp\/v2\/posts\/17650\/revisions"}],"predecessor-version":[{"id":17652,"href":"https:\/\/lepatriotebenin.com\/index.php\/wp-json\/wp\/v2\/posts\/17650\/revisions\/17652"}],"wp:featuredmedia":[{"embeddable":true,"href":"https:\/\/lepatriotebenin.com\/index.php\/wp-json\/wp\/v2\/media\/17651"}],"wp:attachment":[{"href":"https:\/\/lepatriotebenin.com\/index.php\/wp-json\/wp\/v2\/media?parent=17650"}],"wp:term":[{"taxonomy":"category","embeddable":true,"href":"https:\/\/lepatriotebenin.com\/index.php\/wp-json\/wp\/v2\/categories?post=17650"},{"taxonomy":"post_tag","embeddable":true,"href":"https:\/\/lepatriotebenin.com\/index.php\/wp-json\/wp\/v2\/tags?post=17650"}],"curies":[{"name":"wp","href":"https:\/\/api.w.org\/{rel}","templated":true}]}}