{"id":17626,"date":"2026-03-06T02:05:58","date_gmt":"2026-03-06T01:05:58","guid":{"rendered":"https:\/\/lepatriotebenin.com\/?p=17626"},"modified":"2026-03-06T02:05:58","modified_gmt":"2026-03-06T01:05:58","slug":"securite-publique-le-benin-renforce-sa-surveillance-urbaine","status":"publish","type":"post","link":"https:\/\/lepatriotebenin.com\/index.php\/2026\/03\/06\/securite-publique-le-benin-renforce-sa-surveillance-urbaine\/","title":{"rendered":"S\u00e9curit\u00e9 publique : Le B\u00e9nin renforce sa surveillance urbaine"},"content":{"rendered":"<p><em><strong>Le gouvernement b\u00e9ninois franchit une nouvelle \u00e9tape dans la modernisation de la s\u00e9curit\u00e9 publique. R\u00e9uni en Conseil des ministres le 4 mars 2026, l\u2019ex\u00e9cutif a d\u00e9cid\u00e9 du d\u00e9ploiement progressif d\u2019un syst\u00e8me de vid\u00e9oprotection dans plusieurs grandes villes et aux principaux postes frontaliers du pays.<\/strong><\/em><\/p>\n<p>Le B\u00e9nin mise d\u00e9sormais sur la technologie pour renforcer la s\u00e9curit\u00e9 des populations et mieux pr\u00e9venir la criminalit\u00e9. Lors du Conseil des ministres tenu le 4 mars 2026, le gouvernement a valid\u00e9 la mise en place d\u2019un syst\u00e8me de vid\u00e9oprotection qui sera progressivement d\u00e9ploy\u00e9 dans plusieurs zones strat\u00e9giques du pays.<\/p>\n<p>Dans un premier temps, cinq grandes villes sont concern\u00e9es par ce dispositif. Il s&rsquo;agit de la ville de Cotonou, de Porto-Novo, de Parakou, d&rsquo;Abomey-Calavi et de Ouidah. \u00c0 ces centres urbains s\u2019ajoutent deux postes frontaliers majeurs, S\u00e8m\u00e8-Krak\u00e9 \u00e0 la fronti\u00e8re nig\u00e9riane et Hillacondji \u00e0 la fronti\u00e8re togolaise. Ces points n\u00e9vralgiques du territoire sont souvent marqu\u00e9s par d\u2019importants flux de personnes et de marchandises.<\/p>\n<p>L\u2019objectif du gouvernement est d&rsquo;am\u00e9liorer la surveillance des espaces publics et renforcer la capacit\u00e9 de r\u00e9action des forces de s\u00e9curit\u00e9. Gr\u00e2ce aux cam\u00e9ras install\u00e9es dans les zones sensibles, les autorit\u00e9s entendent mieux pr\u00e9venir les actes criminels, faciliter l\u2019identification des suspects et appuyer le travail des services d\u2019enqu\u00eate. Au-del\u00e0 de la lutte contre l\u2019ins\u00e9curit\u00e9, ce syst\u00e8me de vid\u00e9oprotection devrait \u00e9galement contribuer \u00e0 une meilleure gestion du trafic routier. Les images collect\u00e9es permettront notamment de mettre en \u0153uvre la vid\u00e9overbalisation pour certaines infractions au code de la route, un m\u00e9canisme d\u00e9j\u00e0 adopt\u00e9 dans plusieurs grandes villes du monde.<\/p>\n<p>Aux fronti\u00e8res, le dispositif vise aussi \u00e0 am\u00e9liorer le contr\u00f4le des flux transfrontaliers. Les autorit\u00e9s esp\u00e8rent ainsi renforcer la lutte contre les trafics illicites et mieux s\u00e9curiser les corridors d\u2019\u00e9changes.<\/p>\n<p>Cette initiative s\u2019inscrit dans la strat\u00e9gie globale de modernisation de la s\u00e9curit\u00e9 publique engag\u00e9e par le B\u00e9nin. En misant sur les outils technologiques, le pays entend se doter de moyens plus efficaces pour prot\u00e9ger les populations, s\u00e9curiser les infrastructures et accompagner la dynamique de d\u00e9veloppement en cours.<\/p>\n<p>&nbsp;<\/p>\n<p><strong>Gildas AHOGNI<\/strong><\/p>\n","protected":false},"excerpt":{"rendered":"<p>Le gouvernement b\u00e9ninois franchit une nouvelle \u00e9tape dans la modernisation de la s\u00e9curit\u00e9 publique. R\u00e9uni en Conseil des ministres le 4 mars 2026, l\u2019ex\u00e9cutif a d\u00e9cid\u00e9 du d\u00e9ploiement progressif d\u2019un&hellip;<\/p>\n","protected":false},"author":5,"featured_media":17627,"comment_status":"open","ping_status":"open","sticky":false,"template":"","format":"standard","meta":{"content-type":"","om_disable_all_campaigns":false,"_monsterinsights_skip_tracking":false,"_monsterinsights_sitenote_active":false,"_monsterinsights_sitenote_note":"","_monsterinsights_sitenote_category":0,"_uf_show_specific_survey":0,"_uf_disable_surveys":false,"footnotes":""},"categories":[20],"tags":[],"class_list":["post-17626","post","type-post","status-publish","format-standard","has-post-thumbnail","hentry","category-societe"],"aioseo_notices":[],"yoast_head":"<!-- This site is optimized with the Yoast SEO plugin v27.5 - https:\/\/yoast.com\/product\/yoast-seo-wordpress\/ -->\n<title>S\u00e9curit\u00e9 publique : Le B\u00e9nin renforce sa surveillance urbaine - Le Patriote<\/title>\n<meta name=\"robots\" content=\"index, follow, max-snippet:-1, max-image-preview:large, max-video-preview:-1\" \/>\n<link rel=\"canonical\" href=\"https:\/\/lepatriotebenin.com\/index.php\/2026\/03\/06\/securite-publique-le-benin-renforce-sa-surveillance-urbaine\/\" \/>\n<meta property=\"og:locale\" content=\"fr_FR\" \/>\n<meta property=\"og:type\" content=\"article\" \/>\n<meta property=\"og:title\" content=\"S\u00e9curit\u00e9 publique : Le B\u00e9nin renforce sa surveillance urbaine - Le Patriote\" \/>\n<meta property=\"og:description\" content=\"Le gouvernement b\u00e9ninois franchit une nouvelle \u00e9tape dans la modernisation de la s\u00e9curit\u00e9 publique. R\u00e9uni en Conseil des ministres le 4 mars 2026, l\u2019ex\u00e9cutif a d\u00e9cid\u00e9 du d\u00e9ploiement progressif d\u2019un&hellip;\" \/>\n<meta property=\"og:url\" content=\"https:\/\/lepatriotebenin.com\/index.php\/2026\/03\/06\/securite-publique-le-benin-renforce-sa-surveillance-urbaine\/\" \/>\n<meta property=\"og:site_name\" content=\"Le Patriote\" \/>\n<meta property=\"article:published_time\" content=\"2026-03-06T01:05:58+00:00\" \/>\n<meta property=\"og:image\" content=\"https:\/\/lepatriotebenin.com\/wp-content\/uploads\/2026\/03\/securite-publique.webp\" \/>\n\t<meta property=\"og:image:width\" content=\"860\" \/>\n\t<meta property=\"og:image:height\" content=\"573\" \/>\n\t<meta property=\"og:image:type\" content=\"image\/webp\" \/>\n<meta name=\"author\" content=\"Redaction\" \/>\n<meta name=\"twitter:card\" content=\"summary_large_image\" \/>\n<meta name=\"twitter:label1\" content=\"\u00c9crit par\" \/>\n\t<meta name=\"twitter:data1\" content=\"Redaction\" \/>\n\t<meta name=\"twitter:label2\" content=\"Dur\u00e9e de lecture estim\u00e9e\" \/>\n\t<meta name=\"twitter:data2\" content=\"2 minutes\" \/>\n<script type=\"application\/ld+json\" class=\"yoast-schema-graph\">{\"@context\":\"https:\\\/\\\/schema.org\",\"@graph\":[{\"@type\":\"Article\",\"@id\":\"https:\\\/\\\/lepatriotebenin.com\\\/index.php\\\/2026\\\/03\\\/06\\\/securite-publique-le-benin-renforce-sa-surveillance-urbaine\\\/#article\",\"isPartOf\":{\"@id\":\"https:\\\/\\\/lepatriotebenin.com\\\/index.php\\\/2026\\\/03\\\/06\\\/securite-publique-le-benin-renforce-sa-surveillance-urbaine\\\/\"},\"author\":{\"name\":\"Redaction\",\"@id\":\"https:\\\/\\\/lepatriotebenin.com\\\/#\\\/schema\\\/person\\\/2e7709b9c9cc313e452d1136af61690f\"},\"headline\":\"S\u00e9curit\u00e9 publique : Le B\u00e9nin renforce sa surveillance urbaine\",\"datePublished\":\"2026-03-06T01:05:58+00:00\",\"mainEntityOfPage\":{\"@id\":\"https:\\\/\\\/lepatriotebenin.com\\\/index.php\\\/2026\\\/03\\\/06\\\/securite-publique-le-benin-renforce-sa-surveillance-urbaine\\\/\"},\"wordCount\":401,\"commentCount\":0,\"image\":{\"@id\":\"https:\\\/\\\/lepatriotebenin.com\\\/index.php\\\/2026\\\/03\\\/06\\\/securite-publique-le-benin-renforce-sa-surveillance-urbaine\\\/#primaryimage\"},\"thumbnailUrl\":\"https:\\\/\\\/lepatriotebenin.com\\\/wp-content\\\/uploads\\\/2026\\\/03\\\/securite-publique.webp\",\"articleSection\":[\"Soci\u00e9t\u00e9\"],\"inLanguage\":\"fr-FR\",\"potentialAction\":[{\"@type\":\"CommentAction\",\"name\":\"Comment\",\"target\":[\"https:\\\/\\\/lepatriotebenin.com\\\/index.php\\\/2026\\\/03\\\/06\\\/securite-publique-le-benin-renforce-sa-surveillance-urbaine\\\/#respond\"]}]},{\"@type\":\"WebPage\",\"@id\":\"https:\\\/\\\/lepatriotebenin.com\\\/index.php\\\/2026\\\/03\\\/06\\\/securite-publique-le-benin-renforce-sa-surveillance-urbaine\\\/\",\"url\":\"https:\\\/\\\/lepatriotebenin.com\\\/index.php\\\/2026\\\/03\\\/06\\\/securite-publique-le-benin-renforce-sa-surveillance-urbaine\\\/\",\"name\":\"S\u00e9curit\u00e9 publique : Le B\u00e9nin renforce sa surveillance urbaine - Le Patriote\",\"isPartOf\":{\"@id\":\"https:\\\/\\\/lepatriotebenin.com\\\/#website\"},\"primaryImageOfPage\":{\"@id\":\"https:\\\/\\\/lepatriotebenin.com\\\/index.php\\\/2026\\\/03\\\/06\\\/securite-publique-le-benin-renforce-sa-surveillance-urbaine\\\/#primaryimage\"},\"image\":{\"@id\":\"https:\\\/\\\/lepatriotebenin.com\\\/index.php\\\/2026\\\/03\\\/06\\\/securite-publique-le-benin-renforce-sa-surveillance-urbaine\\\/#primaryimage\"},\"thumbnailUrl\":\"https:\\\/\\\/lepatriotebenin.com\\\/wp-content\\\/uploads\\\/2026\\\/03\\\/securite-publique.webp\",\"datePublished\":\"2026-03-06T01:05:58+00:00\",\"author\":{\"@id\":\"https:\\\/\\\/lepatriotebenin.com\\\/#\\\/schema\\\/person\\\/2e7709b9c9cc313e452d1136af61690f\"},\"breadcrumb\":{\"@id\":\"https:\\\/\\\/lepatriotebenin.com\\\/index.php\\\/2026\\\/03\\\/06\\\/securite-publique-le-benin-renforce-sa-surveillance-urbaine\\\/#breadcrumb\"},\"inLanguage\":\"fr-FR\",\"potentialAction\":[{\"@type\":\"ReadAction\",\"target\":[\"https:\\\/\\\/lepatriotebenin.com\\\/index.php\\\/2026\\\/03\\\/06\\\/securite-publique-le-benin-renforce-sa-surveillance-urbaine\\\/\"]}]},{\"@type\":\"ImageObject\",\"inLanguage\":\"fr-FR\",\"@id\":\"https:\\\/\\\/lepatriotebenin.com\\\/index.php\\\/2026\\\/03\\\/06\\\/securite-publique-le-benin-renforce-sa-surveillance-urbaine\\\/#primaryimage\",\"url\":\"https:\\\/\\\/lepatriotebenin.com\\\/wp-content\\\/uploads\\\/2026\\\/03\\\/securite-publique.webp\",\"contentUrl\":\"https:\\\/\\\/lepatriotebenin.com\\\/wp-content\\\/uploads\\\/2026\\\/03\\\/securite-publique.webp\",\"width\":860,\"height\":573},{\"@type\":\"BreadcrumbList\",\"@id\":\"https:\\\/\\\/lepatriotebenin.com\\\/index.php\\\/2026\\\/03\\\/06\\\/securite-publique-le-benin-renforce-sa-surveillance-urbaine\\\/#breadcrumb\",\"itemListElement\":[{\"@type\":\"ListItem\",\"position\":1,\"name\":\"Accueil\",\"item\":\"https:\\\/\\\/lepatriotebenin.com\\\/\"},{\"@type\":\"ListItem\",\"position\":2,\"name\":\"S\u00e9curit\u00e9 publique : Le B\u00e9nin renforce sa surveillance urbaine\"}]},{\"@type\":\"WebSite\",\"@id\":\"https:\\\/\\\/lepatriotebenin.com\\\/#website\",\"url\":\"https:\\\/\\\/lepatriotebenin.com\\\/\",\"name\":\"Le Patriote\",\"description\":\"Le Patriote B\u00e9nin\",\"potentialAction\":[{\"@type\":\"SearchAction\",\"target\":{\"@type\":\"EntryPoint\",\"urlTemplate\":\"https:\\\/\\\/lepatriotebenin.com\\\/?s={search_term_string}\"},\"query-input\":{\"@type\":\"PropertyValueSpecification\",\"valueRequired\":true,\"valueName\":\"search_term_string\"}}],\"inLanguage\":\"fr-FR\"},{\"@type\":\"Person\",\"@id\":\"https:\\\/\\\/lepatriotebenin.com\\\/#\\\/schema\\\/person\\\/2e7709b9c9cc313e452d1136af61690f\",\"name\":\"Redaction\",\"image\":{\"@type\":\"ImageObject\",\"inLanguage\":\"fr-FR\",\"@id\":\"https:\\\/\\\/secure.gravatar.com\\\/avatar\\\/c4c509357859ea2ca2cbb6d8812898a73e4ef1ef9934c2e591d7e32face734d1?s=96&d=mm&r=g\",\"url\":\"https:\\\/\\\/secure.gravatar.com\\\/avatar\\\/c4c509357859ea2ca2cbb6d8812898a73e4ef1ef9934c2e591d7e32face734d1?s=96&d=mm&r=g\",\"contentUrl\":\"https:\\\/\\\/secure.gravatar.com\\\/avatar\\\/c4c509357859ea2ca2cbb6d8812898a73e4ef1ef9934c2e591d7e32face734d1?s=96&d=mm&r=g\",\"caption\":\"Redaction\"},\"url\":\"https:\\\/\\\/lepatriotebenin.com\"}]}<\/script>\n<!-- \/ Yoast SEO plugin. -->","yoast_head_json":{"title":"S\u00e9curit\u00e9 publique : Le B\u00e9nin renforce sa surveillance urbaine - Le Patriote","robots":{"index":"index","follow":"follow","max-snippet":"max-snippet:-1","max-image-preview":"max-image-preview:large","max-video-preview":"max-video-preview:-1"},"canonical":"https:\/\/lepatriotebenin.com\/index.php\/2026\/03\/06\/securite-publique-le-benin-renforce-sa-surveillance-urbaine\/","og_locale":"fr_FR","og_type":"article","og_title":"S\u00e9curit\u00e9 publique : Le B\u00e9nin renforce sa surveillance urbaine - Le Patriote","og_description":"Le gouvernement b\u00e9ninois franchit une nouvelle \u00e9tape dans la modernisation de la s\u00e9curit\u00e9 publique. R\u00e9uni en Conseil des ministres le 4 mars 2026, l\u2019ex\u00e9cutif a d\u00e9cid\u00e9 du d\u00e9ploiement progressif d\u2019un&hellip;","og_url":"https:\/\/lepatriotebenin.com\/index.php\/2026\/03\/06\/securite-publique-le-benin-renforce-sa-surveillance-urbaine\/","og_site_name":"Le Patriote","article_published_time":"2026-03-06T01:05:58+00:00","og_image":[{"width":860,"height":573,"url":"https:\/\/lepatriotebenin.com\/wp-content\/uploads\/2026\/03\/securite-publique.webp","type":"image\/webp"}],"author":"Redaction","twitter_card":"summary_large_image","twitter_misc":{"\u00c9crit par":"Redaction","Dur\u00e9e de lecture estim\u00e9e":"2 minutes"},"schema":{"@context":"https:\/\/schema.org","@graph":[{"@type":"Article","@id":"https:\/\/lepatriotebenin.com\/index.php\/2026\/03\/06\/securite-publique-le-benin-renforce-sa-surveillance-urbaine\/#article","isPartOf":{"@id":"https:\/\/lepatriotebenin.com\/index.php\/2026\/03\/06\/securite-publique-le-benin-renforce-sa-surveillance-urbaine\/"},"author":{"name":"Redaction","@id":"https:\/\/lepatriotebenin.com\/#\/schema\/person\/2e7709b9c9cc313e452d1136af61690f"},"headline":"S\u00e9curit\u00e9 publique : Le B\u00e9nin renforce sa surveillance urbaine","datePublished":"2026-03-06T01:05:58+00:00","mainEntityOfPage":{"@id":"https:\/\/lepatriotebenin.com\/index.php\/2026\/03\/06\/securite-publique-le-benin-renforce-sa-surveillance-urbaine\/"},"wordCount":401,"commentCount":0,"image":{"@id":"https:\/\/lepatriotebenin.com\/index.php\/2026\/03\/06\/securite-publique-le-benin-renforce-sa-surveillance-urbaine\/#primaryimage"},"thumbnailUrl":"https:\/\/lepatriotebenin.com\/wp-content\/uploads\/2026\/03\/securite-publique.webp","articleSection":["Soci\u00e9t\u00e9"],"inLanguage":"fr-FR","potentialAction":[{"@type":"CommentAction","name":"Comment","target":["https:\/\/lepatriotebenin.com\/index.php\/2026\/03\/06\/securite-publique-le-benin-renforce-sa-surveillance-urbaine\/#respond"]}]},{"@type":"WebPage","@id":"https:\/\/lepatriotebenin.com\/index.php\/2026\/03\/06\/securite-publique-le-benin-renforce-sa-surveillance-urbaine\/","url":"https:\/\/lepatriotebenin.com\/index.php\/2026\/03\/06\/securite-publique-le-benin-renforce-sa-surveillance-urbaine\/","name":"S\u00e9curit\u00e9 publique : Le B\u00e9nin renforce sa surveillance urbaine - Le Patriote","isPartOf":{"@id":"https:\/\/lepatriotebenin.com\/#website"},"primaryImageOfPage":{"@id":"https:\/\/lepatriotebenin.com\/index.php\/2026\/03\/06\/securite-publique-le-benin-renforce-sa-surveillance-urbaine\/#primaryimage"},"image":{"@id":"https:\/\/lepatriotebenin.com\/index.php\/2026\/03\/06\/securite-publique-le-benin-renforce-sa-surveillance-urbaine\/#primaryimage"},"thumbnailUrl":"https:\/\/lepatriotebenin.com\/wp-content\/uploads\/2026\/03\/securite-publique.webp","datePublished":"2026-03-06T01:05:58+00:00","author":{"@id":"https:\/\/lepatriotebenin.com\/#\/schema\/person\/2e7709b9c9cc313e452d1136af61690f"},"breadcrumb":{"@id":"https:\/\/lepatriotebenin.com\/index.php\/2026\/03\/06\/securite-publique-le-benin-renforce-sa-surveillance-urbaine\/#breadcrumb"},"inLanguage":"fr-FR","potentialAction":[{"@type":"ReadAction","target":["https:\/\/lepatriotebenin.com\/index.php\/2026\/03\/06\/securite-publique-le-benin-renforce-sa-surveillance-urbaine\/"]}]},{"@type":"ImageObject","inLanguage":"fr-FR","@id":"https:\/\/lepatriotebenin.com\/index.php\/2026\/03\/06\/securite-publique-le-benin-renforce-sa-surveillance-urbaine\/#primaryimage","url":"https:\/\/lepatriotebenin.com\/wp-content\/uploads\/2026\/03\/securite-publique.webp","contentUrl":"https:\/\/lepatriotebenin.com\/wp-content\/uploads\/2026\/03\/securite-publique.webp","width":860,"height":573},{"@type":"BreadcrumbList","@id":"https:\/\/lepatriotebenin.com\/index.php\/2026\/03\/06\/securite-publique-le-benin-renforce-sa-surveillance-urbaine\/#breadcrumb","itemListElement":[{"@type":"ListItem","position":1,"name":"Accueil","item":"https:\/\/lepatriotebenin.com\/"},{"@type":"ListItem","position":2,"name":"S\u00e9curit\u00e9 publique : Le B\u00e9nin renforce sa surveillance urbaine"}]},{"@type":"WebSite","@id":"https:\/\/lepatriotebenin.com\/#website","url":"https:\/\/lepatriotebenin.com\/","name":"Le Patriote","description":"Le Patriote B\u00e9nin","potentialAction":[{"@type":"SearchAction","target":{"@type":"EntryPoint","urlTemplate":"https:\/\/lepatriotebenin.com\/?s={search_term_string}"},"query-input":{"@type":"PropertyValueSpecification","valueRequired":true,"valueName":"search_term_string"}}],"inLanguage":"fr-FR"},{"@type":"Person","@id":"https:\/\/lepatriotebenin.com\/#\/schema\/person\/2e7709b9c9cc313e452d1136af61690f","name":"Redaction","image":{"@type":"ImageObject","inLanguage":"fr-FR","@id":"https:\/\/secure.gravatar.com\/avatar\/c4c509357859ea2ca2cbb6d8812898a73e4ef1ef9934c2e591d7e32face734d1?s=96&d=mm&r=g","url":"https:\/\/secure.gravatar.com\/avatar\/c4c509357859ea2ca2cbb6d8812898a73e4ef1ef9934c2e591d7e32face734d1?s=96&d=mm&r=g","contentUrl":"https:\/\/secure.gravatar.com\/avatar\/c4c509357859ea2ca2cbb6d8812898a73e4ef1ef9934c2e591d7e32face734d1?s=96&d=mm&r=g","caption":"Redaction"},"url":"https:\/\/lepatriotebenin.com"}]}},"_links":{"self":[{"href":"https:\/\/lepatriotebenin.com\/index.php\/wp-json\/wp\/v2\/posts\/17626","targetHints":{"allow":["GET"]}}],"collection":[{"href":"https:\/\/lepatriotebenin.com\/index.php\/wp-json\/wp\/v2\/posts"}],"about":[{"href":"https:\/\/lepatriotebenin.com\/index.php\/wp-json\/wp\/v2\/types\/post"}],"author":[{"embeddable":true,"href":"https:\/\/lepatriotebenin.com\/index.php\/wp-json\/wp\/v2\/users\/5"}],"replies":[{"embeddable":true,"href":"https:\/\/lepatriotebenin.com\/index.php\/wp-json\/wp\/v2\/comments?post=17626"}],"version-history":[{"count":1,"href":"https:\/\/lepatriotebenin.com\/index.php\/wp-json\/wp\/v2\/posts\/17626\/revisions"}],"predecessor-version":[{"id":17628,"href":"https:\/\/lepatriotebenin.com\/index.php\/wp-json\/wp\/v2\/posts\/17626\/revisions\/17628"}],"wp:featuredmedia":[{"embeddable":true,"href":"https:\/\/lepatriotebenin.com\/index.php\/wp-json\/wp\/v2\/media\/17627"}],"wp:attachment":[{"href":"https:\/\/lepatriotebenin.com\/index.php\/wp-json\/wp\/v2\/media?parent=17626"}],"wp:term":[{"taxonomy":"category","embeddable":true,"href":"https:\/\/lepatriotebenin.com\/index.php\/wp-json\/wp\/v2\/categories?post=17626"},{"taxonomy":"post_tag","embeddable":true,"href":"https:\/\/lepatriotebenin.com\/index.php\/wp-json\/wp\/v2\/tags?post=17626"}],"curies":[{"name":"wp","href":"https:\/\/api.w.org\/{rel}","templated":true}]}}