{"id":17603,"date":"2026-03-06T01:29:41","date_gmt":"2026-03-06T00:29:41","guid":{"rendered":"https:\/\/lepatriotebenin.com\/?p=17603"},"modified":"2026-03-06T01:29:41","modified_gmt":"2026-03-06T00:29:41","slug":"cedeao-une-force-antiterroriste-finalement-limitee-a-2-000-soldats","status":"publish","type":"post","link":"https:\/\/lepatriotebenin.com\/index.php\/2026\/03\/06\/cedeao-une-force-antiterroriste-finalement-limitee-a-2-000-soldats\/","title":{"rendered":"CEDEAO : une force antiterroriste finalement limit\u00e9e \u00e0 2 000 soldats"},"content":{"rendered":"<p>La Communaut\u00e9 \u00e9conomique des \u00c9tats de l\u2019Afrique de l\u2019Ouest (CEDEAO) a d\u00e9cid\u00e9 de cr\u00e9er une force militaire de 2 000 soldats pour lutter contre le terrorisme dans la r\u00e9gion. L\u2019annonce a \u00e9t\u00e9 faite \u00e0 l\u2019issue d\u2019une r\u00e9union des chefs d\u2019\u00c9tat-major des arm\u00e9es \u00e0 Freetown, en Sierra Leone.<\/p>\n<p>Le chiffre retenu est bien inf\u00e9rieur aux ambitions initiales de l\u2019organisation ouest-africaine. Au d\u00e9part, les discussions portaient sur une force d\u2019environ 5 000 soldats, cens\u00e9e constituer le noyau de la force d\u2019attente de la CEDEAO. Finalement, les \u00c9tats membres ont opt\u00e9 pour un format r\u00e9duit de 2 000 militaires, une d\u00e9cision largement li\u00e9e aux contraintes financi\u00e8res et logistiques auxquelles l\u2019organisation doit faire face.<\/p>\n<p>Selon plusieurs responsables militaires, ce format plus limit\u00e9 doit permettre une mise en place plus rapide et plus r\u00e9aliste. La force sera compos\u00e9e de contingents militaires, policiers et civils fournis par les \u00c9tats membres. Les troupes resteront stationn\u00e9es dans leurs pays d\u2019origine et pourront \u00eatre d\u00e9ploy\u00e9es en cas de d\u00e9cision politique de l\u2019organisation r\u00e9gionale.<\/p>\n<p>L\u2019objectif est de disposer d\u2019une force capable d\u2019intervenir rapidement face aux menaces s\u00e9curitaires qui se multiplient en Afrique de l\u2019Ouest, notamment les attaques jihadistes qui touchent plusieurs pays du Sahel et du golfe de Guin\u00e9e.<\/p>\n<p>La CEDEAO esp\u00e8re financer en grande partie ce dispositif avec ses propres ressources, afin d\u2019\u00e9viter les difficult\u00e9s rencontr\u00e9es par la force conjointe du G5 Sahel, qui a longtemps d\u00e9pendu de financements ext\u00e9rieurs.<\/p>\n<p>La question d\u2019une \u00e9ventuelle coop\u00e9ration avec les pays de l\u2019Alliance des \u00c9tats du Sahel \u2014 Mali, Burkina Faso et Niger \u2014 reste toutefois incertaine dans le contexte actuel de tensions politiques avec la CEDEAO.<\/p>\n<p><strong>Ez\u00e9chiel Dagb\u00e9gnon PADONOU<\/strong><\/p>\n<p>&nbsp;<\/p>\n","protected":false},"excerpt":{"rendered":"<p>La Communaut\u00e9 \u00e9conomique des \u00c9tats de l\u2019Afrique de l\u2019Ouest (CEDEAO) a d\u00e9cid\u00e9 de cr\u00e9er une force militaire de 2 000 soldats pour lutter contre le terrorisme dans la r\u00e9gion. L\u2019annonce&hellip;<\/p>\n","protected":false},"author":5,"featured_media":17604,"comment_status":"open","ping_status":"open","sticky":false,"template":"","format":"standard","meta":{"content-type":"","om_disable_all_campaigns":false,"_monsterinsights_skip_tracking":false,"_monsterinsights_sitenote_active":false,"_monsterinsights_sitenote_note":"","_monsterinsights_sitenote_category":0,"_uf_show_specific_survey":0,"_uf_disable_surveys":false,"footnotes":""},"categories":[26],"tags":[],"class_list":["post-17603","post","type-post","status-publish","format-standard","has-post-thumbnail","hentry","category-politique"],"aioseo_notices":[],"yoast_head":"<!-- This site is optimized with the Yoast SEO plugin v27.5 - https:\/\/yoast.com\/product\/yoast-seo-wordpress\/ -->\n<title>CEDEAO : une force antiterroriste finalement limit\u00e9e \u00e0 2 000 soldats - Le Patriote<\/title>\n<meta name=\"robots\" content=\"index, follow, max-snippet:-1, max-image-preview:large, max-video-preview:-1\" \/>\n<link rel=\"canonical\" href=\"https:\/\/lepatriotebenin.com\/index.php\/2026\/03\/06\/cedeao-une-force-antiterroriste-finalement-limitee-a-2-000-soldats\/\" \/>\n<meta property=\"og:locale\" content=\"fr_FR\" \/>\n<meta property=\"og:type\" content=\"article\" \/>\n<meta property=\"og:title\" content=\"CEDEAO : une force antiterroriste finalement limit\u00e9e \u00e0 2 000 soldats - Le Patriote\" \/>\n<meta property=\"og:description\" content=\"La Communaut\u00e9 \u00e9conomique des \u00c9tats de l\u2019Afrique de l\u2019Ouest (CEDEAO) a d\u00e9cid\u00e9 de cr\u00e9er une force militaire de 2 000 soldats pour lutter contre le terrorisme dans la r\u00e9gion. L\u2019annonce&hellip;\" \/>\n<meta property=\"og:url\" content=\"https:\/\/lepatriotebenin.com\/index.php\/2026\/03\/06\/cedeao-une-force-antiterroriste-finalement-limitee-a-2-000-soldats\/\" \/>\n<meta property=\"og:site_name\" content=\"Le Patriote\" \/>\n<meta property=\"article:published_time\" content=\"2026-03-06T00:29:41+00:00\" \/>\n<meta property=\"og:image\" content=\"https:\/\/lepatriotebenin.com\/wp-content\/uploads\/2026\/03\/cedeao-1.jpeg\" \/>\n\t<meta property=\"og:image:width\" content=\"680\" \/>\n\t<meta property=\"og:image:height\" content=\"451\" \/>\n\t<meta property=\"og:image:type\" content=\"image\/jpeg\" \/>\n<meta name=\"author\" content=\"Redaction\" \/>\n<meta name=\"twitter:card\" content=\"summary_large_image\" \/>\n<meta name=\"twitter:label1\" content=\"\u00c9crit par\" \/>\n\t<meta name=\"twitter:data1\" content=\"Redaction\" \/>\n\t<meta name=\"twitter:label2\" content=\"Dur\u00e9e de lecture estim\u00e9e\" \/>\n\t<meta name=\"twitter:data2\" content=\"2 minutes\" \/>\n<script type=\"application\/ld+json\" class=\"yoast-schema-graph\">{\"@context\":\"https:\\\/\\\/schema.org\",\"@graph\":[{\"@type\":\"Article\",\"@id\":\"https:\\\/\\\/lepatriotebenin.com\\\/index.php\\\/2026\\\/03\\\/06\\\/cedeao-une-force-antiterroriste-finalement-limitee-a-2-000-soldats\\\/#article\",\"isPartOf\":{\"@id\":\"https:\\\/\\\/lepatriotebenin.com\\\/index.php\\\/2026\\\/03\\\/06\\\/cedeao-une-force-antiterroriste-finalement-limitee-a-2-000-soldats\\\/\"},\"author\":{\"name\":\"Redaction\",\"@id\":\"https:\\\/\\\/lepatriotebenin.com\\\/#\\\/schema\\\/person\\\/2e7709b9c9cc313e452d1136af61690f\"},\"headline\":\"CEDEAO : une force antiterroriste finalement limit\u00e9e \u00e0 2 000 soldats\",\"datePublished\":\"2026-03-06T00:29:41+00:00\",\"mainEntityOfPage\":{\"@id\":\"https:\\\/\\\/lepatriotebenin.com\\\/index.php\\\/2026\\\/03\\\/06\\\/cedeao-une-force-antiterroriste-finalement-limitee-a-2-000-soldats\\\/\"},\"wordCount\":315,\"commentCount\":0,\"image\":{\"@id\":\"https:\\\/\\\/lepatriotebenin.com\\\/index.php\\\/2026\\\/03\\\/06\\\/cedeao-une-force-antiterroriste-finalement-limitee-a-2-000-soldats\\\/#primaryimage\"},\"thumbnailUrl\":\"https:\\\/\\\/lepatriotebenin.com\\\/wp-content\\\/uploads\\\/2026\\\/03\\\/cedeao-1.jpeg\",\"articleSection\":[\"Politique\"],\"inLanguage\":\"fr-FR\",\"potentialAction\":[{\"@type\":\"CommentAction\",\"name\":\"Comment\",\"target\":[\"https:\\\/\\\/lepatriotebenin.com\\\/index.php\\\/2026\\\/03\\\/06\\\/cedeao-une-force-antiterroriste-finalement-limitee-a-2-000-soldats\\\/#respond\"]}]},{\"@type\":\"WebPage\",\"@id\":\"https:\\\/\\\/lepatriotebenin.com\\\/index.php\\\/2026\\\/03\\\/06\\\/cedeao-une-force-antiterroriste-finalement-limitee-a-2-000-soldats\\\/\",\"url\":\"https:\\\/\\\/lepatriotebenin.com\\\/index.php\\\/2026\\\/03\\\/06\\\/cedeao-une-force-antiterroriste-finalement-limitee-a-2-000-soldats\\\/\",\"name\":\"CEDEAO : une force antiterroriste finalement limit\u00e9e \u00e0 2 000 soldats - Le Patriote\",\"isPartOf\":{\"@id\":\"https:\\\/\\\/lepatriotebenin.com\\\/#website\"},\"primaryImageOfPage\":{\"@id\":\"https:\\\/\\\/lepatriotebenin.com\\\/index.php\\\/2026\\\/03\\\/06\\\/cedeao-une-force-antiterroriste-finalement-limitee-a-2-000-soldats\\\/#primaryimage\"},\"image\":{\"@id\":\"https:\\\/\\\/lepatriotebenin.com\\\/index.php\\\/2026\\\/03\\\/06\\\/cedeao-une-force-antiterroriste-finalement-limitee-a-2-000-soldats\\\/#primaryimage\"},\"thumbnailUrl\":\"https:\\\/\\\/lepatriotebenin.com\\\/wp-content\\\/uploads\\\/2026\\\/03\\\/cedeao-1.jpeg\",\"datePublished\":\"2026-03-06T00:29:41+00:00\",\"author\":{\"@id\":\"https:\\\/\\\/lepatriotebenin.com\\\/#\\\/schema\\\/person\\\/2e7709b9c9cc313e452d1136af61690f\"},\"breadcrumb\":{\"@id\":\"https:\\\/\\\/lepatriotebenin.com\\\/index.php\\\/2026\\\/03\\\/06\\\/cedeao-une-force-antiterroriste-finalement-limitee-a-2-000-soldats\\\/#breadcrumb\"},\"inLanguage\":\"fr-FR\",\"potentialAction\":[{\"@type\":\"ReadAction\",\"target\":[\"https:\\\/\\\/lepatriotebenin.com\\\/index.php\\\/2026\\\/03\\\/06\\\/cedeao-une-force-antiterroriste-finalement-limitee-a-2-000-soldats\\\/\"]}]},{\"@type\":\"ImageObject\",\"inLanguage\":\"fr-FR\",\"@id\":\"https:\\\/\\\/lepatriotebenin.com\\\/index.php\\\/2026\\\/03\\\/06\\\/cedeao-une-force-antiterroriste-finalement-limitee-a-2-000-soldats\\\/#primaryimage\",\"url\":\"https:\\\/\\\/lepatriotebenin.com\\\/wp-content\\\/uploads\\\/2026\\\/03\\\/cedeao-1.jpeg\",\"contentUrl\":\"https:\\\/\\\/lepatriotebenin.com\\\/wp-content\\\/uploads\\\/2026\\\/03\\\/cedeao-1.jpeg\",\"width\":680,\"height\":451},{\"@type\":\"BreadcrumbList\",\"@id\":\"https:\\\/\\\/lepatriotebenin.com\\\/index.php\\\/2026\\\/03\\\/06\\\/cedeao-une-force-antiterroriste-finalement-limitee-a-2-000-soldats\\\/#breadcrumb\",\"itemListElement\":[{\"@type\":\"ListItem\",\"position\":1,\"name\":\"Accueil\",\"item\":\"https:\\\/\\\/lepatriotebenin.com\\\/\"},{\"@type\":\"ListItem\",\"position\":2,\"name\":\"CEDEAO : une force antiterroriste finalement limit\u00e9e \u00e0 2 000 soldats\"}]},{\"@type\":\"WebSite\",\"@id\":\"https:\\\/\\\/lepatriotebenin.com\\\/#website\",\"url\":\"https:\\\/\\\/lepatriotebenin.com\\\/\",\"name\":\"Le Patriote\",\"description\":\"Le Patriote B\u00e9nin\",\"potentialAction\":[{\"@type\":\"SearchAction\",\"target\":{\"@type\":\"EntryPoint\",\"urlTemplate\":\"https:\\\/\\\/lepatriotebenin.com\\\/?s={search_term_string}\"},\"query-input\":{\"@type\":\"PropertyValueSpecification\",\"valueRequired\":true,\"valueName\":\"search_term_string\"}}],\"inLanguage\":\"fr-FR\"},{\"@type\":\"Person\",\"@id\":\"https:\\\/\\\/lepatriotebenin.com\\\/#\\\/schema\\\/person\\\/2e7709b9c9cc313e452d1136af61690f\",\"name\":\"Redaction\",\"image\":{\"@type\":\"ImageObject\",\"inLanguage\":\"fr-FR\",\"@id\":\"https:\\\/\\\/secure.gravatar.com\\\/avatar\\\/c4c509357859ea2ca2cbb6d8812898a73e4ef1ef9934c2e591d7e32face734d1?s=96&d=mm&r=g\",\"url\":\"https:\\\/\\\/secure.gravatar.com\\\/avatar\\\/c4c509357859ea2ca2cbb6d8812898a73e4ef1ef9934c2e591d7e32face734d1?s=96&d=mm&r=g\",\"contentUrl\":\"https:\\\/\\\/secure.gravatar.com\\\/avatar\\\/c4c509357859ea2ca2cbb6d8812898a73e4ef1ef9934c2e591d7e32face734d1?s=96&d=mm&r=g\",\"caption\":\"Redaction\"},\"url\":\"https:\\\/\\\/lepatriotebenin.com\"}]}<\/script>\n<!-- \/ Yoast SEO plugin. -->","yoast_head_json":{"title":"CEDEAO : une force antiterroriste finalement limit\u00e9e \u00e0 2 000 soldats - Le Patriote","robots":{"index":"index","follow":"follow","max-snippet":"max-snippet:-1","max-image-preview":"max-image-preview:large","max-video-preview":"max-video-preview:-1"},"canonical":"https:\/\/lepatriotebenin.com\/index.php\/2026\/03\/06\/cedeao-une-force-antiterroriste-finalement-limitee-a-2-000-soldats\/","og_locale":"fr_FR","og_type":"article","og_title":"CEDEAO : une force antiterroriste finalement limit\u00e9e \u00e0 2 000 soldats - Le Patriote","og_description":"La Communaut\u00e9 \u00e9conomique des \u00c9tats de l\u2019Afrique de l\u2019Ouest (CEDEAO) a d\u00e9cid\u00e9 de cr\u00e9er une force militaire de 2 000 soldats pour lutter contre le terrorisme dans la r\u00e9gion. L\u2019annonce&hellip;","og_url":"https:\/\/lepatriotebenin.com\/index.php\/2026\/03\/06\/cedeao-une-force-antiterroriste-finalement-limitee-a-2-000-soldats\/","og_site_name":"Le Patriote","article_published_time":"2026-03-06T00:29:41+00:00","og_image":[{"width":680,"height":451,"url":"https:\/\/lepatriotebenin.com\/wp-content\/uploads\/2026\/03\/cedeao-1.jpeg","type":"image\/jpeg"}],"author":"Redaction","twitter_card":"summary_large_image","twitter_misc":{"\u00c9crit par":"Redaction","Dur\u00e9e de lecture estim\u00e9e":"2 minutes"},"schema":{"@context":"https:\/\/schema.org","@graph":[{"@type":"Article","@id":"https:\/\/lepatriotebenin.com\/index.php\/2026\/03\/06\/cedeao-une-force-antiterroriste-finalement-limitee-a-2-000-soldats\/#article","isPartOf":{"@id":"https:\/\/lepatriotebenin.com\/index.php\/2026\/03\/06\/cedeao-une-force-antiterroriste-finalement-limitee-a-2-000-soldats\/"},"author":{"name":"Redaction","@id":"https:\/\/lepatriotebenin.com\/#\/schema\/person\/2e7709b9c9cc313e452d1136af61690f"},"headline":"CEDEAO : une force antiterroriste finalement limit\u00e9e \u00e0 2 000 soldats","datePublished":"2026-03-06T00:29:41+00:00","mainEntityOfPage":{"@id":"https:\/\/lepatriotebenin.com\/index.php\/2026\/03\/06\/cedeao-une-force-antiterroriste-finalement-limitee-a-2-000-soldats\/"},"wordCount":315,"commentCount":0,"image":{"@id":"https:\/\/lepatriotebenin.com\/index.php\/2026\/03\/06\/cedeao-une-force-antiterroriste-finalement-limitee-a-2-000-soldats\/#primaryimage"},"thumbnailUrl":"https:\/\/lepatriotebenin.com\/wp-content\/uploads\/2026\/03\/cedeao-1.jpeg","articleSection":["Politique"],"inLanguage":"fr-FR","potentialAction":[{"@type":"CommentAction","name":"Comment","target":["https:\/\/lepatriotebenin.com\/index.php\/2026\/03\/06\/cedeao-une-force-antiterroriste-finalement-limitee-a-2-000-soldats\/#respond"]}]},{"@type":"WebPage","@id":"https:\/\/lepatriotebenin.com\/index.php\/2026\/03\/06\/cedeao-une-force-antiterroriste-finalement-limitee-a-2-000-soldats\/","url":"https:\/\/lepatriotebenin.com\/index.php\/2026\/03\/06\/cedeao-une-force-antiterroriste-finalement-limitee-a-2-000-soldats\/","name":"CEDEAO : une force antiterroriste finalement limit\u00e9e \u00e0 2 000 soldats - Le Patriote","isPartOf":{"@id":"https:\/\/lepatriotebenin.com\/#website"},"primaryImageOfPage":{"@id":"https:\/\/lepatriotebenin.com\/index.php\/2026\/03\/06\/cedeao-une-force-antiterroriste-finalement-limitee-a-2-000-soldats\/#primaryimage"},"image":{"@id":"https:\/\/lepatriotebenin.com\/index.php\/2026\/03\/06\/cedeao-une-force-antiterroriste-finalement-limitee-a-2-000-soldats\/#primaryimage"},"thumbnailUrl":"https:\/\/lepatriotebenin.com\/wp-content\/uploads\/2026\/03\/cedeao-1.jpeg","datePublished":"2026-03-06T00:29:41+00:00","author":{"@id":"https:\/\/lepatriotebenin.com\/#\/schema\/person\/2e7709b9c9cc313e452d1136af61690f"},"breadcrumb":{"@id":"https:\/\/lepatriotebenin.com\/index.php\/2026\/03\/06\/cedeao-une-force-antiterroriste-finalement-limitee-a-2-000-soldats\/#breadcrumb"},"inLanguage":"fr-FR","potentialAction":[{"@type":"ReadAction","target":["https:\/\/lepatriotebenin.com\/index.php\/2026\/03\/06\/cedeao-une-force-antiterroriste-finalement-limitee-a-2-000-soldats\/"]}]},{"@type":"ImageObject","inLanguage":"fr-FR","@id":"https:\/\/lepatriotebenin.com\/index.php\/2026\/03\/06\/cedeao-une-force-antiterroriste-finalement-limitee-a-2-000-soldats\/#primaryimage","url":"https:\/\/lepatriotebenin.com\/wp-content\/uploads\/2026\/03\/cedeao-1.jpeg","contentUrl":"https:\/\/lepatriotebenin.com\/wp-content\/uploads\/2026\/03\/cedeao-1.jpeg","width":680,"height":451},{"@type":"BreadcrumbList","@id":"https:\/\/lepatriotebenin.com\/index.php\/2026\/03\/06\/cedeao-une-force-antiterroriste-finalement-limitee-a-2-000-soldats\/#breadcrumb","itemListElement":[{"@type":"ListItem","position":1,"name":"Accueil","item":"https:\/\/lepatriotebenin.com\/"},{"@type":"ListItem","position":2,"name":"CEDEAO : une force antiterroriste finalement limit\u00e9e \u00e0 2 000 soldats"}]},{"@type":"WebSite","@id":"https:\/\/lepatriotebenin.com\/#website","url":"https:\/\/lepatriotebenin.com\/","name":"Le Patriote","description":"Le Patriote B\u00e9nin","potentialAction":[{"@type":"SearchAction","target":{"@type":"EntryPoint","urlTemplate":"https:\/\/lepatriotebenin.com\/?s={search_term_string}"},"query-input":{"@type":"PropertyValueSpecification","valueRequired":true,"valueName":"search_term_string"}}],"inLanguage":"fr-FR"},{"@type":"Person","@id":"https:\/\/lepatriotebenin.com\/#\/schema\/person\/2e7709b9c9cc313e452d1136af61690f","name":"Redaction","image":{"@type":"ImageObject","inLanguage":"fr-FR","@id":"https:\/\/secure.gravatar.com\/avatar\/c4c509357859ea2ca2cbb6d8812898a73e4ef1ef9934c2e591d7e32face734d1?s=96&d=mm&r=g","url":"https:\/\/secure.gravatar.com\/avatar\/c4c509357859ea2ca2cbb6d8812898a73e4ef1ef9934c2e591d7e32face734d1?s=96&d=mm&r=g","contentUrl":"https:\/\/secure.gravatar.com\/avatar\/c4c509357859ea2ca2cbb6d8812898a73e4ef1ef9934c2e591d7e32face734d1?s=96&d=mm&r=g","caption":"Redaction"},"url":"https:\/\/lepatriotebenin.com"}]}},"_links":{"self":[{"href":"https:\/\/lepatriotebenin.com\/index.php\/wp-json\/wp\/v2\/posts\/17603","targetHints":{"allow":["GET"]}}],"collection":[{"href":"https:\/\/lepatriotebenin.com\/index.php\/wp-json\/wp\/v2\/posts"}],"about":[{"href":"https:\/\/lepatriotebenin.com\/index.php\/wp-json\/wp\/v2\/types\/post"}],"author":[{"embeddable":true,"href":"https:\/\/lepatriotebenin.com\/index.php\/wp-json\/wp\/v2\/users\/5"}],"replies":[{"embeddable":true,"href":"https:\/\/lepatriotebenin.com\/index.php\/wp-json\/wp\/v2\/comments?post=17603"}],"version-history":[{"count":1,"href":"https:\/\/lepatriotebenin.com\/index.php\/wp-json\/wp\/v2\/posts\/17603\/revisions"}],"predecessor-version":[{"id":17605,"href":"https:\/\/lepatriotebenin.com\/index.php\/wp-json\/wp\/v2\/posts\/17603\/revisions\/17605"}],"wp:featuredmedia":[{"embeddable":true,"href":"https:\/\/lepatriotebenin.com\/index.php\/wp-json\/wp\/v2\/media\/17604"}],"wp:attachment":[{"href":"https:\/\/lepatriotebenin.com\/index.php\/wp-json\/wp\/v2\/media?parent=17603"}],"wp:term":[{"taxonomy":"category","embeddable":true,"href":"https:\/\/lepatriotebenin.com\/index.php\/wp-json\/wp\/v2\/categories?post=17603"},{"taxonomy":"post_tag","embeddable":true,"href":"https:\/\/lepatriotebenin.com\/index.php\/wp-json\/wp\/v2\/tags?post=17603"}],"curies":[{"name":"wp","href":"https:\/\/api.w.org\/{rel}","templated":true}]}}