{"id":1758,"date":"2023-12-02T22:00:44","date_gmt":"2023-12-02T21:00:44","guid":{"rendered":"https:\/\/lepatriotebenin.com\/?p=1758"},"modified":"2023-12-02T22:16:02","modified_gmt":"2023-12-02T21:16:02","slug":"symposium-annuel-2023-lappel-de-liajp-au-gouvernement-et-au-peuple-beninois","status":"publish","type":"post","link":"https:\/\/lepatriotebenin.com\/index.php\/2023\/12\/02\/symposium-annuel-2023-lappel-de-liajp-au-gouvernement-et-au-peuple-beninois\/","title":{"rendered":"Symposium annuel 2023 : L&rsquo;appel de l&rsquo;IAJP au gouvernement et au peuple b\u00e9ninois"},"content":{"rendered":"\n<p>Du <strong>1er au 2 d\u00e9cembre 2023,<\/strong> l&rsquo;institut des Artisans de justice et de paix (IAJP) a organis\u00e9 en collaboration avec la Fondation Konrad Adenauer, au Chant d&rsquo;Oiseau de Cotonou, son symposium annuel de 2023.&nbsp; Au terme de ce symposium, le Directeur de l&rsquo;IAJP, <strong>P\u00e8re Eric Agu<\/strong><strong>\u00e9nounon<\/strong><strong>,<\/strong> \u00e0 travers une d\u00e9claration lue ce <strong>samedi 02 d\u00e9cembre 2023<\/strong>, a lanc\u00e9 un appel au gouvernement et au peuple b\u00e9ninois. Pour le directeur de l\u2019IAJP, &lt;<strong>&lt;ce symposium mis sous le couvert des &lt;&lt;<\/strong><strong> <\/strong><strong><u>Droits socio-\u00e9conomiques en d\u00e9mocratie et respect du bien public<\/u>&gt;&gt; est un chemin ad\u00e9quat pour atteindre la paix, elle-m\u00eame, condition sine qua non pour le d\u00e9veloppement int\u00e9gral&gt;&gt;.<\/strong><\/p>\n\n\n\n<p>Il a laiss\u00e9 entendre que <strong>&lt;&lt;le respect des droits socio-\u00e9conomiques suppose n\u00e9cessairement la mise \u00e0 disposition des moyens et modalit\u00e9s qui permettent aux uns et aux autres d&rsquo;avoir le minimum vital&gt;&gt;,<\/strong> ceci selon lui, avec la cr\u00e9ation par l&rsquo;Etat d&rsquo;une \u00e9conomie favorable \u00e0 la multiplication d&#8217;emploi et d&rsquo;un cadre juridique loyal garantissant la prosp\u00e9rit\u00e9 des entreprises publiques et priv\u00e9es. <strong>&lt;&lt;En d\u00e9finitive, la promotion des droits socio-\u00e9conomiques est un atout majeur de d\u00e9veloppement durable d&rsquo;une nation&gt;<\/strong> a-t-il l\u00e2ch\u00e9.<\/p>\n\n\n\n<div data-wp-interactive=\"core\/file\" class=\"wp-block-file\"><object data-wp-bind--hidden=\"!state.hasPdfPreview\" hidden class=\"wp-block-file__embed\" data=\"https:\/\/lepatriotebenin.com\/wp-content\/uploads\/2023\/12\/2023-12-appel-de-liajp-pour-symposium-2023-relu.pdf\" type=\"application\/pdf\" style=\"width:100%;height:600px\" aria-label=\"Contenu embarqu\u00e9 2023-12-appel-de-liajp-pour-symposium-2023-relu.\"><\/object><a id=\"wp-block-file--media-b5c1294d-9c94-4a27-ac46-9a1b33e65191\" href=\"https:\/\/lepatriotebenin.com\/wp-content\/uploads\/2023\/12\/2023-12-appel-de-liajp-pour-symposium-2023-relu.pdf\">2023-12-appel-de-liajp-pour-symposium-2023-relu<\/a><a href=\"https:\/\/lepatriotebenin.com\/wp-content\/uploads\/2023\/12\/2023-12-appel-de-liajp-pour-symposium-2023-relu.pdf\" class=\"wp-block-file__button wp-element-button\" download aria-describedby=\"wp-block-file--media-b5c1294d-9c94-4a27-ac46-9a1b33e65191\">T\u00e9l\u00e9charger<\/a><\/div>\n\n\n\n<figure class=\"wp-block-image size-large\"><img fetchpriority=\"high\" decoding=\"async\" width=\"1024\" height=\"767\" src=\"https:\/\/lepatriotebenin.com\/wp-content\/uploads\/2023\/12\/pere-1024x767.jpg\" alt=\"\" class=\"wp-image-1760\" srcset=\"https:\/\/lepatriotebenin.com\/wp-content\/uploads\/2023\/12\/pere-1024x767.jpg 1024w, https:\/\/lepatriotebenin.com\/wp-content\/uploads\/2023\/12\/pere-300x225.jpg 300w, https:\/\/lepatriotebenin.com\/wp-content\/uploads\/2023\/12\/pere-768x575.jpg 768w, https:\/\/lepatriotebenin.com\/wp-content\/uploads\/2023\/12\/pere-585x438.jpg 585w, https:\/\/lepatriotebenin.com\/wp-content\/uploads\/2023\/12\/pere.jpg 1080w\" sizes=\"(max-width: 1024px) 100vw, 1024px\" \/><\/figure>\n","protected":false},"excerpt":{"rendered":"<p>Du 1er au 2 d\u00e9cembre 2023, l&rsquo;institut des Artisans de justice et de paix (IAJP) a organis\u00e9 en collaboration avec la Fondation Konrad Adenauer, au Chant d&rsquo;Oiseau de Cotonou, son&hellip;<\/p>\n","protected":false},"author":6,"featured_media":1760,"comment_status":"open","ping_status":"open","sticky":false,"template":"","format":"standard","meta":{"content-type":"","om_disable_all_campaigns":false,"_monsterinsights_skip_tracking":false,"_monsterinsights_sitenote_active":false,"_monsterinsights_sitenote_note":"","_monsterinsights_sitenote_category":0,"_uf_show_specific_survey":0,"_uf_disable_surveys":false,"footnotes":""},"categories":[20],"tags":[],"class_list":["post-1758","post","type-post","status-publish","format-standard","has-post-thumbnail","hentry","category-societe"],"aioseo_notices":[],"yoast_head":"<!-- This site is optimized with the Yoast SEO plugin v27.5 - https:\/\/yoast.com\/product\/yoast-seo-wordpress\/ -->\n<title>Symposium annuel 2023 : L&#039;appel de l&#039;IAJP au gouvernement et au peuple b\u00e9ninois - Le Patriote<\/title>\n<meta name=\"robots\" content=\"index, follow, max-snippet:-1, max-image-preview:large, max-video-preview:-1\" \/>\n<link rel=\"canonical\" href=\"https:\/\/lepatriotebenin.com\/index.php\/2023\/12\/02\/symposium-annuel-2023-lappel-de-liajp-au-gouvernement-et-au-peuple-beninois\/\" \/>\n<meta property=\"og:locale\" content=\"fr_FR\" \/>\n<meta property=\"og:type\" content=\"article\" \/>\n<meta property=\"og:title\" content=\"Symposium annuel 2023 : L&#039;appel de l&#039;IAJP au gouvernement et au peuple b\u00e9ninois - Le Patriote\" \/>\n<meta property=\"og:description\" content=\"Du 1er au 2 d\u00e9cembre 2023, l&rsquo;institut des Artisans de justice et de paix (IAJP) a organis\u00e9 en collaboration avec la Fondation Konrad Adenauer, au Chant d&rsquo;Oiseau de Cotonou, son&hellip;\" \/>\n<meta property=\"og:url\" content=\"https:\/\/lepatriotebenin.com\/index.php\/2023\/12\/02\/symposium-annuel-2023-lappel-de-liajp-au-gouvernement-et-au-peuple-beninois\/\" \/>\n<meta property=\"og:site_name\" content=\"Le Patriote\" \/>\n<meta property=\"article:published_time\" content=\"2023-12-02T21:00:44+00:00\" \/>\n<meta property=\"article:modified_time\" content=\"2023-12-02T21:16:02+00:00\" \/>\n<meta property=\"og:image\" content=\"https:\/\/lepatriotebenin.com\/wp-content\/uploads\/2023\/12\/pere.jpg\" \/>\n\t<meta property=\"og:image:width\" content=\"1080\" \/>\n\t<meta property=\"og:image:height\" content=\"809\" \/>\n\t<meta property=\"og:image:type\" content=\"image\/jpeg\" \/>\n<meta name=\"author\" content=\"Roland AFFANOU\" \/>\n<meta name=\"twitter:card\" content=\"summary_large_image\" \/>\n<meta name=\"twitter:label1\" content=\"\u00c9crit par\" \/>\n\t<meta name=\"twitter:data1\" content=\"Roland AFFANOU\" \/>\n\t<meta name=\"twitter:label2\" content=\"Dur\u00e9e de lecture estim\u00e9e\" \/>\n\t<meta name=\"twitter:data2\" content=\"1 minute\" \/>\n<script type=\"application\/ld+json\" class=\"yoast-schema-graph\">{\"@context\":\"https:\\\/\\\/schema.org\",\"@graph\":[{\"@type\":\"Article\",\"@id\":\"https:\\\/\\\/lepatriotebenin.com\\\/index.php\\\/2023\\\/12\\\/02\\\/symposium-annuel-2023-lappel-de-liajp-au-gouvernement-et-au-peuple-beninois\\\/#article\",\"isPartOf\":{\"@id\":\"https:\\\/\\\/lepatriotebenin.com\\\/index.php\\\/2023\\\/12\\\/02\\\/symposium-annuel-2023-lappel-de-liajp-au-gouvernement-et-au-peuple-beninois\\\/\"},\"author\":{\"name\":\"Roland AFFANOU\",\"@id\":\"https:\\\/\\\/lepatriotebenin.com\\\/#\\\/schema\\\/person\\\/4a9b67216c97d04045e01405c534c91f\"},\"headline\":\"Symposium annuel 2023 : L&rsquo;appel de l&rsquo;IAJP au gouvernement et au peuple b\u00e9ninois\",\"datePublished\":\"2023-12-02T21:00:44+00:00\",\"dateModified\":\"2023-12-02T21:16:02+00:00\",\"mainEntityOfPage\":{\"@id\":\"https:\\\/\\\/lepatriotebenin.com\\\/index.php\\\/2023\\\/12\\\/02\\\/symposium-annuel-2023-lappel-de-liajp-au-gouvernement-et-au-peuple-beninois\\\/\"},\"wordCount\":241,\"commentCount\":0,\"image\":{\"@id\":\"https:\\\/\\\/lepatriotebenin.com\\\/index.php\\\/2023\\\/12\\\/02\\\/symposium-annuel-2023-lappel-de-liajp-au-gouvernement-et-au-peuple-beninois\\\/#primaryimage\"},\"thumbnailUrl\":\"https:\\\/\\\/lepatriotebenin.com\\\/wp-content\\\/uploads\\\/2023\\\/12\\\/pere.jpg\",\"articleSection\":[\"Soci\u00e9t\u00e9\"],\"inLanguage\":\"fr-FR\",\"potentialAction\":[{\"@type\":\"CommentAction\",\"name\":\"Comment\",\"target\":[\"https:\\\/\\\/lepatriotebenin.com\\\/index.php\\\/2023\\\/12\\\/02\\\/symposium-annuel-2023-lappel-de-liajp-au-gouvernement-et-au-peuple-beninois\\\/#respond\"]}]},{\"@type\":\"WebPage\",\"@id\":\"https:\\\/\\\/lepatriotebenin.com\\\/index.php\\\/2023\\\/12\\\/02\\\/symposium-annuel-2023-lappel-de-liajp-au-gouvernement-et-au-peuple-beninois\\\/\",\"url\":\"https:\\\/\\\/lepatriotebenin.com\\\/index.php\\\/2023\\\/12\\\/02\\\/symposium-annuel-2023-lappel-de-liajp-au-gouvernement-et-au-peuple-beninois\\\/\",\"name\":\"Symposium annuel 2023 : L'appel de l'IAJP au gouvernement et au peuple b\u00e9ninois - Le Patriote\",\"isPartOf\":{\"@id\":\"https:\\\/\\\/lepatriotebenin.com\\\/#website\"},\"primaryImageOfPage\":{\"@id\":\"https:\\\/\\\/lepatriotebenin.com\\\/index.php\\\/2023\\\/12\\\/02\\\/symposium-annuel-2023-lappel-de-liajp-au-gouvernement-et-au-peuple-beninois\\\/#primaryimage\"},\"image\":{\"@id\":\"https:\\\/\\\/lepatriotebenin.com\\\/index.php\\\/2023\\\/12\\\/02\\\/symposium-annuel-2023-lappel-de-liajp-au-gouvernement-et-au-peuple-beninois\\\/#primaryimage\"},\"thumbnailUrl\":\"https:\\\/\\\/lepatriotebenin.com\\\/wp-content\\\/uploads\\\/2023\\\/12\\\/pere.jpg\",\"datePublished\":\"2023-12-02T21:00:44+00:00\",\"dateModified\":\"2023-12-02T21:16:02+00:00\",\"author\":{\"@id\":\"https:\\\/\\\/lepatriotebenin.com\\\/#\\\/schema\\\/person\\\/4a9b67216c97d04045e01405c534c91f\"},\"breadcrumb\":{\"@id\":\"https:\\\/\\\/lepatriotebenin.com\\\/index.php\\\/2023\\\/12\\\/02\\\/symposium-annuel-2023-lappel-de-liajp-au-gouvernement-et-au-peuple-beninois\\\/#breadcrumb\"},\"inLanguage\":\"fr-FR\",\"potentialAction\":[{\"@type\":\"ReadAction\",\"target\":[\"https:\\\/\\\/lepatriotebenin.com\\\/index.php\\\/2023\\\/12\\\/02\\\/symposium-annuel-2023-lappel-de-liajp-au-gouvernement-et-au-peuple-beninois\\\/\"]}]},{\"@type\":\"ImageObject\",\"inLanguage\":\"fr-FR\",\"@id\":\"https:\\\/\\\/lepatriotebenin.com\\\/index.php\\\/2023\\\/12\\\/02\\\/symposium-annuel-2023-lappel-de-liajp-au-gouvernement-et-au-peuple-beninois\\\/#primaryimage\",\"url\":\"https:\\\/\\\/lepatriotebenin.com\\\/wp-content\\\/uploads\\\/2023\\\/12\\\/pere.jpg\",\"contentUrl\":\"https:\\\/\\\/lepatriotebenin.com\\\/wp-content\\\/uploads\\\/2023\\\/12\\\/pere.jpg\",\"width\":1080,\"height\":809},{\"@type\":\"BreadcrumbList\",\"@id\":\"https:\\\/\\\/lepatriotebenin.com\\\/index.php\\\/2023\\\/12\\\/02\\\/symposium-annuel-2023-lappel-de-liajp-au-gouvernement-et-au-peuple-beninois\\\/#breadcrumb\",\"itemListElement\":[{\"@type\":\"ListItem\",\"position\":1,\"name\":\"Accueil\",\"item\":\"https:\\\/\\\/lepatriotebenin.com\\\/\"},{\"@type\":\"ListItem\",\"position\":2,\"name\":\"Symposium annuel 2023 : L&rsquo;appel de l&rsquo;IAJP au gouvernement et au peuple b\u00e9ninois\"}]},{\"@type\":\"WebSite\",\"@id\":\"https:\\\/\\\/lepatriotebenin.com\\\/#website\",\"url\":\"https:\\\/\\\/lepatriotebenin.com\\\/\",\"name\":\"Le Patriote\",\"description\":\"Le Patriote B\u00e9nin\",\"potentialAction\":[{\"@type\":\"SearchAction\",\"target\":{\"@type\":\"EntryPoint\",\"urlTemplate\":\"https:\\\/\\\/lepatriotebenin.com\\\/?s={search_term_string}\"},\"query-input\":{\"@type\":\"PropertyValueSpecification\",\"valueRequired\":true,\"valueName\":\"search_term_string\"}}],\"inLanguage\":\"fr-FR\"},{\"@type\":\"Person\",\"@id\":\"https:\\\/\\\/lepatriotebenin.com\\\/#\\\/schema\\\/person\\\/4a9b67216c97d04045e01405c534c91f\",\"name\":\"Roland AFFANOU\",\"image\":{\"@type\":\"ImageObject\",\"inLanguage\":\"fr-FR\",\"@id\":\"https:\\\/\\\/secure.gravatar.com\\\/avatar\\\/7209d3f6d2d47ea4d0c67e14d3effb61feb10ae540a4381280c66265de5bd643?s=96&d=mm&r=g\",\"url\":\"https:\\\/\\\/secure.gravatar.com\\\/avatar\\\/7209d3f6d2d47ea4d0c67e14d3effb61feb10ae540a4381280c66265de5bd643?s=96&d=mm&r=g\",\"contentUrl\":\"https:\\\/\\\/secure.gravatar.com\\\/avatar\\\/7209d3f6d2d47ea4d0c67e14d3effb61feb10ae540a4381280c66265de5bd643?s=96&d=mm&r=g\",\"caption\":\"Roland AFFANOU\"},\"url\":\"https:\\\/\\\/lepatriotebenin.com\"}]}<\/script>\n<!-- \/ Yoast SEO plugin. -->","yoast_head_json":{"title":"Symposium annuel 2023 : L'appel de l'IAJP au gouvernement et au peuple b\u00e9ninois - Le Patriote","robots":{"index":"index","follow":"follow","max-snippet":"max-snippet:-1","max-image-preview":"max-image-preview:large","max-video-preview":"max-video-preview:-1"},"canonical":"https:\/\/lepatriotebenin.com\/index.php\/2023\/12\/02\/symposium-annuel-2023-lappel-de-liajp-au-gouvernement-et-au-peuple-beninois\/","og_locale":"fr_FR","og_type":"article","og_title":"Symposium annuel 2023 : L'appel de l'IAJP au gouvernement et au peuple b\u00e9ninois - Le Patriote","og_description":"Du 1er au 2 d\u00e9cembre 2023, l&rsquo;institut des Artisans de justice et de paix (IAJP) a organis\u00e9 en collaboration avec la Fondation Konrad Adenauer, au Chant d&rsquo;Oiseau de Cotonou, son&hellip;","og_url":"https:\/\/lepatriotebenin.com\/index.php\/2023\/12\/02\/symposium-annuel-2023-lappel-de-liajp-au-gouvernement-et-au-peuple-beninois\/","og_site_name":"Le Patriote","article_published_time":"2023-12-02T21:00:44+00:00","article_modified_time":"2023-12-02T21:16:02+00:00","og_image":[{"width":1080,"height":809,"url":"https:\/\/lepatriotebenin.com\/wp-content\/uploads\/2023\/12\/pere.jpg","type":"image\/jpeg"}],"author":"Roland AFFANOU","twitter_card":"summary_large_image","twitter_misc":{"\u00c9crit par":"Roland AFFANOU","Dur\u00e9e de lecture estim\u00e9e":"1 minute"},"schema":{"@context":"https:\/\/schema.org","@graph":[{"@type":"Article","@id":"https:\/\/lepatriotebenin.com\/index.php\/2023\/12\/02\/symposium-annuel-2023-lappel-de-liajp-au-gouvernement-et-au-peuple-beninois\/#article","isPartOf":{"@id":"https:\/\/lepatriotebenin.com\/index.php\/2023\/12\/02\/symposium-annuel-2023-lappel-de-liajp-au-gouvernement-et-au-peuple-beninois\/"},"author":{"name":"Roland AFFANOU","@id":"https:\/\/lepatriotebenin.com\/#\/schema\/person\/4a9b67216c97d04045e01405c534c91f"},"headline":"Symposium annuel 2023 : L&rsquo;appel de l&rsquo;IAJP au gouvernement et au peuple b\u00e9ninois","datePublished":"2023-12-02T21:00:44+00:00","dateModified":"2023-12-02T21:16:02+00:00","mainEntityOfPage":{"@id":"https:\/\/lepatriotebenin.com\/index.php\/2023\/12\/02\/symposium-annuel-2023-lappel-de-liajp-au-gouvernement-et-au-peuple-beninois\/"},"wordCount":241,"commentCount":0,"image":{"@id":"https:\/\/lepatriotebenin.com\/index.php\/2023\/12\/02\/symposium-annuel-2023-lappel-de-liajp-au-gouvernement-et-au-peuple-beninois\/#primaryimage"},"thumbnailUrl":"https:\/\/lepatriotebenin.com\/wp-content\/uploads\/2023\/12\/pere.jpg","articleSection":["Soci\u00e9t\u00e9"],"inLanguage":"fr-FR","potentialAction":[{"@type":"CommentAction","name":"Comment","target":["https:\/\/lepatriotebenin.com\/index.php\/2023\/12\/02\/symposium-annuel-2023-lappel-de-liajp-au-gouvernement-et-au-peuple-beninois\/#respond"]}]},{"@type":"WebPage","@id":"https:\/\/lepatriotebenin.com\/index.php\/2023\/12\/02\/symposium-annuel-2023-lappel-de-liajp-au-gouvernement-et-au-peuple-beninois\/","url":"https:\/\/lepatriotebenin.com\/index.php\/2023\/12\/02\/symposium-annuel-2023-lappel-de-liajp-au-gouvernement-et-au-peuple-beninois\/","name":"Symposium annuel 2023 : L'appel de l'IAJP au gouvernement et au peuple b\u00e9ninois - Le Patriote","isPartOf":{"@id":"https:\/\/lepatriotebenin.com\/#website"},"primaryImageOfPage":{"@id":"https:\/\/lepatriotebenin.com\/index.php\/2023\/12\/02\/symposium-annuel-2023-lappel-de-liajp-au-gouvernement-et-au-peuple-beninois\/#primaryimage"},"image":{"@id":"https:\/\/lepatriotebenin.com\/index.php\/2023\/12\/02\/symposium-annuel-2023-lappel-de-liajp-au-gouvernement-et-au-peuple-beninois\/#primaryimage"},"thumbnailUrl":"https:\/\/lepatriotebenin.com\/wp-content\/uploads\/2023\/12\/pere.jpg","datePublished":"2023-12-02T21:00:44+00:00","dateModified":"2023-12-02T21:16:02+00:00","author":{"@id":"https:\/\/lepatriotebenin.com\/#\/schema\/person\/4a9b67216c97d04045e01405c534c91f"},"breadcrumb":{"@id":"https:\/\/lepatriotebenin.com\/index.php\/2023\/12\/02\/symposium-annuel-2023-lappel-de-liajp-au-gouvernement-et-au-peuple-beninois\/#breadcrumb"},"inLanguage":"fr-FR","potentialAction":[{"@type":"ReadAction","target":["https:\/\/lepatriotebenin.com\/index.php\/2023\/12\/02\/symposium-annuel-2023-lappel-de-liajp-au-gouvernement-et-au-peuple-beninois\/"]}]},{"@type":"ImageObject","inLanguage":"fr-FR","@id":"https:\/\/lepatriotebenin.com\/index.php\/2023\/12\/02\/symposium-annuel-2023-lappel-de-liajp-au-gouvernement-et-au-peuple-beninois\/#primaryimage","url":"https:\/\/lepatriotebenin.com\/wp-content\/uploads\/2023\/12\/pere.jpg","contentUrl":"https:\/\/lepatriotebenin.com\/wp-content\/uploads\/2023\/12\/pere.jpg","width":1080,"height":809},{"@type":"BreadcrumbList","@id":"https:\/\/lepatriotebenin.com\/index.php\/2023\/12\/02\/symposium-annuel-2023-lappel-de-liajp-au-gouvernement-et-au-peuple-beninois\/#breadcrumb","itemListElement":[{"@type":"ListItem","position":1,"name":"Accueil","item":"https:\/\/lepatriotebenin.com\/"},{"@type":"ListItem","position":2,"name":"Symposium annuel 2023 : L&rsquo;appel de l&rsquo;IAJP au gouvernement et au peuple b\u00e9ninois"}]},{"@type":"WebSite","@id":"https:\/\/lepatriotebenin.com\/#website","url":"https:\/\/lepatriotebenin.com\/","name":"Le Patriote","description":"Le Patriote B\u00e9nin","potentialAction":[{"@type":"SearchAction","target":{"@type":"EntryPoint","urlTemplate":"https:\/\/lepatriotebenin.com\/?s={search_term_string}"},"query-input":{"@type":"PropertyValueSpecification","valueRequired":true,"valueName":"search_term_string"}}],"inLanguage":"fr-FR"},{"@type":"Person","@id":"https:\/\/lepatriotebenin.com\/#\/schema\/person\/4a9b67216c97d04045e01405c534c91f","name":"Roland AFFANOU","image":{"@type":"ImageObject","inLanguage":"fr-FR","@id":"https:\/\/secure.gravatar.com\/avatar\/7209d3f6d2d47ea4d0c67e14d3effb61feb10ae540a4381280c66265de5bd643?s=96&d=mm&r=g","url":"https:\/\/secure.gravatar.com\/avatar\/7209d3f6d2d47ea4d0c67e14d3effb61feb10ae540a4381280c66265de5bd643?s=96&d=mm&r=g","contentUrl":"https:\/\/secure.gravatar.com\/avatar\/7209d3f6d2d47ea4d0c67e14d3effb61feb10ae540a4381280c66265de5bd643?s=96&d=mm&r=g","caption":"Roland AFFANOU"},"url":"https:\/\/lepatriotebenin.com"}]}},"_links":{"self":[{"href":"https:\/\/lepatriotebenin.com\/index.php\/wp-json\/wp\/v2\/posts\/1758","targetHints":{"allow":["GET"]}}],"collection":[{"href":"https:\/\/lepatriotebenin.com\/index.php\/wp-json\/wp\/v2\/posts"}],"about":[{"href":"https:\/\/lepatriotebenin.com\/index.php\/wp-json\/wp\/v2\/types\/post"}],"author":[{"embeddable":true,"href":"https:\/\/lepatriotebenin.com\/index.php\/wp-json\/wp\/v2\/users\/6"}],"replies":[{"embeddable":true,"href":"https:\/\/lepatriotebenin.com\/index.php\/wp-json\/wp\/v2\/comments?post=1758"}],"version-history":[{"count":2,"href":"https:\/\/lepatriotebenin.com\/index.php\/wp-json\/wp\/v2\/posts\/1758\/revisions"}],"predecessor-version":[{"id":1765,"href":"https:\/\/lepatriotebenin.com\/index.php\/wp-json\/wp\/v2\/posts\/1758\/revisions\/1765"}],"wp:featuredmedia":[{"embeddable":true,"href":"https:\/\/lepatriotebenin.com\/index.php\/wp-json\/wp\/v2\/media\/1760"}],"wp:attachment":[{"href":"https:\/\/lepatriotebenin.com\/index.php\/wp-json\/wp\/v2\/media?parent=1758"}],"wp:term":[{"taxonomy":"category","embeddable":true,"href":"https:\/\/lepatriotebenin.com\/index.php\/wp-json\/wp\/v2\/categories?post=1758"},{"taxonomy":"post_tag","embeddable":true,"href":"https:\/\/lepatriotebenin.com\/index.php\/wp-json\/wp\/v2\/tags?post=1758"}],"curies":[{"name":"wp","href":"https:\/\/api.w.org\/{rel}","templated":true}]}}