{"id":1750,"date":"2023-12-01T17:39:34","date_gmt":"2023-12-01T16:39:34","guid":{"rendered":"https:\/\/lepatriotebenin.com\/?p=1750"},"modified":"2023-12-01T17:39:35","modified_gmt":"2023-12-01T16:39:35","slug":"impulsion-du-regionalisme-par-talon-vers-une-division-croissante","status":"publish","type":"post","link":"https:\/\/lepatriotebenin.com\/index.php\/2023\/12\/01\/impulsion-du-regionalisme-par-talon-vers-une-division-croissante\/","title":{"rendered":"Impulsion du r\u00e9gionalisme par Talon: Vers une division croissante."},"content":{"rendered":"\n<p><strong>Par<\/strong> <strong>Ambassadeur Omar Arouna, MBA<\/strong><\/p>\n\n\n\n<p>Dans le contexte politique dynamique et souvent impr\u00e9visible du B\u00e9nin, un \u00e9v\u00e9nement r\u00e9cent a mis en lumi\u00e8re des pratiques gouvernementales inqui\u00e9tantes ancr\u00e9es dans le r\u00e9gionalisme. La r\u00e9cente rencontre entre le pr\u00e9sident Patrice Talon et le parti Les D\u00e9mocrates (LD), conduite par l&rsquo;ancien pr\u00e9sident Boni Yayi, a r\u00e9v\u00e9l\u00e9 une tendance troublante.<\/p>\n\n\n\n<p>Durant cette rencontre, l&rsquo;approche de Talon face \u00e0 la demande d\u2019amnistie pour <em>\u00ab Reckya Madougou, Joel Aivo et les autres \u00bb<\/em>, telle que formul\u00e9e <strong>pr\u00e9cis\u00e9ment <\/strong>par le pr\u00e9sident Yayi Boni, a \u00e9t\u00e9 particuli\u00e8rement r\u00e9v\u00e9latrice. Talon a d\u00e9lib\u00e9r\u00e9ment pass\u00e9 sous silence le cas de Jo\u00ebl A\u00efvo et d&rsquo;autres, mettant en \u00e9vidence son recours au r\u00e9gionalisme comme outil politique, influen\u00e7ant directement le destin des prisonniers politiques, en particulier ceux originaires du Nord du B\u00e9nin. La fixation obsessionnelle faite sur Madougou par le chef de l\u2019\u00e9tat est si forte que sa r\u00e9ponse a la requ\u00eate du pr\u00e9sident Yayi qui cite pourtant plusieurs personnes ne s\u2019est limit\u00e9e qu\u2019\u00e0 s\u2019opposer violemment \u00e0 la lib\u00e9ration de Madougou.<\/p>\n\n\n\n<p>Cette inclination r\u00e9gionaliste s&rsquo;est \u00e9galement manifest\u00e9e en juillet 2023, lorsque le d\u00e9put\u00e9 Lazare S\u00e8hou\u00e9to a tent\u00e9 de faire une distinction entre les cas de Madougou et d&rsquo;A\u00efvo, en se basant sur des crit\u00e8res r\u00e9gionaux plut\u00f4t que juridiques. La diff\u00e9rence notable dans les peines inflig\u00e9es \u00e0 Madougou et A\u00efvo, \u00e0 savoir respectivement 20 ans et 10 ans de prison, accentue la perception d&rsquo;un traitement in\u00e9quitable ancr\u00e9 dans des consid\u00e9rations r\u00e9gionalistes.<\/p>\n\n\n\n<p>La pratique du r\u00e9gionalisme, devenue un pilier central de la gouvernance de Talon, est mise en \u00e9vidence par le fait qu&rsquo;environ 95% des prisonniers politiques au B\u00e9nin, souvent d\u00e9tenus sans preuves concr\u00e8tes ou jugements \u00e9quitables, sont originaires du Nord. Cette disproportion flagrante soul\u00e8ve des questions s\u00e9rieuses sur l&rsquo;\u00e9quit\u00e9 et la transparence du syst\u00e8me judiciaire b\u00e9ninois.<\/p>\n\n\n\n<p>L&rsquo;approche r\u00e9gionaliste de Talon a \u00e9t\u00e9 vivement critiqu\u00e9e, notamment par l&rsquo;ancien pr\u00e9sident Nic\u00e9phore Soglo en avril 2021. Dans un communiqu\u00e9, il a exprim\u00e9 son indignation face aux d\u00e9clarations clivantes de Talon, per\u00e7ues comme une menace \u00e0 l&rsquo;unit\u00e9 nationale. Cette pr\u00e9occupation a \u00e9t\u00e9 partag\u00e9e par la diaspora b\u00e9ninoise, particuli\u00e8rement \u00e0 Paris, o\u00f9 des organisations influentes ont condamn\u00e9 ces pratiques nuisibles \u00e0 la coh\u00e9sion et \u00e0 la stabilit\u00e9 du pays.<\/p>\n\n\n\n<p>La strat\u00e9gie de Talon, qui semble instrumentaliser le r\u00e9gionalisme comme un outil de gouvernance, menace l&rsquo;unit\u00e9 nationale et risque d&rsquo;exacerber les tensions ethniques, compromettant ainsi le progr\u00e8s vers une d\u00e9mocratie v\u00e9ritablement inclusive.<\/p>\n\n\n\n<p>Face \u00e0 cette r\u00e9alit\u00e9 alarmante, il est imp\u00e9ratif que les B\u00e9ninois, tant au niveau national qu&rsquo;international, prennent conscience de ces enjeux et agissent pour pr\u00e9server l&rsquo;unit\u00e9 et la fraternit\u00e9 entre tous les peuples du B\u00e9nin. Il ne s&rsquo;agit pas seulement de d\u00e9noncer ces pratiques, mais aussi de promouvoir activement les valeurs de solidarit\u00e9 et d&rsquo;unit\u00e9 nationale.<\/p>\n\n\n\n<p>Aujourd&rsquo;hui, le B\u00e9nin se trouve \u00e0 un carrefour critique. Les d\u00e9cisions prises d\u00e9termineront si le pays continue sur la voie de l&rsquo;unit\u00e9 et de la prosp\u00e9rit\u00e9 partag\u00e9e, ou s&rsquo;il s&rsquo;engage dans un chemin marqu\u00e9 par des divisions r\u00e9gionalistes et des conflits. Il est donc essentiel que les dirigeants politiques et les citoyens choisissent la voie de la justice, de l&rsquo;\u00e9quit\u00e9 et de l&rsquo;unit\u00e9, pour le bien-\u00eatre de toute la population b\u00e9ninoise.<\/p>\n","protected":false},"excerpt":{"rendered":"<p>Par Ambassadeur Omar Arouna, MBA Dans le contexte politique dynamique et souvent impr\u00e9visible du B\u00e9nin, un \u00e9v\u00e9nement r\u00e9cent a mis en lumi\u00e8re des pratiques gouvernementales inqui\u00e9tantes ancr\u00e9es dans le r\u00e9gionalisme.&hellip;<\/p>\n","protected":false},"author":5,"featured_media":1742,"comment_status":"open","ping_status":"open","sticky":false,"template":"","format":"standard","meta":{"content-type":"","om_disable_all_campaigns":false,"_monsterinsights_skip_tracking":false,"_monsterinsights_sitenote_active":false,"_monsterinsights_sitenote_note":"","_monsterinsights_sitenote_category":0,"_uf_show_specific_survey":0,"_uf_disable_surveys":false,"footnotes":""},"categories":[26],"tags":[40,39,41],"class_list":["post-1750","post","type-post","status-publish","format-standard","has-post-thumbnail","hentry","category-politique","tag-reckya-madougou","tag-regionalisme","tag-talon"],"aioseo_notices":[],"yoast_head":"<!-- This site is optimized with the Yoast SEO plugin v27.5 - https:\/\/yoast.com\/product\/yoast-seo-wordpress\/ -->\n<title>Impulsion du r\u00e9gionalisme par Talon: Vers une division croissante. - Le Patriote<\/title>\n<meta name=\"robots\" content=\"index, follow, max-snippet:-1, max-image-preview:large, max-video-preview:-1\" \/>\n<link rel=\"canonical\" href=\"https:\/\/lepatriotebenin.com\/index.php\/2023\/12\/01\/impulsion-du-regionalisme-par-talon-vers-une-division-croissante\/\" \/>\n<meta property=\"og:locale\" content=\"fr_FR\" \/>\n<meta property=\"og:type\" content=\"article\" \/>\n<meta property=\"og:title\" content=\"Impulsion du r\u00e9gionalisme par Talon: Vers une division croissante. - Le Patriote\" \/>\n<meta property=\"og:description\" content=\"Par Ambassadeur Omar Arouna, MBA Dans le contexte politique dynamique et souvent impr\u00e9visible du B\u00e9nin, un \u00e9v\u00e9nement r\u00e9cent a mis en lumi\u00e8re des pratiques gouvernementales inqui\u00e9tantes ancr\u00e9es dans le r\u00e9gionalisme.&hellip;\" \/>\n<meta property=\"og:url\" content=\"https:\/\/lepatriotebenin.com\/index.php\/2023\/12\/01\/impulsion-du-regionalisme-par-talon-vers-une-division-croissante\/\" \/>\n<meta property=\"og:site_name\" content=\"Le Patriote\" \/>\n<meta property=\"article:published_time\" content=\"2023-12-01T16:39:34+00:00\" \/>\n<meta property=\"article:modified_time\" content=\"2023-12-01T16:39:35+00:00\" \/>\n<meta property=\"og:image\" content=\"https:\/\/lepatriotebenin.com\/wp-content\/uploads\/2023\/12\/omar-arouna-1.jpg\" \/>\n\t<meta property=\"og:image:width\" content=\"450\" \/>\n\t<meta property=\"og:image:height\" content=\"450\" \/>\n\t<meta property=\"og:image:type\" content=\"image\/jpeg\" \/>\n<meta name=\"author\" content=\"Redaction\" \/>\n<meta name=\"twitter:card\" content=\"summary_large_image\" \/>\n<meta name=\"twitter:label1\" content=\"\u00c9crit par\" \/>\n\t<meta name=\"twitter:data1\" content=\"Redaction\" \/>\n\t<meta name=\"twitter:label2\" content=\"Dur\u00e9e de lecture estim\u00e9e\" \/>\n\t<meta name=\"twitter:data2\" content=\"3 minutes\" \/>\n<script type=\"application\/ld+json\" class=\"yoast-schema-graph\">{\"@context\":\"https:\\\/\\\/schema.org\",\"@graph\":[{\"@type\":\"Article\",\"@id\":\"https:\\\/\\\/lepatriotebenin.com\\\/index.php\\\/2023\\\/12\\\/01\\\/impulsion-du-regionalisme-par-talon-vers-une-division-croissante\\\/#article\",\"isPartOf\":{\"@id\":\"https:\\\/\\\/lepatriotebenin.com\\\/index.php\\\/2023\\\/12\\\/01\\\/impulsion-du-regionalisme-par-talon-vers-une-division-croissante\\\/\"},\"author\":{\"name\":\"Redaction\",\"@id\":\"https:\\\/\\\/lepatriotebenin.com\\\/#\\\/schema\\\/person\\\/2e7709b9c9cc313e452d1136af61690f\"},\"headline\":\"Impulsion du r\u00e9gionalisme par Talon: Vers une division croissante.\",\"datePublished\":\"2023-12-01T16:39:34+00:00\",\"dateModified\":\"2023-12-01T16:39:35+00:00\",\"mainEntityOfPage\":{\"@id\":\"https:\\\/\\\/lepatriotebenin.com\\\/index.php\\\/2023\\\/12\\\/01\\\/impulsion-du-regionalisme-par-talon-vers-une-division-croissante\\\/\"},\"wordCount\":624,\"commentCount\":0,\"image\":{\"@id\":\"https:\\\/\\\/lepatriotebenin.com\\\/index.php\\\/2023\\\/12\\\/01\\\/impulsion-du-regionalisme-par-talon-vers-une-division-croissante\\\/#primaryimage\"},\"thumbnailUrl\":\"https:\\\/\\\/lepatriotebenin.com\\\/wp-content\\\/uploads\\\/2023\\\/12\\\/omar-arouna-1.jpg\",\"keywords\":[\"Reckya Madougou\",\"r\u00e9gionalisme\",\"Talon\"],\"articleSection\":[\"Politique\"],\"inLanguage\":\"fr-FR\",\"potentialAction\":[{\"@type\":\"CommentAction\",\"name\":\"Comment\",\"target\":[\"https:\\\/\\\/lepatriotebenin.com\\\/index.php\\\/2023\\\/12\\\/01\\\/impulsion-du-regionalisme-par-talon-vers-une-division-croissante\\\/#respond\"]}]},{\"@type\":\"WebPage\",\"@id\":\"https:\\\/\\\/lepatriotebenin.com\\\/index.php\\\/2023\\\/12\\\/01\\\/impulsion-du-regionalisme-par-talon-vers-une-division-croissante\\\/\",\"url\":\"https:\\\/\\\/lepatriotebenin.com\\\/index.php\\\/2023\\\/12\\\/01\\\/impulsion-du-regionalisme-par-talon-vers-une-division-croissante\\\/\",\"name\":\"Impulsion du r\u00e9gionalisme par Talon: Vers une division croissante. - Le Patriote\",\"isPartOf\":{\"@id\":\"https:\\\/\\\/lepatriotebenin.com\\\/#website\"},\"primaryImageOfPage\":{\"@id\":\"https:\\\/\\\/lepatriotebenin.com\\\/index.php\\\/2023\\\/12\\\/01\\\/impulsion-du-regionalisme-par-talon-vers-une-division-croissante\\\/#primaryimage\"},\"image\":{\"@id\":\"https:\\\/\\\/lepatriotebenin.com\\\/index.php\\\/2023\\\/12\\\/01\\\/impulsion-du-regionalisme-par-talon-vers-une-division-croissante\\\/#primaryimage\"},\"thumbnailUrl\":\"https:\\\/\\\/lepatriotebenin.com\\\/wp-content\\\/uploads\\\/2023\\\/12\\\/omar-arouna-1.jpg\",\"datePublished\":\"2023-12-01T16:39:34+00:00\",\"dateModified\":\"2023-12-01T16:39:35+00:00\",\"author\":{\"@id\":\"https:\\\/\\\/lepatriotebenin.com\\\/#\\\/schema\\\/person\\\/2e7709b9c9cc313e452d1136af61690f\"},\"breadcrumb\":{\"@id\":\"https:\\\/\\\/lepatriotebenin.com\\\/index.php\\\/2023\\\/12\\\/01\\\/impulsion-du-regionalisme-par-talon-vers-une-division-croissante\\\/#breadcrumb\"},\"inLanguage\":\"fr-FR\",\"potentialAction\":[{\"@type\":\"ReadAction\",\"target\":[\"https:\\\/\\\/lepatriotebenin.com\\\/index.php\\\/2023\\\/12\\\/01\\\/impulsion-du-regionalisme-par-talon-vers-une-division-croissante\\\/\"]}]},{\"@type\":\"ImageObject\",\"inLanguage\":\"fr-FR\",\"@id\":\"https:\\\/\\\/lepatriotebenin.com\\\/index.php\\\/2023\\\/12\\\/01\\\/impulsion-du-regionalisme-par-talon-vers-une-division-croissante\\\/#primaryimage\",\"url\":\"https:\\\/\\\/lepatriotebenin.com\\\/wp-content\\\/uploads\\\/2023\\\/12\\\/omar-arouna-1.jpg\",\"contentUrl\":\"https:\\\/\\\/lepatriotebenin.com\\\/wp-content\\\/uploads\\\/2023\\\/12\\\/omar-arouna-1.jpg\",\"width\":450,\"height\":450},{\"@type\":\"BreadcrumbList\",\"@id\":\"https:\\\/\\\/lepatriotebenin.com\\\/index.php\\\/2023\\\/12\\\/01\\\/impulsion-du-regionalisme-par-talon-vers-une-division-croissante\\\/#breadcrumb\",\"itemListElement\":[{\"@type\":\"ListItem\",\"position\":1,\"name\":\"Accueil\",\"item\":\"https:\\\/\\\/lepatriotebenin.com\\\/\"},{\"@type\":\"ListItem\",\"position\":2,\"name\":\"Impulsion du r\u00e9gionalisme par Talon: Vers une division croissante.\"}]},{\"@type\":\"WebSite\",\"@id\":\"https:\\\/\\\/lepatriotebenin.com\\\/#website\",\"url\":\"https:\\\/\\\/lepatriotebenin.com\\\/\",\"name\":\"Le Patriote\",\"description\":\"Le Patriote B\u00e9nin\",\"potentialAction\":[{\"@type\":\"SearchAction\",\"target\":{\"@type\":\"EntryPoint\",\"urlTemplate\":\"https:\\\/\\\/lepatriotebenin.com\\\/?s={search_term_string}\"},\"query-input\":{\"@type\":\"PropertyValueSpecification\",\"valueRequired\":true,\"valueName\":\"search_term_string\"}}],\"inLanguage\":\"fr-FR\"},{\"@type\":\"Person\",\"@id\":\"https:\\\/\\\/lepatriotebenin.com\\\/#\\\/schema\\\/person\\\/2e7709b9c9cc313e452d1136af61690f\",\"name\":\"Redaction\",\"image\":{\"@type\":\"ImageObject\",\"inLanguage\":\"fr-FR\",\"@id\":\"https:\\\/\\\/secure.gravatar.com\\\/avatar\\\/c4c509357859ea2ca2cbb6d8812898a73e4ef1ef9934c2e591d7e32face734d1?s=96&d=mm&r=g\",\"url\":\"https:\\\/\\\/secure.gravatar.com\\\/avatar\\\/c4c509357859ea2ca2cbb6d8812898a73e4ef1ef9934c2e591d7e32face734d1?s=96&d=mm&r=g\",\"contentUrl\":\"https:\\\/\\\/secure.gravatar.com\\\/avatar\\\/c4c509357859ea2ca2cbb6d8812898a73e4ef1ef9934c2e591d7e32face734d1?s=96&d=mm&r=g\",\"caption\":\"Redaction\"},\"url\":\"https:\\\/\\\/lepatriotebenin.com\"}]}<\/script>\n<!-- \/ Yoast SEO plugin. -->","yoast_head_json":{"title":"Impulsion du r\u00e9gionalisme par Talon: Vers une division croissante. - Le Patriote","robots":{"index":"index","follow":"follow","max-snippet":"max-snippet:-1","max-image-preview":"max-image-preview:large","max-video-preview":"max-video-preview:-1"},"canonical":"https:\/\/lepatriotebenin.com\/index.php\/2023\/12\/01\/impulsion-du-regionalisme-par-talon-vers-une-division-croissante\/","og_locale":"fr_FR","og_type":"article","og_title":"Impulsion du r\u00e9gionalisme par Talon: Vers une division croissante. - Le Patriote","og_description":"Par Ambassadeur Omar Arouna, MBA Dans le contexte politique dynamique et souvent impr\u00e9visible du B\u00e9nin, un \u00e9v\u00e9nement r\u00e9cent a mis en lumi\u00e8re des pratiques gouvernementales inqui\u00e9tantes ancr\u00e9es dans le r\u00e9gionalisme.&hellip;","og_url":"https:\/\/lepatriotebenin.com\/index.php\/2023\/12\/01\/impulsion-du-regionalisme-par-talon-vers-une-division-croissante\/","og_site_name":"Le Patriote","article_published_time":"2023-12-01T16:39:34+00:00","article_modified_time":"2023-12-01T16:39:35+00:00","og_image":[{"width":450,"height":450,"url":"https:\/\/lepatriotebenin.com\/wp-content\/uploads\/2023\/12\/omar-arouna-1.jpg","type":"image\/jpeg"}],"author":"Redaction","twitter_card":"summary_large_image","twitter_misc":{"\u00c9crit par":"Redaction","Dur\u00e9e de lecture estim\u00e9e":"3 minutes"},"schema":{"@context":"https:\/\/schema.org","@graph":[{"@type":"Article","@id":"https:\/\/lepatriotebenin.com\/index.php\/2023\/12\/01\/impulsion-du-regionalisme-par-talon-vers-une-division-croissante\/#article","isPartOf":{"@id":"https:\/\/lepatriotebenin.com\/index.php\/2023\/12\/01\/impulsion-du-regionalisme-par-talon-vers-une-division-croissante\/"},"author":{"name":"Redaction","@id":"https:\/\/lepatriotebenin.com\/#\/schema\/person\/2e7709b9c9cc313e452d1136af61690f"},"headline":"Impulsion du r\u00e9gionalisme par Talon: Vers une division croissante.","datePublished":"2023-12-01T16:39:34+00:00","dateModified":"2023-12-01T16:39:35+00:00","mainEntityOfPage":{"@id":"https:\/\/lepatriotebenin.com\/index.php\/2023\/12\/01\/impulsion-du-regionalisme-par-talon-vers-une-division-croissante\/"},"wordCount":624,"commentCount":0,"image":{"@id":"https:\/\/lepatriotebenin.com\/index.php\/2023\/12\/01\/impulsion-du-regionalisme-par-talon-vers-une-division-croissante\/#primaryimage"},"thumbnailUrl":"https:\/\/lepatriotebenin.com\/wp-content\/uploads\/2023\/12\/omar-arouna-1.jpg","keywords":["Reckya Madougou","r\u00e9gionalisme","Talon"],"articleSection":["Politique"],"inLanguage":"fr-FR","potentialAction":[{"@type":"CommentAction","name":"Comment","target":["https:\/\/lepatriotebenin.com\/index.php\/2023\/12\/01\/impulsion-du-regionalisme-par-talon-vers-une-division-croissante\/#respond"]}]},{"@type":"WebPage","@id":"https:\/\/lepatriotebenin.com\/index.php\/2023\/12\/01\/impulsion-du-regionalisme-par-talon-vers-une-division-croissante\/","url":"https:\/\/lepatriotebenin.com\/index.php\/2023\/12\/01\/impulsion-du-regionalisme-par-talon-vers-une-division-croissante\/","name":"Impulsion du r\u00e9gionalisme par Talon: Vers une division croissante. - Le Patriote","isPartOf":{"@id":"https:\/\/lepatriotebenin.com\/#website"},"primaryImageOfPage":{"@id":"https:\/\/lepatriotebenin.com\/index.php\/2023\/12\/01\/impulsion-du-regionalisme-par-talon-vers-une-division-croissante\/#primaryimage"},"image":{"@id":"https:\/\/lepatriotebenin.com\/index.php\/2023\/12\/01\/impulsion-du-regionalisme-par-talon-vers-une-division-croissante\/#primaryimage"},"thumbnailUrl":"https:\/\/lepatriotebenin.com\/wp-content\/uploads\/2023\/12\/omar-arouna-1.jpg","datePublished":"2023-12-01T16:39:34+00:00","dateModified":"2023-12-01T16:39:35+00:00","author":{"@id":"https:\/\/lepatriotebenin.com\/#\/schema\/person\/2e7709b9c9cc313e452d1136af61690f"},"breadcrumb":{"@id":"https:\/\/lepatriotebenin.com\/index.php\/2023\/12\/01\/impulsion-du-regionalisme-par-talon-vers-une-division-croissante\/#breadcrumb"},"inLanguage":"fr-FR","potentialAction":[{"@type":"ReadAction","target":["https:\/\/lepatriotebenin.com\/index.php\/2023\/12\/01\/impulsion-du-regionalisme-par-talon-vers-une-division-croissante\/"]}]},{"@type":"ImageObject","inLanguage":"fr-FR","@id":"https:\/\/lepatriotebenin.com\/index.php\/2023\/12\/01\/impulsion-du-regionalisme-par-talon-vers-une-division-croissante\/#primaryimage","url":"https:\/\/lepatriotebenin.com\/wp-content\/uploads\/2023\/12\/omar-arouna-1.jpg","contentUrl":"https:\/\/lepatriotebenin.com\/wp-content\/uploads\/2023\/12\/omar-arouna-1.jpg","width":450,"height":450},{"@type":"BreadcrumbList","@id":"https:\/\/lepatriotebenin.com\/index.php\/2023\/12\/01\/impulsion-du-regionalisme-par-talon-vers-une-division-croissante\/#breadcrumb","itemListElement":[{"@type":"ListItem","position":1,"name":"Accueil","item":"https:\/\/lepatriotebenin.com\/"},{"@type":"ListItem","position":2,"name":"Impulsion du r\u00e9gionalisme par Talon: Vers une division croissante."}]},{"@type":"WebSite","@id":"https:\/\/lepatriotebenin.com\/#website","url":"https:\/\/lepatriotebenin.com\/","name":"Le Patriote","description":"Le Patriote B\u00e9nin","potentialAction":[{"@type":"SearchAction","target":{"@type":"EntryPoint","urlTemplate":"https:\/\/lepatriotebenin.com\/?s={search_term_string}"},"query-input":{"@type":"PropertyValueSpecification","valueRequired":true,"valueName":"search_term_string"}}],"inLanguage":"fr-FR"},{"@type":"Person","@id":"https:\/\/lepatriotebenin.com\/#\/schema\/person\/2e7709b9c9cc313e452d1136af61690f","name":"Redaction","image":{"@type":"ImageObject","inLanguage":"fr-FR","@id":"https:\/\/secure.gravatar.com\/avatar\/c4c509357859ea2ca2cbb6d8812898a73e4ef1ef9934c2e591d7e32face734d1?s=96&d=mm&r=g","url":"https:\/\/secure.gravatar.com\/avatar\/c4c509357859ea2ca2cbb6d8812898a73e4ef1ef9934c2e591d7e32face734d1?s=96&d=mm&r=g","contentUrl":"https:\/\/secure.gravatar.com\/avatar\/c4c509357859ea2ca2cbb6d8812898a73e4ef1ef9934c2e591d7e32face734d1?s=96&d=mm&r=g","caption":"Redaction"},"url":"https:\/\/lepatriotebenin.com"}]}},"_links":{"self":[{"href":"https:\/\/lepatriotebenin.com\/index.php\/wp-json\/wp\/v2\/posts\/1750","targetHints":{"allow":["GET"]}}],"collection":[{"href":"https:\/\/lepatriotebenin.com\/index.php\/wp-json\/wp\/v2\/posts"}],"about":[{"href":"https:\/\/lepatriotebenin.com\/index.php\/wp-json\/wp\/v2\/types\/post"}],"author":[{"embeddable":true,"href":"https:\/\/lepatriotebenin.com\/index.php\/wp-json\/wp\/v2\/users\/5"}],"replies":[{"embeddable":true,"href":"https:\/\/lepatriotebenin.com\/index.php\/wp-json\/wp\/v2\/comments?post=1750"}],"version-history":[{"count":1,"href":"https:\/\/lepatriotebenin.com\/index.php\/wp-json\/wp\/v2\/posts\/1750\/revisions"}],"predecessor-version":[{"id":1751,"href":"https:\/\/lepatriotebenin.com\/index.php\/wp-json\/wp\/v2\/posts\/1750\/revisions\/1751"}],"wp:featuredmedia":[{"embeddable":true,"href":"https:\/\/lepatriotebenin.com\/index.php\/wp-json\/wp\/v2\/media\/1742"}],"wp:attachment":[{"href":"https:\/\/lepatriotebenin.com\/index.php\/wp-json\/wp\/v2\/media?parent=1750"}],"wp:term":[{"taxonomy":"category","embeddable":true,"href":"https:\/\/lepatriotebenin.com\/index.php\/wp-json\/wp\/v2\/categories?post=1750"},{"taxonomy":"post_tag","embeddable":true,"href":"https:\/\/lepatriotebenin.com\/index.php\/wp-json\/wp\/v2\/tags?post=1750"}],"curies":[{"name":"wp","href":"https:\/\/api.w.org\/{rel}","templated":true}]}}