{"id":1736,"date":"2023-12-01T13:43:34","date_gmt":"2023-12-01T12:43:34","guid":{"rendered":"https:\/\/lepatriotebenin.com\/?p=1736"},"modified":"2023-12-01T18:04:22","modified_gmt":"2023-12-01T17:04:22","slug":"meurtre-du-journaliste-deyda-hydara-en-gambie-rsf-demande-lextradition-de-yahya-jammeh-2","status":"publish","type":"post","link":"https:\/\/lepatriotebenin.com\/index.php\/2023\/12\/01\/meurtre-du-journaliste-deyda-hydara-en-gambie-rsf-demande-lextradition-de-yahya-jammeh-2\/","title":{"rendered":"Meurtre du journaliste Deyda Hydara en Gambie\u00a0: RSF demande l\u2019extradition de Yahya Jammeh"},"content":{"rendered":"\n<p><strong>Condamnation \u00e0 perp\u00e9tuit\u00e9 du citoyen gambien Bai L. pour crime contre l\u2019humanit\u00e9, meurtre et tentative de meurtre. Il a \u00e9t\u00e9 reconnu coupable du meurtre du journaliste Deyda Hydara, correspondant de Reporters sans fronti\u00e8res (RSF) en 2004. Cette organisation a salu\u00e9 un proc\u00e8s historique et demande \u00e0 pr\u00e9sent l\u2019extradition de l\u2019ancien pr\u00e9sident Jammeh, principal commanditaire de ce crime, en Gambie ou dans un pays tiers pour qu\u2019il y soit jug\u00e9.<\/strong><\/p>\n\n\n<div class=\"wp-block-image\">\n<figure class=\"alignleft size-full is-resized\"><img decoding=\"async\" width=\"204\" height=\"192\" src=\"https:\/\/lepatriotebenin.com\/wp-content\/uploads\/2023\/12\/sadibou-marong-4.jpg\" alt=\"\" class=\"wp-image-1739\" style=\"aspect-ratio:1.0625;width:135px;height:auto\"\/><\/figure>\n<\/div>\n\n\n<p>Dans ce communiqu\u00e9 parvenu \u00e0 notre r\u00e9daction et sign\u00e9 de Sadibou Marong, Directeur du bureau Afrique subsaharienne, RSF salue \u00ab&nbsp;un verdict historique dans la qu\u00eate de justice pour&nbsp;<strong>Deyda Hydara&nbsp;\u00bb<\/strong>. Et poursuit&nbsp;: \u00ab&nbsp;Le tribunal r\u00e9gional sup\u00e9rieur de Celle, au nord-ouest de l\u2019Allemagne, a reconnu le citoyen gambien Bai L. coupable de crime contre l&rsquo;humanit\u00e9, meurtre et tentative de meurtre et l\u2019a condamn\u00e9, ce jeudi 30 novembre, \u00e0 la prison \u00e0 perp\u00e9tuit\u00e9. Cet ancien membre des&nbsp;\u201cJunglers\u201d, une unit\u00e9 paramilitaire mise en place par&nbsp;Yahya&nbsp;Jammeh, \u00e9tait notamment accus\u00e9 d\u2019\u00eatre impliqu\u00e9 dans le&nbsp;<a href=\"https:\/\/rsf.us7.list-manage.com\/track\/click?u=5cb8824c726d51483ba41891e&amp;id=002aaf7b26&amp;e=656a1a4f8d\" target=\"_blank\" rel=\"noreferrer noopener\">meurtre<\/a>, le 16 d\u00e9cembre 2004, de l\u2019ancien correspondant de RSF en Gambie,&nbsp;<a href=\"https:\/\/rsf.us7.list-manage.com\/track\/click?u=5cb8824c726d51483ba41891e&amp;id=0bf464b73d&amp;e=656a1a4f8d\" target=\"_blank\" rel=\"noreferrer noopener\">Deyda Hydara<\/a>.&nbsp;\u00bb. L\u2019organisation rappelle que ce \u00ab&nbsp;Ce proc\u00e8s est le premier ouvert \u00e0 l&rsquo;\u00e9tranger pour poursuivre les violations des droits humains commises en Gambie pendant l&rsquo;\u00e8re Jammeh. La condamnation de l&rsquo;accus\u00e9 pour crime contre l&rsquo;humanit\u00e9 marque la reconnaissance par la justice allemande que l&rsquo;assassinat de Deyda Hydara a \u00e9t\u00e9 ordonn\u00e9 et orchestr\u00e9 par Yahya Jammeh, dans le cadre d\u2019une attaque g\u00e9n\u00e9ralis\u00e9e et syst\u00e9matique contre la population civile gambienne, en particulier contre les opposants au r\u00e9gime et parmi eux les journalistes&nbsp;\u00bb. Mais elle ne s\u2019arr\u00eate pas l\u00e0. \u00ab&nbsp;Ce verdict est une \u00e9tape majeure pour la famille de Deyda dans sa qu\u00eate de justice, et un jour historique pour l\u2019ensemble de la presse gambienne dont il \u00e9tait un infatigable d\u00e9fenseur. RSF s&rsquo;est mobilis\u00e9e pour que ce verdict puisse \u00eatre rendu, mais le combat ne s&rsquo;arr\u00eate pas l\u00e0. Il faut \u00e0 pr\u00e9sent que le v\u00e9ritable commanditaire, le dictateur Yahya Jammeh, ainsi que tous ses complices, r\u00e9pondent de leurs crimes. RSF continuera \u00e0 se mobiliser pour que Yahya Jammeh soit enfin extrad\u00e9 de Guin\u00e9e \u00e9quatoriale pour \u00eatre jug\u00e9 sans d\u00e9lai en Gambie ou dans un pays tiers&nbsp;\u00bb.<\/p>\n\n\n\n<p>Journaliste gambien renomm\u00e9, cofondateur du journal&nbsp;The Point&nbsp;et correspondant de l\u2019Agence France-Presse&nbsp;(AFP) dans le pays, Deyda Hydara \u00e9tait l\u2019auteur d\u2019une c\u00e9l\u00e8bre chronique dans&nbsp;The Point, intitul\u00e9e&nbsp;\u00ab\u00a0Good morning, Mr President\u00a0\u00bb&nbsp;(\u201cBonjour Monsieur le pr\u00e9sident\u201d) dans laquelle il commentait la politique nationale. RSF avait r\u00e9v\u00e9l\u00e9 qu\u2019il \u00e9tait&nbsp;<a href=\"https:\/\/rsf.us7.list-manage.com\/track\/click?u=5cb8824c726d51483ba41891e&amp;id=1815235709&amp;e=656a1a4f8d\" target=\"_blank\" rel=\"noreferrer noopener\">espionn\u00e9 par les services de renseignement gambiens<\/a>&nbsp;juste avant sa mort.&nbsp;<\/p>\n\n\n\n<p>Ancien membre des&nbsp;\u00ab&nbsp;Junglers&nbsp;\u00bb, un escadron de la mort fond\u00e9 par Yahya Jammeh, &nbsp;Bai L., 48 ans, reconnu coupable d\u2019avoir particip\u00e9 \u00e0 son assassinat, a \u00e9t\u00e9 arr\u00eat\u00e9 en mars 2021 en Allemagne, o\u00f9 il vit depuis 2012, et a \u00e9t\u00e9 plac\u00e9 en d\u00e9tention provisoire. Il \u00e9tait poursuivi pour son r\u00f4le dans l\u2019assassinat de Deyda Hydara, ainsi que dans celui, en 2006, d\u2019un ancien soldat et dans la tentative de meurtre en 2003 d\u2019un avocat dans son pays \u2013 trois crimes que la justice allemande a aussi qualifi\u00e9s de crimes contre l\u2019humanit\u00e9.<\/p>\n","protected":false},"excerpt":{"rendered":"<p>Condamnation \u00e0 perp\u00e9tuit\u00e9 du citoyen gambien Bai L. pour crime contre l\u2019humanit\u00e9, meurtre et tentative de meurtre. Il a \u00e9t\u00e9 reconnu coupable du meurtre du journaliste Deyda Hydara, correspondant de&hellip;<\/p>\n","protected":false},"author":2,"featured_media":1753,"comment_status":"open","ping_status":"open","sticky":false,"template":"","format":"standard","meta":{"content-type":"","om_disable_all_campaigns":false,"_monsterinsights_skip_tracking":false,"_monsterinsights_sitenote_active":false,"_monsterinsights_sitenote_note":"","_monsterinsights_sitenote_category":0,"_uf_show_specific_survey":0,"_uf_disable_surveys":false,"footnotes":""},"categories":[20],"tags":[36,37,38],"class_list":["post-1736","post","type-post","status-publish","format-standard","has-post-thumbnail","hentry","category-societe","tag-gambie","tag-rsf","tag-yahya-jammeh"],"aioseo_notices":[],"yoast_head":"<!-- This site is optimized with the Yoast SEO plugin v27.5 - https:\/\/yoast.com\/product\/yoast-seo-wordpress\/ -->\n<title>Meurtre du journaliste Deyda Hydara en Gambie\u00a0: RSF demande l\u2019extradition de Yahya Jammeh - Le Patriote<\/title>\n<meta name=\"robots\" content=\"index, follow, max-snippet:-1, max-image-preview:large, max-video-preview:-1\" \/>\n<link rel=\"canonical\" href=\"https:\/\/lepatriotebenin.com\/index.php\/2023\/12\/01\/meurtre-du-journaliste-deyda-hydara-en-gambie-rsf-demande-lextradition-de-yahya-jammeh-2\/\" \/>\n<meta property=\"og:locale\" content=\"fr_FR\" \/>\n<meta property=\"og:type\" content=\"article\" \/>\n<meta property=\"og:title\" content=\"Meurtre du journaliste Deyda Hydara en Gambie\u00a0: RSF demande l\u2019extradition de Yahya Jammeh - Le Patriote\" \/>\n<meta property=\"og:description\" content=\"Condamnation \u00e0 perp\u00e9tuit\u00e9 du citoyen gambien Bai L. pour crime contre l\u2019humanit\u00e9, meurtre et tentative de meurtre. Il a \u00e9t\u00e9 reconnu coupable du meurtre du journaliste Deyda Hydara, correspondant de&hellip;\" \/>\n<meta property=\"og:url\" content=\"https:\/\/lepatriotebenin.com\/index.php\/2023\/12\/01\/meurtre-du-journaliste-deyda-hydara-en-gambie-rsf-demande-lextradition-de-yahya-jammeh-2\/\" \/>\n<meta property=\"og:site_name\" content=\"Le Patriote\" \/>\n<meta property=\"article:published_time\" content=\"2023-12-01T12:43:34+00:00\" \/>\n<meta property=\"article:modified_time\" content=\"2023-12-01T17:04:22+00:00\" \/>\n<meta property=\"og:image\" content=\"https:\/\/lepatriotebenin.com\/wp-content\/uploads\/2023\/12\/yahya-jammeh.jpg\" \/>\n\t<meta property=\"og:image:width\" content=\"612\" \/>\n\t<meta property=\"og:image:height\" content=\"408\" \/>\n\t<meta property=\"og:image:type\" content=\"image\/jpeg\" \/>\n<meta name=\"author\" content=\"Marcel ZOUMENOU\" \/>\n<meta name=\"twitter:card\" content=\"summary_large_image\" \/>\n<meta name=\"twitter:label1\" content=\"\u00c9crit par\" \/>\n\t<meta name=\"twitter:data1\" content=\"Marcel ZOUMENOU\" \/>\n\t<meta name=\"twitter:label2\" content=\"Dur\u00e9e de lecture estim\u00e9e\" \/>\n\t<meta name=\"twitter:data2\" content=\"3 minutes\" \/>\n<script type=\"application\/ld+json\" class=\"yoast-schema-graph\">{\"@context\":\"https:\\\/\\\/schema.org\",\"@graph\":[{\"@type\":\"Article\",\"@id\":\"https:\\\/\\\/lepatriotebenin.com\\\/index.php\\\/2023\\\/12\\\/01\\\/meurtre-du-journaliste-deyda-hydara-en-gambie-rsf-demande-lextradition-de-yahya-jammeh-2\\\/#article\",\"isPartOf\":{\"@id\":\"https:\\\/\\\/lepatriotebenin.com\\\/index.php\\\/2023\\\/12\\\/01\\\/meurtre-du-journaliste-deyda-hydara-en-gambie-rsf-demande-lextradition-de-yahya-jammeh-2\\\/\"},\"author\":{\"name\":\"Marcel ZOUMENOU\",\"@id\":\"https:\\\/\\\/lepatriotebenin.com\\\/#\\\/schema\\\/person\\\/bc185387219a73c6f2f8698114720c49\"},\"headline\":\"Meurtre du journaliste Deyda Hydara en Gambie\u00a0: RSF demande l\u2019extradition de Yahya Jammeh\",\"datePublished\":\"2023-12-01T12:43:34+00:00\",\"dateModified\":\"2023-12-01T17:04:22+00:00\",\"mainEntityOfPage\":{\"@id\":\"https:\\\/\\\/lepatriotebenin.com\\\/index.php\\\/2023\\\/12\\\/01\\\/meurtre-du-journaliste-deyda-hydara-en-gambie-rsf-demande-lextradition-de-yahya-jammeh-2\\\/\"},\"wordCount\":595,\"commentCount\":0,\"image\":{\"@id\":\"https:\\\/\\\/lepatriotebenin.com\\\/index.php\\\/2023\\\/12\\\/01\\\/meurtre-du-journaliste-deyda-hydara-en-gambie-rsf-demande-lextradition-de-yahya-jammeh-2\\\/#primaryimage\"},\"thumbnailUrl\":\"https:\\\/\\\/lepatriotebenin.com\\\/wp-content\\\/uploads\\\/2023\\\/12\\\/yahya-jammeh.jpg\",\"keywords\":[\"Gambie\",\"RSF\",\"Yahya Jammeh\"],\"articleSection\":[\"Soci\u00e9t\u00e9\"],\"inLanguage\":\"fr-FR\",\"potentialAction\":[{\"@type\":\"CommentAction\",\"name\":\"Comment\",\"target\":[\"https:\\\/\\\/lepatriotebenin.com\\\/index.php\\\/2023\\\/12\\\/01\\\/meurtre-du-journaliste-deyda-hydara-en-gambie-rsf-demande-lextradition-de-yahya-jammeh-2\\\/#respond\"]}]},{\"@type\":\"WebPage\",\"@id\":\"https:\\\/\\\/lepatriotebenin.com\\\/index.php\\\/2023\\\/12\\\/01\\\/meurtre-du-journaliste-deyda-hydara-en-gambie-rsf-demande-lextradition-de-yahya-jammeh-2\\\/\",\"url\":\"https:\\\/\\\/lepatriotebenin.com\\\/index.php\\\/2023\\\/12\\\/01\\\/meurtre-du-journaliste-deyda-hydara-en-gambie-rsf-demande-lextradition-de-yahya-jammeh-2\\\/\",\"name\":\"Meurtre du journaliste Deyda Hydara en Gambie\u00a0: RSF demande l\u2019extradition de Yahya Jammeh - Le Patriote\",\"isPartOf\":{\"@id\":\"https:\\\/\\\/lepatriotebenin.com\\\/#website\"},\"primaryImageOfPage\":{\"@id\":\"https:\\\/\\\/lepatriotebenin.com\\\/index.php\\\/2023\\\/12\\\/01\\\/meurtre-du-journaliste-deyda-hydara-en-gambie-rsf-demande-lextradition-de-yahya-jammeh-2\\\/#primaryimage\"},\"image\":{\"@id\":\"https:\\\/\\\/lepatriotebenin.com\\\/index.php\\\/2023\\\/12\\\/01\\\/meurtre-du-journaliste-deyda-hydara-en-gambie-rsf-demande-lextradition-de-yahya-jammeh-2\\\/#primaryimage\"},\"thumbnailUrl\":\"https:\\\/\\\/lepatriotebenin.com\\\/wp-content\\\/uploads\\\/2023\\\/12\\\/yahya-jammeh.jpg\",\"datePublished\":\"2023-12-01T12:43:34+00:00\",\"dateModified\":\"2023-12-01T17:04:22+00:00\",\"author\":{\"@id\":\"https:\\\/\\\/lepatriotebenin.com\\\/#\\\/schema\\\/person\\\/bc185387219a73c6f2f8698114720c49\"},\"breadcrumb\":{\"@id\":\"https:\\\/\\\/lepatriotebenin.com\\\/index.php\\\/2023\\\/12\\\/01\\\/meurtre-du-journaliste-deyda-hydara-en-gambie-rsf-demande-lextradition-de-yahya-jammeh-2\\\/#breadcrumb\"},\"inLanguage\":\"fr-FR\",\"potentialAction\":[{\"@type\":\"ReadAction\",\"target\":[\"https:\\\/\\\/lepatriotebenin.com\\\/index.php\\\/2023\\\/12\\\/01\\\/meurtre-du-journaliste-deyda-hydara-en-gambie-rsf-demande-lextradition-de-yahya-jammeh-2\\\/\"]}]},{\"@type\":\"ImageObject\",\"inLanguage\":\"fr-FR\",\"@id\":\"https:\\\/\\\/lepatriotebenin.com\\\/index.php\\\/2023\\\/12\\\/01\\\/meurtre-du-journaliste-deyda-hydara-en-gambie-rsf-demande-lextradition-de-yahya-jammeh-2\\\/#primaryimage\",\"url\":\"https:\\\/\\\/lepatriotebenin.com\\\/wp-content\\\/uploads\\\/2023\\\/12\\\/yahya-jammeh.jpg\",\"contentUrl\":\"https:\\\/\\\/lepatriotebenin.com\\\/wp-content\\\/uploads\\\/2023\\\/12\\\/yahya-jammeh.jpg\",\"width\":612,\"height\":408,\"caption\":\"Portrait of President Yahya Jammeh of The Gambia West Africa. (Photo by jason florio\\\/Corbis via Getty Images)\"},{\"@type\":\"BreadcrumbList\",\"@id\":\"https:\\\/\\\/lepatriotebenin.com\\\/index.php\\\/2023\\\/12\\\/01\\\/meurtre-du-journaliste-deyda-hydara-en-gambie-rsf-demande-lextradition-de-yahya-jammeh-2\\\/#breadcrumb\",\"itemListElement\":[{\"@type\":\"ListItem\",\"position\":1,\"name\":\"Accueil\",\"item\":\"https:\\\/\\\/lepatriotebenin.com\\\/\"},{\"@type\":\"ListItem\",\"position\":2,\"name\":\"Meurtre du journaliste Deyda Hydara en Gambie\u00a0: RSF demande l\u2019extradition de Yahya Jammeh\"}]},{\"@type\":\"WebSite\",\"@id\":\"https:\\\/\\\/lepatriotebenin.com\\\/#website\",\"url\":\"https:\\\/\\\/lepatriotebenin.com\\\/\",\"name\":\"Le Patriote\",\"description\":\"Le Patriote B\u00e9nin\",\"potentialAction\":[{\"@type\":\"SearchAction\",\"target\":{\"@type\":\"EntryPoint\",\"urlTemplate\":\"https:\\\/\\\/lepatriotebenin.com\\\/?s={search_term_string}\"},\"query-input\":{\"@type\":\"PropertyValueSpecification\",\"valueRequired\":true,\"valueName\":\"search_term_string\"}}],\"inLanguage\":\"fr-FR\"},{\"@type\":\"Person\",\"@id\":\"https:\\\/\\\/lepatriotebenin.com\\\/#\\\/schema\\\/person\\\/bc185387219a73c6f2f8698114720c49\",\"name\":\"Marcel ZOUMENOU\",\"image\":{\"@type\":\"ImageObject\",\"inLanguage\":\"fr-FR\",\"@id\":\"https:\\\/\\\/secure.gravatar.com\\\/avatar\\\/55e60188ee1ca2050a14675489f7856c575861edc734548164d100bdb6565472?s=96&d=mm&r=g\",\"url\":\"https:\\\/\\\/secure.gravatar.com\\\/avatar\\\/55e60188ee1ca2050a14675489f7856c575861edc734548164d100bdb6565472?s=96&d=mm&r=g\",\"contentUrl\":\"https:\\\/\\\/secure.gravatar.com\\\/avatar\\\/55e60188ee1ca2050a14675489f7856c575861edc734548164d100bdb6565472?s=96&d=mm&r=g\",\"caption\":\"Marcel ZOUMENOU\"},\"url\":\"https:\\\/\\\/lepatriotebenin.com\"}]}<\/script>\n<!-- \/ Yoast SEO plugin. -->","yoast_head_json":{"title":"Meurtre du journaliste Deyda Hydara en Gambie\u00a0: RSF demande l\u2019extradition de Yahya Jammeh - Le Patriote","robots":{"index":"index","follow":"follow","max-snippet":"max-snippet:-1","max-image-preview":"max-image-preview:large","max-video-preview":"max-video-preview:-1"},"canonical":"https:\/\/lepatriotebenin.com\/index.php\/2023\/12\/01\/meurtre-du-journaliste-deyda-hydara-en-gambie-rsf-demande-lextradition-de-yahya-jammeh-2\/","og_locale":"fr_FR","og_type":"article","og_title":"Meurtre du journaliste Deyda Hydara en Gambie\u00a0: RSF demande l\u2019extradition de Yahya Jammeh - Le Patriote","og_description":"Condamnation \u00e0 perp\u00e9tuit\u00e9 du citoyen gambien Bai L. pour crime contre l\u2019humanit\u00e9, meurtre et tentative de meurtre. Il a \u00e9t\u00e9 reconnu coupable du meurtre du journaliste Deyda Hydara, correspondant de&hellip;","og_url":"https:\/\/lepatriotebenin.com\/index.php\/2023\/12\/01\/meurtre-du-journaliste-deyda-hydara-en-gambie-rsf-demande-lextradition-de-yahya-jammeh-2\/","og_site_name":"Le Patriote","article_published_time":"2023-12-01T12:43:34+00:00","article_modified_time":"2023-12-01T17:04:22+00:00","og_image":[{"width":612,"height":408,"url":"https:\/\/lepatriotebenin.com\/wp-content\/uploads\/2023\/12\/yahya-jammeh.jpg","type":"image\/jpeg"}],"author":"Marcel ZOUMENOU","twitter_card":"summary_large_image","twitter_misc":{"\u00c9crit par":"Marcel ZOUMENOU","Dur\u00e9e de lecture estim\u00e9e":"3 minutes"},"schema":{"@context":"https:\/\/schema.org","@graph":[{"@type":"Article","@id":"https:\/\/lepatriotebenin.com\/index.php\/2023\/12\/01\/meurtre-du-journaliste-deyda-hydara-en-gambie-rsf-demande-lextradition-de-yahya-jammeh-2\/#article","isPartOf":{"@id":"https:\/\/lepatriotebenin.com\/index.php\/2023\/12\/01\/meurtre-du-journaliste-deyda-hydara-en-gambie-rsf-demande-lextradition-de-yahya-jammeh-2\/"},"author":{"name":"Marcel ZOUMENOU","@id":"https:\/\/lepatriotebenin.com\/#\/schema\/person\/bc185387219a73c6f2f8698114720c49"},"headline":"Meurtre du journaliste Deyda Hydara en Gambie\u00a0: RSF demande l\u2019extradition de Yahya Jammeh","datePublished":"2023-12-01T12:43:34+00:00","dateModified":"2023-12-01T17:04:22+00:00","mainEntityOfPage":{"@id":"https:\/\/lepatriotebenin.com\/index.php\/2023\/12\/01\/meurtre-du-journaliste-deyda-hydara-en-gambie-rsf-demande-lextradition-de-yahya-jammeh-2\/"},"wordCount":595,"commentCount":0,"image":{"@id":"https:\/\/lepatriotebenin.com\/index.php\/2023\/12\/01\/meurtre-du-journaliste-deyda-hydara-en-gambie-rsf-demande-lextradition-de-yahya-jammeh-2\/#primaryimage"},"thumbnailUrl":"https:\/\/lepatriotebenin.com\/wp-content\/uploads\/2023\/12\/yahya-jammeh.jpg","keywords":["Gambie","RSF","Yahya Jammeh"],"articleSection":["Soci\u00e9t\u00e9"],"inLanguage":"fr-FR","potentialAction":[{"@type":"CommentAction","name":"Comment","target":["https:\/\/lepatriotebenin.com\/index.php\/2023\/12\/01\/meurtre-du-journaliste-deyda-hydara-en-gambie-rsf-demande-lextradition-de-yahya-jammeh-2\/#respond"]}]},{"@type":"WebPage","@id":"https:\/\/lepatriotebenin.com\/index.php\/2023\/12\/01\/meurtre-du-journaliste-deyda-hydara-en-gambie-rsf-demande-lextradition-de-yahya-jammeh-2\/","url":"https:\/\/lepatriotebenin.com\/index.php\/2023\/12\/01\/meurtre-du-journaliste-deyda-hydara-en-gambie-rsf-demande-lextradition-de-yahya-jammeh-2\/","name":"Meurtre du journaliste Deyda Hydara en Gambie\u00a0: RSF demande l\u2019extradition de Yahya Jammeh - Le Patriote","isPartOf":{"@id":"https:\/\/lepatriotebenin.com\/#website"},"primaryImageOfPage":{"@id":"https:\/\/lepatriotebenin.com\/index.php\/2023\/12\/01\/meurtre-du-journaliste-deyda-hydara-en-gambie-rsf-demande-lextradition-de-yahya-jammeh-2\/#primaryimage"},"image":{"@id":"https:\/\/lepatriotebenin.com\/index.php\/2023\/12\/01\/meurtre-du-journaliste-deyda-hydara-en-gambie-rsf-demande-lextradition-de-yahya-jammeh-2\/#primaryimage"},"thumbnailUrl":"https:\/\/lepatriotebenin.com\/wp-content\/uploads\/2023\/12\/yahya-jammeh.jpg","datePublished":"2023-12-01T12:43:34+00:00","dateModified":"2023-12-01T17:04:22+00:00","author":{"@id":"https:\/\/lepatriotebenin.com\/#\/schema\/person\/bc185387219a73c6f2f8698114720c49"},"breadcrumb":{"@id":"https:\/\/lepatriotebenin.com\/index.php\/2023\/12\/01\/meurtre-du-journaliste-deyda-hydara-en-gambie-rsf-demande-lextradition-de-yahya-jammeh-2\/#breadcrumb"},"inLanguage":"fr-FR","potentialAction":[{"@type":"ReadAction","target":["https:\/\/lepatriotebenin.com\/index.php\/2023\/12\/01\/meurtre-du-journaliste-deyda-hydara-en-gambie-rsf-demande-lextradition-de-yahya-jammeh-2\/"]}]},{"@type":"ImageObject","inLanguage":"fr-FR","@id":"https:\/\/lepatriotebenin.com\/index.php\/2023\/12\/01\/meurtre-du-journaliste-deyda-hydara-en-gambie-rsf-demande-lextradition-de-yahya-jammeh-2\/#primaryimage","url":"https:\/\/lepatriotebenin.com\/wp-content\/uploads\/2023\/12\/yahya-jammeh.jpg","contentUrl":"https:\/\/lepatriotebenin.com\/wp-content\/uploads\/2023\/12\/yahya-jammeh.jpg","width":612,"height":408,"caption":"Portrait of President Yahya Jammeh of The Gambia West Africa. (Photo by jason florio\/Corbis via Getty Images)"},{"@type":"BreadcrumbList","@id":"https:\/\/lepatriotebenin.com\/index.php\/2023\/12\/01\/meurtre-du-journaliste-deyda-hydara-en-gambie-rsf-demande-lextradition-de-yahya-jammeh-2\/#breadcrumb","itemListElement":[{"@type":"ListItem","position":1,"name":"Accueil","item":"https:\/\/lepatriotebenin.com\/"},{"@type":"ListItem","position":2,"name":"Meurtre du journaliste Deyda Hydara en Gambie\u00a0: RSF demande l\u2019extradition de Yahya Jammeh"}]},{"@type":"WebSite","@id":"https:\/\/lepatriotebenin.com\/#website","url":"https:\/\/lepatriotebenin.com\/","name":"Le Patriote","description":"Le Patriote B\u00e9nin","potentialAction":[{"@type":"SearchAction","target":{"@type":"EntryPoint","urlTemplate":"https:\/\/lepatriotebenin.com\/?s={search_term_string}"},"query-input":{"@type":"PropertyValueSpecification","valueRequired":true,"valueName":"search_term_string"}}],"inLanguage":"fr-FR"},{"@type":"Person","@id":"https:\/\/lepatriotebenin.com\/#\/schema\/person\/bc185387219a73c6f2f8698114720c49","name":"Marcel ZOUMENOU","image":{"@type":"ImageObject","inLanguage":"fr-FR","@id":"https:\/\/secure.gravatar.com\/avatar\/55e60188ee1ca2050a14675489f7856c575861edc734548164d100bdb6565472?s=96&d=mm&r=g","url":"https:\/\/secure.gravatar.com\/avatar\/55e60188ee1ca2050a14675489f7856c575861edc734548164d100bdb6565472?s=96&d=mm&r=g","contentUrl":"https:\/\/secure.gravatar.com\/avatar\/55e60188ee1ca2050a14675489f7856c575861edc734548164d100bdb6565472?s=96&d=mm&r=g","caption":"Marcel ZOUMENOU"},"url":"https:\/\/lepatriotebenin.com"}]}},"_links":{"self":[{"href":"https:\/\/lepatriotebenin.com\/index.php\/wp-json\/wp\/v2\/posts\/1736","targetHints":{"allow":["GET"]}}],"collection":[{"href":"https:\/\/lepatriotebenin.com\/index.php\/wp-json\/wp\/v2\/posts"}],"about":[{"href":"https:\/\/lepatriotebenin.com\/index.php\/wp-json\/wp\/v2\/types\/post"}],"author":[{"embeddable":true,"href":"https:\/\/lepatriotebenin.com\/index.php\/wp-json\/wp\/v2\/users\/2"}],"replies":[{"embeddable":true,"href":"https:\/\/lepatriotebenin.com\/index.php\/wp-json\/wp\/v2\/comments?post=1736"}],"version-history":[{"count":1,"href":"https:\/\/lepatriotebenin.com\/index.php\/wp-json\/wp\/v2\/posts\/1736\/revisions"}],"predecessor-version":[{"id":1740,"href":"https:\/\/lepatriotebenin.com\/index.php\/wp-json\/wp\/v2\/posts\/1736\/revisions\/1740"}],"wp:featuredmedia":[{"embeddable":true,"href":"https:\/\/lepatriotebenin.com\/index.php\/wp-json\/wp\/v2\/media\/1753"}],"wp:attachment":[{"href":"https:\/\/lepatriotebenin.com\/index.php\/wp-json\/wp\/v2\/media?parent=1736"}],"wp:term":[{"taxonomy":"category","embeddable":true,"href":"https:\/\/lepatriotebenin.com\/index.php\/wp-json\/wp\/v2\/categories?post=1736"},{"taxonomy":"post_tag","embeddable":true,"href":"https:\/\/lepatriotebenin.com\/index.php\/wp-json\/wp\/v2\/tags?post=1736"}],"curies":[{"name":"wp","href":"https:\/\/api.w.org\/{rel}","templated":true}]}}