{"id":1725,"date":"2023-12-01T08:28:58","date_gmt":"2023-12-01T07:28:58","guid":{"rendered":"https:\/\/lepatriotebenin.com\/?p=1725"},"modified":"2023-12-01T08:41:51","modified_gmt":"2023-12-01T07:41:51","slug":"douanes-beninoises-boubacar-camara-kamah-quitte-son-poste-de-dga","status":"publish","type":"post","link":"https:\/\/lepatriotebenin.com\/index.php\/2023\/12\/01\/douanes-beninoises-boubacar-camara-kamah-quitte-son-poste-de-dga\/","title":{"rendered":"Douanes b\u00e9ninoises: Boubacar Camara Kam\u00e2h quitte son poste de DGA\u00a0"},"content":{"rendered":"\n<p><em>C&rsquo;est \u00e0 travers un message de remerciement post\u00e9 sur son compte X, que Boubacar Camara Kam\u00e2h a annonc\u00e9 qu&rsquo;il quitte la douane b\u00e9ninoise. L&rsquo;auteur du livre <strong>\u00ab&nbsp;Construire le S\u00e9n\u00e9gal du Futur&nbsp;\u00bb<\/strong> qui pr\u00e9sente l&rsquo;argumentaire du programme de d\u00e9veloppement durable du S\u00e9n\u00e9gal, a salu\u00e9 l\u2019exemple de solidarit\u00e9 africaine du Pr\u00e9sident Talon.<\/em><\/p>\n\n\n\n<figure class=\"wp-block-image size-full\"><img fetchpriority=\"high\" decoding=\"async\" width=\"680\" height=\"510\" src=\"https:\/\/lepatriotebenin.com\/wp-content\/uploads\/2023\/12\/img-20231130-wa0143.jpg\" alt=\"\" class=\"wp-image-1726\" srcset=\"https:\/\/lepatriotebenin.com\/wp-content\/uploads\/2023\/12\/img-20231130-wa0143.jpg 680w, https:\/\/lepatriotebenin.com\/wp-content\/uploads\/2023\/12\/img-20231130-wa0143-300x225.jpg 300w, https:\/\/lepatriotebenin.com\/wp-content\/uploads\/2023\/12\/img-20231130-wa0143-585x439.jpg 585w\" sizes=\"(max-width: 680px) 100vw, 680px\" \/><figcaption class=\"wp-element-caption\"><strong>Boubacar Camara Kam\u00e2h<\/strong><\/figcaption><\/figure>\n\n\n\n<p>\u00ab&nbsp;Je quitte la douane b\u00e9ninoise, merci pour tout !&nbsp;<\/p>\n\n\n\n<p>Je porte \u00e0 votre connaissance qu\u2019apr\u00e8s deux ann\u00e9es (21 octobre 2021-24 novembre 2023) \u00e0 la Direction g\u00e9n\u00e9rale des Douanes du B\u00e9nin en qualit\u00e9 de Directeur g\u00e9n\u00e9ral adjoint, je quitte la douane b\u00e9ninoise. Cette mission exerc\u00e9e en tant que S\u00e9n\u00e9galais et ancien directeur g\u00e9n\u00e9ral des douanes de mon pays (2000-2004), est un exemple&nbsp; de solidarit\u00e9 africaine \u00e0 l\u2019actif du Pr\u00e9sident de la R\u00e9publique Patrice Talon qui a tr\u00e8s t\u00f4t compris que l\u2019expertise n\u2019a pas de fronti\u00e8res.&nbsp;<\/p>\n\n\n\n<p>Je le remercie particuli\u00e8rement.<\/p>\n\n\n\n<p>Ce s\u00e9jour a \u00e9t\u00e9 facilit\u00e9 par le soutien de tous, notamment le Ministre d\u2019Etat, charg\u00e9 de l\u2019Economie et des Finances, M. Romuald WADAGNI, le directeur g\u00e9n\u00e9ral des douanes, sortant M. Alain HINKATI, l\u2019ensemble du personnel des douanes b\u00e9ninoises et les partenaires de cette prestigieuse administration.&nbsp;<\/p>\n\n\n\n<p>Je souhaite plein succ\u00e8s \u00e0 l\u2019\u00e9quipe entrante, Mme Adidjatou HASSAN ZANOUVI, Directrice g\u00e9n\u00e9rale et M. KAREGIRE Aim\u00e9 Yvan Directeur g\u00e9n\u00e9ral adjoint, mon rempla\u00e7ant.&nbsp;\u00bb<\/p>\n\n\n\n<p><strong>Boubacar CAMARA<\/strong><\/p>\n","protected":false},"excerpt":{"rendered":"<p>C&rsquo;est \u00e0 travers un message de remerciement post\u00e9 sur son compte X, que Boubacar Camara Kam\u00e2h a annonc\u00e9 qu&rsquo;il quitte la douane b\u00e9ninoise. L&rsquo;auteur du livre \u00ab&nbsp;Construire le S\u00e9n\u00e9gal du&hellip;<\/p>\n","protected":false},"author":7,"featured_media":1726,"comment_status":"open","ping_status":"open","sticky":false,"template":"","format":"standard","meta":{"content-type":"","om_disable_all_campaigns":false,"_monsterinsights_skip_tracking":false,"_monsterinsights_sitenote_active":false,"_monsterinsights_sitenote_note":"","_monsterinsights_sitenote_category":0,"_uf_show_specific_survey":0,"_uf_disable_surveys":false,"footnotes":""},"categories":[4],"tags":[34,35,33],"class_list":["post-1725","post","type-post","status-publish","format-standard","has-post-thumbnail","hentry","category-economie","tag-construire-le-senegal-du-futur","tag-boubacar-camara","tag-douanes"],"aioseo_notices":[],"yoast_head":"<!-- This site is optimized with the Yoast SEO plugin v27.5 - https:\/\/yoast.com\/product\/yoast-seo-wordpress\/ -->\n<title>Douanes b\u00e9ninoises: Boubacar Camara Kam\u00e2h quitte son poste de DGA\u00a0 - Le Patriote<\/title>\n<meta name=\"robots\" content=\"index, follow, max-snippet:-1, max-image-preview:large, max-video-preview:-1\" \/>\n<link rel=\"canonical\" href=\"https:\/\/lepatriotebenin.com\/index.php\/2023\/12\/01\/douanes-beninoises-boubacar-camara-kamah-quitte-son-poste-de-dga\/\" \/>\n<meta property=\"og:locale\" content=\"fr_FR\" \/>\n<meta property=\"og:type\" content=\"article\" \/>\n<meta property=\"og:title\" content=\"Douanes b\u00e9ninoises: Boubacar Camara Kam\u00e2h quitte son poste de DGA\u00a0 - Le Patriote\" \/>\n<meta property=\"og:description\" content=\"C&rsquo;est \u00e0 travers un message de remerciement post\u00e9 sur son compte X, que Boubacar Camara Kam\u00e2h a annonc\u00e9 qu&rsquo;il quitte la douane b\u00e9ninoise. L&rsquo;auteur du livre \u00ab&nbsp;Construire le S\u00e9n\u00e9gal du&hellip;\" \/>\n<meta property=\"og:url\" content=\"https:\/\/lepatriotebenin.com\/index.php\/2023\/12\/01\/douanes-beninoises-boubacar-camara-kamah-quitte-son-poste-de-dga\/\" \/>\n<meta property=\"og:site_name\" content=\"Le Patriote\" \/>\n<meta property=\"article:published_time\" content=\"2023-12-01T07:28:58+00:00\" \/>\n<meta property=\"article:modified_time\" content=\"2023-12-01T07:41:51+00:00\" \/>\n<meta property=\"og:image\" content=\"https:\/\/lepatriotebenin.com\/wp-content\/uploads\/2023\/12\/img-20231130-wa0143.jpg\" \/>\n\t<meta property=\"og:image:width\" content=\"680\" \/>\n\t<meta property=\"og:image:height\" content=\"510\" \/>\n\t<meta property=\"og:image:type\" content=\"image\/jpeg\" \/>\n<meta name=\"author\" content=\"Sergino LOKOSSOU\" \/>\n<meta name=\"twitter:card\" content=\"summary_large_image\" \/>\n<meta name=\"twitter:label1\" content=\"\u00c9crit par\" \/>\n\t<meta name=\"twitter:data1\" content=\"Sergino LOKOSSOU\" \/>\n\t<meta name=\"twitter:label2\" content=\"Dur\u00e9e de lecture estim\u00e9e\" \/>\n\t<meta name=\"twitter:data2\" content=\"1 minute\" \/>\n<script type=\"application\/ld+json\" class=\"yoast-schema-graph\">{\"@context\":\"https:\\\/\\\/schema.org\",\"@graph\":[{\"@type\":\"Article\",\"@id\":\"https:\\\/\\\/lepatriotebenin.com\\\/index.php\\\/2023\\\/12\\\/01\\\/douanes-beninoises-boubacar-camara-kamah-quitte-son-poste-de-dga\\\/#article\",\"isPartOf\":{\"@id\":\"https:\\\/\\\/lepatriotebenin.com\\\/index.php\\\/2023\\\/12\\\/01\\\/douanes-beninoises-boubacar-camara-kamah-quitte-son-poste-de-dga\\\/\"},\"author\":{\"name\":\"Sergino LOKOSSOU\",\"@id\":\"https:\\\/\\\/lepatriotebenin.com\\\/#\\\/schema\\\/person\\\/dcc695d31683db00f6182259be379956\"},\"headline\":\"Douanes b\u00e9ninoises: Boubacar Camara Kam\u00e2h quitte son poste de DGA\u00a0\",\"datePublished\":\"2023-12-01T07:28:58+00:00\",\"dateModified\":\"2023-12-01T07:41:51+00:00\",\"mainEntityOfPage\":{\"@id\":\"https:\\\/\\\/lepatriotebenin.com\\\/index.php\\\/2023\\\/12\\\/01\\\/douanes-beninoises-boubacar-camara-kamah-quitte-son-poste-de-dga\\\/\"},\"wordCount\":276,\"commentCount\":0,\"image\":{\"@id\":\"https:\\\/\\\/lepatriotebenin.com\\\/index.php\\\/2023\\\/12\\\/01\\\/douanes-beninoises-boubacar-camara-kamah-quitte-son-poste-de-dga\\\/#primaryimage\"},\"thumbnailUrl\":\"https:\\\/\\\/lepatriotebenin.com\\\/wp-content\\\/uploads\\\/2023\\\/12\\\/img-20231130-wa0143.jpg\",\"keywords\":[\"\\\"Construire le S\u00e9n\u00e9gal du futur\\\"\",\"Boubacar Camara\",\"Douanes\"],\"articleSection\":[\"Economie\"],\"inLanguage\":\"fr-FR\",\"potentialAction\":[{\"@type\":\"CommentAction\",\"name\":\"Comment\",\"target\":[\"https:\\\/\\\/lepatriotebenin.com\\\/index.php\\\/2023\\\/12\\\/01\\\/douanes-beninoises-boubacar-camara-kamah-quitte-son-poste-de-dga\\\/#respond\"]}]},{\"@type\":\"WebPage\",\"@id\":\"https:\\\/\\\/lepatriotebenin.com\\\/index.php\\\/2023\\\/12\\\/01\\\/douanes-beninoises-boubacar-camara-kamah-quitte-son-poste-de-dga\\\/\",\"url\":\"https:\\\/\\\/lepatriotebenin.com\\\/index.php\\\/2023\\\/12\\\/01\\\/douanes-beninoises-boubacar-camara-kamah-quitte-son-poste-de-dga\\\/\",\"name\":\"Douanes b\u00e9ninoises: Boubacar Camara Kam\u00e2h quitte son poste de DGA\u00a0 - Le Patriote\",\"isPartOf\":{\"@id\":\"https:\\\/\\\/lepatriotebenin.com\\\/#website\"},\"primaryImageOfPage\":{\"@id\":\"https:\\\/\\\/lepatriotebenin.com\\\/index.php\\\/2023\\\/12\\\/01\\\/douanes-beninoises-boubacar-camara-kamah-quitte-son-poste-de-dga\\\/#primaryimage\"},\"image\":{\"@id\":\"https:\\\/\\\/lepatriotebenin.com\\\/index.php\\\/2023\\\/12\\\/01\\\/douanes-beninoises-boubacar-camara-kamah-quitte-son-poste-de-dga\\\/#primaryimage\"},\"thumbnailUrl\":\"https:\\\/\\\/lepatriotebenin.com\\\/wp-content\\\/uploads\\\/2023\\\/12\\\/img-20231130-wa0143.jpg\",\"datePublished\":\"2023-12-01T07:28:58+00:00\",\"dateModified\":\"2023-12-01T07:41:51+00:00\",\"author\":{\"@id\":\"https:\\\/\\\/lepatriotebenin.com\\\/#\\\/schema\\\/person\\\/dcc695d31683db00f6182259be379956\"},\"breadcrumb\":{\"@id\":\"https:\\\/\\\/lepatriotebenin.com\\\/index.php\\\/2023\\\/12\\\/01\\\/douanes-beninoises-boubacar-camara-kamah-quitte-son-poste-de-dga\\\/#breadcrumb\"},\"inLanguage\":\"fr-FR\",\"potentialAction\":[{\"@type\":\"ReadAction\",\"target\":[\"https:\\\/\\\/lepatriotebenin.com\\\/index.php\\\/2023\\\/12\\\/01\\\/douanes-beninoises-boubacar-camara-kamah-quitte-son-poste-de-dga\\\/\"]}]},{\"@type\":\"ImageObject\",\"inLanguage\":\"fr-FR\",\"@id\":\"https:\\\/\\\/lepatriotebenin.com\\\/index.php\\\/2023\\\/12\\\/01\\\/douanes-beninoises-boubacar-camara-kamah-quitte-son-poste-de-dga\\\/#primaryimage\",\"url\":\"https:\\\/\\\/lepatriotebenin.com\\\/wp-content\\\/uploads\\\/2023\\\/12\\\/img-20231130-wa0143.jpg\",\"contentUrl\":\"https:\\\/\\\/lepatriotebenin.com\\\/wp-content\\\/uploads\\\/2023\\\/12\\\/img-20231130-wa0143.jpg\",\"width\":680,\"height\":510},{\"@type\":\"BreadcrumbList\",\"@id\":\"https:\\\/\\\/lepatriotebenin.com\\\/index.php\\\/2023\\\/12\\\/01\\\/douanes-beninoises-boubacar-camara-kamah-quitte-son-poste-de-dga\\\/#breadcrumb\",\"itemListElement\":[{\"@type\":\"ListItem\",\"position\":1,\"name\":\"Accueil\",\"item\":\"https:\\\/\\\/lepatriotebenin.com\\\/\"},{\"@type\":\"ListItem\",\"position\":2,\"name\":\"Douanes b\u00e9ninoises: Boubacar Camara Kam\u00e2h quitte son poste de DGA\u00a0\"}]},{\"@type\":\"WebSite\",\"@id\":\"https:\\\/\\\/lepatriotebenin.com\\\/#website\",\"url\":\"https:\\\/\\\/lepatriotebenin.com\\\/\",\"name\":\"Le Patriote\",\"description\":\"Le Patriote B\u00e9nin\",\"potentialAction\":[{\"@type\":\"SearchAction\",\"target\":{\"@type\":\"EntryPoint\",\"urlTemplate\":\"https:\\\/\\\/lepatriotebenin.com\\\/?s={search_term_string}\"},\"query-input\":{\"@type\":\"PropertyValueSpecification\",\"valueRequired\":true,\"valueName\":\"search_term_string\"}}],\"inLanguage\":\"fr-FR\"},{\"@type\":\"Person\",\"@id\":\"https:\\\/\\\/lepatriotebenin.com\\\/#\\\/schema\\\/person\\\/dcc695d31683db00f6182259be379956\",\"name\":\"Sergino LOKOSSOU\",\"image\":{\"@type\":\"ImageObject\",\"inLanguage\":\"fr-FR\",\"@id\":\"https:\\\/\\\/secure.gravatar.com\\\/avatar\\\/389302564418b1df8495c365c07f413795b20944e7e96b5ee517813b9228c201?s=96&d=mm&r=g\",\"url\":\"https:\\\/\\\/secure.gravatar.com\\\/avatar\\\/389302564418b1df8495c365c07f413795b20944e7e96b5ee517813b9228c201?s=96&d=mm&r=g\",\"contentUrl\":\"https:\\\/\\\/secure.gravatar.com\\\/avatar\\\/389302564418b1df8495c365c07f413795b20944e7e96b5ee517813b9228c201?s=96&d=mm&r=g\",\"caption\":\"Sergino LOKOSSOU\"},\"url\":\"https:\\\/\\\/lepatriotebenin.com\"}]}<\/script>\n<!-- \/ Yoast SEO plugin. -->","yoast_head_json":{"title":"Douanes b\u00e9ninoises: Boubacar Camara Kam\u00e2h quitte son poste de DGA\u00a0 - Le Patriote","robots":{"index":"index","follow":"follow","max-snippet":"max-snippet:-1","max-image-preview":"max-image-preview:large","max-video-preview":"max-video-preview:-1"},"canonical":"https:\/\/lepatriotebenin.com\/index.php\/2023\/12\/01\/douanes-beninoises-boubacar-camara-kamah-quitte-son-poste-de-dga\/","og_locale":"fr_FR","og_type":"article","og_title":"Douanes b\u00e9ninoises: Boubacar Camara Kam\u00e2h quitte son poste de DGA\u00a0 - Le Patriote","og_description":"C&rsquo;est \u00e0 travers un message de remerciement post\u00e9 sur son compte X, que Boubacar Camara Kam\u00e2h a annonc\u00e9 qu&rsquo;il quitte la douane b\u00e9ninoise. L&rsquo;auteur du livre \u00ab&nbsp;Construire le S\u00e9n\u00e9gal du&hellip;","og_url":"https:\/\/lepatriotebenin.com\/index.php\/2023\/12\/01\/douanes-beninoises-boubacar-camara-kamah-quitte-son-poste-de-dga\/","og_site_name":"Le Patriote","article_published_time":"2023-12-01T07:28:58+00:00","article_modified_time":"2023-12-01T07:41:51+00:00","og_image":[{"width":680,"height":510,"url":"https:\/\/lepatriotebenin.com\/wp-content\/uploads\/2023\/12\/img-20231130-wa0143.jpg","type":"image\/jpeg"}],"author":"Sergino LOKOSSOU","twitter_card":"summary_large_image","twitter_misc":{"\u00c9crit par":"Sergino LOKOSSOU","Dur\u00e9e de lecture estim\u00e9e":"1 minute"},"schema":{"@context":"https:\/\/schema.org","@graph":[{"@type":"Article","@id":"https:\/\/lepatriotebenin.com\/index.php\/2023\/12\/01\/douanes-beninoises-boubacar-camara-kamah-quitte-son-poste-de-dga\/#article","isPartOf":{"@id":"https:\/\/lepatriotebenin.com\/index.php\/2023\/12\/01\/douanes-beninoises-boubacar-camara-kamah-quitte-son-poste-de-dga\/"},"author":{"name":"Sergino LOKOSSOU","@id":"https:\/\/lepatriotebenin.com\/#\/schema\/person\/dcc695d31683db00f6182259be379956"},"headline":"Douanes b\u00e9ninoises: Boubacar Camara Kam\u00e2h quitte son poste de DGA\u00a0","datePublished":"2023-12-01T07:28:58+00:00","dateModified":"2023-12-01T07:41:51+00:00","mainEntityOfPage":{"@id":"https:\/\/lepatriotebenin.com\/index.php\/2023\/12\/01\/douanes-beninoises-boubacar-camara-kamah-quitte-son-poste-de-dga\/"},"wordCount":276,"commentCount":0,"image":{"@id":"https:\/\/lepatriotebenin.com\/index.php\/2023\/12\/01\/douanes-beninoises-boubacar-camara-kamah-quitte-son-poste-de-dga\/#primaryimage"},"thumbnailUrl":"https:\/\/lepatriotebenin.com\/wp-content\/uploads\/2023\/12\/img-20231130-wa0143.jpg","keywords":["\"Construire le S\u00e9n\u00e9gal du futur\"","Boubacar Camara","Douanes"],"articleSection":["Economie"],"inLanguage":"fr-FR","potentialAction":[{"@type":"CommentAction","name":"Comment","target":["https:\/\/lepatriotebenin.com\/index.php\/2023\/12\/01\/douanes-beninoises-boubacar-camara-kamah-quitte-son-poste-de-dga\/#respond"]}]},{"@type":"WebPage","@id":"https:\/\/lepatriotebenin.com\/index.php\/2023\/12\/01\/douanes-beninoises-boubacar-camara-kamah-quitte-son-poste-de-dga\/","url":"https:\/\/lepatriotebenin.com\/index.php\/2023\/12\/01\/douanes-beninoises-boubacar-camara-kamah-quitte-son-poste-de-dga\/","name":"Douanes b\u00e9ninoises: Boubacar Camara Kam\u00e2h quitte son poste de DGA\u00a0 - Le Patriote","isPartOf":{"@id":"https:\/\/lepatriotebenin.com\/#website"},"primaryImageOfPage":{"@id":"https:\/\/lepatriotebenin.com\/index.php\/2023\/12\/01\/douanes-beninoises-boubacar-camara-kamah-quitte-son-poste-de-dga\/#primaryimage"},"image":{"@id":"https:\/\/lepatriotebenin.com\/index.php\/2023\/12\/01\/douanes-beninoises-boubacar-camara-kamah-quitte-son-poste-de-dga\/#primaryimage"},"thumbnailUrl":"https:\/\/lepatriotebenin.com\/wp-content\/uploads\/2023\/12\/img-20231130-wa0143.jpg","datePublished":"2023-12-01T07:28:58+00:00","dateModified":"2023-12-01T07:41:51+00:00","author":{"@id":"https:\/\/lepatriotebenin.com\/#\/schema\/person\/dcc695d31683db00f6182259be379956"},"breadcrumb":{"@id":"https:\/\/lepatriotebenin.com\/index.php\/2023\/12\/01\/douanes-beninoises-boubacar-camara-kamah-quitte-son-poste-de-dga\/#breadcrumb"},"inLanguage":"fr-FR","potentialAction":[{"@type":"ReadAction","target":["https:\/\/lepatriotebenin.com\/index.php\/2023\/12\/01\/douanes-beninoises-boubacar-camara-kamah-quitte-son-poste-de-dga\/"]}]},{"@type":"ImageObject","inLanguage":"fr-FR","@id":"https:\/\/lepatriotebenin.com\/index.php\/2023\/12\/01\/douanes-beninoises-boubacar-camara-kamah-quitte-son-poste-de-dga\/#primaryimage","url":"https:\/\/lepatriotebenin.com\/wp-content\/uploads\/2023\/12\/img-20231130-wa0143.jpg","contentUrl":"https:\/\/lepatriotebenin.com\/wp-content\/uploads\/2023\/12\/img-20231130-wa0143.jpg","width":680,"height":510},{"@type":"BreadcrumbList","@id":"https:\/\/lepatriotebenin.com\/index.php\/2023\/12\/01\/douanes-beninoises-boubacar-camara-kamah-quitte-son-poste-de-dga\/#breadcrumb","itemListElement":[{"@type":"ListItem","position":1,"name":"Accueil","item":"https:\/\/lepatriotebenin.com\/"},{"@type":"ListItem","position":2,"name":"Douanes b\u00e9ninoises: Boubacar Camara Kam\u00e2h quitte son poste de DGA\u00a0"}]},{"@type":"WebSite","@id":"https:\/\/lepatriotebenin.com\/#website","url":"https:\/\/lepatriotebenin.com\/","name":"Le Patriote","description":"Le Patriote B\u00e9nin","potentialAction":[{"@type":"SearchAction","target":{"@type":"EntryPoint","urlTemplate":"https:\/\/lepatriotebenin.com\/?s={search_term_string}"},"query-input":{"@type":"PropertyValueSpecification","valueRequired":true,"valueName":"search_term_string"}}],"inLanguage":"fr-FR"},{"@type":"Person","@id":"https:\/\/lepatriotebenin.com\/#\/schema\/person\/dcc695d31683db00f6182259be379956","name":"Sergino LOKOSSOU","image":{"@type":"ImageObject","inLanguage":"fr-FR","@id":"https:\/\/secure.gravatar.com\/avatar\/389302564418b1df8495c365c07f413795b20944e7e96b5ee517813b9228c201?s=96&d=mm&r=g","url":"https:\/\/secure.gravatar.com\/avatar\/389302564418b1df8495c365c07f413795b20944e7e96b5ee517813b9228c201?s=96&d=mm&r=g","contentUrl":"https:\/\/secure.gravatar.com\/avatar\/389302564418b1df8495c365c07f413795b20944e7e96b5ee517813b9228c201?s=96&d=mm&r=g","caption":"Sergino LOKOSSOU"},"url":"https:\/\/lepatriotebenin.com"}]}},"_links":{"self":[{"href":"https:\/\/lepatriotebenin.com\/index.php\/wp-json\/wp\/v2\/posts\/1725","targetHints":{"allow":["GET"]}}],"collection":[{"href":"https:\/\/lepatriotebenin.com\/index.php\/wp-json\/wp\/v2\/posts"}],"about":[{"href":"https:\/\/lepatriotebenin.com\/index.php\/wp-json\/wp\/v2\/types\/post"}],"author":[{"embeddable":true,"href":"https:\/\/lepatriotebenin.com\/index.php\/wp-json\/wp\/v2\/users\/7"}],"replies":[{"embeddable":true,"href":"https:\/\/lepatriotebenin.com\/index.php\/wp-json\/wp\/v2\/comments?post=1725"}],"version-history":[{"count":2,"href":"https:\/\/lepatriotebenin.com\/index.php\/wp-json\/wp\/v2\/posts\/1725\/revisions"}],"predecessor-version":[{"id":1728,"href":"https:\/\/lepatriotebenin.com\/index.php\/wp-json\/wp\/v2\/posts\/1725\/revisions\/1728"}],"wp:featuredmedia":[{"embeddable":true,"href":"https:\/\/lepatriotebenin.com\/index.php\/wp-json\/wp\/v2\/media\/1726"}],"wp:attachment":[{"href":"https:\/\/lepatriotebenin.com\/index.php\/wp-json\/wp\/v2\/media?parent=1725"}],"wp:term":[{"taxonomy":"category","embeddable":true,"href":"https:\/\/lepatriotebenin.com\/index.php\/wp-json\/wp\/v2\/categories?post=1725"},{"taxonomy":"post_tag","embeddable":true,"href":"https:\/\/lepatriotebenin.com\/index.php\/wp-json\/wp\/v2\/tags?post=1725"}],"curies":[{"name":"wp","href":"https:\/\/api.w.org\/{rel}","templated":true}]}}