{"id":16715,"date":"2026-01-26T02:10:55","date_gmt":"2026-01-26T01:10:55","guid":{"rendered":"https:\/\/lepatriotebenin.com\/?p=16715"},"modified":"2026-01-26T02:10:55","modified_gmt":"2026-01-26T01:10:55","slug":"vol-insolite-a-godomey-une-moto-bajaj-vendue-a-20-000-fcfa","status":"publish","type":"post","link":"https:\/\/lepatriotebenin.com\/index.php\/2026\/01\/26\/vol-insolite-a-godomey-une-moto-bajaj-vendue-a-20-000-fcfa\/","title":{"rendered":"Vol insolite \u00e0 Godomey: Une moto Bajaj vendue \u00e0 20 000 FCFA"},"content":{"rendered":"<p><em><strong>Le Commissariat d\u2019arrondissement de Godomey a mis fin, le vendredi 23 janvier 2026, \u00e0 la cavale d\u2019une jeune femme suspect\u00e9e d\u2019avoir d\u00e9rob\u00e9 une motocyclette de marque Bajaj dans le quartier Akogbato. La particularit\u00e9 de cette affaire r\u00e9side autant dans le profil de la mise en cause, nourrice d\u2019un b\u00e9b\u00e9 de huit semaines, que dans le prix de revente \u00e9tonnamment bas de la moto vol\u00e9e.<\/strong><\/em><\/p>\n<p>\u00c0 Godomey, une jeune femme, nourrice d\u2019un b\u00e9b\u00e9 de huit semaines, a \u00e9t\u00e9 interpell\u00e9e pour le vol d\u2019une motocyclette. Fait troublant et insolite : l\u2019engin a \u00e9t\u00e9 c\u00e9d\u00e9 \u00e0 des ferrailleurs pour seulement 20 000 FCFA, une somme d\u00e9risoire au regard de sa valeur r\u00e9elle.<\/p>\n<p>En effet, les faits remontent au lundi 19 janvier 2026, aux premi\u00e8res heures de la matin\u00e9e. Profitant de l\u2019absence du propri\u00e9taire et du calme ambiant, la nomm\u00e9e A.T. s\u2019introduit dans une concession priv\u00e9e. Sans cl\u00e9, elle parvient n\u00e9anmoins \u00e0 tra\u00eener hors des lieux une motocyclette Bajaj, non encore immatricul\u00e9e, stationn\u00e9e devant la chambre de la victime, avant de dispara\u00eetre.<\/p>\n<p>L\u2019enqu\u00eate men\u00e9e par la police a mis au jour un d\u00e9tail pour le moins surprenant. Apr\u00e8s le vol, la suspecte aurait vendu l\u2019engin pour la somme de 20 000 FCFA \u00e0 des acheteurs de ferraille, commun\u00e9ment appel\u00e9s \u00ab babas \u00bb. Un montant insignifiant compar\u00e9 au prix du march\u00e9 de ce type de motocyclette, ce qui conf\u00e8re \u00e0 l\u2019affaire un caract\u00e8re particuli\u00e8rement insolite.<\/p>\n<p>La vigilance d\u2019un voisin, t\u00e9moin de la sc\u00e8ne alors que la jeune femme peinait \u00e0 d\u00e9placer la moto, a \u00e9t\u00e9 d\u00e9terminante. Son alerte a permis aux forces de l\u2019ordre de remonter la piste de la suspecte et de l\u2019interpeller vers 23 heures. Plac\u00e9e en garde \u00e0 vue, elle est pass\u00e9e aux aveux. Les recherches se poursuivent afin d\u2019identifier le receleur, r\u00e9cup\u00e9rer la motocyclette et la restituer \u00e0 son propri\u00e9taire.<\/p>\n<p><strong>A. G<\/strong><\/p>\n","protected":false},"excerpt":{"rendered":"<p>Le Commissariat d\u2019arrondissement de Godomey a mis fin, le vendredi 23 janvier 2026, \u00e0 la cavale d\u2019une jeune femme suspect\u00e9e d\u2019avoir d\u00e9rob\u00e9 une motocyclette de marque Bajaj dans le quartier&hellip;<\/p>\n","protected":false},"author":5,"featured_media":16716,"comment_status":"open","ping_status":"open","sticky":false,"template":"","format":"standard","meta":{"content-type":"","om_disable_all_campaigns":false,"_monsterinsights_skip_tracking":false,"_monsterinsights_sitenote_active":false,"_monsterinsights_sitenote_note":"","_monsterinsights_sitenote_category":0,"_uf_show_specific_survey":0,"_uf_disable_surveys":false,"footnotes":""},"categories":[20],"tags":[],"class_list":["post-16715","post","type-post","status-publish","format-standard","has-post-thumbnail","hentry","category-societe"],"aioseo_notices":[],"yoast_head":"<!-- This site is optimized with the Yoast SEO plugin v27.5 - https:\/\/yoast.com\/product\/yoast-seo-wordpress\/ -->\n<title>Vol insolite \u00e0 Godomey: Une moto Bajaj vendue \u00e0 20 000 FCFA - Le Patriote<\/title>\n<meta name=\"robots\" content=\"index, follow, max-snippet:-1, max-image-preview:large, max-video-preview:-1\" \/>\n<link rel=\"canonical\" href=\"https:\/\/lepatriotebenin.com\/index.php\/2026\/01\/26\/vol-insolite-a-godomey-une-moto-bajaj-vendue-a-20-000-fcfa\/\" \/>\n<meta property=\"og:locale\" content=\"fr_FR\" \/>\n<meta property=\"og:type\" content=\"article\" \/>\n<meta property=\"og:title\" content=\"Vol insolite \u00e0 Godomey: Une moto Bajaj vendue \u00e0 20 000 FCFA - Le Patriote\" \/>\n<meta property=\"og:description\" content=\"Le Commissariat d\u2019arrondissement de Godomey a mis fin, le vendredi 23 janvier 2026, \u00e0 la cavale d\u2019une jeune femme suspect\u00e9e d\u2019avoir d\u00e9rob\u00e9 une motocyclette de marque Bajaj dans le quartier&hellip;\" \/>\n<meta property=\"og:url\" content=\"https:\/\/lepatriotebenin.com\/index.php\/2026\/01\/26\/vol-insolite-a-godomey-une-moto-bajaj-vendue-a-20-000-fcfa\/\" \/>\n<meta property=\"og:site_name\" content=\"Le Patriote\" \/>\n<meta property=\"article:published_time\" content=\"2026-01-26T01:10:55+00:00\" \/>\n<meta property=\"og:image\" content=\"https:\/\/lepatriotebenin.com\/wp-content\/uploads\/2026\/01\/police-republicaine-1-1.jpg\" \/>\n\t<meta property=\"og:image:width\" content=\"1200\" \/>\n\t<meta property=\"og:image:height\" content=\"675\" \/>\n\t<meta property=\"og:image:type\" content=\"image\/jpeg\" \/>\n<meta name=\"author\" content=\"Redaction\" \/>\n<meta name=\"twitter:card\" content=\"summary_large_image\" \/>\n<meta name=\"twitter:label1\" content=\"\u00c9crit par\" \/>\n\t<meta name=\"twitter:data1\" content=\"Redaction\" \/>\n\t<meta name=\"twitter:label2\" content=\"Dur\u00e9e de lecture estim\u00e9e\" \/>\n\t<meta name=\"twitter:data2\" content=\"2 minutes\" \/>\n<script type=\"application\/ld+json\" class=\"yoast-schema-graph\">{\"@context\":\"https:\\\/\\\/schema.org\",\"@graph\":[{\"@type\":\"Article\",\"@id\":\"https:\\\/\\\/lepatriotebenin.com\\\/index.php\\\/2026\\\/01\\\/26\\\/vol-insolite-a-godomey-une-moto-bajaj-vendue-a-20-000-fcfa\\\/#article\",\"isPartOf\":{\"@id\":\"https:\\\/\\\/lepatriotebenin.com\\\/index.php\\\/2026\\\/01\\\/26\\\/vol-insolite-a-godomey-une-moto-bajaj-vendue-a-20-000-fcfa\\\/\"},\"author\":{\"name\":\"Redaction\",\"@id\":\"https:\\\/\\\/lepatriotebenin.com\\\/#\\\/schema\\\/person\\\/2e7709b9c9cc313e452d1136af61690f\"},\"headline\":\"Vol insolite \u00e0 Godomey: Une moto Bajaj vendue \u00e0 20 000 FCFA\",\"datePublished\":\"2026-01-26T01:10:55+00:00\",\"mainEntityOfPage\":{\"@id\":\"https:\\\/\\\/lepatriotebenin.com\\\/index.php\\\/2026\\\/01\\\/26\\\/vol-insolite-a-godomey-une-moto-bajaj-vendue-a-20-000-fcfa\\\/\"},\"wordCount\":343,\"commentCount\":0,\"image\":{\"@id\":\"https:\\\/\\\/lepatriotebenin.com\\\/index.php\\\/2026\\\/01\\\/26\\\/vol-insolite-a-godomey-une-moto-bajaj-vendue-a-20-000-fcfa\\\/#primaryimage\"},\"thumbnailUrl\":\"https:\\\/\\\/lepatriotebenin.com\\\/wp-content\\\/uploads\\\/2026\\\/01\\\/police-republicaine-1-1.jpg\",\"articleSection\":[\"Soci\u00e9t\u00e9\"],\"inLanguage\":\"fr-FR\",\"potentialAction\":[{\"@type\":\"CommentAction\",\"name\":\"Comment\",\"target\":[\"https:\\\/\\\/lepatriotebenin.com\\\/index.php\\\/2026\\\/01\\\/26\\\/vol-insolite-a-godomey-une-moto-bajaj-vendue-a-20-000-fcfa\\\/#respond\"]}]},{\"@type\":\"WebPage\",\"@id\":\"https:\\\/\\\/lepatriotebenin.com\\\/index.php\\\/2026\\\/01\\\/26\\\/vol-insolite-a-godomey-une-moto-bajaj-vendue-a-20-000-fcfa\\\/\",\"url\":\"https:\\\/\\\/lepatriotebenin.com\\\/index.php\\\/2026\\\/01\\\/26\\\/vol-insolite-a-godomey-une-moto-bajaj-vendue-a-20-000-fcfa\\\/\",\"name\":\"Vol insolite \u00e0 Godomey: Une moto Bajaj vendue \u00e0 20 000 FCFA - Le Patriote\",\"isPartOf\":{\"@id\":\"https:\\\/\\\/lepatriotebenin.com\\\/#website\"},\"primaryImageOfPage\":{\"@id\":\"https:\\\/\\\/lepatriotebenin.com\\\/index.php\\\/2026\\\/01\\\/26\\\/vol-insolite-a-godomey-une-moto-bajaj-vendue-a-20-000-fcfa\\\/#primaryimage\"},\"image\":{\"@id\":\"https:\\\/\\\/lepatriotebenin.com\\\/index.php\\\/2026\\\/01\\\/26\\\/vol-insolite-a-godomey-une-moto-bajaj-vendue-a-20-000-fcfa\\\/#primaryimage\"},\"thumbnailUrl\":\"https:\\\/\\\/lepatriotebenin.com\\\/wp-content\\\/uploads\\\/2026\\\/01\\\/police-republicaine-1-1.jpg\",\"datePublished\":\"2026-01-26T01:10:55+00:00\",\"author\":{\"@id\":\"https:\\\/\\\/lepatriotebenin.com\\\/#\\\/schema\\\/person\\\/2e7709b9c9cc313e452d1136af61690f\"},\"breadcrumb\":{\"@id\":\"https:\\\/\\\/lepatriotebenin.com\\\/index.php\\\/2026\\\/01\\\/26\\\/vol-insolite-a-godomey-une-moto-bajaj-vendue-a-20-000-fcfa\\\/#breadcrumb\"},\"inLanguage\":\"fr-FR\",\"potentialAction\":[{\"@type\":\"ReadAction\",\"target\":[\"https:\\\/\\\/lepatriotebenin.com\\\/index.php\\\/2026\\\/01\\\/26\\\/vol-insolite-a-godomey-une-moto-bajaj-vendue-a-20-000-fcfa\\\/\"]}]},{\"@type\":\"ImageObject\",\"inLanguage\":\"fr-FR\",\"@id\":\"https:\\\/\\\/lepatriotebenin.com\\\/index.php\\\/2026\\\/01\\\/26\\\/vol-insolite-a-godomey-une-moto-bajaj-vendue-a-20-000-fcfa\\\/#primaryimage\",\"url\":\"https:\\\/\\\/lepatriotebenin.com\\\/wp-content\\\/uploads\\\/2026\\\/01\\\/police-republicaine-1-1.jpg\",\"contentUrl\":\"https:\\\/\\\/lepatriotebenin.com\\\/wp-content\\\/uploads\\\/2026\\\/01\\\/police-republicaine-1-1.jpg\",\"width\":1200,\"height\":675,\"caption\":\"Compressed by jpeg-recompress\"},{\"@type\":\"BreadcrumbList\",\"@id\":\"https:\\\/\\\/lepatriotebenin.com\\\/index.php\\\/2026\\\/01\\\/26\\\/vol-insolite-a-godomey-une-moto-bajaj-vendue-a-20-000-fcfa\\\/#breadcrumb\",\"itemListElement\":[{\"@type\":\"ListItem\",\"position\":1,\"name\":\"Accueil\",\"item\":\"https:\\\/\\\/lepatriotebenin.com\\\/\"},{\"@type\":\"ListItem\",\"position\":2,\"name\":\"Vol insolite \u00e0 Godomey: Une moto Bajaj vendue \u00e0 20 000 FCFA\"}]},{\"@type\":\"WebSite\",\"@id\":\"https:\\\/\\\/lepatriotebenin.com\\\/#website\",\"url\":\"https:\\\/\\\/lepatriotebenin.com\\\/\",\"name\":\"Le Patriote\",\"description\":\"Le Patriote B\u00e9nin\",\"potentialAction\":[{\"@type\":\"SearchAction\",\"target\":{\"@type\":\"EntryPoint\",\"urlTemplate\":\"https:\\\/\\\/lepatriotebenin.com\\\/?s={search_term_string}\"},\"query-input\":{\"@type\":\"PropertyValueSpecification\",\"valueRequired\":true,\"valueName\":\"search_term_string\"}}],\"inLanguage\":\"fr-FR\"},{\"@type\":\"Person\",\"@id\":\"https:\\\/\\\/lepatriotebenin.com\\\/#\\\/schema\\\/person\\\/2e7709b9c9cc313e452d1136af61690f\",\"name\":\"Redaction\",\"image\":{\"@type\":\"ImageObject\",\"inLanguage\":\"fr-FR\",\"@id\":\"https:\\\/\\\/secure.gravatar.com\\\/avatar\\\/c4c509357859ea2ca2cbb6d8812898a73e4ef1ef9934c2e591d7e32face734d1?s=96&d=mm&r=g\",\"url\":\"https:\\\/\\\/secure.gravatar.com\\\/avatar\\\/c4c509357859ea2ca2cbb6d8812898a73e4ef1ef9934c2e591d7e32face734d1?s=96&d=mm&r=g\",\"contentUrl\":\"https:\\\/\\\/secure.gravatar.com\\\/avatar\\\/c4c509357859ea2ca2cbb6d8812898a73e4ef1ef9934c2e591d7e32face734d1?s=96&d=mm&r=g\",\"caption\":\"Redaction\"},\"url\":\"https:\\\/\\\/lepatriotebenin.com\"}]}<\/script>\n<!-- \/ Yoast SEO plugin. -->","yoast_head_json":{"title":"Vol insolite \u00e0 Godomey: Une moto Bajaj vendue \u00e0 20 000 FCFA - Le Patriote","robots":{"index":"index","follow":"follow","max-snippet":"max-snippet:-1","max-image-preview":"max-image-preview:large","max-video-preview":"max-video-preview:-1"},"canonical":"https:\/\/lepatriotebenin.com\/index.php\/2026\/01\/26\/vol-insolite-a-godomey-une-moto-bajaj-vendue-a-20-000-fcfa\/","og_locale":"fr_FR","og_type":"article","og_title":"Vol insolite \u00e0 Godomey: Une moto Bajaj vendue \u00e0 20 000 FCFA - Le Patriote","og_description":"Le Commissariat d\u2019arrondissement de Godomey a mis fin, le vendredi 23 janvier 2026, \u00e0 la cavale d\u2019une jeune femme suspect\u00e9e d\u2019avoir d\u00e9rob\u00e9 une motocyclette de marque Bajaj dans le quartier&hellip;","og_url":"https:\/\/lepatriotebenin.com\/index.php\/2026\/01\/26\/vol-insolite-a-godomey-une-moto-bajaj-vendue-a-20-000-fcfa\/","og_site_name":"Le Patriote","article_published_time":"2026-01-26T01:10:55+00:00","og_image":[{"width":1200,"height":675,"url":"https:\/\/lepatriotebenin.com\/wp-content\/uploads\/2026\/01\/police-republicaine-1-1.jpg","type":"image\/jpeg"}],"author":"Redaction","twitter_card":"summary_large_image","twitter_misc":{"\u00c9crit par":"Redaction","Dur\u00e9e de lecture estim\u00e9e":"2 minutes"},"schema":{"@context":"https:\/\/schema.org","@graph":[{"@type":"Article","@id":"https:\/\/lepatriotebenin.com\/index.php\/2026\/01\/26\/vol-insolite-a-godomey-une-moto-bajaj-vendue-a-20-000-fcfa\/#article","isPartOf":{"@id":"https:\/\/lepatriotebenin.com\/index.php\/2026\/01\/26\/vol-insolite-a-godomey-une-moto-bajaj-vendue-a-20-000-fcfa\/"},"author":{"name":"Redaction","@id":"https:\/\/lepatriotebenin.com\/#\/schema\/person\/2e7709b9c9cc313e452d1136af61690f"},"headline":"Vol insolite \u00e0 Godomey: Une moto Bajaj vendue \u00e0 20 000 FCFA","datePublished":"2026-01-26T01:10:55+00:00","mainEntityOfPage":{"@id":"https:\/\/lepatriotebenin.com\/index.php\/2026\/01\/26\/vol-insolite-a-godomey-une-moto-bajaj-vendue-a-20-000-fcfa\/"},"wordCount":343,"commentCount":0,"image":{"@id":"https:\/\/lepatriotebenin.com\/index.php\/2026\/01\/26\/vol-insolite-a-godomey-une-moto-bajaj-vendue-a-20-000-fcfa\/#primaryimage"},"thumbnailUrl":"https:\/\/lepatriotebenin.com\/wp-content\/uploads\/2026\/01\/police-republicaine-1-1.jpg","articleSection":["Soci\u00e9t\u00e9"],"inLanguage":"fr-FR","potentialAction":[{"@type":"CommentAction","name":"Comment","target":["https:\/\/lepatriotebenin.com\/index.php\/2026\/01\/26\/vol-insolite-a-godomey-une-moto-bajaj-vendue-a-20-000-fcfa\/#respond"]}]},{"@type":"WebPage","@id":"https:\/\/lepatriotebenin.com\/index.php\/2026\/01\/26\/vol-insolite-a-godomey-une-moto-bajaj-vendue-a-20-000-fcfa\/","url":"https:\/\/lepatriotebenin.com\/index.php\/2026\/01\/26\/vol-insolite-a-godomey-une-moto-bajaj-vendue-a-20-000-fcfa\/","name":"Vol insolite \u00e0 Godomey: Une moto Bajaj vendue \u00e0 20 000 FCFA - Le Patriote","isPartOf":{"@id":"https:\/\/lepatriotebenin.com\/#website"},"primaryImageOfPage":{"@id":"https:\/\/lepatriotebenin.com\/index.php\/2026\/01\/26\/vol-insolite-a-godomey-une-moto-bajaj-vendue-a-20-000-fcfa\/#primaryimage"},"image":{"@id":"https:\/\/lepatriotebenin.com\/index.php\/2026\/01\/26\/vol-insolite-a-godomey-une-moto-bajaj-vendue-a-20-000-fcfa\/#primaryimage"},"thumbnailUrl":"https:\/\/lepatriotebenin.com\/wp-content\/uploads\/2026\/01\/police-republicaine-1-1.jpg","datePublished":"2026-01-26T01:10:55+00:00","author":{"@id":"https:\/\/lepatriotebenin.com\/#\/schema\/person\/2e7709b9c9cc313e452d1136af61690f"},"breadcrumb":{"@id":"https:\/\/lepatriotebenin.com\/index.php\/2026\/01\/26\/vol-insolite-a-godomey-une-moto-bajaj-vendue-a-20-000-fcfa\/#breadcrumb"},"inLanguage":"fr-FR","potentialAction":[{"@type":"ReadAction","target":["https:\/\/lepatriotebenin.com\/index.php\/2026\/01\/26\/vol-insolite-a-godomey-une-moto-bajaj-vendue-a-20-000-fcfa\/"]}]},{"@type":"ImageObject","inLanguage":"fr-FR","@id":"https:\/\/lepatriotebenin.com\/index.php\/2026\/01\/26\/vol-insolite-a-godomey-une-moto-bajaj-vendue-a-20-000-fcfa\/#primaryimage","url":"https:\/\/lepatriotebenin.com\/wp-content\/uploads\/2026\/01\/police-republicaine-1-1.jpg","contentUrl":"https:\/\/lepatriotebenin.com\/wp-content\/uploads\/2026\/01\/police-republicaine-1-1.jpg","width":1200,"height":675,"caption":"Compressed by jpeg-recompress"},{"@type":"BreadcrumbList","@id":"https:\/\/lepatriotebenin.com\/index.php\/2026\/01\/26\/vol-insolite-a-godomey-une-moto-bajaj-vendue-a-20-000-fcfa\/#breadcrumb","itemListElement":[{"@type":"ListItem","position":1,"name":"Accueil","item":"https:\/\/lepatriotebenin.com\/"},{"@type":"ListItem","position":2,"name":"Vol insolite \u00e0 Godomey: Une moto Bajaj vendue \u00e0 20 000 FCFA"}]},{"@type":"WebSite","@id":"https:\/\/lepatriotebenin.com\/#website","url":"https:\/\/lepatriotebenin.com\/","name":"Le Patriote","description":"Le Patriote B\u00e9nin","potentialAction":[{"@type":"SearchAction","target":{"@type":"EntryPoint","urlTemplate":"https:\/\/lepatriotebenin.com\/?s={search_term_string}"},"query-input":{"@type":"PropertyValueSpecification","valueRequired":true,"valueName":"search_term_string"}}],"inLanguage":"fr-FR"},{"@type":"Person","@id":"https:\/\/lepatriotebenin.com\/#\/schema\/person\/2e7709b9c9cc313e452d1136af61690f","name":"Redaction","image":{"@type":"ImageObject","inLanguage":"fr-FR","@id":"https:\/\/secure.gravatar.com\/avatar\/c4c509357859ea2ca2cbb6d8812898a73e4ef1ef9934c2e591d7e32face734d1?s=96&d=mm&r=g","url":"https:\/\/secure.gravatar.com\/avatar\/c4c509357859ea2ca2cbb6d8812898a73e4ef1ef9934c2e591d7e32face734d1?s=96&d=mm&r=g","contentUrl":"https:\/\/secure.gravatar.com\/avatar\/c4c509357859ea2ca2cbb6d8812898a73e4ef1ef9934c2e591d7e32face734d1?s=96&d=mm&r=g","caption":"Redaction"},"url":"https:\/\/lepatriotebenin.com"}]}},"_links":{"self":[{"href":"https:\/\/lepatriotebenin.com\/index.php\/wp-json\/wp\/v2\/posts\/16715","targetHints":{"allow":["GET"]}}],"collection":[{"href":"https:\/\/lepatriotebenin.com\/index.php\/wp-json\/wp\/v2\/posts"}],"about":[{"href":"https:\/\/lepatriotebenin.com\/index.php\/wp-json\/wp\/v2\/types\/post"}],"author":[{"embeddable":true,"href":"https:\/\/lepatriotebenin.com\/index.php\/wp-json\/wp\/v2\/users\/5"}],"replies":[{"embeddable":true,"href":"https:\/\/lepatriotebenin.com\/index.php\/wp-json\/wp\/v2\/comments?post=16715"}],"version-history":[{"count":1,"href":"https:\/\/lepatriotebenin.com\/index.php\/wp-json\/wp\/v2\/posts\/16715\/revisions"}],"predecessor-version":[{"id":16717,"href":"https:\/\/lepatriotebenin.com\/index.php\/wp-json\/wp\/v2\/posts\/16715\/revisions\/16717"}],"wp:featuredmedia":[{"embeddable":true,"href":"https:\/\/lepatriotebenin.com\/index.php\/wp-json\/wp\/v2\/media\/16716"}],"wp:attachment":[{"href":"https:\/\/lepatriotebenin.com\/index.php\/wp-json\/wp\/v2\/media?parent=16715"}],"wp:term":[{"taxonomy":"category","embeddable":true,"href":"https:\/\/lepatriotebenin.com\/index.php\/wp-json\/wp\/v2\/categories?post=16715"},{"taxonomy":"post_tag","embeddable":true,"href":"https:\/\/lepatriotebenin.com\/index.php\/wp-json\/wp\/v2\/tags?post=16715"}],"curies":[{"name":"wp","href":"https:\/\/api.w.org\/{rel}","templated":true}]}}