{"id":16712,"date":"2026-01-26T01:57:43","date_gmt":"2026-01-26T00:57:43","guid":{"rendered":"https:\/\/lepatriotebenin.com\/?p=16712"},"modified":"2026-01-26T01:57:43","modified_gmt":"2026-01-26T00:57:43","slug":"reinstallation-des-commercants-de-friperie-a-cotonou-pk3-lapres-missebo-sous-tension","status":"publish","type":"post","link":"https:\/\/lepatriotebenin.com\/index.php\/2026\/01\/26\/reinstallation-des-commercants-de-friperie-a-cotonou-pk3-lapres-missebo-sous-tension\/","title":{"rendered":"R\u00e9installation des commer\u00e7ants de friperie \u00e0 Cotonou : PK3, l\u2019apr\u00e8s-Miss\u00e8bo sous tension"},"content":{"rendered":"<p><em><strong>(Un appel \u00e0 la baisse du prix des stands)<\/strong><\/em><\/p>\n<p><em><strong>Ouvert le vendredi 23 janvier 2026, le nouveau march\u00e9 de PK3 accueille progressivement les commer\u00e7ants de friperie de l\u2019ex-march\u00e9 Miss\u00e8bo. Si certains ont d\u00e9j\u00e0 pris possession de leurs stands et saluent un cadre moderne, d\u2019autres restent sans emplacement, inquiets pour leur avenir et plaidant pour une gestion plus \u00e9quitable du relogement.<\/strong><\/em><\/p>\n<p>&nbsp;<\/p>\n<p>L\u2019ouverture officielle du march\u00e9 de PK3 marque une nouvelle \u00e9tape dans la r\u00e9organisation du commerce de friperie \u00e0 Cotonou. Ras\u00e9 pour faire place \u00e0 un nouvel am\u00e9nagement urbain, le march\u00e9 Miss\u00e8bo a laiss\u00e9 derri\u00e8re lui des ann\u00e9es d\u2019histoire commerciale, de transmission familiale et de survie \u00e9conomique pour des centaines de vendeurs et vendeuses. \u00c0 PK3, les grilles s\u2019ouvrent, les \u00e9tals se remplissent et les v\u00eatements de seconde main retrouvent peu \u00e0 peu leur public. Dame Armandine et Victoire, install\u00e9es \u00e0 proximit\u00e9 de l&rsquo;une et l&rsquo;autre, expriment leur soulagement et leur reconnaissance d\u2019avoir retrouv\u00e9 un point de vente, m\u00eame si l\u2019adaptation reste progressive.<\/p>\n<p>Cependant, derri\u00e8re cette reprise apparente, une autre r\u00e9alit\u00e9 se dessine. Tous les commer\u00e7ants de Miss\u00e8bo n\u2019ont pas encore trouv\u00e9 de place dans le nouveau march\u00e9 moderne. Certains font des allers-retours, consultent des listes, interpellent les responsables, sans y voir leurs noms. Cette situation cr\u00e9e une inqui\u00e9tude palpable : o\u00f9 iront ceux qui, pourtant, exer\u00e7aient l\u00e9galement la m\u00eame activit\u00e9 que les autres ? Leur exclusion temporaire ou prolong\u00e9e pose la question de l\u2019\u00e9quit\u00e9 dans le processus de relogement. \u00c0 d\u00e9faut d\u2019emplacement, risquent-ils de retourner \u00e0 la vente informelle, de s\u2019installer aux abords des voies publiques ou, pire, d\u2019abandonner une activit\u00e9 qui constitue leur principale source de revenus ?<\/p>\n<p>Le d\u00e9fi du march\u00e9 PK3 ne se limite pas \u00e0 la modernit\u00e9 des infrastructures, mais \u00e0 la capacit\u00e9 d\u2019absorber tous les ayants droit. Le march\u00e9 a \u00e9t\u00e9 con\u00e7u vaste, mais manifestement insuffisant pour accueillir imm\u00e9diatement l\u2019ensemble des commer\u00e7ants d\u00e9plac\u00e9s. Et dans un contexte o\u00f9 chacun revendique l\u00e9gitimement sa place, laisser des acteurs \u00e9conomiques sans solution claire pourrait alimenter frustrations et tensions sociales.<\/p>\n<p><strong>Des loyers jug\u00e9s \u00e9lev\u00e9s, un appel \u00e0 la baisse<\/strong><\/p>\n<p>Au-del\u00e0 de la question des emplacements, le co\u00fbt du bail cristallise les d\u00e9bats. Pour plusieurs commer\u00e7ants, le montant de 21 000 FCFA mensuels est jug\u00e9 \u00e9lev\u00e9 au regard de leurs marges. Dame Sarah, h\u00e9riti\u00e8re de l\u2019activit\u00e9 familiale, plaide pour une r\u00e9vision \u00e0 15 000 FCFA, estimant qu\u2019un loyer plus accessible favoriserait la stabilit\u00e9 et l\u2019adh\u00e9sion de tous. D\u2019autres, \u00e0 l\u2019image de M. Martin, relativisent, affirmant payer un montant similaire \u00e0 Miss\u00e8bo.<\/p>\n<p>Ces positions contrast\u00e9es traduisent une r\u00e9alit\u00e9 \u00e9conomique diverse, mais convergent vers une m\u00eame exigence d&rsquo;une transition sans faille. Pour les commer\u00e7ants encore sans place, la question reste enti\u00e8re. Tant qu\u2019une r\u00e9ponse durable ne leur sera pas apport\u00e9e, l\u2019apr\u00e8s-Miss\u00e8bo pourrait continuer de rimer avec incertitude.<\/p>\n<p><strong>S. A<\/strong><\/p>\n","protected":false},"excerpt":{"rendered":"<p>(Un appel \u00e0 la baisse du prix des stands) Ouvert le vendredi 23 janvier 2026, le nouveau march\u00e9 de PK3 accueille progressivement les commer\u00e7ants de friperie de l\u2019ex-march\u00e9 Miss\u00e8bo. Si&hellip;<\/p>\n","protected":false},"author":5,"featured_media":16713,"comment_status":"open","ping_status":"open","sticky":false,"template":"","format":"standard","meta":{"content-type":"","om_disable_all_campaigns":false,"_monsterinsights_skip_tracking":false,"_monsterinsights_sitenote_active":false,"_monsterinsights_sitenote_note":"","_monsterinsights_sitenote_category":0,"_uf_show_specific_survey":0,"_uf_disable_surveys":false,"footnotes":""},"categories":[20],"tags":[],"class_list":["post-16712","post","type-post","status-publish","format-standard","has-post-thumbnail","hentry","category-societe"],"aioseo_notices":[],"yoast_head":"<!-- This site is optimized with the Yoast SEO plugin v27.5 - https:\/\/yoast.com\/product\/yoast-seo-wordpress\/ -->\n<title>R\u00e9installation des commer\u00e7ants de friperie \u00e0 Cotonou : PK3, l\u2019apr\u00e8s-Miss\u00e8bo sous tension - Le Patriote<\/title>\n<meta name=\"robots\" content=\"index, follow, max-snippet:-1, max-image-preview:large, max-video-preview:-1\" \/>\n<link rel=\"canonical\" href=\"https:\/\/lepatriotebenin.com\/index.php\/2026\/01\/26\/reinstallation-des-commercants-de-friperie-a-cotonou-pk3-lapres-missebo-sous-tension\/\" \/>\n<meta property=\"og:locale\" content=\"fr_FR\" \/>\n<meta property=\"og:type\" content=\"article\" \/>\n<meta property=\"og:title\" content=\"R\u00e9installation des commer\u00e7ants de friperie \u00e0 Cotonou : PK3, l\u2019apr\u00e8s-Miss\u00e8bo sous tension - Le Patriote\" \/>\n<meta property=\"og:description\" content=\"(Un appel \u00e0 la baisse du prix des stands) Ouvert le vendredi 23 janvier 2026, le nouveau march\u00e9 de PK3 accueille progressivement les commer\u00e7ants de friperie de l\u2019ex-march\u00e9 Miss\u00e8bo. Si&hellip;\" \/>\n<meta property=\"og:url\" content=\"https:\/\/lepatriotebenin.com\/index.php\/2026\/01\/26\/reinstallation-des-commercants-de-friperie-a-cotonou-pk3-lapres-missebo-sous-tension\/\" \/>\n<meta property=\"og:site_name\" content=\"Le Patriote\" \/>\n<meta property=\"article:published_time\" content=\"2026-01-26T00:57:43+00:00\" \/>\n<meta property=\"og:image\" content=\"https:\/\/lepatriotebenin.com\/wp-content\/uploads\/2026\/01\/marche-pk3.jpeg\" \/>\n\t<meta property=\"og:image:width\" content=\"720\" \/>\n\t<meta property=\"og:image:height\" content=\"405\" \/>\n\t<meta property=\"og:image:type\" content=\"image\/jpeg\" \/>\n<meta name=\"author\" content=\"Redaction\" \/>\n<meta name=\"twitter:card\" content=\"summary_large_image\" \/>\n<meta name=\"twitter:label1\" content=\"\u00c9crit par\" \/>\n\t<meta name=\"twitter:data1\" content=\"Redaction\" \/>\n\t<meta name=\"twitter:label2\" content=\"Dur\u00e9e de lecture estim\u00e9e\" \/>\n\t<meta name=\"twitter:data2\" content=\"3 minutes\" \/>\n<script type=\"application\/ld+json\" class=\"yoast-schema-graph\">{\"@context\":\"https:\\\/\\\/schema.org\",\"@graph\":[{\"@type\":\"Article\",\"@id\":\"https:\\\/\\\/lepatriotebenin.com\\\/index.php\\\/2026\\\/01\\\/26\\\/reinstallation-des-commercants-de-friperie-a-cotonou-pk3-lapres-missebo-sous-tension\\\/#article\",\"isPartOf\":{\"@id\":\"https:\\\/\\\/lepatriotebenin.com\\\/index.php\\\/2026\\\/01\\\/26\\\/reinstallation-des-commercants-de-friperie-a-cotonou-pk3-lapres-missebo-sous-tension\\\/\"},\"author\":{\"name\":\"Redaction\",\"@id\":\"https:\\\/\\\/lepatriotebenin.com\\\/#\\\/schema\\\/person\\\/2e7709b9c9cc313e452d1136af61690f\"},\"headline\":\"R\u00e9installation des commer\u00e7ants de friperie \u00e0 Cotonou : PK3, l\u2019apr\u00e8s-Miss\u00e8bo sous tension\",\"datePublished\":\"2026-01-26T00:57:43+00:00\",\"mainEntityOfPage\":{\"@id\":\"https:\\\/\\\/lepatriotebenin.com\\\/index.php\\\/2026\\\/01\\\/26\\\/reinstallation-des-commercants-de-friperie-a-cotonou-pk3-lapres-missebo-sous-tension\\\/\"},\"wordCount\":522,\"commentCount\":0,\"image\":{\"@id\":\"https:\\\/\\\/lepatriotebenin.com\\\/index.php\\\/2026\\\/01\\\/26\\\/reinstallation-des-commercants-de-friperie-a-cotonou-pk3-lapres-missebo-sous-tension\\\/#primaryimage\"},\"thumbnailUrl\":\"https:\\\/\\\/lepatriotebenin.com\\\/wp-content\\\/uploads\\\/2026\\\/01\\\/marche-pk3.jpeg\",\"articleSection\":[\"Soci\u00e9t\u00e9\"],\"inLanguage\":\"fr-FR\",\"potentialAction\":[{\"@type\":\"CommentAction\",\"name\":\"Comment\",\"target\":[\"https:\\\/\\\/lepatriotebenin.com\\\/index.php\\\/2026\\\/01\\\/26\\\/reinstallation-des-commercants-de-friperie-a-cotonou-pk3-lapres-missebo-sous-tension\\\/#respond\"]}]},{\"@type\":\"WebPage\",\"@id\":\"https:\\\/\\\/lepatriotebenin.com\\\/index.php\\\/2026\\\/01\\\/26\\\/reinstallation-des-commercants-de-friperie-a-cotonou-pk3-lapres-missebo-sous-tension\\\/\",\"url\":\"https:\\\/\\\/lepatriotebenin.com\\\/index.php\\\/2026\\\/01\\\/26\\\/reinstallation-des-commercants-de-friperie-a-cotonou-pk3-lapres-missebo-sous-tension\\\/\",\"name\":\"R\u00e9installation des commer\u00e7ants de friperie \u00e0 Cotonou : PK3, l\u2019apr\u00e8s-Miss\u00e8bo sous tension - Le Patriote\",\"isPartOf\":{\"@id\":\"https:\\\/\\\/lepatriotebenin.com\\\/#website\"},\"primaryImageOfPage\":{\"@id\":\"https:\\\/\\\/lepatriotebenin.com\\\/index.php\\\/2026\\\/01\\\/26\\\/reinstallation-des-commercants-de-friperie-a-cotonou-pk3-lapres-missebo-sous-tension\\\/#primaryimage\"},\"image\":{\"@id\":\"https:\\\/\\\/lepatriotebenin.com\\\/index.php\\\/2026\\\/01\\\/26\\\/reinstallation-des-commercants-de-friperie-a-cotonou-pk3-lapres-missebo-sous-tension\\\/#primaryimage\"},\"thumbnailUrl\":\"https:\\\/\\\/lepatriotebenin.com\\\/wp-content\\\/uploads\\\/2026\\\/01\\\/marche-pk3.jpeg\",\"datePublished\":\"2026-01-26T00:57:43+00:00\",\"author\":{\"@id\":\"https:\\\/\\\/lepatriotebenin.com\\\/#\\\/schema\\\/person\\\/2e7709b9c9cc313e452d1136af61690f\"},\"breadcrumb\":{\"@id\":\"https:\\\/\\\/lepatriotebenin.com\\\/index.php\\\/2026\\\/01\\\/26\\\/reinstallation-des-commercants-de-friperie-a-cotonou-pk3-lapres-missebo-sous-tension\\\/#breadcrumb\"},\"inLanguage\":\"fr-FR\",\"potentialAction\":[{\"@type\":\"ReadAction\",\"target\":[\"https:\\\/\\\/lepatriotebenin.com\\\/index.php\\\/2026\\\/01\\\/26\\\/reinstallation-des-commercants-de-friperie-a-cotonou-pk3-lapres-missebo-sous-tension\\\/\"]}]},{\"@type\":\"ImageObject\",\"inLanguage\":\"fr-FR\",\"@id\":\"https:\\\/\\\/lepatriotebenin.com\\\/index.php\\\/2026\\\/01\\\/26\\\/reinstallation-des-commercants-de-friperie-a-cotonou-pk3-lapres-missebo-sous-tension\\\/#primaryimage\",\"url\":\"https:\\\/\\\/lepatriotebenin.com\\\/wp-content\\\/uploads\\\/2026\\\/01\\\/marche-pk3.jpeg\",\"contentUrl\":\"https:\\\/\\\/lepatriotebenin.com\\\/wp-content\\\/uploads\\\/2026\\\/01\\\/marche-pk3.jpeg\",\"width\":720,\"height\":405},{\"@type\":\"BreadcrumbList\",\"@id\":\"https:\\\/\\\/lepatriotebenin.com\\\/index.php\\\/2026\\\/01\\\/26\\\/reinstallation-des-commercants-de-friperie-a-cotonou-pk3-lapres-missebo-sous-tension\\\/#breadcrumb\",\"itemListElement\":[{\"@type\":\"ListItem\",\"position\":1,\"name\":\"Accueil\",\"item\":\"https:\\\/\\\/lepatriotebenin.com\\\/\"},{\"@type\":\"ListItem\",\"position\":2,\"name\":\"R\u00e9installation des commer\u00e7ants de friperie \u00e0 Cotonou : PK3, l\u2019apr\u00e8s-Miss\u00e8bo sous tension\"}]},{\"@type\":\"WebSite\",\"@id\":\"https:\\\/\\\/lepatriotebenin.com\\\/#website\",\"url\":\"https:\\\/\\\/lepatriotebenin.com\\\/\",\"name\":\"Le Patriote\",\"description\":\"Le Patriote B\u00e9nin\",\"potentialAction\":[{\"@type\":\"SearchAction\",\"target\":{\"@type\":\"EntryPoint\",\"urlTemplate\":\"https:\\\/\\\/lepatriotebenin.com\\\/?s={search_term_string}\"},\"query-input\":{\"@type\":\"PropertyValueSpecification\",\"valueRequired\":true,\"valueName\":\"search_term_string\"}}],\"inLanguage\":\"fr-FR\"},{\"@type\":\"Person\",\"@id\":\"https:\\\/\\\/lepatriotebenin.com\\\/#\\\/schema\\\/person\\\/2e7709b9c9cc313e452d1136af61690f\",\"name\":\"Redaction\",\"image\":{\"@type\":\"ImageObject\",\"inLanguage\":\"fr-FR\",\"@id\":\"https:\\\/\\\/secure.gravatar.com\\\/avatar\\\/c4c509357859ea2ca2cbb6d8812898a73e4ef1ef9934c2e591d7e32face734d1?s=96&d=mm&r=g\",\"url\":\"https:\\\/\\\/secure.gravatar.com\\\/avatar\\\/c4c509357859ea2ca2cbb6d8812898a73e4ef1ef9934c2e591d7e32face734d1?s=96&d=mm&r=g\",\"contentUrl\":\"https:\\\/\\\/secure.gravatar.com\\\/avatar\\\/c4c509357859ea2ca2cbb6d8812898a73e4ef1ef9934c2e591d7e32face734d1?s=96&d=mm&r=g\",\"caption\":\"Redaction\"},\"url\":\"https:\\\/\\\/lepatriotebenin.com\"}]}<\/script>\n<!-- \/ Yoast SEO plugin. -->","yoast_head_json":{"title":"R\u00e9installation des commer\u00e7ants de friperie \u00e0 Cotonou : PK3, l\u2019apr\u00e8s-Miss\u00e8bo sous tension - Le Patriote","robots":{"index":"index","follow":"follow","max-snippet":"max-snippet:-1","max-image-preview":"max-image-preview:large","max-video-preview":"max-video-preview:-1"},"canonical":"https:\/\/lepatriotebenin.com\/index.php\/2026\/01\/26\/reinstallation-des-commercants-de-friperie-a-cotonou-pk3-lapres-missebo-sous-tension\/","og_locale":"fr_FR","og_type":"article","og_title":"R\u00e9installation des commer\u00e7ants de friperie \u00e0 Cotonou : PK3, l\u2019apr\u00e8s-Miss\u00e8bo sous tension - Le Patriote","og_description":"(Un appel \u00e0 la baisse du prix des stands) Ouvert le vendredi 23 janvier 2026, le nouveau march\u00e9 de PK3 accueille progressivement les commer\u00e7ants de friperie de l\u2019ex-march\u00e9 Miss\u00e8bo. Si&hellip;","og_url":"https:\/\/lepatriotebenin.com\/index.php\/2026\/01\/26\/reinstallation-des-commercants-de-friperie-a-cotonou-pk3-lapres-missebo-sous-tension\/","og_site_name":"Le Patriote","article_published_time":"2026-01-26T00:57:43+00:00","og_image":[{"width":720,"height":405,"url":"https:\/\/lepatriotebenin.com\/wp-content\/uploads\/2026\/01\/marche-pk3.jpeg","type":"image\/jpeg"}],"author":"Redaction","twitter_card":"summary_large_image","twitter_misc":{"\u00c9crit par":"Redaction","Dur\u00e9e de lecture estim\u00e9e":"3 minutes"},"schema":{"@context":"https:\/\/schema.org","@graph":[{"@type":"Article","@id":"https:\/\/lepatriotebenin.com\/index.php\/2026\/01\/26\/reinstallation-des-commercants-de-friperie-a-cotonou-pk3-lapres-missebo-sous-tension\/#article","isPartOf":{"@id":"https:\/\/lepatriotebenin.com\/index.php\/2026\/01\/26\/reinstallation-des-commercants-de-friperie-a-cotonou-pk3-lapres-missebo-sous-tension\/"},"author":{"name":"Redaction","@id":"https:\/\/lepatriotebenin.com\/#\/schema\/person\/2e7709b9c9cc313e452d1136af61690f"},"headline":"R\u00e9installation des commer\u00e7ants de friperie \u00e0 Cotonou : PK3, l\u2019apr\u00e8s-Miss\u00e8bo sous tension","datePublished":"2026-01-26T00:57:43+00:00","mainEntityOfPage":{"@id":"https:\/\/lepatriotebenin.com\/index.php\/2026\/01\/26\/reinstallation-des-commercants-de-friperie-a-cotonou-pk3-lapres-missebo-sous-tension\/"},"wordCount":522,"commentCount":0,"image":{"@id":"https:\/\/lepatriotebenin.com\/index.php\/2026\/01\/26\/reinstallation-des-commercants-de-friperie-a-cotonou-pk3-lapres-missebo-sous-tension\/#primaryimage"},"thumbnailUrl":"https:\/\/lepatriotebenin.com\/wp-content\/uploads\/2026\/01\/marche-pk3.jpeg","articleSection":["Soci\u00e9t\u00e9"],"inLanguage":"fr-FR","potentialAction":[{"@type":"CommentAction","name":"Comment","target":["https:\/\/lepatriotebenin.com\/index.php\/2026\/01\/26\/reinstallation-des-commercants-de-friperie-a-cotonou-pk3-lapres-missebo-sous-tension\/#respond"]}]},{"@type":"WebPage","@id":"https:\/\/lepatriotebenin.com\/index.php\/2026\/01\/26\/reinstallation-des-commercants-de-friperie-a-cotonou-pk3-lapres-missebo-sous-tension\/","url":"https:\/\/lepatriotebenin.com\/index.php\/2026\/01\/26\/reinstallation-des-commercants-de-friperie-a-cotonou-pk3-lapres-missebo-sous-tension\/","name":"R\u00e9installation des commer\u00e7ants de friperie \u00e0 Cotonou : PK3, l\u2019apr\u00e8s-Miss\u00e8bo sous tension - Le Patriote","isPartOf":{"@id":"https:\/\/lepatriotebenin.com\/#website"},"primaryImageOfPage":{"@id":"https:\/\/lepatriotebenin.com\/index.php\/2026\/01\/26\/reinstallation-des-commercants-de-friperie-a-cotonou-pk3-lapres-missebo-sous-tension\/#primaryimage"},"image":{"@id":"https:\/\/lepatriotebenin.com\/index.php\/2026\/01\/26\/reinstallation-des-commercants-de-friperie-a-cotonou-pk3-lapres-missebo-sous-tension\/#primaryimage"},"thumbnailUrl":"https:\/\/lepatriotebenin.com\/wp-content\/uploads\/2026\/01\/marche-pk3.jpeg","datePublished":"2026-01-26T00:57:43+00:00","author":{"@id":"https:\/\/lepatriotebenin.com\/#\/schema\/person\/2e7709b9c9cc313e452d1136af61690f"},"breadcrumb":{"@id":"https:\/\/lepatriotebenin.com\/index.php\/2026\/01\/26\/reinstallation-des-commercants-de-friperie-a-cotonou-pk3-lapres-missebo-sous-tension\/#breadcrumb"},"inLanguage":"fr-FR","potentialAction":[{"@type":"ReadAction","target":["https:\/\/lepatriotebenin.com\/index.php\/2026\/01\/26\/reinstallation-des-commercants-de-friperie-a-cotonou-pk3-lapres-missebo-sous-tension\/"]}]},{"@type":"ImageObject","inLanguage":"fr-FR","@id":"https:\/\/lepatriotebenin.com\/index.php\/2026\/01\/26\/reinstallation-des-commercants-de-friperie-a-cotonou-pk3-lapres-missebo-sous-tension\/#primaryimage","url":"https:\/\/lepatriotebenin.com\/wp-content\/uploads\/2026\/01\/marche-pk3.jpeg","contentUrl":"https:\/\/lepatriotebenin.com\/wp-content\/uploads\/2026\/01\/marche-pk3.jpeg","width":720,"height":405},{"@type":"BreadcrumbList","@id":"https:\/\/lepatriotebenin.com\/index.php\/2026\/01\/26\/reinstallation-des-commercants-de-friperie-a-cotonou-pk3-lapres-missebo-sous-tension\/#breadcrumb","itemListElement":[{"@type":"ListItem","position":1,"name":"Accueil","item":"https:\/\/lepatriotebenin.com\/"},{"@type":"ListItem","position":2,"name":"R\u00e9installation des commer\u00e7ants de friperie \u00e0 Cotonou : PK3, l\u2019apr\u00e8s-Miss\u00e8bo sous tension"}]},{"@type":"WebSite","@id":"https:\/\/lepatriotebenin.com\/#website","url":"https:\/\/lepatriotebenin.com\/","name":"Le Patriote","description":"Le Patriote B\u00e9nin","potentialAction":[{"@type":"SearchAction","target":{"@type":"EntryPoint","urlTemplate":"https:\/\/lepatriotebenin.com\/?s={search_term_string}"},"query-input":{"@type":"PropertyValueSpecification","valueRequired":true,"valueName":"search_term_string"}}],"inLanguage":"fr-FR"},{"@type":"Person","@id":"https:\/\/lepatriotebenin.com\/#\/schema\/person\/2e7709b9c9cc313e452d1136af61690f","name":"Redaction","image":{"@type":"ImageObject","inLanguage":"fr-FR","@id":"https:\/\/secure.gravatar.com\/avatar\/c4c509357859ea2ca2cbb6d8812898a73e4ef1ef9934c2e591d7e32face734d1?s=96&d=mm&r=g","url":"https:\/\/secure.gravatar.com\/avatar\/c4c509357859ea2ca2cbb6d8812898a73e4ef1ef9934c2e591d7e32face734d1?s=96&d=mm&r=g","contentUrl":"https:\/\/secure.gravatar.com\/avatar\/c4c509357859ea2ca2cbb6d8812898a73e4ef1ef9934c2e591d7e32face734d1?s=96&d=mm&r=g","caption":"Redaction"},"url":"https:\/\/lepatriotebenin.com"}]}},"_links":{"self":[{"href":"https:\/\/lepatriotebenin.com\/index.php\/wp-json\/wp\/v2\/posts\/16712","targetHints":{"allow":["GET"]}}],"collection":[{"href":"https:\/\/lepatriotebenin.com\/index.php\/wp-json\/wp\/v2\/posts"}],"about":[{"href":"https:\/\/lepatriotebenin.com\/index.php\/wp-json\/wp\/v2\/types\/post"}],"author":[{"embeddable":true,"href":"https:\/\/lepatriotebenin.com\/index.php\/wp-json\/wp\/v2\/users\/5"}],"replies":[{"embeddable":true,"href":"https:\/\/lepatriotebenin.com\/index.php\/wp-json\/wp\/v2\/comments?post=16712"}],"version-history":[{"count":1,"href":"https:\/\/lepatriotebenin.com\/index.php\/wp-json\/wp\/v2\/posts\/16712\/revisions"}],"predecessor-version":[{"id":16714,"href":"https:\/\/lepatriotebenin.com\/index.php\/wp-json\/wp\/v2\/posts\/16712\/revisions\/16714"}],"wp:featuredmedia":[{"embeddable":true,"href":"https:\/\/lepatriotebenin.com\/index.php\/wp-json\/wp\/v2\/media\/16713"}],"wp:attachment":[{"href":"https:\/\/lepatriotebenin.com\/index.php\/wp-json\/wp\/v2\/media?parent=16712"}],"wp:term":[{"taxonomy":"category","embeddable":true,"href":"https:\/\/lepatriotebenin.com\/index.php\/wp-json\/wp\/v2\/categories?post=16712"},{"taxonomy":"post_tag","embeddable":true,"href":"https:\/\/lepatriotebenin.com\/index.php\/wp-json\/wp\/v2\/tags?post=16712"}],"curies":[{"name":"wp","href":"https:\/\/api.w.org\/{rel}","templated":true}]}}