{"id":16709,"date":"2026-01-26T01:38:18","date_gmt":"2026-01-26T00:38:18","guid":{"rendered":"https:\/\/lepatriotebenin.com\/?p=16709"},"modified":"2026-01-26T01:38:18","modified_gmt":"2026-01-26T00:38:18","slug":"elections-communales-du-11-janvier-2026-les-candidats-toujours-dans-lattente","status":"publish","type":"post","link":"https:\/\/lepatriotebenin.com\/index.php\/2026\/01\/26\/elections-communales-du-11-janvier-2026-les-candidats-toujours-dans-lattente\/","title":{"rendered":"\u00c9lections communales du 11 janvier 2026 : Les candidats toujours dans l\u2019attente"},"content":{"rendered":"<p><em><strong>Les B\u00e9ninois se sont rendus aux urnes le dimanche 11 janvier 2026 pour \u00e9lire les membres des conseils communaux sur l\u2019ensemble du territoire national. Ce scrutin, attendu comme une \u00e9tape d\u00e9cisive de la gouvernance locale, s\u2019est globalement d\u00e9roul\u00e9 dans le calme, avec l\u2019espoir partag\u00e9 de voir rapidement \u00e9merger les nouvelles \u00e9quipes appel\u00e9es \u00e0 g\u00e9rer les communes pour les ann\u00e9es \u00e0 venir.<\/strong><\/em><\/p>\n<p>Plus de deux semaines apr\u00e8s le vote, l\u2019attente demeure enti\u00e8re. La Commission \u00e9lectorale nationale autonome (Cena), institution l\u00e9galement habilit\u00e9e \u00e0 proclamer les r\u00e9sultats provisoires des \u00e9lections, n\u2019a pas encore rendu publics les chiffres issus des urnes. Une situation qui maintient candidats, \u00e9tats-majors politiques et populations dans une incertitude prolong\u00e9e.\u00a0 Dans les diff\u00e9rentes communes, les regards restent donc tourn\u00e9s vers l&rsquo;institution en charge de l&rsquo;organisation des \u00e9lections. Les candidats vivent au rythme des rumeurs. Il est vrai que la loi \u00e9lectorale ne fixe pas de d\u00e9lai pr\u00e9cis pour la proclamation des r\u00e9sultats des \u00e9lections communales.<\/p>\n<p>Sur le plan strictement juridique, la Cena ne viole donc aucune disposition l\u00e9gale. N\u00e9anmoins, sur le plan politique et d\u00e9mocratique, cette attente prolong\u00e9e ouvre la voie \u00e0 toutes sortes de supputations. Des accusations infond\u00e9es \u00e9mergent parfois, fragilisant la s\u00e9r\u00e9nit\u00e9 du processus \u00e9lectoral. Il est clair que cette situation met \u00e0 l\u2019\u00e9preuve la confiance des citoyens dans le jeu d\u00e9mocratique. Plus le silence se prolonge, plus le risque est grand de voir s\u2019installer le doute dans l\u2019opinion publique. Dans un contexte o\u00f9 la transparence et la c\u00e9l\u00e9rit\u00e9 sont des exigences fortes de la d\u00e9mocratie moderne, la communication autour du processus de compilation et de validation des r\u00e9sultats appara\u00eet plus que jamais n\u00e9cessaire.<\/p>\n<p>En attendant la proclamation officielle, candidats et populations restent suspendus aux d\u00e9cisions de la Cena. Tous esp\u00e8rent que la publication des r\u00e9sultats interviendra dans les meilleurs d\u00e9lais afin de dissiper les rumeurs, de rassurer les acteurs politiques et de permettre aux nouvelles autorit\u00e9s communales d\u2019entrer rapidement en fonction.<\/p>\n<p><strong>Mohamed Y\u00e8kini<\/strong><\/p>\n","protected":false},"excerpt":{"rendered":"<p>Les B\u00e9ninois se sont rendus aux urnes le dimanche 11 janvier 2026 pour \u00e9lire les membres des conseils communaux sur l\u2019ensemble du territoire national. Ce scrutin, attendu comme une \u00e9tape&hellip;<\/p>\n","protected":false},"author":5,"featured_media":16710,"comment_status":"open","ping_status":"open","sticky":false,"template":"","format":"standard","meta":{"content-type":"","om_disable_all_campaigns":false,"_monsterinsights_skip_tracking":false,"_monsterinsights_sitenote_active":false,"_monsterinsights_sitenote_note":"","_monsterinsights_sitenote_category":0,"_uf_show_specific_survey":0,"_uf_disable_surveys":false,"footnotes":""},"categories":[26],"tags":[],"class_list":["post-16709","post","type-post","status-publish","format-standard","has-post-thumbnail","hentry","category-politique"],"aioseo_notices":[],"yoast_head":"<!-- This site is optimized with the Yoast SEO plugin v27.5 - https:\/\/yoast.com\/product\/yoast-seo-wordpress\/ -->\n<title>\u00c9lections communales du 11 janvier 2026 : Les candidats toujours dans l\u2019attente - Le Patriote<\/title>\n<meta name=\"robots\" content=\"index, follow, max-snippet:-1, max-image-preview:large, max-video-preview:-1\" \/>\n<link rel=\"canonical\" href=\"https:\/\/lepatriotebenin.com\/index.php\/2026\/01\/26\/elections-communales-du-11-janvier-2026-les-candidats-toujours-dans-lattente\/\" \/>\n<meta property=\"og:locale\" content=\"fr_FR\" \/>\n<meta property=\"og:type\" content=\"article\" \/>\n<meta property=\"og:title\" content=\"\u00c9lections communales du 11 janvier 2026 : Les candidats toujours dans l\u2019attente - Le Patriote\" \/>\n<meta property=\"og:description\" content=\"Les B\u00e9ninois se sont rendus aux urnes le dimanche 11 janvier 2026 pour \u00e9lire les membres des conseils communaux sur l\u2019ensemble du territoire national. Ce scrutin, attendu comme une \u00e9tape&hellip;\" \/>\n<meta property=\"og:url\" content=\"https:\/\/lepatriotebenin.com\/index.php\/2026\/01\/26\/elections-communales-du-11-janvier-2026-les-candidats-toujours-dans-lattente\/\" \/>\n<meta property=\"og:site_name\" content=\"Le Patriote\" \/>\n<meta property=\"article:published_time\" content=\"2026-01-26T00:38:18+00:00\" \/>\n<meta property=\"og:image\" content=\"https:\/\/lepatriotebenin.com\/wp-content\/uploads\/2026\/01\/image-21.webp\" \/>\n\t<meta property=\"og:image:width\" content=\"1068\" \/>\n\t<meta property=\"og:image:height\" content=\"578\" \/>\n\t<meta property=\"og:image:type\" content=\"image\/webp\" \/>\n<meta name=\"author\" content=\"Redaction\" \/>\n<meta name=\"twitter:card\" content=\"summary_large_image\" \/>\n<meta name=\"twitter:label1\" content=\"\u00c9crit par\" \/>\n\t<meta name=\"twitter:data1\" content=\"Redaction\" \/>\n\t<meta name=\"twitter:label2\" content=\"Dur\u00e9e de lecture estim\u00e9e\" \/>\n\t<meta name=\"twitter:data2\" content=\"2 minutes\" \/>\n<script type=\"application\/ld+json\" class=\"yoast-schema-graph\">{\"@context\":\"https:\\\/\\\/schema.org\",\"@graph\":[{\"@type\":\"Article\",\"@id\":\"https:\\\/\\\/lepatriotebenin.com\\\/index.php\\\/2026\\\/01\\\/26\\\/elections-communales-du-11-janvier-2026-les-candidats-toujours-dans-lattente\\\/#article\",\"isPartOf\":{\"@id\":\"https:\\\/\\\/lepatriotebenin.com\\\/index.php\\\/2026\\\/01\\\/26\\\/elections-communales-du-11-janvier-2026-les-candidats-toujours-dans-lattente\\\/\"},\"author\":{\"name\":\"Redaction\",\"@id\":\"https:\\\/\\\/lepatriotebenin.com\\\/#\\\/schema\\\/person\\\/2e7709b9c9cc313e452d1136af61690f\"},\"headline\":\"\u00c9lections communales du 11 janvier 2026 : Les candidats toujours dans l\u2019attente\",\"datePublished\":\"2026-01-26T00:38:18+00:00\",\"mainEntityOfPage\":{\"@id\":\"https:\\\/\\\/lepatriotebenin.com\\\/index.php\\\/2026\\\/01\\\/26\\\/elections-communales-du-11-janvier-2026-les-candidats-toujours-dans-lattente\\\/\"},\"wordCount\":367,\"commentCount\":0,\"image\":{\"@id\":\"https:\\\/\\\/lepatriotebenin.com\\\/index.php\\\/2026\\\/01\\\/26\\\/elections-communales-du-11-janvier-2026-les-candidats-toujours-dans-lattente\\\/#primaryimage\"},\"thumbnailUrl\":\"https:\\\/\\\/lepatriotebenin.com\\\/wp-content\\\/uploads\\\/2026\\\/01\\\/image-21.webp\",\"articleSection\":[\"Politique\"],\"inLanguage\":\"fr-FR\",\"potentialAction\":[{\"@type\":\"CommentAction\",\"name\":\"Comment\",\"target\":[\"https:\\\/\\\/lepatriotebenin.com\\\/index.php\\\/2026\\\/01\\\/26\\\/elections-communales-du-11-janvier-2026-les-candidats-toujours-dans-lattente\\\/#respond\"]}]},{\"@type\":\"WebPage\",\"@id\":\"https:\\\/\\\/lepatriotebenin.com\\\/index.php\\\/2026\\\/01\\\/26\\\/elections-communales-du-11-janvier-2026-les-candidats-toujours-dans-lattente\\\/\",\"url\":\"https:\\\/\\\/lepatriotebenin.com\\\/index.php\\\/2026\\\/01\\\/26\\\/elections-communales-du-11-janvier-2026-les-candidats-toujours-dans-lattente\\\/\",\"name\":\"\u00c9lections communales du 11 janvier 2026 : Les candidats toujours dans l\u2019attente - Le Patriote\",\"isPartOf\":{\"@id\":\"https:\\\/\\\/lepatriotebenin.com\\\/#website\"},\"primaryImageOfPage\":{\"@id\":\"https:\\\/\\\/lepatriotebenin.com\\\/index.php\\\/2026\\\/01\\\/26\\\/elections-communales-du-11-janvier-2026-les-candidats-toujours-dans-lattente\\\/#primaryimage\"},\"image\":{\"@id\":\"https:\\\/\\\/lepatriotebenin.com\\\/index.php\\\/2026\\\/01\\\/26\\\/elections-communales-du-11-janvier-2026-les-candidats-toujours-dans-lattente\\\/#primaryimage\"},\"thumbnailUrl\":\"https:\\\/\\\/lepatriotebenin.com\\\/wp-content\\\/uploads\\\/2026\\\/01\\\/image-21.webp\",\"datePublished\":\"2026-01-26T00:38:18+00:00\",\"author\":{\"@id\":\"https:\\\/\\\/lepatriotebenin.com\\\/#\\\/schema\\\/person\\\/2e7709b9c9cc313e452d1136af61690f\"},\"breadcrumb\":{\"@id\":\"https:\\\/\\\/lepatriotebenin.com\\\/index.php\\\/2026\\\/01\\\/26\\\/elections-communales-du-11-janvier-2026-les-candidats-toujours-dans-lattente\\\/#breadcrumb\"},\"inLanguage\":\"fr-FR\",\"potentialAction\":[{\"@type\":\"ReadAction\",\"target\":[\"https:\\\/\\\/lepatriotebenin.com\\\/index.php\\\/2026\\\/01\\\/26\\\/elections-communales-du-11-janvier-2026-les-candidats-toujours-dans-lattente\\\/\"]}]},{\"@type\":\"ImageObject\",\"inLanguage\":\"fr-FR\",\"@id\":\"https:\\\/\\\/lepatriotebenin.com\\\/index.php\\\/2026\\\/01\\\/26\\\/elections-communales-du-11-janvier-2026-les-candidats-toujours-dans-lattente\\\/#primaryimage\",\"url\":\"https:\\\/\\\/lepatriotebenin.com\\\/wp-content\\\/uploads\\\/2026\\\/01\\\/image-21.webp\",\"contentUrl\":\"https:\\\/\\\/lepatriotebenin.com\\\/wp-content\\\/uploads\\\/2026\\\/01\\\/image-21.webp\",\"width\":1068,\"height\":578},{\"@type\":\"BreadcrumbList\",\"@id\":\"https:\\\/\\\/lepatriotebenin.com\\\/index.php\\\/2026\\\/01\\\/26\\\/elections-communales-du-11-janvier-2026-les-candidats-toujours-dans-lattente\\\/#breadcrumb\",\"itemListElement\":[{\"@type\":\"ListItem\",\"position\":1,\"name\":\"Accueil\",\"item\":\"https:\\\/\\\/lepatriotebenin.com\\\/\"},{\"@type\":\"ListItem\",\"position\":2,\"name\":\"\u00c9lections communales du 11 janvier 2026 : Les candidats toujours dans l\u2019attente\"}]},{\"@type\":\"WebSite\",\"@id\":\"https:\\\/\\\/lepatriotebenin.com\\\/#website\",\"url\":\"https:\\\/\\\/lepatriotebenin.com\\\/\",\"name\":\"Le Patriote\",\"description\":\"Le Patriote B\u00e9nin\",\"potentialAction\":[{\"@type\":\"SearchAction\",\"target\":{\"@type\":\"EntryPoint\",\"urlTemplate\":\"https:\\\/\\\/lepatriotebenin.com\\\/?s={search_term_string}\"},\"query-input\":{\"@type\":\"PropertyValueSpecification\",\"valueRequired\":true,\"valueName\":\"search_term_string\"}}],\"inLanguage\":\"fr-FR\"},{\"@type\":\"Person\",\"@id\":\"https:\\\/\\\/lepatriotebenin.com\\\/#\\\/schema\\\/person\\\/2e7709b9c9cc313e452d1136af61690f\",\"name\":\"Redaction\",\"image\":{\"@type\":\"ImageObject\",\"inLanguage\":\"fr-FR\",\"@id\":\"https:\\\/\\\/secure.gravatar.com\\\/avatar\\\/c4c509357859ea2ca2cbb6d8812898a73e4ef1ef9934c2e591d7e32face734d1?s=96&d=mm&r=g\",\"url\":\"https:\\\/\\\/secure.gravatar.com\\\/avatar\\\/c4c509357859ea2ca2cbb6d8812898a73e4ef1ef9934c2e591d7e32face734d1?s=96&d=mm&r=g\",\"contentUrl\":\"https:\\\/\\\/secure.gravatar.com\\\/avatar\\\/c4c509357859ea2ca2cbb6d8812898a73e4ef1ef9934c2e591d7e32face734d1?s=96&d=mm&r=g\",\"caption\":\"Redaction\"},\"url\":\"https:\\\/\\\/lepatriotebenin.com\"}]}<\/script>\n<!-- \/ Yoast SEO plugin. -->","yoast_head_json":{"title":"\u00c9lections communales du 11 janvier 2026 : Les candidats toujours dans l\u2019attente - Le Patriote","robots":{"index":"index","follow":"follow","max-snippet":"max-snippet:-1","max-image-preview":"max-image-preview:large","max-video-preview":"max-video-preview:-1"},"canonical":"https:\/\/lepatriotebenin.com\/index.php\/2026\/01\/26\/elections-communales-du-11-janvier-2026-les-candidats-toujours-dans-lattente\/","og_locale":"fr_FR","og_type":"article","og_title":"\u00c9lections communales du 11 janvier 2026 : Les candidats toujours dans l\u2019attente - Le Patriote","og_description":"Les B\u00e9ninois se sont rendus aux urnes le dimanche 11 janvier 2026 pour \u00e9lire les membres des conseils communaux sur l\u2019ensemble du territoire national. Ce scrutin, attendu comme une \u00e9tape&hellip;","og_url":"https:\/\/lepatriotebenin.com\/index.php\/2026\/01\/26\/elections-communales-du-11-janvier-2026-les-candidats-toujours-dans-lattente\/","og_site_name":"Le Patriote","article_published_time":"2026-01-26T00:38:18+00:00","og_image":[{"width":1068,"height":578,"url":"https:\/\/lepatriotebenin.com\/wp-content\/uploads\/2026\/01\/image-21.webp","type":"image\/webp"}],"author":"Redaction","twitter_card":"summary_large_image","twitter_misc":{"\u00c9crit par":"Redaction","Dur\u00e9e de lecture estim\u00e9e":"2 minutes"},"schema":{"@context":"https:\/\/schema.org","@graph":[{"@type":"Article","@id":"https:\/\/lepatriotebenin.com\/index.php\/2026\/01\/26\/elections-communales-du-11-janvier-2026-les-candidats-toujours-dans-lattente\/#article","isPartOf":{"@id":"https:\/\/lepatriotebenin.com\/index.php\/2026\/01\/26\/elections-communales-du-11-janvier-2026-les-candidats-toujours-dans-lattente\/"},"author":{"name":"Redaction","@id":"https:\/\/lepatriotebenin.com\/#\/schema\/person\/2e7709b9c9cc313e452d1136af61690f"},"headline":"\u00c9lections communales du 11 janvier 2026 : Les candidats toujours dans l\u2019attente","datePublished":"2026-01-26T00:38:18+00:00","mainEntityOfPage":{"@id":"https:\/\/lepatriotebenin.com\/index.php\/2026\/01\/26\/elections-communales-du-11-janvier-2026-les-candidats-toujours-dans-lattente\/"},"wordCount":367,"commentCount":0,"image":{"@id":"https:\/\/lepatriotebenin.com\/index.php\/2026\/01\/26\/elections-communales-du-11-janvier-2026-les-candidats-toujours-dans-lattente\/#primaryimage"},"thumbnailUrl":"https:\/\/lepatriotebenin.com\/wp-content\/uploads\/2026\/01\/image-21.webp","articleSection":["Politique"],"inLanguage":"fr-FR","potentialAction":[{"@type":"CommentAction","name":"Comment","target":["https:\/\/lepatriotebenin.com\/index.php\/2026\/01\/26\/elections-communales-du-11-janvier-2026-les-candidats-toujours-dans-lattente\/#respond"]}]},{"@type":"WebPage","@id":"https:\/\/lepatriotebenin.com\/index.php\/2026\/01\/26\/elections-communales-du-11-janvier-2026-les-candidats-toujours-dans-lattente\/","url":"https:\/\/lepatriotebenin.com\/index.php\/2026\/01\/26\/elections-communales-du-11-janvier-2026-les-candidats-toujours-dans-lattente\/","name":"\u00c9lections communales du 11 janvier 2026 : Les candidats toujours dans l\u2019attente - Le Patriote","isPartOf":{"@id":"https:\/\/lepatriotebenin.com\/#website"},"primaryImageOfPage":{"@id":"https:\/\/lepatriotebenin.com\/index.php\/2026\/01\/26\/elections-communales-du-11-janvier-2026-les-candidats-toujours-dans-lattente\/#primaryimage"},"image":{"@id":"https:\/\/lepatriotebenin.com\/index.php\/2026\/01\/26\/elections-communales-du-11-janvier-2026-les-candidats-toujours-dans-lattente\/#primaryimage"},"thumbnailUrl":"https:\/\/lepatriotebenin.com\/wp-content\/uploads\/2026\/01\/image-21.webp","datePublished":"2026-01-26T00:38:18+00:00","author":{"@id":"https:\/\/lepatriotebenin.com\/#\/schema\/person\/2e7709b9c9cc313e452d1136af61690f"},"breadcrumb":{"@id":"https:\/\/lepatriotebenin.com\/index.php\/2026\/01\/26\/elections-communales-du-11-janvier-2026-les-candidats-toujours-dans-lattente\/#breadcrumb"},"inLanguage":"fr-FR","potentialAction":[{"@type":"ReadAction","target":["https:\/\/lepatriotebenin.com\/index.php\/2026\/01\/26\/elections-communales-du-11-janvier-2026-les-candidats-toujours-dans-lattente\/"]}]},{"@type":"ImageObject","inLanguage":"fr-FR","@id":"https:\/\/lepatriotebenin.com\/index.php\/2026\/01\/26\/elections-communales-du-11-janvier-2026-les-candidats-toujours-dans-lattente\/#primaryimage","url":"https:\/\/lepatriotebenin.com\/wp-content\/uploads\/2026\/01\/image-21.webp","contentUrl":"https:\/\/lepatriotebenin.com\/wp-content\/uploads\/2026\/01\/image-21.webp","width":1068,"height":578},{"@type":"BreadcrumbList","@id":"https:\/\/lepatriotebenin.com\/index.php\/2026\/01\/26\/elections-communales-du-11-janvier-2026-les-candidats-toujours-dans-lattente\/#breadcrumb","itemListElement":[{"@type":"ListItem","position":1,"name":"Accueil","item":"https:\/\/lepatriotebenin.com\/"},{"@type":"ListItem","position":2,"name":"\u00c9lections communales du 11 janvier 2026 : Les candidats toujours dans l\u2019attente"}]},{"@type":"WebSite","@id":"https:\/\/lepatriotebenin.com\/#website","url":"https:\/\/lepatriotebenin.com\/","name":"Le Patriote","description":"Le Patriote B\u00e9nin","potentialAction":[{"@type":"SearchAction","target":{"@type":"EntryPoint","urlTemplate":"https:\/\/lepatriotebenin.com\/?s={search_term_string}"},"query-input":{"@type":"PropertyValueSpecification","valueRequired":true,"valueName":"search_term_string"}}],"inLanguage":"fr-FR"},{"@type":"Person","@id":"https:\/\/lepatriotebenin.com\/#\/schema\/person\/2e7709b9c9cc313e452d1136af61690f","name":"Redaction","image":{"@type":"ImageObject","inLanguage":"fr-FR","@id":"https:\/\/secure.gravatar.com\/avatar\/c4c509357859ea2ca2cbb6d8812898a73e4ef1ef9934c2e591d7e32face734d1?s=96&d=mm&r=g","url":"https:\/\/secure.gravatar.com\/avatar\/c4c509357859ea2ca2cbb6d8812898a73e4ef1ef9934c2e591d7e32face734d1?s=96&d=mm&r=g","contentUrl":"https:\/\/secure.gravatar.com\/avatar\/c4c509357859ea2ca2cbb6d8812898a73e4ef1ef9934c2e591d7e32face734d1?s=96&d=mm&r=g","caption":"Redaction"},"url":"https:\/\/lepatriotebenin.com"}]}},"_links":{"self":[{"href":"https:\/\/lepatriotebenin.com\/index.php\/wp-json\/wp\/v2\/posts\/16709","targetHints":{"allow":["GET"]}}],"collection":[{"href":"https:\/\/lepatriotebenin.com\/index.php\/wp-json\/wp\/v2\/posts"}],"about":[{"href":"https:\/\/lepatriotebenin.com\/index.php\/wp-json\/wp\/v2\/types\/post"}],"author":[{"embeddable":true,"href":"https:\/\/lepatriotebenin.com\/index.php\/wp-json\/wp\/v2\/users\/5"}],"replies":[{"embeddable":true,"href":"https:\/\/lepatriotebenin.com\/index.php\/wp-json\/wp\/v2\/comments?post=16709"}],"version-history":[{"count":1,"href":"https:\/\/lepatriotebenin.com\/index.php\/wp-json\/wp\/v2\/posts\/16709\/revisions"}],"predecessor-version":[{"id":16711,"href":"https:\/\/lepatriotebenin.com\/index.php\/wp-json\/wp\/v2\/posts\/16709\/revisions\/16711"}],"wp:featuredmedia":[{"embeddable":true,"href":"https:\/\/lepatriotebenin.com\/index.php\/wp-json\/wp\/v2\/media\/16710"}],"wp:attachment":[{"href":"https:\/\/lepatriotebenin.com\/index.php\/wp-json\/wp\/v2\/media?parent=16709"}],"wp:term":[{"taxonomy":"category","embeddable":true,"href":"https:\/\/lepatriotebenin.com\/index.php\/wp-json\/wp\/v2\/categories?post=16709"},{"taxonomy":"post_tag","embeddable":true,"href":"https:\/\/lepatriotebenin.com\/index.php\/wp-json\/wp\/v2\/tags?post=16709"}],"curies":[{"name":"wp","href":"https:\/\/api.w.org\/{rel}","templated":true}]}}