{"id":1649,"date":"2023-11-24T05:41:12","date_gmt":"2023-11-24T04:41:12","guid":{"rendered":"https:\/\/lepatriotebenin.com\/?p=1649"},"modified":"2023-12-02T20:04:48","modified_gmt":"2023-12-02T19:04:48","slug":"france-marie-cecile-zinsou-integre-la-confrerie-gutenberg","status":"publish","type":"post","link":"https:\/\/lepatriotebenin.com\/index.php\/2023\/11\/24\/france-marie-cecile-zinsou-integre-la-confrerie-gutenberg\/","title":{"rendered":"France\u00a0: Marie C\u00e9cile Zinsou\u00a0 int\u00e8gre la confr\u00e9rie Gutenberg."},"content":{"rendered":"\n<p>\u00a0Elle fait d\u00e9sormais<em> partie du cercle ferm\u00e9 des compagnons de Gutenberg. Apr\u00e8s\u00a0 dix huit ans pass\u00e9s au service de la culture, Marie C\u00e9cile Zinsou est admise en qualit\u00e9 de commandeure dans la confr\u00e9rie compos\u00e9e d\u2019industriels, d\u2019artistes, d\u2019hommes\u00a0 et femmes de m\u00e9dias, de culture et de lettres. Tri\u00e9e sur le volet, elle fait partie des dix personnalit\u00e9s promues cette ann\u00e9e au cours\u00a0 du 44\u00e8 grand chapitre qui s\u2019est tenu le vendredi 17 novembre \u00e0 l\u2019h\u00f4tel Westin Vend\u00f4me de Paris.<\/em><\/p>\n\n\n\n<figure class=\"wp-block-image size-large\"><img fetchpriority=\"high\" decoding=\"async\" width=\"1024\" height=\"681\" src=\"https:\/\/lepatriotebenin.com\/wp-content\/uploads\/2023\/11\/marie-cecile-1024x681.jpg\" alt=\"\" class=\"wp-image-1650\" srcset=\"https:\/\/lepatriotebenin.com\/wp-content\/uploads\/2023\/11\/marie-cecile-1024x681.jpg 1024w, https:\/\/lepatriotebenin.com\/wp-content\/uploads\/2023\/11\/marie-cecile-300x200.jpg 300w, https:\/\/lepatriotebenin.com\/wp-content\/uploads\/2023\/11\/marie-cecile-768x511.jpg 768w, https:\/\/lepatriotebenin.com\/wp-content\/uploads\/2023\/11\/marie-cecile-1536x1021.jpg 1536w, https:\/\/lepatriotebenin.com\/wp-content\/uploads\/2023\/11\/marie-cecile-1170x778.jpg 1170w, https:\/\/lepatriotebenin.com\/wp-content\/uploads\/2023\/11\/marie-cecile-585x389.jpg 585w, https:\/\/lepatriotebenin.com\/wp-content\/uploads\/2023\/11\/marie-cecile-263x175.jpg 263w, https:\/\/lepatriotebenin.com\/wp-content\/uploads\/2023\/11\/marie-cecile.jpg 1600w\" sizes=\"(max-width: 1024px) 100vw, 1024px\" \/><\/figure>\n\n\n\n<p>\u00ab\u00a0Pour toutes ces raisons, et tant d\u2019autres, nous sommes heureux de vous accueillir Madame parmi les illustres \u201cGutenberg\u201d au titre de Commandeure\u00a0\u00bb. C\u2019est par cette phrase que Jean Guion, Pr\u00e9sident International de l\u2019Alliance Francophone, Pr\u00e9sident de l\u2019Association Europ\u00e9enne des Arts de Vivre,Membre de l\u2019Acad\u00e9mie Fran\u00e7aise des Sciences d\u2019Outre-Mers, Ambassadeur de l\u2019Ordre de Gutenberg pour l\u2019Afrique, Vice-pr\u00e9sident de l\u2019Institut Robert Schuman pour l\u2019Europe prononce l\u2019int\u00e9gration de Marie C\u00e9cile Zinsou \u00e0 la confr\u00e9rie Gutenberg. Parrain\u00e9e par le chevalier Dieudonn\u00e9 Alley et le grand ma\u00eetre Philippe Jourdan, elle doit son int\u00e9gration \u00e0 ce cercle de personnalit\u00e9s de grande r\u00e9putation professionnelle \u00e0 son engagement et sa promotion de la culture. Dans sa laudation, Jean Guion rappelle son brillant parcours de promotion des arts. \u00abEn 2005 vous cr\u00e9ez, \u00e0 Cotonou, la Fondation Zinsou, d\u00e9di\u00e9e \u00e0 l\u2019art contemporain et \u00e0 son rayonnement \u2013 fondation que vous pr\u00e9sidez et dont vous assurez la direction artistique. En 2013, vous ouvrez le Mus\u00e9e d\u2019Art contemporain de Ouidah, le tout premier mus\u00e9e de cette envergure en Afrique. Institution qui rejoint le colloque mondial des leaders des mus\u00e9es du Mus\u00e9e M\u00e9tropolitain d\u2019Art de New York\u00a0\u00bb, affirme-t-il. Et ajoute\u00a0: \u00ab\u00a0En 18 ans d\u2019existence, votre Fondation a expos\u00e9 dans ses locaux \u00e0 Cotonou et dans son mus\u00e9e de Ouidah, plusieurs grands noms de la sc\u00e8ne artistique contemporaine: Keith Harring, Basquiat, Romuald Hazoum\u00e8, Malick Sidib\u00e9, Ch\u00e9ri Samba, Bruce Clark, Jeremy Demester, A\u00efcha Snousi, Jo\u00ebl Adriano&#8230;La Fondation a \u00e9galement r\u00e9alis\u00e9 des expositions itin\u00e9rantes qui ont circul\u00e9 en Europe, aux USA, et m\u00eame dans le m\u00e9tro parisien. Prouesse remarquable dans un pays de 13 millions d\u2019habitants aux revenus parmi les plus faibles du monde, 9 millions de personnes, principalement des jeunes de moins de 20 ans, ont visit\u00e9 les expositions depuis 2005.La Fondation ce sont aussi des livres! 13 biblioth\u00e8ques dans les quartiers populaires proches des \u00e9coles, mise en place d\u2019une politique d\u2019\u00e9dition dynamique autour de ses expositions: catalogues, livres d\u2019art, bandes dessin\u00e9es, affiches, cahiers de coloriages, livres et jeux pour enfants, CD et DVD, etc\u00a0\u00bb.\u00a0 En 2014, cite toujours Jean Guion, la fondation a re\u00e7u le prix japonais d\u2019encouragement pour les jeunes artistes, le Praemium Imperiale.<\/p>\n\n\n\n<p><strong>Confr\u00e9rie Gutenberg&nbsp;: 44 ans au service de la culture fran\u00e7aise. &nbsp;&nbsp;<\/strong><\/p>\n\n\n\n<p>La Confr\u00e9rie des Compagnons de Gutenberg est cr\u00e9\u00e9e \u00e0 Paris en 1979 par vingt et un passionn\u00e9s de l\u2019\u00e9crit et de l\u2019imprim\u00e9. C\u2019est l\u2019illustre \u00e9crivain, Robert Sabatier, le fameux auteur des \u00ab Allumettes Su\u00e9doises \u00bb qui pr\u00e9sida, le premier, aux destin\u00e9es de la Confr\u00e9rie. La Confr\u00e9rie r\u00e9unit ceux qui pensent et dessinent la presse, les imprim\u00e9s et les m\u00e9dias de demain : industriels, directeurs de m\u00e9dias, diplomates, hommes et femme de lettres, de culture et communicants.&nbsp; Plus de 900 personnes y sont intronis\u00e9es depuis sa cr\u00e9ation. Strictement fran\u00e7aise \u00e0 ses d\u00e9buts, la Confr\u00e9rie avait pour but de d\u00e9fendre et de promouvoir sous toutes ses formes la culture fran\u00e7aise. Aujourd\u2019hui elle existe dans d\u2019autres pays comme la Suisse, le Maroc, l\u2019Allemagne, l\u2019Italie, le Br\u00e9sil, la C\u00f4te d\u2019Ivoire. Le serment des intronis\u00e9s a ainsi \u00e9volu\u00e9 permettant \u00e0 chacun de d\u00e9fendre la langue et la culture de son pays, plus particuli\u00e8rement l\u2019\u00e9crit qui est le conservatoire de la culture. Bas\u00e9e sur des rites issus de la Chevalerie, la Confr\u00e9rie a une vocation culturelle et humaniste. Ses membres sont \u00e9lev\u00e9s \u00e0 diff\u00e9rents grades: Grands Ma\u00eetres, Grand Chancelier, Grand Chambellan, Grands Officiers, Commandeurs, Officiers et Chevaliers<\/p>\n","protected":false},"excerpt":{"rendered":"<p>\u00a0Elle fait d\u00e9sormais partie du cercle ferm\u00e9 des compagnons de Gutenberg. Apr\u00e8s\u00a0 dix huit ans pass\u00e9s au service de la culture, Marie C\u00e9cile Zinsou est admise en qualit\u00e9 de commandeure&hellip;<\/p>\n","protected":false},"author":2,"featured_media":1650,"comment_status":"open","ping_status":"open","sticky":false,"template":"","format":"standard","meta":{"content-type":"","om_disable_all_campaigns":false,"_monsterinsights_skip_tracking":false,"_monsterinsights_sitenote_active":false,"_monsterinsights_sitenote_note":"","_monsterinsights_sitenote_category":0,"_uf_show_specific_survey":0,"_uf_disable_surveys":false,"footnotes":""},"categories":[29],"tags":[42,43,44],"class_list":["post-1649","post","type-post","status-publish","format-standard","has-post-thumbnail","hentry","category-culture","tag-compagnons-de-gutenberg","tag-fondation-zinsoun","tag-marie-cecile-zinsou"],"aioseo_notices":[],"yoast_head":"<!-- This site is optimized with the Yoast SEO plugin v27.5 - https:\/\/yoast.com\/product\/yoast-seo-wordpress\/ -->\n<title>France\u00a0: Marie C\u00e9cile Zinsou\u00a0 int\u00e8gre la confr\u00e9rie Gutenberg. - Le Patriote<\/title>\n<meta name=\"robots\" content=\"index, follow, max-snippet:-1, max-image-preview:large, max-video-preview:-1\" \/>\n<link rel=\"canonical\" href=\"https:\/\/lepatriotebenin.com\/index.php\/2023\/11\/24\/france-marie-cecile-zinsou-integre-la-confrerie-gutenberg\/\" \/>\n<meta property=\"og:locale\" content=\"fr_FR\" \/>\n<meta property=\"og:type\" content=\"article\" \/>\n<meta property=\"og:title\" content=\"France\u00a0: Marie C\u00e9cile Zinsou\u00a0 int\u00e8gre la confr\u00e9rie Gutenberg. - Le Patriote\" \/>\n<meta property=\"og:description\" content=\"\u00a0Elle fait d\u00e9sormais partie du cercle ferm\u00e9 des compagnons de Gutenberg. Apr\u00e8s\u00a0 dix huit ans pass\u00e9s au service de la culture, Marie C\u00e9cile Zinsou est admise en qualit\u00e9 de commandeure&hellip;\" \/>\n<meta property=\"og:url\" content=\"https:\/\/lepatriotebenin.com\/index.php\/2023\/11\/24\/france-marie-cecile-zinsou-integre-la-confrerie-gutenberg\/\" \/>\n<meta property=\"og:site_name\" content=\"Le Patriote\" \/>\n<meta property=\"article:published_time\" content=\"2023-11-24T04:41:12+00:00\" \/>\n<meta property=\"article:modified_time\" content=\"2023-12-02T19:04:48+00:00\" \/>\n<meta property=\"og:image\" content=\"https:\/\/lepatriotebenin.com\/wp-content\/uploads\/2023\/11\/marie-cecile.jpg\" \/>\n\t<meta property=\"og:image:width\" content=\"1600\" \/>\n\t<meta property=\"og:image:height\" content=\"1064\" \/>\n\t<meta property=\"og:image:type\" content=\"image\/jpeg\" \/>\n<meta name=\"author\" content=\"Marcel ZOUMENOU\" \/>\n<meta name=\"twitter:card\" content=\"summary_large_image\" \/>\n<meta name=\"twitter:label1\" content=\"\u00c9crit par\" \/>\n\t<meta name=\"twitter:data1\" content=\"Marcel ZOUMENOU\" \/>\n\t<meta name=\"twitter:label2\" content=\"Dur\u00e9e de lecture estim\u00e9e\" \/>\n\t<meta name=\"twitter:data2\" content=\"4 minutes\" \/>\n<script type=\"application\/ld+json\" class=\"yoast-schema-graph\">{\"@context\":\"https:\\\/\\\/schema.org\",\"@graph\":[{\"@type\":\"Article\",\"@id\":\"https:\\\/\\\/lepatriotebenin.com\\\/index.php\\\/2023\\\/11\\\/24\\\/france-marie-cecile-zinsou-integre-la-confrerie-gutenberg\\\/#article\",\"isPartOf\":{\"@id\":\"https:\\\/\\\/lepatriotebenin.com\\\/index.php\\\/2023\\\/11\\\/24\\\/france-marie-cecile-zinsou-integre-la-confrerie-gutenberg\\\/\"},\"author\":{\"name\":\"Marcel ZOUMENOU\",\"@id\":\"https:\\\/\\\/lepatriotebenin.com\\\/#\\\/schema\\\/person\\\/bc185387219a73c6f2f8698114720c49\"},\"headline\":\"France\u00a0: Marie C\u00e9cile Zinsou\u00a0 int\u00e8gre la confr\u00e9rie Gutenberg.\",\"datePublished\":\"2023-11-24T04:41:12+00:00\",\"dateModified\":\"2023-12-02T19:04:48+00:00\",\"mainEntityOfPage\":{\"@id\":\"https:\\\/\\\/lepatriotebenin.com\\\/index.php\\\/2023\\\/11\\\/24\\\/france-marie-cecile-zinsou-integre-la-confrerie-gutenberg\\\/\"},\"wordCount\":731,\"commentCount\":1,\"image\":{\"@id\":\"https:\\\/\\\/lepatriotebenin.com\\\/index.php\\\/2023\\\/11\\\/24\\\/france-marie-cecile-zinsou-integre-la-confrerie-gutenberg\\\/#primaryimage\"},\"thumbnailUrl\":\"https:\\\/\\\/lepatriotebenin.com\\\/wp-content\\\/uploads\\\/2023\\\/11\\\/marie-cecile.jpg\",\"keywords\":[\"Compagnons de Gutenberg\",\"Fondation Zinsoun\",\"Marie C\u00e9cile Zinsou\"],\"articleSection\":[\"Culture\"],\"inLanguage\":\"fr-FR\",\"potentialAction\":[{\"@type\":\"CommentAction\",\"name\":\"Comment\",\"target\":[\"https:\\\/\\\/lepatriotebenin.com\\\/index.php\\\/2023\\\/11\\\/24\\\/france-marie-cecile-zinsou-integre-la-confrerie-gutenberg\\\/#respond\"]}]},{\"@type\":\"WebPage\",\"@id\":\"https:\\\/\\\/lepatriotebenin.com\\\/index.php\\\/2023\\\/11\\\/24\\\/france-marie-cecile-zinsou-integre-la-confrerie-gutenberg\\\/\",\"url\":\"https:\\\/\\\/lepatriotebenin.com\\\/index.php\\\/2023\\\/11\\\/24\\\/france-marie-cecile-zinsou-integre-la-confrerie-gutenberg\\\/\",\"name\":\"France\u00a0: Marie C\u00e9cile Zinsou\u00a0 int\u00e8gre la confr\u00e9rie Gutenberg. - Le Patriote\",\"isPartOf\":{\"@id\":\"https:\\\/\\\/lepatriotebenin.com\\\/#website\"},\"primaryImageOfPage\":{\"@id\":\"https:\\\/\\\/lepatriotebenin.com\\\/index.php\\\/2023\\\/11\\\/24\\\/france-marie-cecile-zinsou-integre-la-confrerie-gutenberg\\\/#primaryimage\"},\"image\":{\"@id\":\"https:\\\/\\\/lepatriotebenin.com\\\/index.php\\\/2023\\\/11\\\/24\\\/france-marie-cecile-zinsou-integre-la-confrerie-gutenberg\\\/#primaryimage\"},\"thumbnailUrl\":\"https:\\\/\\\/lepatriotebenin.com\\\/wp-content\\\/uploads\\\/2023\\\/11\\\/marie-cecile.jpg\",\"datePublished\":\"2023-11-24T04:41:12+00:00\",\"dateModified\":\"2023-12-02T19:04:48+00:00\",\"author\":{\"@id\":\"https:\\\/\\\/lepatriotebenin.com\\\/#\\\/schema\\\/person\\\/bc185387219a73c6f2f8698114720c49\"},\"breadcrumb\":{\"@id\":\"https:\\\/\\\/lepatriotebenin.com\\\/index.php\\\/2023\\\/11\\\/24\\\/france-marie-cecile-zinsou-integre-la-confrerie-gutenberg\\\/#breadcrumb\"},\"inLanguage\":\"fr-FR\",\"potentialAction\":[{\"@type\":\"ReadAction\",\"target\":[\"https:\\\/\\\/lepatriotebenin.com\\\/index.php\\\/2023\\\/11\\\/24\\\/france-marie-cecile-zinsou-integre-la-confrerie-gutenberg\\\/\"]}]},{\"@type\":\"ImageObject\",\"inLanguage\":\"fr-FR\",\"@id\":\"https:\\\/\\\/lepatriotebenin.com\\\/index.php\\\/2023\\\/11\\\/24\\\/france-marie-cecile-zinsou-integre-la-confrerie-gutenberg\\\/#primaryimage\",\"url\":\"https:\\\/\\\/lepatriotebenin.com\\\/wp-content\\\/uploads\\\/2023\\\/11\\\/marie-cecile.jpg\",\"contentUrl\":\"https:\\\/\\\/lepatriotebenin.com\\\/wp-content\\\/uploads\\\/2023\\\/11\\\/marie-cecile.jpg\",\"width\":1600,\"height\":1064},{\"@type\":\"BreadcrumbList\",\"@id\":\"https:\\\/\\\/lepatriotebenin.com\\\/index.php\\\/2023\\\/11\\\/24\\\/france-marie-cecile-zinsou-integre-la-confrerie-gutenberg\\\/#breadcrumb\",\"itemListElement\":[{\"@type\":\"ListItem\",\"position\":1,\"name\":\"Accueil\",\"item\":\"https:\\\/\\\/lepatriotebenin.com\\\/\"},{\"@type\":\"ListItem\",\"position\":2,\"name\":\"France\u00a0: Marie C\u00e9cile Zinsou\u00a0 int\u00e8gre la confr\u00e9rie Gutenberg.\"}]},{\"@type\":\"WebSite\",\"@id\":\"https:\\\/\\\/lepatriotebenin.com\\\/#website\",\"url\":\"https:\\\/\\\/lepatriotebenin.com\\\/\",\"name\":\"Le Patriote\",\"description\":\"Le Patriote B\u00e9nin\",\"potentialAction\":[{\"@type\":\"SearchAction\",\"target\":{\"@type\":\"EntryPoint\",\"urlTemplate\":\"https:\\\/\\\/lepatriotebenin.com\\\/?s={search_term_string}\"},\"query-input\":{\"@type\":\"PropertyValueSpecification\",\"valueRequired\":true,\"valueName\":\"search_term_string\"}}],\"inLanguage\":\"fr-FR\"},{\"@type\":\"Person\",\"@id\":\"https:\\\/\\\/lepatriotebenin.com\\\/#\\\/schema\\\/person\\\/bc185387219a73c6f2f8698114720c49\",\"name\":\"Marcel ZOUMENOU\",\"image\":{\"@type\":\"ImageObject\",\"inLanguage\":\"fr-FR\",\"@id\":\"https:\\\/\\\/secure.gravatar.com\\\/avatar\\\/55e60188ee1ca2050a14675489f7856c575861edc734548164d100bdb6565472?s=96&d=mm&r=g\",\"url\":\"https:\\\/\\\/secure.gravatar.com\\\/avatar\\\/55e60188ee1ca2050a14675489f7856c575861edc734548164d100bdb6565472?s=96&d=mm&r=g\",\"contentUrl\":\"https:\\\/\\\/secure.gravatar.com\\\/avatar\\\/55e60188ee1ca2050a14675489f7856c575861edc734548164d100bdb6565472?s=96&d=mm&r=g\",\"caption\":\"Marcel ZOUMENOU\"},\"url\":\"https:\\\/\\\/lepatriotebenin.com\"}]}<\/script>\n<!-- \/ Yoast SEO plugin. -->","yoast_head_json":{"title":"France\u00a0: Marie C\u00e9cile Zinsou\u00a0 int\u00e8gre la confr\u00e9rie Gutenberg. - Le Patriote","robots":{"index":"index","follow":"follow","max-snippet":"max-snippet:-1","max-image-preview":"max-image-preview:large","max-video-preview":"max-video-preview:-1"},"canonical":"https:\/\/lepatriotebenin.com\/index.php\/2023\/11\/24\/france-marie-cecile-zinsou-integre-la-confrerie-gutenberg\/","og_locale":"fr_FR","og_type":"article","og_title":"France\u00a0: Marie C\u00e9cile Zinsou\u00a0 int\u00e8gre la confr\u00e9rie Gutenberg. - Le Patriote","og_description":"\u00a0Elle fait d\u00e9sormais partie du cercle ferm\u00e9 des compagnons de Gutenberg. Apr\u00e8s\u00a0 dix huit ans pass\u00e9s au service de la culture, Marie C\u00e9cile Zinsou est admise en qualit\u00e9 de commandeure&hellip;","og_url":"https:\/\/lepatriotebenin.com\/index.php\/2023\/11\/24\/france-marie-cecile-zinsou-integre-la-confrerie-gutenberg\/","og_site_name":"Le Patriote","article_published_time":"2023-11-24T04:41:12+00:00","article_modified_time":"2023-12-02T19:04:48+00:00","og_image":[{"width":1600,"height":1064,"url":"https:\/\/lepatriotebenin.com\/wp-content\/uploads\/2023\/11\/marie-cecile.jpg","type":"image\/jpeg"}],"author":"Marcel ZOUMENOU","twitter_card":"summary_large_image","twitter_misc":{"\u00c9crit par":"Marcel ZOUMENOU","Dur\u00e9e de lecture estim\u00e9e":"4 minutes"},"schema":{"@context":"https:\/\/schema.org","@graph":[{"@type":"Article","@id":"https:\/\/lepatriotebenin.com\/index.php\/2023\/11\/24\/france-marie-cecile-zinsou-integre-la-confrerie-gutenberg\/#article","isPartOf":{"@id":"https:\/\/lepatriotebenin.com\/index.php\/2023\/11\/24\/france-marie-cecile-zinsou-integre-la-confrerie-gutenberg\/"},"author":{"name":"Marcel ZOUMENOU","@id":"https:\/\/lepatriotebenin.com\/#\/schema\/person\/bc185387219a73c6f2f8698114720c49"},"headline":"France\u00a0: Marie C\u00e9cile Zinsou\u00a0 int\u00e8gre la confr\u00e9rie Gutenberg.","datePublished":"2023-11-24T04:41:12+00:00","dateModified":"2023-12-02T19:04:48+00:00","mainEntityOfPage":{"@id":"https:\/\/lepatriotebenin.com\/index.php\/2023\/11\/24\/france-marie-cecile-zinsou-integre-la-confrerie-gutenberg\/"},"wordCount":731,"commentCount":1,"image":{"@id":"https:\/\/lepatriotebenin.com\/index.php\/2023\/11\/24\/france-marie-cecile-zinsou-integre-la-confrerie-gutenberg\/#primaryimage"},"thumbnailUrl":"https:\/\/lepatriotebenin.com\/wp-content\/uploads\/2023\/11\/marie-cecile.jpg","keywords":["Compagnons de Gutenberg","Fondation Zinsoun","Marie C\u00e9cile Zinsou"],"articleSection":["Culture"],"inLanguage":"fr-FR","potentialAction":[{"@type":"CommentAction","name":"Comment","target":["https:\/\/lepatriotebenin.com\/index.php\/2023\/11\/24\/france-marie-cecile-zinsou-integre-la-confrerie-gutenberg\/#respond"]}]},{"@type":"WebPage","@id":"https:\/\/lepatriotebenin.com\/index.php\/2023\/11\/24\/france-marie-cecile-zinsou-integre-la-confrerie-gutenberg\/","url":"https:\/\/lepatriotebenin.com\/index.php\/2023\/11\/24\/france-marie-cecile-zinsou-integre-la-confrerie-gutenberg\/","name":"France\u00a0: Marie C\u00e9cile Zinsou\u00a0 int\u00e8gre la confr\u00e9rie Gutenberg. - Le Patriote","isPartOf":{"@id":"https:\/\/lepatriotebenin.com\/#website"},"primaryImageOfPage":{"@id":"https:\/\/lepatriotebenin.com\/index.php\/2023\/11\/24\/france-marie-cecile-zinsou-integre-la-confrerie-gutenberg\/#primaryimage"},"image":{"@id":"https:\/\/lepatriotebenin.com\/index.php\/2023\/11\/24\/france-marie-cecile-zinsou-integre-la-confrerie-gutenberg\/#primaryimage"},"thumbnailUrl":"https:\/\/lepatriotebenin.com\/wp-content\/uploads\/2023\/11\/marie-cecile.jpg","datePublished":"2023-11-24T04:41:12+00:00","dateModified":"2023-12-02T19:04:48+00:00","author":{"@id":"https:\/\/lepatriotebenin.com\/#\/schema\/person\/bc185387219a73c6f2f8698114720c49"},"breadcrumb":{"@id":"https:\/\/lepatriotebenin.com\/index.php\/2023\/11\/24\/france-marie-cecile-zinsou-integre-la-confrerie-gutenberg\/#breadcrumb"},"inLanguage":"fr-FR","potentialAction":[{"@type":"ReadAction","target":["https:\/\/lepatriotebenin.com\/index.php\/2023\/11\/24\/france-marie-cecile-zinsou-integre-la-confrerie-gutenberg\/"]}]},{"@type":"ImageObject","inLanguage":"fr-FR","@id":"https:\/\/lepatriotebenin.com\/index.php\/2023\/11\/24\/france-marie-cecile-zinsou-integre-la-confrerie-gutenberg\/#primaryimage","url":"https:\/\/lepatriotebenin.com\/wp-content\/uploads\/2023\/11\/marie-cecile.jpg","contentUrl":"https:\/\/lepatriotebenin.com\/wp-content\/uploads\/2023\/11\/marie-cecile.jpg","width":1600,"height":1064},{"@type":"BreadcrumbList","@id":"https:\/\/lepatriotebenin.com\/index.php\/2023\/11\/24\/france-marie-cecile-zinsou-integre-la-confrerie-gutenberg\/#breadcrumb","itemListElement":[{"@type":"ListItem","position":1,"name":"Accueil","item":"https:\/\/lepatriotebenin.com\/"},{"@type":"ListItem","position":2,"name":"France\u00a0: Marie C\u00e9cile Zinsou\u00a0 int\u00e8gre la confr\u00e9rie Gutenberg."}]},{"@type":"WebSite","@id":"https:\/\/lepatriotebenin.com\/#website","url":"https:\/\/lepatriotebenin.com\/","name":"Le Patriote","description":"Le Patriote B\u00e9nin","potentialAction":[{"@type":"SearchAction","target":{"@type":"EntryPoint","urlTemplate":"https:\/\/lepatriotebenin.com\/?s={search_term_string}"},"query-input":{"@type":"PropertyValueSpecification","valueRequired":true,"valueName":"search_term_string"}}],"inLanguage":"fr-FR"},{"@type":"Person","@id":"https:\/\/lepatriotebenin.com\/#\/schema\/person\/bc185387219a73c6f2f8698114720c49","name":"Marcel ZOUMENOU","image":{"@type":"ImageObject","inLanguage":"fr-FR","@id":"https:\/\/secure.gravatar.com\/avatar\/55e60188ee1ca2050a14675489f7856c575861edc734548164d100bdb6565472?s=96&d=mm&r=g","url":"https:\/\/secure.gravatar.com\/avatar\/55e60188ee1ca2050a14675489f7856c575861edc734548164d100bdb6565472?s=96&d=mm&r=g","contentUrl":"https:\/\/secure.gravatar.com\/avatar\/55e60188ee1ca2050a14675489f7856c575861edc734548164d100bdb6565472?s=96&d=mm&r=g","caption":"Marcel ZOUMENOU"},"url":"https:\/\/lepatriotebenin.com"}]}},"_links":{"self":[{"href":"https:\/\/lepatriotebenin.com\/index.php\/wp-json\/wp\/v2\/posts\/1649","targetHints":{"allow":["GET"]}}],"collection":[{"href":"https:\/\/lepatriotebenin.com\/index.php\/wp-json\/wp\/v2\/posts"}],"about":[{"href":"https:\/\/lepatriotebenin.com\/index.php\/wp-json\/wp\/v2\/types\/post"}],"author":[{"embeddable":true,"href":"https:\/\/lepatriotebenin.com\/index.php\/wp-json\/wp\/v2\/users\/2"}],"replies":[{"embeddable":true,"href":"https:\/\/lepatriotebenin.com\/index.php\/wp-json\/wp\/v2\/comments?post=1649"}],"version-history":[{"count":3,"href":"https:\/\/lepatriotebenin.com\/index.php\/wp-json\/wp\/v2\/posts\/1649\/revisions"}],"predecessor-version":[{"id":1757,"href":"https:\/\/lepatriotebenin.com\/index.php\/wp-json\/wp\/v2\/posts\/1649\/revisions\/1757"}],"wp:featuredmedia":[{"embeddable":true,"href":"https:\/\/lepatriotebenin.com\/index.php\/wp-json\/wp\/v2\/media\/1650"}],"wp:attachment":[{"href":"https:\/\/lepatriotebenin.com\/index.php\/wp-json\/wp\/v2\/media?parent=1649"}],"wp:term":[{"taxonomy":"category","embeddable":true,"href":"https:\/\/lepatriotebenin.com\/index.php\/wp-json\/wp\/v2\/categories?post=1649"},{"taxonomy":"post_tag","embeddable":true,"href":"https:\/\/lepatriotebenin.com\/index.php\/wp-json\/wp\/v2\/tags?post=1649"}],"curies":[{"name":"wp","href":"https:\/\/api.w.org\/{rel}","templated":true}]}}