{"id":16379,"date":"2026-01-10T09:43:19","date_gmt":"2026-01-10T08:43:19","guid":{"rendered":"https:\/\/lepatriotebenin.com\/?p=16379"},"modified":"2026-01-10T09:44:11","modified_gmt":"2026-01-10T08:44:11","slug":"tofa-2026-le-fa-consacre-un-benin-invincible","status":"publish","type":"post","link":"https:\/\/lepatriotebenin.com\/index.php\/2026\/01\/10\/tofa-2026-le-fa-consacre-un-benin-invincible\/","title":{"rendered":"Tof\u00e2 2026 : Le F\u00e2 consacre un B\u00e9nin invincible"},"content":{"rendered":"<p><em><strong>Consult\u00e9 le 9 janvier 2026 \u00e0 Ouidah, \u00e0 l\u2019occasion des Vodun Days, le F\u00e2 national du B\u00e9nin a livr\u00e9 un message unanimement positif. Plac\u00e9e sous le signe Losso S\u00e2, la r\u00e9v\u00e9lation annonce une ann\u00e9e de prosp\u00e9rit\u00e9, de r\u00e9sistance et de vigilance, selon les explications des dignitaires du F\u00e2, dont le professeur Mahougnon Kakpo.<\/strong><\/em><\/p>\n<p>Le signe Losso S\u00e2 est sorti pour le B\u00e9nin apr\u00e8s la consultation du Tof\u00e2 2026 par le coll\u00e8ge des dignitaires du F\u00e2. Ce signe porte un message central : le B\u00e9nin demeure un pays invincible, solidement prot\u00e9g\u00e9 par les forces spirituelles.<\/p>\n<p>En effet, selon l\u2019explication donn\u00e9e, <em>\u00ab l\u2019oiseau qui d\u00e9sire manger l\u2019enfant du verre urticant doit se forger un bec en m\u00e9tal<\/em> \u00bb. Cette image traduit la capacit\u00e9 du pays \u00e0 r\u00e9sister aux agressions, qu\u2019elles soient internes ou externes. Toute tentative de d\u00e9stabilisation se heurtera \u00e0 une force sup\u00e9rieure. Le F\u00e2 le confirme :<em> \u00ab trente noix de palme ne peuvent affronter trente cailloux sans en sortir indemnes \u00bb.<\/em> Losso S\u00e2 r\u00e9v\u00e8le \u00e9galement que la gouvernance future repose sur des fondations solides. Losso a \u00e9rig\u00e9 sa demeure sur le Sa, signe d\u2019un ancrage profond de la prosp\u00e9rit\u00e9. Le F\u00e2 annonce ainsi des jours meilleurs, marqu\u00e9s par l\u2019abondance et la stabilit\u00e9, \u00e0 condition que les principes fondamentaux soient respect\u00e9s.<\/p>\n<p>Cependant, le message n\u2019est pas d\u00e9nu\u00e9 d\u2019avertissements. Le F\u00e2 \u00e9voque une possible recrudescence de conflits territoriaux, appelant les autorit\u00e9s \u00e0 une gestion calme et responsable. Il met aussi en garde contre la pr\u00e9dation des ressources nationales. \u00c0 travers l\u2019image du chasseur impotent et de l\u2019\u00e9l\u00e9phant arrach\u00e9, le F\u00e2 pr\u00e9vient : ceux qui tenteraient de voler ou de d\u00e9tourner les richesses du pays n\u2019agiront pas impun\u00e9ment.<\/p>\n<p>Enfin, le Tof\u00e2 2026 prescrit un comportement cl\u00e9. Il s&rsquo;agit de bannir l\u2019insubordination \u00e0 tous les niveaux. Des rituels sp\u00e9cifiques ont \u00e9t\u00e9 recommand\u00e9s afin de consolider la paix, pr\u00e9server la prosp\u00e9rit\u00e9 et maintenir le B\u00e9nin sous la protection bienveillante de Losso S\u00e2.<\/p>\n<p>&nbsp;<\/p>\n<p>Gildas AHOGNI<\/p>\n","protected":false},"excerpt":{"rendered":"<p>Consult\u00e9 le 9 janvier 2026 \u00e0 Ouidah, \u00e0 l\u2019occasion des Vodun Days, le F\u00e2 national du B\u00e9nin a livr\u00e9 un message unanimement positif. Plac\u00e9e sous le signe Losso S\u00e2, la&hellip;<\/p>\n","protected":false},"author":5,"featured_media":16377,"comment_status":"open","ping_status":"open","sticky":false,"template":"","format":"standard","meta":{"content-type":"","om_disable_all_campaigns":false,"_monsterinsights_skip_tracking":false,"_monsterinsights_sitenote_active":false,"_monsterinsights_sitenote_note":"","_monsterinsights_sitenote_category":0,"_uf_show_specific_survey":0,"_uf_disable_surveys":false,"footnotes":""},"categories":[29],"tags":[],"class_list":["post-16379","post","type-post","status-publish","format-standard","has-post-thumbnail","hentry","category-culture"],"aioseo_notices":[],"yoast_head":"<!-- This site is optimized with the Yoast SEO plugin v27.5 - https:\/\/yoast.com\/product\/yoast-seo-wordpress\/ -->\n<title>Tof\u00e2 2026 : Le F\u00e2 consacre un B\u00e9nin invincible - Le Patriote<\/title>\n<meta name=\"robots\" content=\"index, follow, max-snippet:-1, max-image-preview:large, max-video-preview:-1\" \/>\n<link rel=\"canonical\" href=\"https:\/\/lepatriotebenin.com\/index.php\/2026\/01\/10\/tofa-2026-le-fa-consacre-un-benin-invincible\/\" \/>\n<meta property=\"og:locale\" content=\"fr_FR\" \/>\n<meta property=\"og:type\" content=\"article\" \/>\n<meta property=\"og:title\" content=\"Tof\u00e2 2026 : Le F\u00e2 consacre un B\u00e9nin invincible - Le Patriote\" \/>\n<meta property=\"og:description\" content=\"Consult\u00e9 le 9 janvier 2026 \u00e0 Ouidah, \u00e0 l\u2019occasion des Vodun Days, le F\u00e2 national du B\u00e9nin a livr\u00e9 un message unanimement positif. Plac\u00e9e sous le signe Losso S\u00e2, la&hellip;\" \/>\n<meta property=\"og:url\" content=\"https:\/\/lepatriotebenin.com\/index.php\/2026\/01\/10\/tofa-2026-le-fa-consacre-un-benin-invincible\/\" \/>\n<meta property=\"og:site_name\" content=\"Le Patriote\" \/>\n<meta property=\"article:published_time\" content=\"2026-01-10T08:43:19+00:00\" \/>\n<meta property=\"article:modified_time\" content=\"2026-01-10T08:44:11+00:00\" \/>\n<meta property=\"og:image\" content=\"https:\/\/lepatriotebenin.com\/wp-content\/uploads\/2026\/01\/signe.jpg\" \/>\n\t<meta property=\"og:image:width\" content=\"1920\" \/>\n\t<meta property=\"og:image:height\" content=\"966\" \/>\n\t<meta property=\"og:image:type\" content=\"image\/jpeg\" \/>\n<meta name=\"author\" content=\"Redaction\" \/>\n<meta name=\"twitter:card\" content=\"summary_large_image\" \/>\n<meta name=\"twitter:label1\" content=\"\u00c9crit par\" \/>\n\t<meta name=\"twitter:data1\" content=\"Redaction\" \/>\n\t<meta name=\"twitter:label2\" content=\"Dur\u00e9e de lecture estim\u00e9e\" \/>\n\t<meta name=\"twitter:data2\" content=\"2 minutes\" \/>\n<script type=\"application\/ld+json\" class=\"yoast-schema-graph\">{\"@context\":\"https:\\\/\\\/schema.org\",\"@graph\":[{\"@type\":\"Article\",\"@id\":\"https:\\\/\\\/lepatriotebenin.com\\\/index.php\\\/2026\\\/01\\\/10\\\/tofa-2026-le-fa-consacre-un-benin-invincible\\\/#article\",\"isPartOf\":{\"@id\":\"https:\\\/\\\/lepatriotebenin.com\\\/index.php\\\/2026\\\/01\\\/10\\\/tofa-2026-le-fa-consacre-un-benin-invincible\\\/\"},\"author\":{\"name\":\"Redaction\",\"@id\":\"https:\\\/\\\/lepatriotebenin.com\\\/#\\\/schema\\\/person\\\/2e7709b9c9cc313e452d1136af61690f\"},\"headline\":\"Tof\u00e2 2026 : Le F\u00e2 consacre un B\u00e9nin invincible\",\"datePublished\":\"2026-01-10T08:43:19+00:00\",\"dateModified\":\"2026-01-10T08:44:11+00:00\",\"mainEntityOfPage\":{\"@id\":\"https:\\\/\\\/lepatriotebenin.com\\\/index.php\\\/2026\\\/01\\\/10\\\/tofa-2026-le-fa-consacre-un-benin-invincible\\\/\"},\"wordCount\":359,\"commentCount\":0,\"image\":{\"@id\":\"https:\\\/\\\/lepatriotebenin.com\\\/index.php\\\/2026\\\/01\\\/10\\\/tofa-2026-le-fa-consacre-un-benin-invincible\\\/#primaryimage\"},\"thumbnailUrl\":\"https:\\\/\\\/lepatriotebenin.com\\\/wp-content\\\/uploads\\\/2026\\\/01\\\/signe.jpg\",\"articleSection\":[\"Culture\"],\"inLanguage\":\"fr-FR\",\"potentialAction\":[{\"@type\":\"CommentAction\",\"name\":\"Comment\",\"target\":[\"https:\\\/\\\/lepatriotebenin.com\\\/index.php\\\/2026\\\/01\\\/10\\\/tofa-2026-le-fa-consacre-un-benin-invincible\\\/#respond\"]}]},{\"@type\":\"WebPage\",\"@id\":\"https:\\\/\\\/lepatriotebenin.com\\\/index.php\\\/2026\\\/01\\\/10\\\/tofa-2026-le-fa-consacre-un-benin-invincible\\\/\",\"url\":\"https:\\\/\\\/lepatriotebenin.com\\\/index.php\\\/2026\\\/01\\\/10\\\/tofa-2026-le-fa-consacre-un-benin-invincible\\\/\",\"name\":\"Tof\u00e2 2026 : Le F\u00e2 consacre un B\u00e9nin invincible - Le Patriote\",\"isPartOf\":{\"@id\":\"https:\\\/\\\/lepatriotebenin.com\\\/#website\"},\"primaryImageOfPage\":{\"@id\":\"https:\\\/\\\/lepatriotebenin.com\\\/index.php\\\/2026\\\/01\\\/10\\\/tofa-2026-le-fa-consacre-un-benin-invincible\\\/#primaryimage\"},\"image\":{\"@id\":\"https:\\\/\\\/lepatriotebenin.com\\\/index.php\\\/2026\\\/01\\\/10\\\/tofa-2026-le-fa-consacre-un-benin-invincible\\\/#primaryimage\"},\"thumbnailUrl\":\"https:\\\/\\\/lepatriotebenin.com\\\/wp-content\\\/uploads\\\/2026\\\/01\\\/signe.jpg\",\"datePublished\":\"2026-01-10T08:43:19+00:00\",\"dateModified\":\"2026-01-10T08:44:11+00:00\",\"author\":{\"@id\":\"https:\\\/\\\/lepatriotebenin.com\\\/#\\\/schema\\\/person\\\/2e7709b9c9cc313e452d1136af61690f\"},\"breadcrumb\":{\"@id\":\"https:\\\/\\\/lepatriotebenin.com\\\/index.php\\\/2026\\\/01\\\/10\\\/tofa-2026-le-fa-consacre-un-benin-invincible\\\/#breadcrumb\"},\"inLanguage\":\"fr-FR\",\"potentialAction\":[{\"@type\":\"ReadAction\",\"target\":[\"https:\\\/\\\/lepatriotebenin.com\\\/index.php\\\/2026\\\/01\\\/10\\\/tofa-2026-le-fa-consacre-un-benin-invincible\\\/\"]}]},{\"@type\":\"ImageObject\",\"inLanguage\":\"fr-FR\",\"@id\":\"https:\\\/\\\/lepatriotebenin.com\\\/index.php\\\/2026\\\/01\\\/10\\\/tofa-2026-le-fa-consacre-un-benin-invincible\\\/#primaryimage\",\"url\":\"https:\\\/\\\/lepatriotebenin.com\\\/wp-content\\\/uploads\\\/2026\\\/01\\\/signe.jpg\",\"contentUrl\":\"https:\\\/\\\/lepatriotebenin.com\\\/wp-content\\\/uploads\\\/2026\\\/01\\\/signe.jpg\",\"width\":1920,\"height\":966,\"caption\":\"0-8160x6138-0-0#\"},{\"@type\":\"BreadcrumbList\",\"@id\":\"https:\\\/\\\/lepatriotebenin.com\\\/index.php\\\/2026\\\/01\\\/10\\\/tofa-2026-le-fa-consacre-un-benin-invincible\\\/#breadcrumb\",\"itemListElement\":[{\"@type\":\"ListItem\",\"position\":1,\"name\":\"Accueil\",\"item\":\"https:\\\/\\\/lepatriotebenin.com\\\/\"},{\"@type\":\"ListItem\",\"position\":2,\"name\":\"Tof\u00e2 2026 : Le F\u00e2 consacre un B\u00e9nin invincible\"}]},{\"@type\":\"WebSite\",\"@id\":\"https:\\\/\\\/lepatriotebenin.com\\\/#website\",\"url\":\"https:\\\/\\\/lepatriotebenin.com\\\/\",\"name\":\"Le Patriote\",\"description\":\"Le Patriote B\u00e9nin\",\"potentialAction\":[{\"@type\":\"SearchAction\",\"target\":{\"@type\":\"EntryPoint\",\"urlTemplate\":\"https:\\\/\\\/lepatriotebenin.com\\\/?s={search_term_string}\"},\"query-input\":{\"@type\":\"PropertyValueSpecification\",\"valueRequired\":true,\"valueName\":\"search_term_string\"}}],\"inLanguage\":\"fr-FR\"},{\"@type\":\"Person\",\"@id\":\"https:\\\/\\\/lepatriotebenin.com\\\/#\\\/schema\\\/person\\\/2e7709b9c9cc313e452d1136af61690f\",\"name\":\"Redaction\",\"image\":{\"@type\":\"ImageObject\",\"inLanguage\":\"fr-FR\",\"@id\":\"https:\\\/\\\/secure.gravatar.com\\\/avatar\\\/c4c509357859ea2ca2cbb6d8812898a73e4ef1ef9934c2e591d7e32face734d1?s=96&d=mm&r=g\",\"url\":\"https:\\\/\\\/secure.gravatar.com\\\/avatar\\\/c4c509357859ea2ca2cbb6d8812898a73e4ef1ef9934c2e591d7e32face734d1?s=96&d=mm&r=g\",\"contentUrl\":\"https:\\\/\\\/secure.gravatar.com\\\/avatar\\\/c4c509357859ea2ca2cbb6d8812898a73e4ef1ef9934c2e591d7e32face734d1?s=96&d=mm&r=g\",\"caption\":\"Redaction\"},\"url\":\"https:\\\/\\\/lepatriotebenin.com\"}]}<\/script>\n<!-- \/ Yoast SEO plugin. -->","yoast_head_json":{"title":"Tof\u00e2 2026 : Le F\u00e2 consacre un B\u00e9nin invincible - Le Patriote","robots":{"index":"index","follow":"follow","max-snippet":"max-snippet:-1","max-image-preview":"max-image-preview:large","max-video-preview":"max-video-preview:-1"},"canonical":"https:\/\/lepatriotebenin.com\/index.php\/2026\/01\/10\/tofa-2026-le-fa-consacre-un-benin-invincible\/","og_locale":"fr_FR","og_type":"article","og_title":"Tof\u00e2 2026 : Le F\u00e2 consacre un B\u00e9nin invincible - Le Patriote","og_description":"Consult\u00e9 le 9 janvier 2026 \u00e0 Ouidah, \u00e0 l\u2019occasion des Vodun Days, le F\u00e2 national du B\u00e9nin a livr\u00e9 un message unanimement positif. Plac\u00e9e sous le signe Losso S\u00e2, la&hellip;","og_url":"https:\/\/lepatriotebenin.com\/index.php\/2026\/01\/10\/tofa-2026-le-fa-consacre-un-benin-invincible\/","og_site_name":"Le Patriote","article_published_time":"2026-01-10T08:43:19+00:00","article_modified_time":"2026-01-10T08:44:11+00:00","og_image":[{"width":1920,"height":966,"url":"https:\/\/lepatriotebenin.com\/wp-content\/uploads\/2026\/01\/signe.jpg","type":"image\/jpeg"}],"author":"Redaction","twitter_card":"summary_large_image","twitter_misc":{"\u00c9crit par":"Redaction","Dur\u00e9e de lecture estim\u00e9e":"2 minutes"},"schema":{"@context":"https:\/\/schema.org","@graph":[{"@type":"Article","@id":"https:\/\/lepatriotebenin.com\/index.php\/2026\/01\/10\/tofa-2026-le-fa-consacre-un-benin-invincible\/#article","isPartOf":{"@id":"https:\/\/lepatriotebenin.com\/index.php\/2026\/01\/10\/tofa-2026-le-fa-consacre-un-benin-invincible\/"},"author":{"name":"Redaction","@id":"https:\/\/lepatriotebenin.com\/#\/schema\/person\/2e7709b9c9cc313e452d1136af61690f"},"headline":"Tof\u00e2 2026 : Le F\u00e2 consacre un B\u00e9nin invincible","datePublished":"2026-01-10T08:43:19+00:00","dateModified":"2026-01-10T08:44:11+00:00","mainEntityOfPage":{"@id":"https:\/\/lepatriotebenin.com\/index.php\/2026\/01\/10\/tofa-2026-le-fa-consacre-un-benin-invincible\/"},"wordCount":359,"commentCount":0,"image":{"@id":"https:\/\/lepatriotebenin.com\/index.php\/2026\/01\/10\/tofa-2026-le-fa-consacre-un-benin-invincible\/#primaryimage"},"thumbnailUrl":"https:\/\/lepatriotebenin.com\/wp-content\/uploads\/2026\/01\/signe.jpg","articleSection":["Culture"],"inLanguage":"fr-FR","potentialAction":[{"@type":"CommentAction","name":"Comment","target":["https:\/\/lepatriotebenin.com\/index.php\/2026\/01\/10\/tofa-2026-le-fa-consacre-un-benin-invincible\/#respond"]}]},{"@type":"WebPage","@id":"https:\/\/lepatriotebenin.com\/index.php\/2026\/01\/10\/tofa-2026-le-fa-consacre-un-benin-invincible\/","url":"https:\/\/lepatriotebenin.com\/index.php\/2026\/01\/10\/tofa-2026-le-fa-consacre-un-benin-invincible\/","name":"Tof\u00e2 2026 : Le F\u00e2 consacre un B\u00e9nin invincible - Le Patriote","isPartOf":{"@id":"https:\/\/lepatriotebenin.com\/#website"},"primaryImageOfPage":{"@id":"https:\/\/lepatriotebenin.com\/index.php\/2026\/01\/10\/tofa-2026-le-fa-consacre-un-benin-invincible\/#primaryimage"},"image":{"@id":"https:\/\/lepatriotebenin.com\/index.php\/2026\/01\/10\/tofa-2026-le-fa-consacre-un-benin-invincible\/#primaryimage"},"thumbnailUrl":"https:\/\/lepatriotebenin.com\/wp-content\/uploads\/2026\/01\/signe.jpg","datePublished":"2026-01-10T08:43:19+00:00","dateModified":"2026-01-10T08:44:11+00:00","author":{"@id":"https:\/\/lepatriotebenin.com\/#\/schema\/person\/2e7709b9c9cc313e452d1136af61690f"},"breadcrumb":{"@id":"https:\/\/lepatriotebenin.com\/index.php\/2026\/01\/10\/tofa-2026-le-fa-consacre-un-benin-invincible\/#breadcrumb"},"inLanguage":"fr-FR","potentialAction":[{"@type":"ReadAction","target":["https:\/\/lepatriotebenin.com\/index.php\/2026\/01\/10\/tofa-2026-le-fa-consacre-un-benin-invincible\/"]}]},{"@type":"ImageObject","inLanguage":"fr-FR","@id":"https:\/\/lepatriotebenin.com\/index.php\/2026\/01\/10\/tofa-2026-le-fa-consacre-un-benin-invincible\/#primaryimage","url":"https:\/\/lepatriotebenin.com\/wp-content\/uploads\/2026\/01\/signe.jpg","contentUrl":"https:\/\/lepatriotebenin.com\/wp-content\/uploads\/2026\/01\/signe.jpg","width":1920,"height":966,"caption":"0-8160x6138-0-0#"},{"@type":"BreadcrumbList","@id":"https:\/\/lepatriotebenin.com\/index.php\/2026\/01\/10\/tofa-2026-le-fa-consacre-un-benin-invincible\/#breadcrumb","itemListElement":[{"@type":"ListItem","position":1,"name":"Accueil","item":"https:\/\/lepatriotebenin.com\/"},{"@type":"ListItem","position":2,"name":"Tof\u00e2 2026 : Le F\u00e2 consacre un B\u00e9nin invincible"}]},{"@type":"WebSite","@id":"https:\/\/lepatriotebenin.com\/#website","url":"https:\/\/lepatriotebenin.com\/","name":"Le Patriote","description":"Le Patriote B\u00e9nin","potentialAction":[{"@type":"SearchAction","target":{"@type":"EntryPoint","urlTemplate":"https:\/\/lepatriotebenin.com\/?s={search_term_string}"},"query-input":{"@type":"PropertyValueSpecification","valueRequired":true,"valueName":"search_term_string"}}],"inLanguage":"fr-FR"},{"@type":"Person","@id":"https:\/\/lepatriotebenin.com\/#\/schema\/person\/2e7709b9c9cc313e452d1136af61690f","name":"Redaction","image":{"@type":"ImageObject","inLanguage":"fr-FR","@id":"https:\/\/secure.gravatar.com\/avatar\/c4c509357859ea2ca2cbb6d8812898a73e4ef1ef9934c2e591d7e32face734d1?s=96&d=mm&r=g","url":"https:\/\/secure.gravatar.com\/avatar\/c4c509357859ea2ca2cbb6d8812898a73e4ef1ef9934c2e591d7e32face734d1?s=96&d=mm&r=g","contentUrl":"https:\/\/secure.gravatar.com\/avatar\/c4c509357859ea2ca2cbb6d8812898a73e4ef1ef9934c2e591d7e32face734d1?s=96&d=mm&r=g","caption":"Redaction"},"url":"https:\/\/lepatriotebenin.com"}]}},"_links":{"self":[{"href":"https:\/\/lepatriotebenin.com\/index.php\/wp-json\/wp\/v2\/posts\/16379","targetHints":{"allow":["GET"]}}],"collection":[{"href":"https:\/\/lepatriotebenin.com\/index.php\/wp-json\/wp\/v2\/posts"}],"about":[{"href":"https:\/\/lepatriotebenin.com\/index.php\/wp-json\/wp\/v2\/types\/post"}],"author":[{"embeddable":true,"href":"https:\/\/lepatriotebenin.com\/index.php\/wp-json\/wp\/v2\/users\/5"}],"replies":[{"embeddable":true,"href":"https:\/\/lepatriotebenin.com\/index.php\/wp-json\/wp\/v2\/comments?post=16379"}],"version-history":[{"count":2,"href":"https:\/\/lepatriotebenin.com\/index.php\/wp-json\/wp\/v2\/posts\/16379\/revisions"}],"predecessor-version":[{"id":16381,"href":"https:\/\/lepatriotebenin.com\/index.php\/wp-json\/wp\/v2\/posts\/16379\/revisions\/16381"}],"wp:featuredmedia":[{"embeddable":true,"href":"https:\/\/lepatriotebenin.com\/index.php\/wp-json\/wp\/v2\/media\/16377"}],"wp:attachment":[{"href":"https:\/\/lepatriotebenin.com\/index.php\/wp-json\/wp\/v2\/media?parent=16379"}],"wp:term":[{"taxonomy":"category","embeddable":true,"href":"https:\/\/lepatriotebenin.com\/index.php\/wp-json\/wp\/v2\/categories?post=16379"},{"taxonomy":"post_tag","embeddable":true,"href":"https:\/\/lepatriotebenin.com\/index.php\/wp-json\/wp\/v2\/tags?post=16379"}],"curies":[{"name":"wp","href":"https:\/\/api.w.org\/{rel}","templated":true}]}}