{"id":16376,"date":"2026-01-09T21:43:28","date_gmt":"2026-01-09T20:43:28","guid":{"rendered":"https:\/\/lepatriotebenin.com\/?p=16376"},"modified":"2026-01-09T21:43:28","modified_gmt":"2026-01-09T20:43:28","slug":"consultation-du-tofa-a-ouidah-le-signe-losso-sa-gouverne-le-benin-en-2026","status":"publish","type":"post","link":"https:\/\/lepatriotebenin.com\/index.php\/2026\/01\/09\/consultation-du-tofa-a-ouidah-le-signe-losso-sa-gouverne-le-benin-en-2026\/","title":{"rendered":"Consultation du Tof\u00e2 \u00e0 Ouidah :  Le signe Losso S\u00e2 gouverne le B\u00e9nin  en 2026"},"content":{"rendered":"<p>Les Vodun Days ont officiellement d\u00e9marr\u00e9 le jeudi 8 janvier 2026 \u00e0 Ouidah. Parmi les temps forts de cette c\u00e9l\u00e9bration du patrimoine spirituel b\u00e9ninois figure la consultation du B\u00e9nin Tof\u00e2 2026. Cette\u00a0 consultation a eu lieu ce \u00a0<strong>vendredi 9 janvier2026<\/strong> \u00e0 Ouidah, dans le d\u00e9partement de l\u2019Atlantique. \u00a0A l\u2019issue de ladite consultation, par les pr\u00eatres du F\u00e2 \u00a0c\u2019est le signe <strong>Losso S\u00e2<\/strong> qui \u00a0gouvernera le B\u00e9nin en 2026.<\/p>\n<p>Selon les premi\u00e8res interpr\u00e9tations, ce signe est porteur\u00a0 de perspectives favorables pour\u00a0 le pays. \u00a0\u00a0Les explications \u00a0compl\u00e8tes\u00a0 seront faites plus tard par le coll\u00e8ge des Bokonon\u00a0.<\/p>\n","protected":false},"excerpt":{"rendered":"<p>Les Vodun Days ont officiellement d\u00e9marr\u00e9 le jeudi 8 janvier 2026 \u00e0 Ouidah. Parmi les temps forts de cette c\u00e9l\u00e9bration du patrimoine spirituel b\u00e9ninois figure la consultation du B\u00e9nin Tof\u00e2&hellip;<\/p>\n","protected":false},"author":6,"featured_media":16377,"comment_status":"open","ping_status":"open","sticky":false,"template":"","format":"standard","meta":{"content-type":"","om_disable_all_campaigns":false,"_monsterinsights_skip_tracking":false,"_monsterinsights_sitenote_active":false,"_monsterinsights_sitenote_note":"","_monsterinsights_sitenote_category":0,"_uf_show_specific_survey":0,"_uf_disable_surveys":false,"footnotes":""},"categories":[29],"tags":[],"class_list":["post-16376","post","type-post","status-publish","format-standard","has-post-thumbnail","hentry","category-culture"],"aioseo_notices":[],"yoast_head":"<!-- This site is optimized with the Yoast SEO plugin v27.5 - https:\/\/yoast.com\/product\/yoast-seo-wordpress\/ -->\n<title>Consultation du Tof\u00e2 \u00e0 Ouidah : Le signe Losso S\u00e2 gouverne le B\u00e9nin en 2026 - Le Patriote<\/title>\n<meta name=\"robots\" content=\"index, follow, max-snippet:-1, max-image-preview:large, max-video-preview:-1\" \/>\n<link rel=\"canonical\" href=\"https:\/\/lepatriotebenin.com\/index.php\/2026\/01\/09\/consultation-du-tofa-a-ouidah-le-signe-losso-sa-gouverne-le-benin-en-2026\/\" \/>\n<meta property=\"og:locale\" content=\"fr_FR\" \/>\n<meta property=\"og:type\" content=\"article\" \/>\n<meta property=\"og:title\" content=\"Consultation du Tof\u00e2 \u00e0 Ouidah : Le signe Losso S\u00e2 gouverne le B\u00e9nin en 2026 - Le Patriote\" \/>\n<meta property=\"og:description\" content=\"Les Vodun Days ont officiellement d\u00e9marr\u00e9 le jeudi 8 janvier 2026 \u00e0 Ouidah. Parmi les temps forts de cette c\u00e9l\u00e9bration du patrimoine spirituel b\u00e9ninois figure la consultation du B\u00e9nin Tof\u00e2&hellip;\" \/>\n<meta property=\"og:url\" content=\"https:\/\/lepatriotebenin.com\/index.php\/2026\/01\/09\/consultation-du-tofa-a-ouidah-le-signe-losso-sa-gouverne-le-benin-en-2026\/\" \/>\n<meta property=\"og:site_name\" content=\"Le Patriote\" \/>\n<meta property=\"article:published_time\" content=\"2026-01-09T20:43:28+00:00\" \/>\n<meta property=\"og:image\" content=\"https:\/\/lepatriotebenin.com\/wp-content\/uploads\/2026\/01\/signe.jpg\" \/>\n\t<meta property=\"og:image:width\" content=\"1920\" \/>\n\t<meta property=\"og:image:height\" content=\"966\" \/>\n\t<meta property=\"og:image:type\" content=\"image\/jpeg\" \/>\n<meta name=\"author\" content=\"Roland AFFANOU\" \/>\n<meta name=\"twitter:card\" content=\"summary_large_image\" \/>\n<meta name=\"twitter:label1\" content=\"\u00c9crit par\" \/>\n\t<meta name=\"twitter:data1\" content=\"Roland AFFANOU\" \/>\n\t<meta name=\"twitter:label2\" content=\"Dur\u00e9e de lecture estim\u00e9e\" \/>\n\t<meta name=\"twitter:data2\" content=\"1 minute\" \/>\n<script type=\"application\/ld+json\" class=\"yoast-schema-graph\">{\"@context\":\"https:\\\/\\\/schema.org\",\"@graph\":[{\"@type\":\"Article\",\"@id\":\"https:\\\/\\\/lepatriotebenin.com\\\/index.php\\\/2026\\\/01\\\/09\\\/consultation-du-tofa-a-ouidah-le-signe-losso-sa-gouverne-le-benin-en-2026\\\/#article\",\"isPartOf\":{\"@id\":\"https:\\\/\\\/lepatriotebenin.com\\\/index.php\\\/2026\\\/01\\\/09\\\/consultation-du-tofa-a-ouidah-le-signe-losso-sa-gouverne-le-benin-en-2026\\\/\"},\"author\":{\"name\":\"Roland AFFANOU\",\"@id\":\"https:\\\/\\\/lepatriotebenin.com\\\/#\\\/schema\\\/person\\\/4a9b67216c97d04045e01405c534c91f\"},\"headline\":\"Consultation du Tof\u00e2 \u00e0 Ouidah : Le signe Losso S\u00e2 gouverne le B\u00e9nin en 2026\",\"datePublished\":\"2026-01-09T20:43:28+00:00\",\"mainEntityOfPage\":{\"@id\":\"https:\\\/\\\/lepatriotebenin.com\\\/index.php\\\/2026\\\/01\\\/09\\\/consultation-du-tofa-a-ouidah-le-signe-losso-sa-gouverne-le-benin-en-2026\\\/\"},\"wordCount\":115,\"commentCount\":0,\"image\":{\"@id\":\"https:\\\/\\\/lepatriotebenin.com\\\/index.php\\\/2026\\\/01\\\/09\\\/consultation-du-tofa-a-ouidah-le-signe-losso-sa-gouverne-le-benin-en-2026\\\/#primaryimage\"},\"thumbnailUrl\":\"https:\\\/\\\/lepatriotebenin.com\\\/wp-content\\\/uploads\\\/2026\\\/01\\\/signe.jpg\",\"articleSection\":[\"Culture\"],\"inLanguage\":\"fr-FR\",\"potentialAction\":[{\"@type\":\"CommentAction\",\"name\":\"Comment\",\"target\":[\"https:\\\/\\\/lepatriotebenin.com\\\/index.php\\\/2026\\\/01\\\/09\\\/consultation-du-tofa-a-ouidah-le-signe-losso-sa-gouverne-le-benin-en-2026\\\/#respond\"]}]},{\"@type\":\"WebPage\",\"@id\":\"https:\\\/\\\/lepatriotebenin.com\\\/index.php\\\/2026\\\/01\\\/09\\\/consultation-du-tofa-a-ouidah-le-signe-losso-sa-gouverne-le-benin-en-2026\\\/\",\"url\":\"https:\\\/\\\/lepatriotebenin.com\\\/index.php\\\/2026\\\/01\\\/09\\\/consultation-du-tofa-a-ouidah-le-signe-losso-sa-gouverne-le-benin-en-2026\\\/\",\"name\":\"Consultation du Tof\u00e2 \u00e0 Ouidah : Le signe Losso S\u00e2 gouverne le B\u00e9nin en 2026 - Le Patriote\",\"isPartOf\":{\"@id\":\"https:\\\/\\\/lepatriotebenin.com\\\/#website\"},\"primaryImageOfPage\":{\"@id\":\"https:\\\/\\\/lepatriotebenin.com\\\/index.php\\\/2026\\\/01\\\/09\\\/consultation-du-tofa-a-ouidah-le-signe-losso-sa-gouverne-le-benin-en-2026\\\/#primaryimage\"},\"image\":{\"@id\":\"https:\\\/\\\/lepatriotebenin.com\\\/index.php\\\/2026\\\/01\\\/09\\\/consultation-du-tofa-a-ouidah-le-signe-losso-sa-gouverne-le-benin-en-2026\\\/#primaryimage\"},\"thumbnailUrl\":\"https:\\\/\\\/lepatriotebenin.com\\\/wp-content\\\/uploads\\\/2026\\\/01\\\/signe.jpg\",\"datePublished\":\"2026-01-09T20:43:28+00:00\",\"author\":{\"@id\":\"https:\\\/\\\/lepatriotebenin.com\\\/#\\\/schema\\\/person\\\/4a9b67216c97d04045e01405c534c91f\"},\"breadcrumb\":{\"@id\":\"https:\\\/\\\/lepatriotebenin.com\\\/index.php\\\/2026\\\/01\\\/09\\\/consultation-du-tofa-a-ouidah-le-signe-losso-sa-gouverne-le-benin-en-2026\\\/#breadcrumb\"},\"inLanguage\":\"fr-FR\",\"potentialAction\":[{\"@type\":\"ReadAction\",\"target\":[\"https:\\\/\\\/lepatriotebenin.com\\\/index.php\\\/2026\\\/01\\\/09\\\/consultation-du-tofa-a-ouidah-le-signe-losso-sa-gouverne-le-benin-en-2026\\\/\"]}]},{\"@type\":\"ImageObject\",\"inLanguage\":\"fr-FR\",\"@id\":\"https:\\\/\\\/lepatriotebenin.com\\\/index.php\\\/2026\\\/01\\\/09\\\/consultation-du-tofa-a-ouidah-le-signe-losso-sa-gouverne-le-benin-en-2026\\\/#primaryimage\",\"url\":\"https:\\\/\\\/lepatriotebenin.com\\\/wp-content\\\/uploads\\\/2026\\\/01\\\/signe.jpg\",\"contentUrl\":\"https:\\\/\\\/lepatriotebenin.com\\\/wp-content\\\/uploads\\\/2026\\\/01\\\/signe.jpg\",\"width\":1920,\"height\":966,\"caption\":\"0-8160x6138-0-0#\"},{\"@type\":\"BreadcrumbList\",\"@id\":\"https:\\\/\\\/lepatriotebenin.com\\\/index.php\\\/2026\\\/01\\\/09\\\/consultation-du-tofa-a-ouidah-le-signe-losso-sa-gouverne-le-benin-en-2026\\\/#breadcrumb\",\"itemListElement\":[{\"@type\":\"ListItem\",\"position\":1,\"name\":\"Accueil\",\"item\":\"https:\\\/\\\/lepatriotebenin.com\\\/\"},{\"@type\":\"ListItem\",\"position\":2,\"name\":\"Consultation du Tof\u00e2 \u00e0 Ouidah : Le signe Losso S\u00e2 gouverne le B\u00e9nin en 2026\"}]},{\"@type\":\"WebSite\",\"@id\":\"https:\\\/\\\/lepatriotebenin.com\\\/#website\",\"url\":\"https:\\\/\\\/lepatriotebenin.com\\\/\",\"name\":\"Le Patriote\",\"description\":\"Le Patriote B\u00e9nin\",\"potentialAction\":[{\"@type\":\"SearchAction\",\"target\":{\"@type\":\"EntryPoint\",\"urlTemplate\":\"https:\\\/\\\/lepatriotebenin.com\\\/?s={search_term_string}\"},\"query-input\":{\"@type\":\"PropertyValueSpecification\",\"valueRequired\":true,\"valueName\":\"search_term_string\"}}],\"inLanguage\":\"fr-FR\"},{\"@type\":\"Person\",\"@id\":\"https:\\\/\\\/lepatriotebenin.com\\\/#\\\/schema\\\/person\\\/4a9b67216c97d04045e01405c534c91f\",\"name\":\"Roland AFFANOU\",\"image\":{\"@type\":\"ImageObject\",\"inLanguage\":\"fr-FR\",\"@id\":\"https:\\\/\\\/secure.gravatar.com\\\/avatar\\\/7209d3f6d2d47ea4d0c67e14d3effb61feb10ae540a4381280c66265de5bd643?s=96&d=mm&r=g\",\"url\":\"https:\\\/\\\/secure.gravatar.com\\\/avatar\\\/7209d3f6d2d47ea4d0c67e14d3effb61feb10ae540a4381280c66265de5bd643?s=96&d=mm&r=g\",\"contentUrl\":\"https:\\\/\\\/secure.gravatar.com\\\/avatar\\\/7209d3f6d2d47ea4d0c67e14d3effb61feb10ae540a4381280c66265de5bd643?s=96&d=mm&r=g\",\"caption\":\"Roland AFFANOU\"},\"url\":\"https:\\\/\\\/lepatriotebenin.com\"}]}<\/script>\n<!-- \/ Yoast SEO plugin. -->","yoast_head_json":{"title":"Consultation du Tof\u00e2 \u00e0 Ouidah : Le signe Losso S\u00e2 gouverne le B\u00e9nin en 2026 - Le Patriote","robots":{"index":"index","follow":"follow","max-snippet":"max-snippet:-1","max-image-preview":"max-image-preview:large","max-video-preview":"max-video-preview:-1"},"canonical":"https:\/\/lepatriotebenin.com\/index.php\/2026\/01\/09\/consultation-du-tofa-a-ouidah-le-signe-losso-sa-gouverne-le-benin-en-2026\/","og_locale":"fr_FR","og_type":"article","og_title":"Consultation du Tof\u00e2 \u00e0 Ouidah : Le signe Losso S\u00e2 gouverne le B\u00e9nin en 2026 - Le Patriote","og_description":"Les Vodun Days ont officiellement d\u00e9marr\u00e9 le jeudi 8 janvier 2026 \u00e0 Ouidah. Parmi les temps forts de cette c\u00e9l\u00e9bration du patrimoine spirituel b\u00e9ninois figure la consultation du B\u00e9nin Tof\u00e2&hellip;","og_url":"https:\/\/lepatriotebenin.com\/index.php\/2026\/01\/09\/consultation-du-tofa-a-ouidah-le-signe-losso-sa-gouverne-le-benin-en-2026\/","og_site_name":"Le Patriote","article_published_time":"2026-01-09T20:43:28+00:00","og_image":[{"width":1920,"height":966,"url":"https:\/\/lepatriotebenin.com\/wp-content\/uploads\/2026\/01\/signe.jpg","type":"image\/jpeg"}],"author":"Roland AFFANOU","twitter_card":"summary_large_image","twitter_misc":{"\u00c9crit par":"Roland AFFANOU","Dur\u00e9e de lecture estim\u00e9e":"1 minute"},"schema":{"@context":"https:\/\/schema.org","@graph":[{"@type":"Article","@id":"https:\/\/lepatriotebenin.com\/index.php\/2026\/01\/09\/consultation-du-tofa-a-ouidah-le-signe-losso-sa-gouverne-le-benin-en-2026\/#article","isPartOf":{"@id":"https:\/\/lepatriotebenin.com\/index.php\/2026\/01\/09\/consultation-du-tofa-a-ouidah-le-signe-losso-sa-gouverne-le-benin-en-2026\/"},"author":{"name":"Roland AFFANOU","@id":"https:\/\/lepatriotebenin.com\/#\/schema\/person\/4a9b67216c97d04045e01405c534c91f"},"headline":"Consultation du Tof\u00e2 \u00e0 Ouidah : Le signe Losso S\u00e2 gouverne le B\u00e9nin en 2026","datePublished":"2026-01-09T20:43:28+00:00","mainEntityOfPage":{"@id":"https:\/\/lepatriotebenin.com\/index.php\/2026\/01\/09\/consultation-du-tofa-a-ouidah-le-signe-losso-sa-gouverne-le-benin-en-2026\/"},"wordCount":115,"commentCount":0,"image":{"@id":"https:\/\/lepatriotebenin.com\/index.php\/2026\/01\/09\/consultation-du-tofa-a-ouidah-le-signe-losso-sa-gouverne-le-benin-en-2026\/#primaryimage"},"thumbnailUrl":"https:\/\/lepatriotebenin.com\/wp-content\/uploads\/2026\/01\/signe.jpg","articleSection":["Culture"],"inLanguage":"fr-FR","potentialAction":[{"@type":"CommentAction","name":"Comment","target":["https:\/\/lepatriotebenin.com\/index.php\/2026\/01\/09\/consultation-du-tofa-a-ouidah-le-signe-losso-sa-gouverne-le-benin-en-2026\/#respond"]}]},{"@type":"WebPage","@id":"https:\/\/lepatriotebenin.com\/index.php\/2026\/01\/09\/consultation-du-tofa-a-ouidah-le-signe-losso-sa-gouverne-le-benin-en-2026\/","url":"https:\/\/lepatriotebenin.com\/index.php\/2026\/01\/09\/consultation-du-tofa-a-ouidah-le-signe-losso-sa-gouverne-le-benin-en-2026\/","name":"Consultation du Tof\u00e2 \u00e0 Ouidah : Le signe Losso S\u00e2 gouverne le B\u00e9nin en 2026 - Le Patriote","isPartOf":{"@id":"https:\/\/lepatriotebenin.com\/#website"},"primaryImageOfPage":{"@id":"https:\/\/lepatriotebenin.com\/index.php\/2026\/01\/09\/consultation-du-tofa-a-ouidah-le-signe-losso-sa-gouverne-le-benin-en-2026\/#primaryimage"},"image":{"@id":"https:\/\/lepatriotebenin.com\/index.php\/2026\/01\/09\/consultation-du-tofa-a-ouidah-le-signe-losso-sa-gouverne-le-benin-en-2026\/#primaryimage"},"thumbnailUrl":"https:\/\/lepatriotebenin.com\/wp-content\/uploads\/2026\/01\/signe.jpg","datePublished":"2026-01-09T20:43:28+00:00","author":{"@id":"https:\/\/lepatriotebenin.com\/#\/schema\/person\/4a9b67216c97d04045e01405c534c91f"},"breadcrumb":{"@id":"https:\/\/lepatriotebenin.com\/index.php\/2026\/01\/09\/consultation-du-tofa-a-ouidah-le-signe-losso-sa-gouverne-le-benin-en-2026\/#breadcrumb"},"inLanguage":"fr-FR","potentialAction":[{"@type":"ReadAction","target":["https:\/\/lepatriotebenin.com\/index.php\/2026\/01\/09\/consultation-du-tofa-a-ouidah-le-signe-losso-sa-gouverne-le-benin-en-2026\/"]}]},{"@type":"ImageObject","inLanguage":"fr-FR","@id":"https:\/\/lepatriotebenin.com\/index.php\/2026\/01\/09\/consultation-du-tofa-a-ouidah-le-signe-losso-sa-gouverne-le-benin-en-2026\/#primaryimage","url":"https:\/\/lepatriotebenin.com\/wp-content\/uploads\/2026\/01\/signe.jpg","contentUrl":"https:\/\/lepatriotebenin.com\/wp-content\/uploads\/2026\/01\/signe.jpg","width":1920,"height":966,"caption":"0-8160x6138-0-0#"},{"@type":"BreadcrumbList","@id":"https:\/\/lepatriotebenin.com\/index.php\/2026\/01\/09\/consultation-du-tofa-a-ouidah-le-signe-losso-sa-gouverne-le-benin-en-2026\/#breadcrumb","itemListElement":[{"@type":"ListItem","position":1,"name":"Accueil","item":"https:\/\/lepatriotebenin.com\/"},{"@type":"ListItem","position":2,"name":"Consultation du Tof\u00e2 \u00e0 Ouidah : Le signe Losso S\u00e2 gouverne le B\u00e9nin en 2026"}]},{"@type":"WebSite","@id":"https:\/\/lepatriotebenin.com\/#website","url":"https:\/\/lepatriotebenin.com\/","name":"Le Patriote","description":"Le Patriote B\u00e9nin","potentialAction":[{"@type":"SearchAction","target":{"@type":"EntryPoint","urlTemplate":"https:\/\/lepatriotebenin.com\/?s={search_term_string}"},"query-input":{"@type":"PropertyValueSpecification","valueRequired":true,"valueName":"search_term_string"}}],"inLanguage":"fr-FR"},{"@type":"Person","@id":"https:\/\/lepatriotebenin.com\/#\/schema\/person\/4a9b67216c97d04045e01405c534c91f","name":"Roland AFFANOU","image":{"@type":"ImageObject","inLanguage":"fr-FR","@id":"https:\/\/secure.gravatar.com\/avatar\/7209d3f6d2d47ea4d0c67e14d3effb61feb10ae540a4381280c66265de5bd643?s=96&d=mm&r=g","url":"https:\/\/secure.gravatar.com\/avatar\/7209d3f6d2d47ea4d0c67e14d3effb61feb10ae540a4381280c66265de5bd643?s=96&d=mm&r=g","contentUrl":"https:\/\/secure.gravatar.com\/avatar\/7209d3f6d2d47ea4d0c67e14d3effb61feb10ae540a4381280c66265de5bd643?s=96&d=mm&r=g","caption":"Roland AFFANOU"},"url":"https:\/\/lepatriotebenin.com"}]}},"_links":{"self":[{"href":"https:\/\/lepatriotebenin.com\/index.php\/wp-json\/wp\/v2\/posts\/16376","targetHints":{"allow":["GET"]}}],"collection":[{"href":"https:\/\/lepatriotebenin.com\/index.php\/wp-json\/wp\/v2\/posts"}],"about":[{"href":"https:\/\/lepatriotebenin.com\/index.php\/wp-json\/wp\/v2\/types\/post"}],"author":[{"embeddable":true,"href":"https:\/\/lepatriotebenin.com\/index.php\/wp-json\/wp\/v2\/users\/6"}],"replies":[{"embeddable":true,"href":"https:\/\/lepatriotebenin.com\/index.php\/wp-json\/wp\/v2\/comments?post=16376"}],"version-history":[{"count":1,"href":"https:\/\/lepatriotebenin.com\/index.php\/wp-json\/wp\/v2\/posts\/16376\/revisions"}],"predecessor-version":[{"id":16378,"href":"https:\/\/lepatriotebenin.com\/index.php\/wp-json\/wp\/v2\/posts\/16376\/revisions\/16378"}],"wp:featuredmedia":[{"embeddable":true,"href":"https:\/\/lepatriotebenin.com\/index.php\/wp-json\/wp\/v2\/media\/16377"}],"wp:attachment":[{"href":"https:\/\/lepatriotebenin.com\/index.php\/wp-json\/wp\/v2\/media?parent=16376"}],"wp:term":[{"taxonomy":"category","embeddable":true,"href":"https:\/\/lepatriotebenin.com\/index.php\/wp-json\/wp\/v2\/categories?post=16376"},{"taxonomy":"post_tag","embeddable":true,"href":"https:\/\/lepatriotebenin.com\/index.php\/wp-json\/wp\/v2\/tags?post=16376"}],"curies":[{"name":"wp","href":"https:\/\/api.w.org\/{rel}","templated":true}]}}