{"id":16320,"date":"2026-01-07T02:01:15","date_gmt":"2026-01-07T01:01:15","guid":{"rendered":"https:\/\/lepatriotebenin.com\/?p=16320"},"modified":"2026-01-07T02:01:15","modified_gmt":"2026-01-07T01:01:15","slug":"rca-touadera-annonce-gagnant-des-le-premier-tour","status":"publish","type":"post","link":"https:\/\/lepatriotebenin.com\/index.php\/2026\/01\/07\/rca-touadera-annonce-gagnant-des-le-premier-tour\/","title":{"rendered":"RCA : Touad\u00e9ra annonc\u00e9 gagnant d\u00e8s le premier tour"},"content":{"rendered":"<p><em><strong>Faustin-Archange Touad\u00e9ra a \u00e9t\u00e9 donn\u00e9 vainqueur de l\u2019\u00e9lection pr\u00e9sidentielle du 28 d\u00e9cembre 2025 par l\u2019organe \u00e9lectoral. Une annonce qui suscite toutefois de vives contestations de la part de l\u2019opposition.<\/strong><\/em><\/p>\n<p>La R\u00e9publique centrafricaine entre dans un nouveau cycle politique. Les chiffres provisoires publi\u00e9s par l\u2019Autorit\u00e9 nationale (ANE) des \u00e9lections placent le pr\u00e9sident sortant largement en t\u00eate du scrutin pr\u00e9sidentiel. D\u2019apr\u00e8s l\u2019ANE, Faustin-Archange Touad\u00e9ra aurait recueilli plus des trois quarts des suffrages exprim\u00e9s, avec 76,15 % des voix. Ce score lui permettrait de conserver le pouvoir sans passer par un second tour et d\u2019entamer un nouveau mandat de sept ans. L\u2019annonce officielle a \u00e9t\u00e9 faite par le pr\u00e9sident de l\u2019institution \u00e9lectorale, Mathias Barth\u00e9lemy Morouba, dans la nuit de lundi \u00e0 mardi.<\/p>\n<p>\u00c0 Bangui, les partisans du chef de l\u2019\u00c9tat ont c\u00e9l\u00e9br\u00e9 cette victoire annonc\u00e9e. Au si\u00e8ge de son parti, le Mouvement C\u0153urs Unis, militants et sympathisants ont exprim\u00e9 leur espoir de voir le pays poursuivre sur la voie de la stabilit\u00e9 et du d\u00e9veloppement. Pour eux, la reconduction de Touad\u00e9ra garantit la continuit\u00e9 de l\u2019action publique.<\/p>\n<p>Le pr\u00e9sident sortant, pour sa part, a salu\u00e9 la participation des \u00e9lecteurs. Il a remerci\u00e9 la population pour sa confiance et soulign\u00e9 l\u2019importance de l\u2019engagement citoyen dans le renforcement de la d\u00e9mocratie centrafricaine.<\/p>\n<p><strong>Des r\u00e9sultats rejet\u00e9s par les opposants<\/strong><\/p>\n<p>Mais cette victoire proclam\u00e9e ne fait pas l\u2019unanimit\u00e9. Plusieurs candidats de l\u2019opposition d\u00e9noncent des irr\u00e9gularit\u00e9s. Anicet Georges Dologu\u00e9l\u00e9, arriv\u00e9 deuxi\u00e8me selon l\u2019ANE, refuse de reconna\u00eetre les r\u00e9sultats et remet en cause la cr\u00e9dibilit\u00e9 du scrutin.<\/p>\n<p>Henri Marie Dondra partage ces accusations et \u00e9voque des dysfonctionnements graves dans l\u2019organisation du vote. Son camp r\u00e9clame l\u2019annulation de l\u2019\u00e9lection, estimant que la transparence n\u2019a pas \u00e9t\u00e9 garantie.<\/p>\n<p><strong>Ez\u00e9chiel Dagb\u00e9gnon PADONOU<\/strong><\/p>\n<p>&nbsp;<\/p>\n","protected":false},"excerpt":{"rendered":"<p>Faustin-Archange Touad\u00e9ra a \u00e9t\u00e9 donn\u00e9 vainqueur de l\u2019\u00e9lection pr\u00e9sidentielle du 28 d\u00e9cembre 2025 par l\u2019organe \u00e9lectoral. Une annonce qui suscite toutefois de vives contestations de la part de l\u2019opposition. La&hellip;<\/p>\n","protected":false},"author":5,"featured_media":16321,"comment_status":"open","ping_status":"open","sticky":false,"template":"","format":"standard","meta":{"content-type":"","om_disable_all_campaigns":false,"_monsterinsights_skip_tracking":false,"_monsterinsights_sitenote_active":false,"_monsterinsights_sitenote_note":"","_monsterinsights_sitenote_category":0,"_uf_show_specific_survey":0,"_uf_disable_surveys":false,"footnotes":""},"categories":[26],"tags":[],"class_list":["post-16320","post","type-post","status-publish","format-standard","has-post-thumbnail","hentry","category-politique"],"aioseo_notices":[],"yoast_head":"<!-- This site is optimized with the Yoast SEO plugin v27.5 - https:\/\/yoast.com\/product\/yoast-seo-wordpress\/ -->\n<title>RCA : Touad\u00e9ra annonc\u00e9 gagnant d\u00e8s le premier tour - Le Patriote<\/title>\n<meta name=\"robots\" content=\"index, follow, max-snippet:-1, max-image-preview:large, max-video-preview:-1\" \/>\n<link rel=\"canonical\" href=\"https:\/\/lepatriotebenin.com\/index.php\/2026\/01\/07\/rca-touadera-annonce-gagnant-des-le-premier-tour\/\" \/>\n<meta property=\"og:locale\" content=\"fr_FR\" \/>\n<meta property=\"og:type\" content=\"article\" \/>\n<meta property=\"og:title\" content=\"RCA : Touad\u00e9ra annonc\u00e9 gagnant d\u00e8s le premier tour - Le Patriote\" \/>\n<meta property=\"og:description\" content=\"Faustin-Archange Touad\u00e9ra a \u00e9t\u00e9 donn\u00e9 vainqueur de l\u2019\u00e9lection pr\u00e9sidentielle du 28 d\u00e9cembre 2025 par l\u2019organe \u00e9lectoral. Une annonce qui suscite toutefois de vives contestations de la part de l\u2019opposition. La&hellip;\" \/>\n<meta property=\"og:url\" content=\"https:\/\/lepatriotebenin.com\/index.php\/2026\/01\/07\/rca-touadera-annonce-gagnant-des-le-premier-tour\/\" \/>\n<meta property=\"og:site_name\" content=\"Le Patriote\" \/>\n<meta property=\"article:published_time\" content=\"2026-01-07T01:01:15+00:00\" \/>\n<meta property=\"og:image\" content=\"https:\/\/lepatriotebenin.com\/wp-content\/uploads\/2026\/01\/rca.jpeg\" \/>\n\t<meta property=\"og:image:width\" content=\"1280\" \/>\n\t<meta property=\"og:image:height\" content=\"960\" \/>\n\t<meta property=\"og:image:type\" content=\"image\/jpeg\" \/>\n<meta name=\"author\" content=\"Redaction\" \/>\n<meta name=\"twitter:card\" content=\"summary_large_image\" \/>\n<meta name=\"twitter:label1\" content=\"\u00c9crit par\" \/>\n\t<meta name=\"twitter:data1\" content=\"Redaction\" \/>\n\t<meta name=\"twitter:label2\" content=\"Dur\u00e9e de lecture estim\u00e9e\" \/>\n\t<meta name=\"twitter:data2\" content=\"2 minutes\" \/>\n<script type=\"application\/ld+json\" class=\"yoast-schema-graph\">{\"@context\":\"https:\\\/\\\/schema.org\",\"@graph\":[{\"@type\":\"Article\",\"@id\":\"https:\\\/\\\/lepatriotebenin.com\\\/index.php\\\/2026\\\/01\\\/07\\\/rca-touadera-annonce-gagnant-des-le-premier-tour\\\/#article\",\"isPartOf\":{\"@id\":\"https:\\\/\\\/lepatriotebenin.com\\\/index.php\\\/2026\\\/01\\\/07\\\/rca-touadera-annonce-gagnant-des-le-premier-tour\\\/\"},\"author\":{\"name\":\"Redaction\",\"@id\":\"https:\\\/\\\/lepatriotebenin.com\\\/#\\\/schema\\\/person\\\/2e7709b9c9cc313e452d1136af61690f\"},\"headline\":\"RCA : Touad\u00e9ra annonc\u00e9 gagnant d\u00e8s le premier tour\",\"datePublished\":\"2026-01-07T01:01:15+00:00\",\"mainEntityOfPage\":{\"@id\":\"https:\\\/\\\/lepatriotebenin.com\\\/index.php\\\/2026\\\/01\\\/07\\\/rca-touadera-annonce-gagnant-des-le-premier-tour\\\/\"},\"wordCount\":341,\"commentCount\":0,\"image\":{\"@id\":\"https:\\\/\\\/lepatriotebenin.com\\\/index.php\\\/2026\\\/01\\\/07\\\/rca-touadera-annonce-gagnant-des-le-premier-tour\\\/#primaryimage\"},\"thumbnailUrl\":\"https:\\\/\\\/lepatriotebenin.com\\\/wp-content\\\/uploads\\\/2026\\\/01\\\/rca.jpeg\",\"articleSection\":[\"Politique\"],\"inLanguage\":\"fr-FR\",\"potentialAction\":[{\"@type\":\"CommentAction\",\"name\":\"Comment\",\"target\":[\"https:\\\/\\\/lepatriotebenin.com\\\/index.php\\\/2026\\\/01\\\/07\\\/rca-touadera-annonce-gagnant-des-le-premier-tour\\\/#respond\"]}]},{\"@type\":\"WebPage\",\"@id\":\"https:\\\/\\\/lepatriotebenin.com\\\/index.php\\\/2026\\\/01\\\/07\\\/rca-touadera-annonce-gagnant-des-le-premier-tour\\\/\",\"url\":\"https:\\\/\\\/lepatriotebenin.com\\\/index.php\\\/2026\\\/01\\\/07\\\/rca-touadera-annonce-gagnant-des-le-premier-tour\\\/\",\"name\":\"RCA : Touad\u00e9ra annonc\u00e9 gagnant d\u00e8s le premier tour - Le Patriote\",\"isPartOf\":{\"@id\":\"https:\\\/\\\/lepatriotebenin.com\\\/#website\"},\"primaryImageOfPage\":{\"@id\":\"https:\\\/\\\/lepatriotebenin.com\\\/index.php\\\/2026\\\/01\\\/07\\\/rca-touadera-annonce-gagnant-des-le-premier-tour\\\/#primaryimage\"},\"image\":{\"@id\":\"https:\\\/\\\/lepatriotebenin.com\\\/index.php\\\/2026\\\/01\\\/07\\\/rca-touadera-annonce-gagnant-des-le-premier-tour\\\/#primaryimage\"},\"thumbnailUrl\":\"https:\\\/\\\/lepatriotebenin.com\\\/wp-content\\\/uploads\\\/2026\\\/01\\\/rca.jpeg\",\"datePublished\":\"2026-01-07T01:01:15+00:00\",\"author\":{\"@id\":\"https:\\\/\\\/lepatriotebenin.com\\\/#\\\/schema\\\/person\\\/2e7709b9c9cc313e452d1136af61690f\"},\"breadcrumb\":{\"@id\":\"https:\\\/\\\/lepatriotebenin.com\\\/index.php\\\/2026\\\/01\\\/07\\\/rca-touadera-annonce-gagnant-des-le-premier-tour\\\/#breadcrumb\"},\"inLanguage\":\"fr-FR\",\"potentialAction\":[{\"@type\":\"ReadAction\",\"target\":[\"https:\\\/\\\/lepatriotebenin.com\\\/index.php\\\/2026\\\/01\\\/07\\\/rca-touadera-annonce-gagnant-des-le-premier-tour\\\/\"]}]},{\"@type\":\"ImageObject\",\"inLanguage\":\"fr-FR\",\"@id\":\"https:\\\/\\\/lepatriotebenin.com\\\/index.php\\\/2026\\\/01\\\/07\\\/rca-touadera-annonce-gagnant-des-le-premier-tour\\\/#primaryimage\",\"url\":\"https:\\\/\\\/lepatriotebenin.com\\\/wp-content\\\/uploads\\\/2026\\\/01\\\/rca.jpeg\",\"contentUrl\":\"https:\\\/\\\/lepatriotebenin.com\\\/wp-content\\\/uploads\\\/2026\\\/01\\\/rca.jpeg\",\"width\":1280,\"height\":960},{\"@type\":\"BreadcrumbList\",\"@id\":\"https:\\\/\\\/lepatriotebenin.com\\\/index.php\\\/2026\\\/01\\\/07\\\/rca-touadera-annonce-gagnant-des-le-premier-tour\\\/#breadcrumb\",\"itemListElement\":[{\"@type\":\"ListItem\",\"position\":1,\"name\":\"Accueil\",\"item\":\"https:\\\/\\\/lepatriotebenin.com\\\/\"},{\"@type\":\"ListItem\",\"position\":2,\"name\":\"RCA : Touad\u00e9ra annonc\u00e9 gagnant d\u00e8s le premier tour\"}]},{\"@type\":\"WebSite\",\"@id\":\"https:\\\/\\\/lepatriotebenin.com\\\/#website\",\"url\":\"https:\\\/\\\/lepatriotebenin.com\\\/\",\"name\":\"Le Patriote\",\"description\":\"Le Patriote B\u00e9nin\",\"potentialAction\":[{\"@type\":\"SearchAction\",\"target\":{\"@type\":\"EntryPoint\",\"urlTemplate\":\"https:\\\/\\\/lepatriotebenin.com\\\/?s={search_term_string}\"},\"query-input\":{\"@type\":\"PropertyValueSpecification\",\"valueRequired\":true,\"valueName\":\"search_term_string\"}}],\"inLanguage\":\"fr-FR\"},{\"@type\":\"Person\",\"@id\":\"https:\\\/\\\/lepatriotebenin.com\\\/#\\\/schema\\\/person\\\/2e7709b9c9cc313e452d1136af61690f\",\"name\":\"Redaction\",\"image\":{\"@type\":\"ImageObject\",\"inLanguage\":\"fr-FR\",\"@id\":\"https:\\\/\\\/secure.gravatar.com\\\/avatar\\\/c4c509357859ea2ca2cbb6d8812898a73e4ef1ef9934c2e591d7e32face734d1?s=96&d=mm&r=g\",\"url\":\"https:\\\/\\\/secure.gravatar.com\\\/avatar\\\/c4c509357859ea2ca2cbb6d8812898a73e4ef1ef9934c2e591d7e32face734d1?s=96&d=mm&r=g\",\"contentUrl\":\"https:\\\/\\\/secure.gravatar.com\\\/avatar\\\/c4c509357859ea2ca2cbb6d8812898a73e4ef1ef9934c2e591d7e32face734d1?s=96&d=mm&r=g\",\"caption\":\"Redaction\"},\"url\":\"https:\\\/\\\/lepatriotebenin.com\"}]}<\/script>\n<!-- \/ Yoast SEO plugin. -->","yoast_head_json":{"title":"RCA : Touad\u00e9ra annonc\u00e9 gagnant d\u00e8s le premier tour - Le Patriote","robots":{"index":"index","follow":"follow","max-snippet":"max-snippet:-1","max-image-preview":"max-image-preview:large","max-video-preview":"max-video-preview:-1"},"canonical":"https:\/\/lepatriotebenin.com\/index.php\/2026\/01\/07\/rca-touadera-annonce-gagnant-des-le-premier-tour\/","og_locale":"fr_FR","og_type":"article","og_title":"RCA : Touad\u00e9ra annonc\u00e9 gagnant d\u00e8s le premier tour - Le Patriote","og_description":"Faustin-Archange Touad\u00e9ra a \u00e9t\u00e9 donn\u00e9 vainqueur de l\u2019\u00e9lection pr\u00e9sidentielle du 28 d\u00e9cembre 2025 par l\u2019organe \u00e9lectoral. Une annonce qui suscite toutefois de vives contestations de la part de l\u2019opposition. La&hellip;","og_url":"https:\/\/lepatriotebenin.com\/index.php\/2026\/01\/07\/rca-touadera-annonce-gagnant-des-le-premier-tour\/","og_site_name":"Le Patriote","article_published_time":"2026-01-07T01:01:15+00:00","og_image":[{"width":1280,"height":960,"url":"https:\/\/lepatriotebenin.com\/wp-content\/uploads\/2026\/01\/rca.jpeg","type":"image\/jpeg"}],"author":"Redaction","twitter_card":"summary_large_image","twitter_misc":{"\u00c9crit par":"Redaction","Dur\u00e9e de lecture estim\u00e9e":"2 minutes"},"schema":{"@context":"https:\/\/schema.org","@graph":[{"@type":"Article","@id":"https:\/\/lepatriotebenin.com\/index.php\/2026\/01\/07\/rca-touadera-annonce-gagnant-des-le-premier-tour\/#article","isPartOf":{"@id":"https:\/\/lepatriotebenin.com\/index.php\/2026\/01\/07\/rca-touadera-annonce-gagnant-des-le-premier-tour\/"},"author":{"name":"Redaction","@id":"https:\/\/lepatriotebenin.com\/#\/schema\/person\/2e7709b9c9cc313e452d1136af61690f"},"headline":"RCA : Touad\u00e9ra annonc\u00e9 gagnant d\u00e8s le premier tour","datePublished":"2026-01-07T01:01:15+00:00","mainEntityOfPage":{"@id":"https:\/\/lepatriotebenin.com\/index.php\/2026\/01\/07\/rca-touadera-annonce-gagnant-des-le-premier-tour\/"},"wordCount":341,"commentCount":0,"image":{"@id":"https:\/\/lepatriotebenin.com\/index.php\/2026\/01\/07\/rca-touadera-annonce-gagnant-des-le-premier-tour\/#primaryimage"},"thumbnailUrl":"https:\/\/lepatriotebenin.com\/wp-content\/uploads\/2026\/01\/rca.jpeg","articleSection":["Politique"],"inLanguage":"fr-FR","potentialAction":[{"@type":"CommentAction","name":"Comment","target":["https:\/\/lepatriotebenin.com\/index.php\/2026\/01\/07\/rca-touadera-annonce-gagnant-des-le-premier-tour\/#respond"]}]},{"@type":"WebPage","@id":"https:\/\/lepatriotebenin.com\/index.php\/2026\/01\/07\/rca-touadera-annonce-gagnant-des-le-premier-tour\/","url":"https:\/\/lepatriotebenin.com\/index.php\/2026\/01\/07\/rca-touadera-annonce-gagnant-des-le-premier-tour\/","name":"RCA : Touad\u00e9ra annonc\u00e9 gagnant d\u00e8s le premier tour - Le Patriote","isPartOf":{"@id":"https:\/\/lepatriotebenin.com\/#website"},"primaryImageOfPage":{"@id":"https:\/\/lepatriotebenin.com\/index.php\/2026\/01\/07\/rca-touadera-annonce-gagnant-des-le-premier-tour\/#primaryimage"},"image":{"@id":"https:\/\/lepatriotebenin.com\/index.php\/2026\/01\/07\/rca-touadera-annonce-gagnant-des-le-premier-tour\/#primaryimage"},"thumbnailUrl":"https:\/\/lepatriotebenin.com\/wp-content\/uploads\/2026\/01\/rca.jpeg","datePublished":"2026-01-07T01:01:15+00:00","author":{"@id":"https:\/\/lepatriotebenin.com\/#\/schema\/person\/2e7709b9c9cc313e452d1136af61690f"},"breadcrumb":{"@id":"https:\/\/lepatriotebenin.com\/index.php\/2026\/01\/07\/rca-touadera-annonce-gagnant-des-le-premier-tour\/#breadcrumb"},"inLanguage":"fr-FR","potentialAction":[{"@type":"ReadAction","target":["https:\/\/lepatriotebenin.com\/index.php\/2026\/01\/07\/rca-touadera-annonce-gagnant-des-le-premier-tour\/"]}]},{"@type":"ImageObject","inLanguage":"fr-FR","@id":"https:\/\/lepatriotebenin.com\/index.php\/2026\/01\/07\/rca-touadera-annonce-gagnant-des-le-premier-tour\/#primaryimage","url":"https:\/\/lepatriotebenin.com\/wp-content\/uploads\/2026\/01\/rca.jpeg","contentUrl":"https:\/\/lepatriotebenin.com\/wp-content\/uploads\/2026\/01\/rca.jpeg","width":1280,"height":960},{"@type":"BreadcrumbList","@id":"https:\/\/lepatriotebenin.com\/index.php\/2026\/01\/07\/rca-touadera-annonce-gagnant-des-le-premier-tour\/#breadcrumb","itemListElement":[{"@type":"ListItem","position":1,"name":"Accueil","item":"https:\/\/lepatriotebenin.com\/"},{"@type":"ListItem","position":2,"name":"RCA : Touad\u00e9ra annonc\u00e9 gagnant d\u00e8s le premier tour"}]},{"@type":"WebSite","@id":"https:\/\/lepatriotebenin.com\/#website","url":"https:\/\/lepatriotebenin.com\/","name":"Le Patriote","description":"Le Patriote B\u00e9nin","potentialAction":[{"@type":"SearchAction","target":{"@type":"EntryPoint","urlTemplate":"https:\/\/lepatriotebenin.com\/?s={search_term_string}"},"query-input":{"@type":"PropertyValueSpecification","valueRequired":true,"valueName":"search_term_string"}}],"inLanguage":"fr-FR"},{"@type":"Person","@id":"https:\/\/lepatriotebenin.com\/#\/schema\/person\/2e7709b9c9cc313e452d1136af61690f","name":"Redaction","image":{"@type":"ImageObject","inLanguage":"fr-FR","@id":"https:\/\/secure.gravatar.com\/avatar\/c4c509357859ea2ca2cbb6d8812898a73e4ef1ef9934c2e591d7e32face734d1?s=96&d=mm&r=g","url":"https:\/\/secure.gravatar.com\/avatar\/c4c509357859ea2ca2cbb6d8812898a73e4ef1ef9934c2e591d7e32face734d1?s=96&d=mm&r=g","contentUrl":"https:\/\/secure.gravatar.com\/avatar\/c4c509357859ea2ca2cbb6d8812898a73e4ef1ef9934c2e591d7e32face734d1?s=96&d=mm&r=g","caption":"Redaction"},"url":"https:\/\/lepatriotebenin.com"}]}},"_links":{"self":[{"href":"https:\/\/lepatriotebenin.com\/index.php\/wp-json\/wp\/v2\/posts\/16320","targetHints":{"allow":["GET"]}}],"collection":[{"href":"https:\/\/lepatriotebenin.com\/index.php\/wp-json\/wp\/v2\/posts"}],"about":[{"href":"https:\/\/lepatriotebenin.com\/index.php\/wp-json\/wp\/v2\/types\/post"}],"author":[{"embeddable":true,"href":"https:\/\/lepatriotebenin.com\/index.php\/wp-json\/wp\/v2\/users\/5"}],"replies":[{"embeddable":true,"href":"https:\/\/lepatriotebenin.com\/index.php\/wp-json\/wp\/v2\/comments?post=16320"}],"version-history":[{"count":1,"href":"https:\/\/lepatriotebenin.com\/index.php\/wp-json\/wp\/v2\/posts\/16320\/revisions"}],"predecessor-version":[{"id":16322,"href":"https:\/\/lepatriotebenin.com\/index.php\/wp-json\/wp\/v2\/posts\/16320\/revisions\/16322"}],"wp:featuredmedia":[{"embeddable":true,"href":"https:\/\/lepatriotebenin.com\/index.php\/wp-json\/wp\/v2\/media\/16321"}],"wp:attachment":[{"href":"https:\/\/lepatriotebenin.com\/index.php\/wp-json\/wp\/v2\/media?parent=16320"}],"wp:term":[{"taxonomy":"category","embeddable":true,"href":"https:\/\/lepatriotebenin.com\/index.php\/wp-json\/wp\/v2\/categories?post=16320"},{"taxonomy":"post_tag","embeddable":true,"href":"https:\/\/lepatriotebenin.com\/index.php\/wp-json\/wp\/v2\/tags?post=16320"}],"curies":[{"name":"wp","href":"https:\/\/api.w.org\/{rel}","templated":true}]}}