{"id":16304,"date":"2026-01-04T23:08:11","date_gmt":"2026-01-04T22:08:11","guid":{"rendered":"https:\/\/lepatriotebenin.com\/?p=16304"},"modified":"2026-01-04T23:08:11","modified_gmt":"2026-01-04T22:08:11","slug":"can-2025-cameroun-maroc-un-quart-de-finale-explosif","status":"publish","type":"post","link":"https:\/\/lepatriotebenin.com\/index.php\/2026\/01\/04\/can-2025-cameroun-maroc-un-quart-de-finale-explosif\/","title":{"rendered":"CAN 2025 : Cameroun-Maroc, un quart de finale explosif"},"content":{"rendered":"<p>Le Cameroun, solide et r\u00e9aliste, a dompt\u00e9 l\u2019Afrique du Sud en huiti\u00e8mes de finale ce <strong>dimanche 4 janvier 2026<\/strong> par<strong> 2 buts \u00e0 1.<\/strong> Les<strong> Lions indomptables<\/strong> vont d\u00e9sormais croiser la route du <strong>Maroc,<\/strong> pays organisateur, dans un duel de Lions qui promet. \u00a0Cela sera le <strong>vendredi 09 janvier 2026 \u00e0 \u00a020h<\/strong> \u00a0au stade Prince Moulay Abdellah de Rabat.<\/p>\n<p>Avant le match \u00a0<strong>Cameroun \u2013 Afrique \u00a0du Sud<\/strong>, le Maroc, qui a souffert pour sortir la <strong>Tanzanie<\/strong> sur un score \u00e9triqu\u00e9 de 1 but \u00e0 0, va devoir s\u2019employer pour \u00e9carter ces Lions\u00a0 Indomptables qui n\u2019ont jamais autant port\u00e9 leurs surnoms dans cette CAN.<\/p>\n<p>&nbsp;<\/p>\n","protected":false},"excerpt":{"rendered":"<p>Le Cameroun, solide et r\u00e9aliste, a dompt\u00e9 l\u2019Afrique du Sud en huiti\u00e8mes de finale ce dimanche 4 janvier 2026 par 2 buts \u00e0 1. Les Lions indomptables vont d\u00e9sormais croiser&hellip;<\/p>\n","protected":false},"author":6,"featured_media":16305,"comment_status":"open","ping_status":"open","sticky":false,"template":"","format":"standard","meta":{"content-type":"","om_disable_all_campaigns":false,"_monsterinsights_skip_tracking":false,"_monsterinsights_sitenote_active":false,"_monsterinsights_sitenote_note":"","_monsterinsights_sitenote_category":0,"_uf_show_specific_survey":0,"_uf_disable_surveys":false,"footnotes":""},"categories":[8],"tags":[],"class_list":["post-16304","post","type-post","status-publish","format-standard","has-post-thumbnail","hentry","category-sport"],"aioseo_notices":[],"yoast_head":"<!-- This site is optimized with the Yoast SEO plugin v27.5 - https:\/\/yoast.com\/product\/yoast-seo-wordpress\/ -->\n<title>CAN 2025 : Cameroun-Maroc, un quart de finale explosif - Le Patriote<\/title>\n<meta name=\"robots\" content=\"index, follow, max-snippet:-1, max-image-preview:large, max-video-preview:-1\" \/>\n<link rel=\"canonical\" href=\"https:\/\/lepatriotebenin.com\/index.php\/2026\/01\/04\/can-2025-cameroun-maroc-un-quart-de-finale-explosif\/\" \/>\n<meta property=\"og:locale\" content=\"fr_FR\" \/>\n<meta property=\"og:type\" content=\"article\" \/>\n<meta property=\"og:title\" content=\"CAN 2025 : Cameroun-Maroc, un quart de finale explosif - Le Patriote\" \/>\n<meta property=\"og:description\" content=\"Le Cameroun, solide et r\u00e9aliste, a dompt\u00e9 l\u2019Afrique du Sud en huiti\u00e8mes de finale ce dimanche 4 janvier 2026 par 2 buts \u00e0 1. Les Lions indomptables vont d\u00e9sormais croiser&hellip;\" \/>\n<meta property=\"og:url\" content=\"https:\/\/lepatriotebenin.com\/index.php\/2026\/01\/04\/can-2025-cameroun-maroc-un-quart-de-finale-explosif\/\" \/>\n<meta property=\"og:site_name\" content=\"Le Patriote\" \/>\n<meta property=\"article:published_time\" content=\"2026-01-04T22:08:11+00:00\" \/>\n<meta property=\"og:image\" content=\"https:\/\/lepatriotebenin.com\/wp-content\/uploads\/2026\/01\/cameroun.jpg\" \/>\n\t<meta property=\"og:image:width\" content=\"1024\" \/>\n\t<meta property=\"og:image:height\" content=\"576\" \/>\n\t<meta property=\"og:image:type\" content=\"image\/jpeg\" \/>\n<meta name=\"author\" content=\"Roland AFFANOU\" \/>\n<meta name=\"twitter:card\" content=\"summary_large_image\" \/>\n<meta name=\"twitter:label1\" content=\"\u00c9crit par\" \/>\n\t<meta name=\"twitter:data1\" content=\"Roland AFFANOU\" \/>\n\t<meta name=\"twitter:label2\" content=\"Dur\u00e9e de lecture estim\u00e9e\" \/>\n\t<meta name=\"twitter:data2\" content=\"1 minute\" \/>\n<script type=\"application\/ld+json\" class=\"yoast-schema-graph\">{\"@context\":\"https:\\\/\\\/schema.org\",\"@graph\":[{\"@type\":\"Article\",\"@id\":\"https:\\\/\\\/lepatriotebenin.com\\\/index.php\\\/2026\\\/01\\\/04\\\/can-2025-cameroun-maroc-un-quart-de-finale-explosif\\\/#article\",\"isPartOf\":{\"@id\":\"https:\\\/\\\/lepatriotebenin.com\\\/index.php\\\/2026\\\/01\\\/04\\\/can-2025-cameroun-maroc-un-quart-de-finale-explosif\\\/\"},\"author\":{\"name\":\"Roland AFFANOU\",\"@id\":\"https:\\\/\\\/lepatriotebenin.com\\\/#\\\/schema\\\/person\\\/4a9b67216c97d04045e01405c534c91f\"},\"headline\":\"CAN 2025 : Cameroun-Maroc, un quart de finale explosif\",\"datePublished\":\"2026-01-04T22:08:11+00:00\",\"mainEntityOfPage\":{\"@id\":\"https:\\\/\\\/lepatriotebenin.com\\\/index.php\\\/2026\\\/01\\\/04\\\/can-2025-cameroun-maroc-un-quart-de-finale-explosif\\\/\"},\"wordCount\":105,\"commentCount\":0,\"image\":{\"@id\":\"https:\\\/\\\/lepatriotebenin.com\\\/index.php\\\/2026\\\/01\\\/04\\\/can-2025-cameroun-maroc-un-quart-de-finale-explosif\\\/#primaryimage\"},\"thumbnailUrl\":\"https:\\\/\\\/lepatriotebenin.com\\\/wp-content\\\/uploads\\\/2026\\\/01\\\/cameroun.jpg\",\"articleSection\":[\"Sport\"],\"inLanguage\":\"fr-FR\",\"potentialAction\":[{\"@type\":\"CommentAction\",\"name\":\"Comment\",\"target\":[\"https:\\\/\\\/lepatriotebenin.com\\\/index.php\\\/2026\\\/01\\\/04\\\/can-2025-cameroun-maroc-un-quart-de-finale-explosif\\\/#respond\"]}]},{\"@type\":\"WebPage\",\"@id\":\"https:\\\/\\\/lepatriotebenin.com\\\/index.php\\\/2026\\\/01\\\/04\\\/can-2025-cameroun-maroc-un-quart-de-finale-explosif\\\/\",\"url\":\"https:\\\/\\\/lepatriotebenin.com\\\/index.php\\\/2026\\\/01\\\/04\\\/can-2025-cameroun-maroc-un-quart-de-finale-explosif\\\/\",\"name\":\"CAN 2025 : Cameroun-Maroc, un quart de finale explosif - Le Patriote\",\"isPartOf\":{\"@id\":\"https:\\\/\\\/lepatriotebenin.com\\\/#website\"},\"primaryImageOfPage\":{\"@id\":\"https:\\\/\\\/lepatriotebenin.com\\\/index.php\\\/2026\\\/01\\\/04\\\/can-2025-cameroun-maroc-un-quart-de-finale-explosif\\\/#primaryimage\"},\"image\":{\"@id\":\"https:\\\/\\\/lepatriotebenin.com\\\/index.php\\\/2026\\\/01\\\/04\\\/can-2025-cameroun-maroc-un-quart-de-finale-explosif\\\/#primaryimage\"},\"thumbnailUrl\":\"https:\\\/\\\/lepatriotebenin.com\\\/wp-content\\\/uploads\\\/2026\\\/01\\\/cameroun.jpg\",\"datePublished\":\"2026-01-04T22:08:11+00:00\",\"author\":{\"@id\":\"https:\\\/\\\/lepatriotebenin.com\\\/#\\\/schema\\\/person\\\/4a9b67216c97d04045e01405c534c91f\"},\"breadcrumb\":{\"@id\":\"https:\\\/\\\/lepatriotebenin.com\\\/index.php\\\/2026\\\/01\\\/04\\\/can-2025-cameroun-maroc-un-quart-de-finale-explosif\\\/#breadcrumb\"},\"inLanguage\":\"fr-FR\",\"potentialAction\":[{\"@type\":\"ReadAction\",\"target\":[\"https:\\\/\\\/lepatriotebenin.com\\\/index.php\\\/2026\\\/01\\\/04\\\/can-2025-cameroun-maroc-un-quart-de-finale-explosif\\\/\"]}]},{\"@type\":\"ImageObject\",\"inLanguage\":\"fr-FR\",\"@id\":\"https:\\\/\\\/lepatriotebenin.com\\\/index.php\\\/2026\\\/01\\\/04\\\/can-2025-cameroun-maroc-un-quart-de-finale-explosif\\\/#primaryimage\",\"url\":\"https:\\\/\\\/lepatriotebenin.com\\\/wp-content\\\/uploads\\\/2026\\\/01\\\/cameroun.jpg\",\"contentUrl\":\"https:\\\/\\\/lepatriotebenin.com\\\/wp-content\\\/uploads\\\/2026\\\/01\\\/cameroun.jpg\",\"width\":1024,\"height\":576},{\"@type\":\"BreadcrumbList\",\"@id\":\"https:\\\/\\\/lepatriotebenin.com\\\/index.php\\\/2026\\\/01\\\/04\\\/can-2025-cameroun-maroc-un-quart-de-finale-explosif\\\/#breadcrumb\",\"itemListElement\":[{\"@type\":\"ListItem\",\"position\":1,\"name\":\"Accueil\",\"item\":\"https:\\\/\\\/lepatriotebenin.com\\\/\"},{\"@type\":\"ListItem\",\"position\":2,\"name\":\"CAN 2025 : Cameroun-Maroc, un quart de finale explosif\"}]},{\"@type\":\"WebSite\",\"@id\":\"https:\\\/\\\/lepatriotebenin.com\\\/#website\",\"url\":\"https:\\\/\\\/lepatriotebenin.com\\\/\",\"name\":\"Le Patriote\",\"description\":\"Le Patriote B\u00e9nin\",\"potentialAction\":[{\"@type\":\"SearchAction\",\"target\":{\"@type\":\"EntryPoint\",\"urlTemplate\":\"https:\\\/\\\/lepatriotebenin.com\\\/?s={search_term_string}\"},\"query-input\":{\"@type\":\"PropertyValueSpecification\",\"valueRequired\":true,\"valueName\":\"search_term_string\"}}],\"inLanguage\":\"fr-FR\"},{\"@type\":\"Person\",\"@id\":\"https:\\\/\\\/lepatriotebenin.com\\\/#\\\/schema\\\/person\\\/4a9b67216c97d04045e01405c534c91f\",\"name\":\"Roland AFFANOU\",\"image\":{\"@type\":\"ImageObject\",\"inLanguage\":\"fr-FR\",\"@id\":\"https:\\\/\\\/secure.gravatar.com\\\/avatar\\\/7209d3f6d2d47ea4d0c67e14d3effb61feb10ae540a4381280c66265de5bd643?s=96&d=mm&r=g\",\"url\":\"https:\\\/\\\/secure.gravatar.com\\\/avatar\\\/7209d3f6d2d47ea4d0c67e14d3effb61feb10ae540a4381280c66265de5bd643?s=96&d=mm&r=g\",\"contentUrl\":\"https:\\\/\\\/secure.gravatar.com\\\/avatar\\\/7209d3f6d2d47ea4d0c67e14d3effb61feb10ae540a4381280c66265de5bd643?s=96&d=mm&r=g\",\"caption\":\"Roland AFFANOU\"},\"url\":\"https:\\\/\\\/lepatriotebenin.com\"}]}<\/script>\n<!-- \/ Yoast SEO plugin. -->","yoast_head_json":{"title":"CAN 2025 : Cameroun-Maroc, un quart de finale explosif - Le Patriote","robots":{"index":"index","follow":"follow","max-snippet":"max-snippet:-1","max-image-preview":"max-image-preview:large","max-video-preview":"max-video-preview:-1"},"canonical":"https:\/\/lepatriotebenin.com\/index.php\/2026\/01\/04\/can-2025-cameroun-maroc-un-quart-de-finale-explosif\/","og_locale":"fr_FR","og_type":"article","og_title":"CAN 2025 : Cameroun-Maroc, un quart de finale explosif - Le Patriote","og_description":"Le Cameroun, solide et r\u00e9aliste, a dompt\u00e9 l\u2019Afrique du Sud en huiti\u00e8mes de finale ce dimanche 4 janvier 2026 par 2 buts \u00e0 1. Les Lions indomptables vont d\u00e9sormais croiser&hellip;","og_url":"https:\/\/lepatriotebenin.com\/index.php\/2026\/01\/04\/can-2025-cameroun-maroc-un-quart-de-finale-explosif\/","og_site_name":"Le Patriote","article_published_time":"2026-01-04T22:08:11+00:00","og_image":[{"width":1024,"height":576,"url":"https:\/\/lepatriotebenin.com\/wp-content\/uploads\/2026\/01\/cameroun.jpg","type":"image\/jpeg"}],"author":"Roland AFFANOU","twitter_card":"summary_large_image","twitter_misc":{"\u00c9crit par":"Roland AFFANOU","Dur\u00e9e de lecture estim\u00e9e":"1 minute"},"schema":{"@context":"https:\/\/schema.org","@graph":[{"@type":"Article","@id":"https:\/\/lepatriotebenin.com\/index.php\/2026\/01\/04\/can-2025-cameroun-maroc-un-quart-de-finale-explosif\/#article","isPartOf":{"@id":"https:\/\/lepatriotebenin.com\/index.php\/2026\/01\/04\/can-2025-cameroun-maroc-un-quart-de-finale-explosif\/"},"author":{"name":"Roland AFFANOU","@id":"https:\/\/lepatriotebenin.com\/#\/schema\/person\/4a9b67216c97d04045e01405c534c91f"},"headline":"CAN 2025 : Cameroun-Maroc, un quart de finale explosif","datePublished":"2026-01-04T22:08:11+00:00","mainEntityOfPage":{"@id":"https:\/\/lepatriotebenin.com\/index.php\/2026\/01\/04\/can-2025-cameroun-maroc-un-quart-de-finale-explosif\/"},"wordCount":105,"commentCount":0,"image":{"@id":"https:\/\/lepatriotebenin.com\/index.php\/2026\/01\/04\/can-2025-cameroun-maroc-un-quart-de-finale-explosif\/#primaryimage"},"thumbnailUrl":"https:\/\/lepatriotebenin.com\/wp-content\/uploads\/2026\/01\/cameroun.jpg","articleSection":["Sport"],"inLanguage":"fr-FR","potentialAction":[{"@type":"CommentAction","name":"Comment","target":["https:\/\/lepatriotebenin.com\/index.php\/2026\/01\/04\/can-2025-cameroun-maroc-un-quart-de-finale-explosif\/#respond"]}]},{"@type":"WebPage","@id":"https:\/\/lepatriotebenin.com\/index.php\/2026\/01\/04\/can-2025-cameroun-maroc-un-quart-de-finale-explosif\/","url":"https:\/\/lepatriotebenin.com\/index.php\/2026\/01\/04\/can-2025-cameroun-maroc-un-quart-de-finale-explosif\/","name":"CAN 2025 : Cameroun-Maroc, un quart de finale explosif - Le Patriote","isPartOf":{"@id":"https:\/\/lepatriotebenin.com\/#website"},"primaryImageOfPage":{"@id":"https:\/\/lepatriotebenin.com\/index.php\/2026\/01\/04\/can-2025-cameroun-maroc-un-quart-de-finale-explosif\/#primaryimage"},"image":{"@id":"https:\/\/lepatriotebenin.com\/index.php\/2026\/01\/04\/can-2025-cameroun-maroc-un-quart-de-finale-explosif\/#primaryimage"},"thumbnailUrl":"https:\/\/lepatriotebenin.com\/wp-content\/uploads\/2026\/01\/cameroun.jpg","datePublished":"2026-01-04T22:08:11+00:00","author":{"@id":"https:\/\/lepatriotebenin.com\/#\/schema\/person\/4a9b67216c97d04045e01405c534c91f"},"breadcrumb":{"@id":"https:\/\/lepatriotebenin.com\/index.php\/2026\/01\/04\/can-2025-cameroun-maroc-un-quart-de-finale-explosif\/#breadcrumb"},"inLanguage":"fr-FR","potentialAction":[{"@type":"ReadAction","target":["https:\/\/lepatriotebenin.com\/index.php\/2026\/01\/04\/can-2025-cameroun-maroc-un-quart-de-finale-explosif\/"]}]},{"@type":"ImageObject","inLanguage":"fr-FR","@id":"https:\/\/lepatriotebenin.com\/index.php\/2026\/01\/04\/can-2025-cameroun-maroc-un-quart-de-finale-explosif\/#primaryimage","url":"https:\/\/lepatriotebenin.com\/wp-content\/uploads\/2026\/01\/cameroun.jpg","contentUrl":"https:\/\/lepatriotebenin.com\/wp-content\/uploads\/2026\/01\/cameroun.jpg","width":1024,"height":576},{"@type":"BreadcrumbList","@id":"https:\/\/lepatriotebenin.com\/index.php\/2026\/01\/04\/can-2025-cameroun-maroc-un-quart-de-finale-explosif\/#breadcrumb","itemListElement":[{"@type":"ListItem","position":1,"name":"Accueil","item":"https:\/\/lepatriotebenin.com\/"},{"@type":"ListItem","position":2,"name":"CAN 2025 : Cameroun-Maroc, un quart de finale explosif"}]},{"@type":"WebSite","@id":"https:\/\/lepatriotebenin.com\/#website","url":"https:\/\/lepatriotebenin.com\/","name":"Le Patriote","description":"Le Patriote B\u00e9nin","potentialAction":[{"@type":"SearchAction","target":{"@type":"EntryPoint","urlTemplate":"https:\/\/lepatriotebenin.com\/?s={search_term_string}"},"query-input":{"@type":"PropertyValueSpecification","valueRequired":true,"valueName":"search_term_string"}}],"inLanguage":"fr-FR"},{"@type":"Person","@id":"https:\/\/lepatriotebenin.com\/#\/schema\/person\/4a9b67216c97d04045e01405c534c91f","name":"Roland AFFANOU","image":{"@type":"ImageObject","inLanguage":"fr-FR","@id":"https:\/\/secure.gravatar.com\/avatar\/7209d3f6d2d47ea4d0c67e14d3effb61feb10ae540a4381280c66265de5bd643?s=96&d=mm&r=g","url":"https:\/\/secure.gravatar.com\/avatar\/7209d3f6d2d47ea4d0c67e14d3effb61feb10ae540a4381280c66265de5bd643?s=96&d=mm&r=g","contentUrl":"https:\/\/secure.gravatar.com\/avatar\/7209d3f6d2d47ea4d0c67e14d3effb61feb10ae540a4381280c66265de5bd643?s=96&d=mm&r=g","caption":"Roland AFFANOU"},"url":"https:\/\/lepatriotebenin.com"}]}},"_links":{"self":[{"href":"https:\/\/lepatriotebenin.com\/index.php\/wp-json\/wp\/v2\/posts\/16304","targetHints":{"allow":["GET"]}}],"collection":[{"href":"https:\/\/lepatriotebenin.com\/index.php\/wp-json\/wp\/v2\/posts"}],"about":[{"href":"https:\/\/lepatriotebenin.com\/index.php\/wp-json\/wp\/v2\/types\/post"}],"author":[{"embeddable":true,"href":"https:\/\/lepatriotebenin.com\/index.php\/wp-json\/wp\/v2\/users\/6"}],"replies":[{"embeddable":true,"href":"https:\/\/lepatriotebenin.com\/index.php\/wp-json\/wp\/v2\/comments?post=16304"}],"version-history":[{"count":1,"href":"https:\/\/lepatriotebenin.com\/index.php\/wp-json\/wp\/v2\/posts\/16304\/revisions"}],"predecessor-version":[{"id":16306,"href":"https:\/\/lepatriotebenin.com\/index.php\/wp-json\/wp\/v2\/posts\/16304\/revisions\/16306"}],"wp:featuredmedia":[{"embeddable":true,"href":"https:\/\/lepatriotebenin.com\/index.php\/wp-json\/wp\/v2\/media\/16305"}],"wp:attachment":[{"href":"https:\/\/lepatriotebenin.com\/index.php\/wp-json\/wp\/v2\/media?parent=16304"}],"wp:term":[{"taxonomy":"category","embeddable":true,"href":"https:\/\/lepatriotebenin.com\/index.php\/wp-json\/wp\/v2\/categories?post=16304"},{"taxonomy":"post_tag","embeddable":true,"href":"https:\/\/lepatriotebenin.com\/index.php\/wp-json\/wp\/v2\/tags?post=16304"}],"curies":[{"name":"wp","href":"https:\/\/api.w.org\/{rel}","templated":true}]}}