{"id":16266,"date":"2026-01-01T13:01:43","date_gmt":"2026-01-01T12:01:43","guid":{"rendered":"https:\/\/lepatriotebenin.com\/?p=16266"},"modified":"2026-01-01T13:01:43","modified_gmt":"2026-01-01T12:01:43","slug":"can-maroc-2025-voici-les-affiches-des-huitiemes-et-probables-quarts-de-finale","status":"publish","type":"post","link":"https:\/\/lepatriotebenin.com\/index.php\/2026\/01\/01\/can-maroc-2025-voici-les-affiches-des-huitiemes-et-probables-quarts-de-finale\/","title":{"rendered":"CAN Maroc 2025: Voici les affiches des huiti\u00e8mes et probables quarts de finale"},"content":{"rendered":"<p>Les huiti\u00e8mes de finale de la CAN 2025\u00a0 d\u00e9marrent\u00a0 ce \u00a0samedi 3 janvier \u00e0 Tanger avec un S\u00e9n\u00e9gal-Soudan et se terminent dimanche 06 par le choc Alg\u00e9rie-RDC \u00e0 Rabat. Mali-Tunisie vaudra le d\u00e9tour, et le Maroc est plus ou moins \u00e9pargn\u00e9 en h\u00e9ritant de la Tanzanie. Mais les Lions de l\u2019Atlas pourraient croiser la route de l\u2019Afrique du Sud ou du Cameroun en quarts. La C\u00f4te d\u2019Ivoire jouera un derby face au Burkina. Il ne faut pas\u00a0 oublier que les <strong>Gu\u00e9pards du B\u00e9nin<\/strong> affronteront le lundi 05 janvier \u00e0\u00a0 Agadir\u00a0 les <strong>Pharaons d\u2019Egypte.<\/strong><\/p>\n<p><strong>Le programme des huiti\u00e8mes de finale (Horaires en TU)<\/strong><\/p>\n<p><strong><em>3 janvier 2026<\/em><\/strong><\/p>\n<p>16h S\u00e9n\u00e9gal \u2013 Soudan &#8211; Grand stade de\u00a0<strong>Tanger<\/strong><\/p>\n<p>19h Mali &#8211; Tunisie<strong>\u00a0&#8211;<\/strong>\u00a0Stade Mohammed V,\u00a0<strong>Casablanca<\/strong><\/p>\n<p><strong><em>4 janvier 2026<\/em><\/strong><\/p>\n<p>16h\u00a0Afrique du Sud &#8211; Cameroun<strong>\u00a0&#8211;\u00a0<\/strong>Stade El Barid,\u00a0<strong>Rabat<\/strong><\/p>\n<p>19h\u00a0Maroc &#8211; Tanzanie<strong>\u00a0&#8211;\u00a0<\/strong>Stade Prince Moulay Abdellah,\u00a0<strong>Rabat<\/strong><\/p>\n<p><strong>5 janvier 2026<\/strong><\/p>\n<p>16h \u00c9gypte &#8211; B\u00e9nin<strong>\u00a0<\/strong>&#8211; Grand stade d\u2019<strong>Agadir<\/strong><\/p>\n<p>19h\u00a0Nigeria &#8211; Mozambique<strong>\u00a0<\/strong>&#8211; Stade du Complexe sportif de\u00a0<strong>F\u00e8s<\/strong><\/p>\n<p><strong>6 janvier 2026<\/strong><\/p>\n<p>16h\u00a0C\u00f4te d\u2019Ivoire\u2013 Burkina Faso &#8211; Grand stade de\u00a0<strong>Marrakech<\/strong><\/p>\n<p>19h Alg\u00e9rie &#8211; RDC &#8211; Stade Prince Moulay El Hassan,\u00a0<strong>Rabat<\/strong><\/p>\n<p><strong>Quarts de finale<\/strong><\/p>\n<p><strong><em>9 janvier 2026<\/em><\/strong><\/p>\n<p>16h S\u00e9n\u00e9gal ou Soudan &#8211; Mali ou Tunisie &#8211; Grand stade de\u00a0<strong>Tanger<\/strong><\/p>\n<p>19h Afrique du Sud ou Cameroun &#8211; Maroc ou Tanzanie &#8211; Stade Prince Moulay Abdellah,\u00a0<strong>Rabat<\/strong><\/p>\n<p><strong><em>10 janvier 2026<\/em><\/strong><\/p>\n<p>16h\u00a0Egypte ou B\u00e9nin \u2013 C\u00f4te d&rsquo;Ivoire ou Burkina Faso &#8211; Grand stade de\u00a0<strong>Marrakech<\/strong><\/p>\n<p>19h\u00a0Alg\u00e9rie ou RDC &#8211; Nigeria ou Mozambique<strong>\u00a0<\/strong>&#8211; Grand stade d\u2019<strong>Agadir<\/strong><\/p>\n<p>&nbsp;<\/p>\n","protected":false},"excerpt":{"rendered":"<p>Les huiti\u00e8mes de finale de la CAN 2025\u00a0 d\u00e9marrent\u00a0 ce \u00a0samedi 3 janvier \u00e0 Tanger avec un S\u00e9n\u00e9gal-Soudan et se terminent dimanche 06 par le choc Alg\u00e9rie-RDC \u00e0 Rabat. Mali-Tunisie&hellip;<\/p>\n","protected":false},"author":6,"featured_media":16267,"comment_status":"open","ping_status":"open","sticky":false,"template":"","format":"standard","meta":{"content-type":"","om_disable_all_campaigns":false,"_monsterinsights_skip_tracking":false,"_monsterinsights_sitenote_active":false,"_monsterinsights_sitenote_note":"","_monsterinsights_sitenote_category":0,"_uf_show_specific_survey":0,"_uf_disable_surveys":false,"footnotes":""},"categories":[8],"tags":[],"class_list":["post-16266","post","type-post","status-publish","format-standard","has-post-thumbnail","hentry","category-sport"],"aioseo_notices":[],"yoast_head":"<!-- This site is optimized with the Yoast SEO plugin v27.5 - https:\/\/yoast.com\/product\/yoast-seo-wordpress\/ -->\n<title>CAN Maroc 2025: Voici les affiches des huiti\u00e8mes et probables quarts de finale - Le Patriote<\/title>\n<meta name=\"robots\" content=\"index, follow, max-snippet:-1, max-image-preview:large, max-video-preview:-1\" \/>\n<link rel=\"canonical\" href=\"https:\/\/lepatriotebenin.com\/index.php\/2026\/01\/01\/can-maroc-2025-voici-les-affiches-des-huitiemes-et-probables-quarts-de-finale\/\" \/>\n<meta property=\"og:locale\" content=\"fr_FR\" \/>\n<meta property=\"og:type\" content=\"article\" \/>\n<meta property=\"og:title\" content=\"CAN Maroc 2025: Voici les affiches des huiti\u00e8mes et probables quarts de finale - Le Patriote\" \/>\n<meta property=\"og:description\" content=\"Les huiti\u00e8mes de finale de la CAN 2025\u00a0 d\u00e9marrent\u00a0 ce \u00a0samedi 3 janvier \u00e0 Tanger avec un S\u00e9n\u00e9gal-Soudan et se terminent dimanche 06 par le choc Alg\u00e9rie-RDC \u00e0 Rabat. Mali-Tunisie&hellip;\" \/>\n<meta property=\"og:url\" content=\"https:\/\/lepatriotebenin.com\/index.php\/2026\/01\/01\/can-maroc-2025-voici-les-affiches-des-huitiemes-et-probables-quarts-de-finale\/\" \/>\n<meta property=\"og:site_name\" content=\"Le Patriote\" \/>\n<meta property=\"article:published_time\" content=\"2026-01-01T12:01:43+00:00\" \/>\n<meta property=\"og:image\" content=\"https:\/\/lepatriotebenin.com\/wp-content\/uploads\/2026\/01\/maroc.jpg\" \/>\n\t<meta property=\"og:image:width\" content=\"1024\" \/>\n\t<meta property=\"og:image:height\" content=\"576\" \/>\n\t<meta property=\"og:image:type\" content=\"image\/jpeg\" \/>\n<meta name=\"author\" content=\"Roland AFFANOU\" \/>\n<meta name=\"twitter:card\" content=\"summary_large_image\" \/>\n<meta name=\"twitter:label1\" content=\"\u00c9crit par\" \/>\n\t<meta name=\"twitter:data1\" content=\"Roland AFFANOU\" \/>\n\t<meta name=\"twitter:label2\" content=\"Dur\u00e9e de lecture estim\u00e9e\" \/>\n\t<meta name=\"twitter:data2\" content=\"2 minutes\" \/>\n<script type=\"application\/ld+json\" class=\"yoast-schema-graph\">{\"@context\":\"https:\\\/\\\/schema.org\",\"@graph\":[{\"@type\":\"Article\",\"@id\":\"https:\\\/\\\/lepatriotebenin.com\\\/index.php\\\/2026\\\/01\\\/01\\\/can-maroc-2025-voici-les-affiches-des-huitiemes-et-probables-quarts-de-finale\\\/#article\",\"isPartOf\":{\"@id\":\"https:\\\/\\\/lepatriotebenin.com\\\/index.php\\\/2026\\\/01\\\/01\\\/can-maroc-2025-voici-les-affiches-des-huitiemes-et-probables-quarts-de-finale\\\/\"},\"author\":{\"name\":\"Roland AFFANOU\",\"@id\":\"https:\\\/\\\/lepatriotebenin.com\\\/#\\\/schema\\\/person\\\/4a9b67216c97d04045e01405c534c91f\"},\"headline\":\"CAN Maroc 2025: Voici les affiches des huiti\u00e8mes et probables quarts de finale\",\"datePublished\":\"2026-01-01T12:01:43+00:00\",\"mainEntityOfPage\":{\"@id\":\"https:\\\/\\\/lepatriotebenin.com\\\/index.php\\\/2026\\\/01\\\/01\\\/can-maroc-2025-voici-les-affiches-des-huitiemes-et-probables-quarts-de-finale\\\/\"},\"wordCount\":281,\"commentCount\":0,\"image\":{\"@id\":\"https:\\\/\\\/lepatriotebenin.com\\\/index.php\\\/2026\\\/01\\\/01\\\/can-maroc-2025-voici-les-affiches-des-huitiemes-et-probables-quarts-de-finale\\\/#primaryimage\"},\"thumbnailUrl\":\"https:\\\/\\\/lepatriotebenin.com\\\/wp-content\\\/uploads\\\/2026\\\/01\\\/maroc.jpg\",\"articleSection\":[\"Sport\"],\"inLanguage\":\"fr-FR\",\"potentialAction\":[{\"@type\":\"CommentAction\",\"name\":\"Comment\",\"target\":[\"https:\\\/\\\/lepatriotebenin.com\\\/index.php\\\/2026\\\/01\\\/01\\\/can-maroc-2025-voici-les-affiches-des-huitiemes-et-probables-quarts-de-finale\\\/#respond\"]}]},{\"@type\":\"WebPage\",\"@id\":\"https:\\\/\\\/lepatriotebenin.com\\\/index.php\\\/2026\\\/01\\\/01\\\/can-maroc-2025-voici-les-affiches-des-huitiemes-et-probables-quarts-de-finale\\\/\",\"url\":\"https:\\\/\\\/lepatriotebenin.com\\\/index.php\\\/2026\\\/01\\\/01\\\/can-maroc-2025-voici-les-affiches-des-huitiemes-et-probables-quarts-de-finale\\\/\",\"name\":\"CAN Maroc 2025: Voici les affiches des huiti\u00e8mes et probables quarts de finale - Le Patriote\",\"isPartOf\":{\"@id\":\"https:\\\/\\\/lepatriotebenin.com\\\/#website\"},\"primaryImageOfPage\":{\"@id\":\"https:\\\/\\\/lepatriotebenin.com\\\/index.php\\\/2026\\\/01\\\/01\\\/can-maroc-2025-voici-les-affiches-des-huitiemes-et-probables-quarts-de-finale\\\/#primaryimage\"},\"image\":{\"@id\":\"https:\\\/\\\/lepatriotebenin.com\\\/index.php\\\/2026\\\/01\\\/01\\\/can-maroc-2025-voici-les-affiches-des-huitiemes-et-probables-quarts-de-finale\\\/#primaryimage\"},\"thumbnailUrl\":\"https:\\\/\\\/lepatriotebenin.com\\\/wp-content\\\/uploads\\\/2026\\\/01\\\/maroc.jpg\",\"datePublished\":\"2026-01-01T12:01:43+00:00\",\"author\":{\"@id\":\"https:\\\/\\\/lepatriotebenin.com\\\/#\\\/schema\\\/person\\\/4a9b67216c97d04045e01405c534c91f\"},\"breadcrumb\":{\"@id\":\"https:\\\/\\\/lepatriotebenin.com\\\/index.php\\\/2026\\\/01\\\/01\\\/can-maroc-2025-voici-les-affiches-des-huitiemes-et-probables-quarts-de-finale\\\/#breadcrumb\"},\"inLanguage\":\"fr-FR\",\"potentialAction\":[{\"@type\":\"ReadAction\",\"target\":[\"https:\\\/\\\/lepatriotebenin.com\\\/index.php\\\/2026\\\/01\\\/01\\\/can-maroc-2025-voici-les-affiches-des-huitiemes-et-probables-quarts-de-finale\\\/\"]}]},{\"@type\":\"ImageObject\",\"inLanguage\":\"fr-FR\",\"@id\":\"https:\\\/\\\/lepatriotebenin.com\\\/index.php\\\/2026\\\/01\\\/01\\\/can-maroc-2025-voici-les-affiches-des-huitiemes-et-probables-quarts-de-finale\\\/#primaryimage\",\"url\":\"https:\\\/\\\/lepatriotebenin.com\\\/wp-content\\\/uploads\\\/2026\\\/01\\\/maroc.jpg\",\"contentUrl\":\"https:\\\/\\\/lepatriotebenin.com\\\/wp-content\\\/uploads\\\/2026\\\/01\\\/maroc.jpg\",\"width\":1024,\"height\":576},{\"@type\":\"BreadcrumbList\",\"@id\":\"https:\\\/\\\/lepatriotebenin.com\\\/index.php\\\/2026\\\/01\\\/01\\\/can-maroc-2025-voici-les-affiches-des-huitiemes-et-probables-quarts-de-finale\\\/#breadcrumb\",\"itemListElement\":[{\"@type\":\"ListItem\",\"position\":1,\"name\":\"Accueil\",\"item\":\"https:\\\/\\\/lepatriotebenin.com\\\/\"},{\"@type\":\"ListItem\",\"position\":2,\"name\":\"CAN Maroc 2025: Voici les affiches des huiti\u00e8mes et probables quarts de finale\"}]},{\"@type\":\"WebSite\",\"@id\":\"https:\\\/\\\/lepatriotebenin.com\\\/#website\",\"url\":\"https:\\\/\\\/lepatriotebenin.com\\\/\",\"name\":\"Le Patriote\",\"description\":\"Le Patriote B\u00e9nin\",\"potentialAction\":[{\"@type\":\"SearchAction\",\"target\":{\"@type\":\"EntryPoint\",\"urlTemplate\":\"https:\\\/\\\/lepatriotebenin.com\\\/?s={search_term_string}\"},\"query-input\":{\"@type\":\"PropertyValueSpecification\",\"valueRequired\":true,\"valueName\":\"search_term_string\"}}],\"inLanguage\":\"fr-FR\"},{\"@type\":\"Person\",\"@id\":\"https:\\\/\\\/lepatriotebenin.com\\\/#\\\/schema\\\/person\\\/4a9b67216c97d04045e01405c534c91f\",\"name\":\"Roland AFFANOU\",\"image\":{\"@type\":\"ImageObject\",\"inLanguage\":\"fr-FR\",\"@id\":\"https:\\\/\\\/secure.gravatar.com\\\/avatar\\\/7209d3f6d2d47ea4d0c67e14d3effb61feb10ae540a4381280c66265de5bd643?s=96&d=mm&r=g\",\"url\":\"https:\\\/\\\/secure.gravatar.com\\\/avatar\\\/7209d3f6d2d47ea4d0c67e14d3effb61feb10ae540a4381280c66265de5bd643?s=96&d=mm&r=g\",\"contentUrl\":\"https:\\\/\\\/secure.gravatar.com\\\/avatar\\\/7209d3f6d2d47ea4d0c67e14d3effb61feb10ae540a4381280c66265de5bd643?s=96&d=mm&r=g\",\"caption\":\"Roland AFFANOU\"},\"url\":\"https:\\\/\\\/lepatriotebenin.com\"}]}<\/script>\n<!-- \/ Yoast SEO plugin. -->","yoast_head_json":{"title":"CAN Maroc 2025: Voici les affiches des huiti\u00e8mes et probables quarts de finale - Le Patriote","robots":{"index":"index","follow":"follow","max-snippet":"max-snippet:-1","max-image-preview":"max-image-preview:large","max-video-preview":"max-video-preview:-1"},"canonical":"https:\/\/lepatriotebenin.com\/index.php\/2026\/01\/01\/can-maroc-2025-voici-les-affiches-des-huitiemes-et-probables-quarts-de-finale\/","og_locale":"fr_FR","og_type":"article","og_title":"CAN Maroc 2025: Voici les affiches des huiti\u00e8mes et probables quarts de finale - Le Patriote","og_description":"Les huiti\u00e8mes de finale de la CAN 2025\u00a0 d\u00e9marrent\u00a0 ce \u00a0samedi 3 janvier \u00e0 Tanger avec un S\u00e9n\u00e9gal-Soudan et se terminent dimanche 06 par le choc Alg\u00e9rie-RDC \u00e0 Rabat. Mali-Tunisie&hellip;","og_url":"https:\/\/lepatriotebenin.com\/index.php\/2026\/01\/01\/can-maroc-2025-voici-les-affiches-des-huitiemes-et-probables-quarts-de-finale\/","og_site_name":"Le Patriote","article_published_time":"2026-01-01T12:01:43+00:00","og_image":[{"width":1024,"height":576,"url":"https:\/\/lepatriotebenin.com\/wp-content\/uploads\/2026\/01\/maroc.jpg","type":"image\/jpeg"}],"author":"Roland AFFANOU","twitter_card":"summary_large_image","twitter_misc":{"\u00c9crit par":"Roland AFFANOU","Dur\u00e9e de lecture estim\u00e9e":"2 minutes"},"schema":{"@context":"https:\/\/schema.org","@graph":[{"@type":"Article","@id":"https:\/\/lepatriotebenin.com\/index.php\/2026\/01\/01\/can-maroc-2025-voici-les-affiches-des-huitiemes-et-probables-quarts-de-finale\/#article","isPartOf":{"@id":"https:\/\/lepatriotebenin.com\/index.php\/2026\/01\/01\/can-maroc-2025-voici-les-affiches-des-huitiemes-et-probables-quarts-de-finale\/"},"author":{"name":"Roland AFFANOU","@id":"https:\/\/lepatriotebenin.com\/#\/schema\/person\/4a9b67216c97d04045e01405c534c91f"},"headline":"CAN Maroc 2025: Voici les affiches des huiti\u00e8mes et probables quarts de finale","datePublished":"2026-01-01T12:01:43+00:00","mainEntityOfPage":{"@id":"https:\/\/lepatriotebenin.com\/index.php\/2026\/01\/01\/can-maroc-2025-voici-les-affiches-des-huitiemes-et-probables-quarts-de-finale\/"},"wordCount":281,"commentCount":0,"image":{"@id":"https:\/\/lepatriotebenin.com\/index.php\/2026\/01\/01\/can-maroc-2025-voici-les-affiches-des-huitiemes-et-probables-quarts-de-finale\/#primaryimage"},"thumbnailUrl":"https:\/\/lepatriotebenin.com\/wp-content\/uploads\/2026\/01\/maroc.jpg","articleSection":["Sport"],"inLanguage":"fr-FR","potentialAction":[{"@type":"CommentAction","name":"Comment","target":["https:\/\/lepatriotebenin.com\/index.php\/2026\/01\/01\/can-maroc-2025-voici-les-affiches-des-huitiemes-et-probables-quarts-de-finale\/#respond"]}]},{"@type":"WebPage","@id":"https:\/\/lepatriotebenin.com\/index.php\/2026\/01\/01\/can-maroc-2025-voici-les-affiches-des-huitiemes-et-probables-quarts-de-finale\/","url":"https:\/\/lepatriotebenin.com\/index.php\/2026\/01\/01\/can-maroc-2025-voici-les-affiches-des-huitiemes-et-probables-quarts-de-finale\/","name":"CAN Maroc 2025: Voici les affiches des huiti\u00e8mes et probables quarts de finale - Le Patriote","isPartOf":{"@id":"https:\/\/lepatriotebenin.com\/#website"},"primaryImageOfPage":{"@id":"https:\/\/lepatriotebenin.com\/index.php\/2026\/01\/01\/can-maroc-2025-voici-les-affiches-des-huitiemes-et-probables-quarts-de-finale\/#primaryimage"},"image":{"@id":"https:\/\/lepatriotebenin.com\/index.php\/2026\/01\/01\/can-maroc-2025-voici-les-affiches-des-huitiemes-et-probables-quarts-de-finale\/#primaryimage"},"thumbnailUrl":"https:\/\/lepatriotebenin.com\/wp-content\/uploads\/2026\/01\/maroc.jpg","datePublished":"2026-01-01T12:01:43+00:00","author":{"@id":"https:\/\/lepatriotebenin.com\/#\/schema\/person\/4a9b67216c97d04045e01405c534c91f"},"breadcrumb":{"@id":"https:\/\/lepatriotebenin.com\/index.php\/2026\/01\/01\/can-maroc-2025-voici-les-affiches-des-huitiemes-et-probables-quarts-de-finale\/#breadcrumb"},"inLanguage":"fr-FR","potentialAction":[{"@type":"ReadAction","target":["https:\/\/lepatriotebenin.com\/index.php\/2026\/01\/01\/can-maroc-2025-voici-les-affiches-des-huitiemes-et-probables-quarts-de-finale\/"]}]},{"@type":"ImageObject","inLanguage":"fr-FR","@id":"https:\/\/lepatriotebenin.com\/index.php\/2026\/01\/01\/can-maroc-2025-voici-les-affiches-des-huitiemes-et-probables-quarts-de-finale\/#primaryimage","url":"https:\/\/lepatriotebenin.com\/wp-content\/uploads\/2026\/01\/maroc.jpg","contentUrl":"https:\/\/lepatriotebenin.com\/wp-content\/uploads\/2026\/01\/maroc.jpg","width":1024,"height":576},{"@type":"BreadcrumbList","@id":"https:\/\/lepatriotebenin.com\/index.php\/2026\/01\/01\/can-maroc-2025-voici-les-affiches-des-huitiemes-et-probables-quarts-de-finale\/#breadcrumb","itemListElement":[{"@type":"ListItem","position":1,"name":"Accueil","item":"https:\/\/lepatriotebenin.com\/"},{"@type":"ListItem","position":2,"name":"CAN Maroc 2025: Voici les affiches des huiti\u00e8mes et probables quarts de finale"}]},{"@type":"WebSite","@id":"https:\/\/lepatriotebenin.com\/#website","url":"https:\/\/lepatriotebenin.com\/","name":"Le Patriote","description":"Le Patriote B\u00e9nin","potentialAction":[{"@type":"SearchAction","target":{"@type":"EntryPoint","urlTemplate":"https:\/\/lepatriotebenin.com\/?s={search_term_string}"},"query-input":{"@type":"PropertyValueSpecification","valueRequired":true,"valueName":"search_term_string"}}],"inLanguage":"fr-FR"},{"@type":"Person","@id":"https:\/\/lepatriotebenin.com\/#\/schema\/person\/4a9b67216c97d04045e01405c534c91f","name":"Roland AFFANOU","image":{"@type":"ImageObject","inLanguage":"fr-FR","@id":"https:\/\/secure.gravatar.com\/avatar\/7209d3f6d2d47ea4d0c67e14d3effb61feb10ae540a4381280c66265de5bd643?s=96&d=mm&r=g","url":"https:\/\/secure.gravatar.com\/avatar\/7209d3f6d2d47ea4d0c67e14d3effb61feb10ae540a4381280c66265de5bd643?s=96&d=mm&r=g","contentUrl":"https:\/\/secure.gravatar.com\/avatar\/7209d3f6d2d47ea4d0c67e14d3effb61feb10ae540a4381280c66265de5bd643?s=96&d=mm&r=g","caption":"Roland AFFANOU"},"url":"https:\/\/lepatriotebenin.com"}]}},"_links":{"self":[{"href":"https:\/\/lepatriotebenin.com\/index.php\/wp-json\/wp\/v2\/posts\/16266","targetHints":{"allow":["GET"]}}],"collection":[{"href":"https:\/\/lepatriotebenin.com\/index.php\/wp-json\/wp\/v2\/posts"}],"about":[{"href":"https:\/\/lepatriotebenin.com\/index.php\/wp-json\/wp\/v2\/types\/post"}],"author":[{"embeddable":true,"href":"https:\/\/lepatriotebenin.com\/index.php\/wp-json\/wp\/v2\/users\/6"}],"replies":[{"embeddable":true,"href":"https:\/\/lepatriotebenin.com\/index.php\/wp-json\/wp\/v2\/comments?post=16266"}],"version-history":[{"count":1,"href":"https:\/\/lepatriotebenin.com\/index.php\/wp-json\/wp\/v2\/posts\/16266\/revisions"}],"predecessor-version":[{"id":16268,"href":"https:\/\/lepatriotebenin.com\/index.php\/wp-json\/wp\/v2\/posts\/16266\/revisions\/16268"}],"wp:featuredmedia":[{"embeddable":true,"href":"https:\/\/lepatriotebenin.com\/index.php\/wp-json\/wp\/v2\/media\/16267"}],"wp:attachment":[{"href":"https:\/\/lepatriotebenin.com\/index.php\/wp-json\/wp\/v2\/media?parent=16266"}],"wp:term":[{"taxonomy":"category","embeddable":true,"href":"https:\/\/lepatriotebenin.com\/index.php\/wp-json\/wp\/v2\/categories?post=16266"},{"taxonomy":"post_tag","embeddable":true,"href":"https:\/\/lepatriotebenin.com\/index.php\/wp-json\/wp\/v2\/tags?post=16266"}],"curies":[{"name":"wp","href":"https:\/\/api.w.org\/{rel}","templated":true}]}}