{"id":16263,"date":"2025-12-30T23:22:05","date_gmt":"2025-12-30T22:22:05","guid":{"rendered":"https:\/\/lepatriotebenin.com\/?p=16263"},"modified":"2025-12-30T23:22:05","modified_gmt":"2025-12-30T22:22:05","slug":"can-maroc-2025-le-benin-affronte-legypte-en-huitiemes-de-finale","status":"publish","type":"post","link":"https:\/\/lepatriotebenin.com\/index.php\/2025\/12\/30\/can-maroc-2025-le-benin-affronte-legypte-en-huitiemes-de-finale\/","title":{"rendered":"CAN Maroc 2025 : Le B\u00e9nin affronte l\u2019Egypte en huiti\u00e8mes de finale"},"content":{"rendered":"<p>On connait d\u00e9sormais l\u2019adversaire\u00a0 des Gu\u00e9pards du B\u00e9nin. Les poulains du\u00a0 technicien Franco -Allemand, Gernot Rohr rencontreront, en 8\u00e8mes de finale de la 35<sup>\u00e8me<\/sup> \u00a0\u00e9dition de la Coupe d\u2019Afrique des Nations (CAN), les <strong>Pharaons d\u2019 Egypte<\/strong> le <strong>5 janvier 2025.<\/strong> Un challenge tr\u00e8s difficile et p\u00e9nible qui attend le capitaine Steve Mouni\u00e9 et ses\u00a0 co\u00e9quipiers. \u00a0Les B\u00e9ninois\u00a0 doivent s\u00e9rieusement mouiller le maillot s\u2019ils veulent se d\u00e9faire des Egyptiens.<\/p>\n<p>Aussi dans le groupe D\u00a0 o\u00f9 la s\u00e9lection nationale du B\u00e9nin a \u00e9volu\u00e9, les L\u00e9opards de la R\u00e9publique d\u00e9mocratique du Congo (RDC), 2<sup>\u00e8me<\/sup> du groupe D avec 7 points, affronteront\u00a0 en 8\u00e8mes de finale le 6 janvier 2026\u00a0 les Fennecs de l\u2019Alg\u00e9rie. Quant aux Lions de la Th\u00e9ranga du S\u00e9n\u00e9gal ,1<sup>er<\/sup> de ce groupe avec 7 points avec un goal\u00a0 av\u00e9rage plus\u00a0 \u00e9lev\u00e9, ne connaissent pas leur \u00a0adversaire\u00a0.Ce dernier sera connu\u00a0 \u00e0 l\u2019issue des rencontres de la 3<sup>\u00e8me<\/sup> journ\u00e9e de ce mercredi 31 d\u00e9cembre 2025. \u00a0Il est \u00e0 noter que pour les huiti\u00e8mes de finale,le Maroc affrontera la Tanzanie pendant que le\u00a0 Mali va d\u00e9fier la Tunisie.<\/p>\n<p>Pr\u00e9cisons que lors des\u00a0 matchs de la 3<sup>\u00e8me<\/sup> journ\u00e9e dans le groupe D, le B\u00e9nin a\u00a0 \u00e9t\u00e9 battu ce mardi 29 d\u00e9cembre 2025 \u00e0 Tanger , par le S\u00e9n\u00e9gal par 3 buts \u00e0 0 .Quant\u00a0 \u00e0 la RDC , elle a dict\u00e9 sa loi au Botswana \u00e9galement par 3 buts \u00e0 0. Au finish, le S\u00e9n\u00e9gal est premier, la RDC ,2<sup>\u00e8me<\/sup>\u00a0 , le B\u00e9nin 3<sup>\u00e8me<\/sup> avec 3 points et le Botswana 4<sup>\u00e8me<\/sup> avec 0 points.<\/p>\n<p><strong>Les affiches des 8es de finale :<\/strong><\/p>\n<p>S\u00e9n\u00e9gal &#8211;\u00a0<em>Burkina Faso ou Soudan<\/em>\u00a0(3 janvier, 17h)<\/p>\n<p>Mali &#8211; Tunisie (3 janvier, 20h)<\/p>\n<p>Maroc &#8211; Tanzanie (4 janvier, 17h)<\/p>\n<p>Afrique du Sud &#8211;\u00a0<em>Cameroun ou C\u00f4te d&rsquo;Ivoire ou Mozambique<\/em>\u00a0(4 janvier, 20h)<\/p>\n<p>\u00c9gypte &#8211; B\u00e9nin (5 janvier, 17h)<\/p>\n<p>Nigeria &#8211;\u00a0<em>Cameroun ou C\u00f4te d&rsquo;Ivoire ou Mozambique\u00a0<\/em>(5 janvier, 20h)<\/p>\n<p>Alg\u00e9rie &#8211; RD Congo (6 janvier, 17h)<\/p>\n<p><em>Cameroun ou C\u00f4te d&rsquo;Ivoire ou Mozambique &#8211; Burkina Faso ou Soudan (<\/em>6 janvier, 20h)<\/p>\n<p>&nbsp;<\/p>\n<p>&nbsp;<\/p>\n","protected":false},"excerpt":{"rendered":"<p>On connait d\u00e9sormais l\u2019adversaire\u00a0 des Gu\u00e9pards du B\u00e9nin. Les poulains du\u00a0 technicien Franco -Allemand, Gernot Rohr rencontreront, en 8\u00e8mes de finale de la 35\u00e8me \u00a0\u00e9dition de la Coupe d\u2019Afrique des&hellip;<\/p>\n","protected":false},"author":6,"featured_media":16264,"comment_status":"open","ping_status":"open","sticky":false,"template":"","format":"standard","meta":{"content-type":"","om_disable_all_campaigns":false,"_monsterinsights_skip_tracking":false,"_monsterinsights_sitenote_active":false,"_monsterinsights_sitenote_note":"","_monsterinsights_sitenote_category":0,"_uf_show_specific_survey":0,"_uf_disable_surveys":false,"footnotes":""},"categories":[8],"tags":[],"class_list":["post-16263","post","type-post","status-publish","format-standard","has-post-thumbnail","hentry","category-sport"],"aioseo_notices":[],"yoast_head":"<!-- This site is optimized with the Yoast SEO plugin v27.5 - https:\/\/yoast.com\/product\/yoast-seo-wordpress\/ -->\n<title>CAN Maroc 2025 : Le B\u00e9nin affronte l\u2019Egypte en huiti\u00e8mes de finale - Le Patriote<\/title>\n<meta name=\"robots\" content=\"index, follow, max-snippet:-1, max-image-preview:large, max-video-preview:-1\" \/>\n<link rel=\"canonical\" href=\"https:\/\/lepatriotebenin.com\/index.php\/2025\/12\/30\/can-maroc-2025-le-benin-affronte-legypte-en-huitiemes-de-finale\/\" \/>\n<meta property=\"og:locale\" content=\"fr_FR\" \/>\n<meta property=\"og:type\" content=\"article\" \/>\n<meta property=\"og:title\" content=\"CAN Maroc 2025 : Le B\u00e9nin affronte l\u2019Egypte en huiti\u00e8mes de finale - Le Patriote\" \/>\n<meta property=\"og:description\" content=\"On connait d\u00e9sormais l\u2019adversaire\u00a0 des Gu\u00e9pards du B\u00e9nin. Les poulains du\u00a0 technicien Franco -Allemand, Gernot Rohr rencontreront, en 8\u00e8mes de finale de la 35\u00e8me \u00a0\u00e9dition de la Coupe d\u2019Afrique des&hellip;\" \/>\n<meta property=\"og:url\" content=\"https:\/\/lepatriotebenin.com\/index.php\/2025\/12\/30\/can-maroc-2025-le-benin-affronte-legypte-en-huitiemes-de-finale\/\" \/>\n<meta property=\"og:site_name\" content=\"Le Patriote\" \/>\n<meta property=\"article:published_time\" content=\"2025-12-30T22:22:05+00:00\" \/>\n<meta property=\"og:image\" content=\"https:\/\/lepatriotebenin.com\/wp-content\/uploads\/2025\/12\/guep.jpg\" \/>\n\t<meta property=\"og:image:width\" content=\"640\" \/>\n\t<meta property=\"og:image:height\" content=\"512\" \/>\n\t<meta property=\"og:image:type\" content=\"image\/jpeg\" \/>\n<meta name=\"author\" content=\"Roland AFFANOU\" \/>\n<meta name=\"twitter:card\" content=\"summary_large_image\" \/>\n<meta name=\"twitter:label1\" content=\"\u00c9crit par\" \/>\n\t<meta name=\"twitter:data1\" content=\"Roland AFFANOU\" \/>\n\t<meta name=\"twitter:label2\" content=\"Dur\u00e9e de lecture estim\u00e9e\" \/>\n\t<meta name=\"twitter:data2\" content=\"2 minutes\" \/>\n<script type=\"application\/ld+json\" class=\"yoast-schema-graph\">{\"@context\":\"https:\\\/\\\/schema.org\",\"@graph\":[{\"@type\":\"Article\",\"@id\":\"https:\\\/\\\/lepatriotebenin.com\\\/index.php\\\/2025\\\/12\\\/30\\\/can-maroc-2025-le-benin-affronte-legypte-en-huitiemes-de-finale\\\/#article\",\"isPartOf\":{\"@id\":\"https:\\\/\\\/lepatriotebenin.com\\\/index.php\\\/2025\\\/12\\\/30\\\/can-maroc-2025-le-benin-affronte-legypte-en-huitiemes-de-finale\\\/\"},\"author\":{\"name\":\"Roland AFFANOU\",\"@id\":\"https:\\\/\\\/lepatriotebenin.com\\\/#\\\/schema\\\/person\\\/4a9b67216c97d04045e01405c534c91f\"},\"headline\":\"CAN Maroc 2025 : Le B\u00e9nin affronte l\u2019Egypte en huiti\u00e8mes de finale\",\"datePublished\":\"2025-12-30T22:22:05+00:00\",\"mainEntityOfPage\":{\"@id\":\"https:\\\/\\\/lepatriotebenin.com\\\/index.php\\\/2025\\\/12\\\/30\\\/can-maroc-2025-le-benin-affronte-legypte-en-huitiemes-de-finale\\\/\"},\"wordCount\":359,\"commentCount\":0,\"image\":{\"@id\":\"https:\\\/\\\/lepatriotebenin.com\\\/index.php\\\/2025\\\/12\\\/30\\\/can-maroc-2025-le-benin-affronte-legypte-en-huitiemes-de-finale\\\/#primaryimage\"},\"thumbnailUrl\":\"https:\\\/\\\/lepatriotebenin.com\\\/wp-content\\\/uploads\\\/2025\\\/12\\\/guep.jpg\",\"articleSection\":[\"Sport\"],\"inLanguage\":\"fr-FR\",\"potentialAction\":[{\"@type\":\"CommentAction\",\"name\":\"Comment\",\"target\":[\"https:\\\/\\\/lepatriotebenin.com\\\/index.php\\\/2025\\\/12\\\/30\\\/can-maroc-2025-le-benin-affronte-legypte-en-huitiemes-de-finale\\\/#respond\"]}]},{\"@type\":\"WebPage\",\"@id\":\"https:\\\/\\\/lepatriotebenin.com\\\/index.php\\\/2025\\\/12\\\/30\\\/can-maroc-2025-le-benin-affronte-legypte-en-huitiemes-de-finale\\\/\",\"url\":\"https:\\\/\\\/lepatriotebenin.com\\\/index.php\\\/2025\\\/12\\\/30\\\/can-maroc-2025-le-benin-affronte-legypte-en-huitiemes-de-finale\\\/\",\"name\":\"CAN Maroc 2025 : Le B\u00e9nin affronte l\u2019Egypte en huiti\u00e8mes de finale - Le Patriote\",\"isPartOf\":{\"@id\":\"https:\\\/\\\/lepatriotebenin.com\\\/#website\"},\"primaryImageOfPage\":{\"@id\":\"https:\\\/\\\/lepatriotebenin.com\\\/index.php\\\/2025\\\/12\\\/30\\\/can-maroc-2025-le-benin-affronte-legypte-en-huitiemes-de-finale\\\/#primaryimage\"},\"image\":{\"@id\":\"https:\\\/\\\/lepatriotebenin.com\\\/index.php\\\/2025\\\/12\\\/30\\\/can-maroc-2025-le-benin-affronte-legypte-en-huitiemes-de-finale\\\/#primaryimage\"},\"thumbnailUrl\":\"https:\\\/\\\/lepatriotebenin.com\\\/wp-content\\\/uploads\\\/2025\\\/12\\\/guep.jpg\",\"datePublished\":\"2025-12-30T22:22:05+00:00\",\"author\":{\"@id\":\"https:\\\/\\\/lepatriotebenin.com\\\/#\\\/schema\\\/person\\\/4a9b67216c97d04045e01405c534c91f\"},\"breadcrumb\":{\"@id\":\"https:\\\/\\\/lepatriotebenin.com\\\/index.php\\\/2025\\\/12\\\/30\\\/can-maroc-2025-le-benin-affronte-legypte-en-huitiemes-de-finale\\\/#breadcrumb\"},\"inLanguage\":\"fr-FR\",\"potentialAction\":[{\"@type\":\"ReadAction\",\"target\":[\"https:\\\/\\\/lepatriotebenin.com\\\/index.php\\\/2025\\\/12\\\/30\\\/can-maroc-2025-le-benin-affronte-legypte-en-huitiemes-de-finale\\\/\"]}]},{\"@type\":\"ImageObject\",\"inLanguage\":\"fr-FR\",\"@id\":\"https:\\\/\\\/lepatriotebenin.com\\\/index.php\\\/2025\\\/12\\\/30\\\/can-maroc-2025-le-benin-affronte-legypte-en-huitiemes-de-finale\\\/#primaryimage\",\"url\":\"https:\\\/\\\/lepatriotebenin.com\\\/wp-content\\\/uploads\\\/2025\\\/12\\\/guep.jpg\",\"contentUrl\":\"https:\\\/\\\/lepatriotebenin.com\\\/wp-content\\\/uploads\\\/2025\\\/12\\\/guep.jpg\",\"width\":640,\"height\":512},{\"@type\":\"BreadcrumbList\",\"@id\":\"https:\\\/\\\/lepatriotebenin.com\\\/index.php\\\/2025\\\/12\\\/30\\\/can-maroc-2025-le-benin-affronte-legypte-en-huitiemes-de-finale\\\/#breadcrumb\",\"itemListElement\":[{\"@type\":\"ListItem\",\"position\":1,\"name\":\"Accueil\",\"item\":\"https:\\\/\\\/lepatriotebenin.com\\\/\"},{\"@type\":\"ListItem\",\"position\":2,\"name\":\"CAN Maroc 2025 : Le B\u00e9nin affronte l\u2019Egypte en huiti\u00e8mes de finale\"}]},{\"@type\":\"WebSite\",\"@id\":\"https:\\\/\\\/lepatriotebenin.com\\\/#website\",\"url\":\"https:\\\/\\\/lepatriotebenin.com\\\/\",\"name\":\"Le Patriote\",\"description\":\"Le Patriote B\u00e9nin\",\"potentialAction\":[{\"@type\":\"SearchAction\",\"target\":{\"@type\":\"EntryPoint\",\"urlTemplate\":\"https:\\\/\\\/lepatriotebenin.com\\\/?s={search_term_string}\"},\"query-input\":{\"@type\":\"PropertyValueSpecification\",\"valueRequired\":true,\"valueName\":\"search_term_string\"}}],\"inLanguage\":\"fr-FR\"},{\"@type\":\"Person\",\"@id\":\"https:\\\/\\\/lepatriotebenin.com\\\/#\\\/schema\\\/person\\\/4a9b67216c97d04045e01405c534c91f\",\"name\":\"Roland AFFANOU\",\"image\":{\"@type\":\"ImageObject\",\"inLanguage\":\"fr-FR\",\"@id\":\"https:\\\/\\\/secure.gravatar.com\\\/avatar\\\/7209d3f6d2d47ea4d0c67e14d3effb61feb10ae540a4381280c66265de5bd643?s=96&d=mm&r=g\",\"url\":\"https:\\\/\\\/secure.gravatar.com\\\/avatar\\\/7209d3f6d2d47ea4d0c67e14d3effb61feb10ae540a4381280c66265de5bd643?s=96&d=mm&r=g\",\"contentUrl\":\"https:\\\/\\\/secure.gravatar.com\\\/avatar\\\/7209d3f6d2d47ea4d0c67e14d3effb61feb10ae540a4381280c66265de5bd643?s=96&d=mm&r=g\",\"caption\":\"Roland AFFANOU\"},\"url\":\"https:\\\/\\\/lepatriotebenin.com\"}]}<\/script>\n<!-- \/ Yoast SEO plugin. -->","yoast_head_json":{"title":"CAN Maroc 2025 : Le B\u00e9nin affronte l\u2019Egypte en huiti\u00e8mes de finale - Le Patriote","robots":{"index":"index","follow":"follow","max-snippet":"max-snippet:-1","max-image-preview":"max-image-preview:large","max-video-preview":"max-video-preview:-1"},"canonical":"https:\/\/lepatriotebenin.com\/index.php\/2025\/12\/30\/can-maroc-2025-le-benin-affronte-legypte-en-huitiemes-de-finale\/","og_locale":"fr_FR","og_type":"article","og_title":"CAN Maroc 2025 : Le B\u00e9nin affronte l\u2019Egypte en huiti\u00e8mes de finale - Le Patriote","og_description":"On connait d\u00e9sormais l\u2019adversaire\u00a0 des Gu\u00e9pards du B\u00e9nin. Les poulains du\u00a0 technicien Franco -Allemand, Gernot Rohr rencontreront, en 8\u00e8mes de finale de la 35\u00e8me \u00a0\u00e9dition de la Coupe d\u2019Afrique des&hellip;","og_url":"https:\/\/lepatriotebenin.com\/index.php\/2025\/12\/30\/can-maroc-2025-le-benin-affronte-legypte-en-huitiemes-de-finale\/","og_site_name":"Le Patriote","article_published_time":"2025-12-30T22:22:05+00:00","og_image":[{"width":640,"height":512,"url":"https:\/\/lepatriotebenin.com\/wp-content\/uploads\/2025\/12\/guep.jpg","type":"image\/jpeg"}],"author":"Roland AFFANOU","twitter_card":"summary_large_image","twitter_misc":{"\u00c9crit par":"Roland AFFANOU","Dur\u00e9e de lecture estim\u00e9e":"2 minutes"},"schema":{"@context":"https:\/\/schema.org","@graph":[{"@type":"Article","@id":"https:\/\/lepatriotebenin.com\/index.php\/2025\/12\/30\/can-maroc-2025-le-benin-affronte-legypte-en-huitiemes-de-finale\/#article","isPartOf":{"@id":"https:\/\/lepatriotebenin.com\/index.php\/2025\/12\/30\/can-maroc-2025-le-benin-affronte-legypte-en-huitiemes-de-finale\/"},"author":{"name":"Roland AFFANOU","@id":"https:\/\/lepatriotebenin.com\/#\/schema\/person\/4a9b67216c97d04045e01405c534c91f"},"headline":"CAN Maroc 2025 : Le B\u00e9nin affronte l\u2019Egypte en huiti\u00e8mes de finale","datePublished":"2025-12-30T22:22:05+00:00","mainEntityOfPage":{"@id":"https:\/\/lepatriotebenin.com\/index.php\/2025\/12\/30\/can-maroc-2025-le-benin-affronte-legypte-en-huitiemes-de-finale\/"},"wordCount":359,"commentCount":0,"image":{"@id":"https:\/\/lepatriotebenin.com\/index.php\/2025\/12\/30\/can-maroc-2025-le-benin-affronte-legypte-en-huitiemes-de-finale\/#primaryimage"},"thumbnailUrl":"https:\/\/lepatriotebenin.com\/wp-content\/uploads\/2025\/12\/guep.jpg","articleSection":["Sport"],"inLanguage":"fr-FR","potentialAction":[{"@type":"CommentAction","name":"Comment","target":["https:\/\/lepatriotebenin.com\/index.php\/2025\/12\/30\/can-maroc-2025-le-benin-affronte-legypte-en-huitiemes-de-finale\/#respond"]}]},{"@type":"WebPage","@id":"https:\/\/lepatriotebenin.com\/index.php\/2025\/12\/30\/can-maroc-2025-le-benin-affronte-legypte-en-huitiemes-de-finale\/","url":"https:\/\/lepatriotebenin.com\/index.php\/2025\/12\/30\/can-maroc-2025-le-benin-affronte-legypte-en-huitiemes-de-finale\/","name":"CAN Maroc 2025 : Le B\u00e9nin affronte l\u2019Egypte en huiti\u00e8mes de finale - Le Patriote","isPartOf":{"@id":"https:\/\/lepatriotebenin.com\/#website"},"primaryImageOfPage":{"@id":"https:\/\/lepatriotebenin.com\/index.php\/2025\/12\/30\/can-maroc-2025-le-benin-affronte-legypte-en-huitiemes-de-finale\/#primaryimage"},"image":{"@id":"https:\/\/lepatriotebenin.com\/index.php\/2025\/12\/30\/can-maroc-2025-le-benin-affronte-legypte-en-huitiemes-de-finale\/#primaryimage"},"thumbnailUrl":"https:\/\/lepatriotebenin.com\/wp-content\/uploads\/2025\/12\/guep.jpg","datePublished":"2025-12-30T22:22:05+00:00","author":{"@id":"https:\/\/lepatriotebenin.com\/#\/schema\/person\/4a9b67216c97d04045e01405c534c91f"},"breadcrumb":{"@id":"https:\/\/lepatriotebenin.com\/index.php\/2025\/12\/30\/can-maroc-2025-le-benin-affronte-legypte-en-huitiemes-de-finale\/#breadcrumb"},"inLanguage":"fr-FR","potentialAction":[{"@type":"ReadAction","target":["https:\/\/lepatriotebenin.com\/index.php\/2025\/12\/30\/can-maroc-2025-le-benin-affronte-legypte-en-huitiemes-de-finale\/"]}]},{"@type":"ImageObject","inLanguage":"fr-FR","@id":"https:\/\/lepatriotebenin.com\/index.php\/2025\/12\/30\/can-maroc-2025-le-benin-affronte-legypte-en-huitiemes-de-finale\/#primaryimage","url":"https:\/\/lepatriotebenin.com\/wp-content\/uploads\/2025\/12\/guep.jpg","contentUrl":"https:\/\/lepatriotebenin.com\/wp-content\/uploads\/2025\/12\/guep.jpg","width":640,"height":512},{"@type":"BreadcrumbList","@id":"https:\/\/lepatriotebenin.com\/index.php\/2025\/12\/30\/can-maroc-2025-le-benin-affronte-legypte-en-huitiemes-de-finale\/#breadcrumb","itemListElement":[{"@type":"ListItem","position":1,"name":"Accueil","item":"https:\/\/lepatriotebenin.com\/"},{"@type":"ListItem","position":2,"name":"CAN Maroc 2025 : Le B\u00e9nin affronte l\u2019Egypte en huiti\u00e8mes de finale"}]},{"@type":"WebSite","@id":"https:\/\/lepatriotebenin.com\/#website","url":"https:\/\/lepatriotebenin.com\/","name":"Le Patriote","description":"Le Patriote B\u00e9nin","potentialAction":[{"@type":"SearchAction","target":{"@type":"EntryPoint","urlTemplate":"https:\/\/lepatriotebenin.com\/?s={search_term_string}"},"query-input":{"@type":"PropertyValueSpecification","valueRequired":true,"valueName":"search_term_string"}}],"inLanguage":"fr-FR"},{"@type":"Person","@id":"https:\/\/lepatriotebenin.com\/#\/schema\/person\/4a9b67216c97d04045e01405c534c91f","name":"Roland AFFANOU","image":{"@type":"ImageObject","inLanguage":"fr-FR","@id":"https:\/\/secure.gravatar.com\/avatar\/7209d3f6d2d47ea4d0c67e14d3effb61feb10ae540a4381280c66265de5bd643?s=96&d=mm&r=g","url":"https:\/\/secure.gravatar.com\/avatar\/7209d3f6d2d47ea4d0c67e14d3effb61feb10ae540a4381280c66265de5bd643?s=96&d=mm&r=g","contentUrl":"https:\/\/secure.gravatar.com\/avatar\/7209d3f6d2d47ea4d0c67e14d3effb61feb10ae540a4381280c66265de5bd643?s=96&d=mm&r=g","caption":"Roland AFFANOU"},"url":"https:\/\/lepatriotebenin.com"}]}},"_links":{"self":[{"href":"https:\/\/lepatriotebenin.com\/index.php\/wp-json\/wp\/v2\/posts\/16263","targetHints":{"allow":["GET"]}}],"collection":[{"href":"https:\/\/lepatriotebenin.com\/index.php\/wp-json\/wp\/v2\/posts"}],"about":[{"href":"https:\/\/lepatriotebenin.com\/index.php\/wp-json\/wp\/v2\/types\/post"}],"author":[{"embeddable":true,"href":"https:\/\/lepatriotebenin.com\/index.php\/wp-json\/wp\/v2\/users\/6"}],"replies":[{"embeddable":true,"href":"https:\/\/lepatriotebenin.com\/index.php\/wp-json\/wp\/v2\/comments?post=16263"}],"version-history":[{"count":1,"href":"https:\/\/lepatriotebenin.com\/index.php\/wp-json\/wp\/v2\/posts\/16263\/revisions"}],"predecessor-version":[{"id":16265,"href":"https:\/\/lepatriotebenin.com\/index.php\/wp-json\/wp\/v2\/posts\/16263\/revisions\/16265"}],"wp:featuredmedia":[{"embeddable":true,"href":"https:\/\/lepatriotebenin.com\/index.php\/wp-json\/wp\/v2\/media\/16264"}],"wp:attachment":[{"href":"https:\/\/lepatriotebenin.com\/index.php\/wp-json\/wp\/v2\/media?parent=16263"}],"wp:term":[{"taxonomy":"category","embeddable":true,"href":"https:\/\/lepatriotebenin.com\/index.php\/wp-json\/wp\/v2\/categories?post=16263"},{"taxonomy":"post_tag","embeddable":true,"href":"https:\/\/lepatriotebenin.com\/index.php\/wp-json\/wp\/v2\/tags?post=16263"}],"curies":[{"name":"wp","href":"https:\/\/api.w.org\/{rel}","templated":true}]}}