{"id":16218,"date":"2025-12-26T16:12:08","date_gmt":"2025-12-26T15:12:08","guid":{"rendered":"https:\/\/lepatriotebenin.com\/?p=16218"},"modified":"2025-12-26T16:12:08","modified_gmt":"2025-12-26T15:12:08","slug":"benin-voici-lintegralite-du-conseil-des-ministres-de-ce-vendredi-26-decembre-2025","status":"publish","type":"post","link":"https:\/\/lepatriotebenin.com\/index.php\/2025\/12\/26\/benin-voici-lintegralite-du-conseil-des-ministres-de-ce-vendredi-26-decembre-2025\/","title":{"rendered":"B\u00e9nin : Voici  l&rsquo;int\u00e9gralit\u00e9 du conseil des ministres de ce vendredi 26 d\u00e9cembre 2025"},"content":{"rendered":"<p>&nbsp;<\/p>\n<p>Le gouvernement s&rsquo;est r\u00e9uni en conseil extraordinaire ce vendredi 26 d\u00e9cembre 2025. Plusieurs points ont \u00e9t\u00e9 abord\u00e9s et d\u00e9cisions prises<\/p>\n<p><a href=\"https:\/\/lepatriotebenin.com\/wp-content\/uploads\/2025\/12\/compte-rendu-du-conseil-des-ministres-du-26-decembre-2025.pdf\">Compte rendu du Conseil des Ministres du 26 d\u00e9cembre 2025<\/a><\/p>\n<p>&nbsp;<\/p>\n","protected":false},"excerpt":{"rendered":"<p>&nbsp; Le gouvernement s&rsquo;est r\u00e9uni en conseil extraordinaire ce vendredi 26 d\u00e9cembre 2025. Plusieurs points ont \u00e9t\u00e9 abord\u00e9s et d\u00e9cisions prises Compte rendu du Conseil des Ministres du 26 d\u00e9cembre&hellip;<\/p>\n","protected":false},"author":5,"featured_media":16220,"comment_status":"open","ping_status":"open","sticky":false,"template":"","format":"standard","meta":{"content-type":"","om_disable_all_campaigns":false,"_monsterinsights_skip_tracking":false,"_monsterinsights_sitenote_active":false,"_monsterinsights_sitenote_note":"","_monsterinsights_sitenote_category":0,"_uf_show_specific_survey":0,"_uf_disable_surveys":false,"footnotes":""},"categories":[26],"tags":[],"class_list":["post-16218","post","type-post","status-publish","format-standard","has-post-thumbnail","hentry","category-politique"],"aioseo_notices":[],"yoast_head":"<!-- This site is optimized with the Yoast SEO plugin v27.5 - https:\/\/yoast.com\/product\/yoast-seo-wordpress\/ -->\n<title>B\u00e9nin : Voici l&#039;int\u00e9gralit\u00e9 du conseil des ministres de ce vendredi 26 d\u00e9cembre 2025 - Le Patriote<\/title>\n<meta name=\"robots\" content=\"index, follow, max-snippet:-1, max-image-preview:large, max-video-preview:-1\" \/>\n<link rel=\"canonical\" href=\"https:\/\/lepatriotebenin.com\/index.php\/2025\/12\/26\/benin-voici-lintegralite-du-conseil-des-ministres-de-ce-vendredi-26-decembre-2025\/\" \/>\n<meta property=\"og:locale\" content=\"fr_FR\" \/>\n<meta property=\"og:type\" content=\"article\" \/>\n<meta property=\"og:title\" content=\"B\u00e9nin : Voici l&#039;int\u00e9gralit\u00e9 du conseil des ministres de ce vendredi 26 d\u00e9cembre 2025 - Le Patriote\" \/>\n<meta property=\"og:description\" content=\"&nbsp; Le gouvernement s&rsquo;est r\u00e9uni en conseil extraordinaire ce vendredi 26 d\u00e9cembre 2025. Plusieurs points ont \u00e9t\u00e9 abord\u00e9s et d\u00e9cisions prises Compte rendu du Conseil des Ministres du 26 d\u00e9cembre&hellip;\" \/>\n<meta property=\"og:url\" content=\"https:\/\/lepatriotebenin.com\/index.php\/2025\/12\/26\/benin-voici-lintegralite-du-conseil-des-ministres-de-ce-vendredi-26-decembre-2025\/\" \/>\n<meta property=\"og:site_name\" content=\"Le Patriote\" \/>\n<meta property=\"article:published_time\" content=\"2025-12-26T15:12:08+00:00\" \/>\n<meta property=\"og:image\" content=\"https:\/\/lepatriotebenin.com\/wp-content\/uploads\/2025\/12\/con-min-1.webp\" \/>\n\t<meta property=\"og:image:width\" content=\"866\" \/>\n\t<meta property=\"og:image:height\" content=\"566\" \/>\n\t<meta property=\"og:image:type\" content=\"image\/webp\" \/>\n<meta name=\"author\" content=\"Redaction\" \/>\n<meta name=\"twitter:card\" content=\"summary_large_image\" \/>\n<meta name=\"twitter:label1\" content=\"\u00c9crit par\" \/>\n\t<meta name=\"twitter:data1\" content=\"Redaction\" \/>\n\t<meta name=\"twitter:label2\" content=\"Dur\u00e9e de lecture estim\u00e9e\" \/>\n\t<meta name=\"twitter:data2\" content=\"1 minute\" \/>\n<script type=\"application\/ld+json\" class=\"yoast-schema-graph\">{\"@context\":\"https:\\\/\\\/schema.org\",\"@graph\":[{\"@type\":\"Article\",\"@id\":\"https:\\\/\\\/lepatriotebenin.com\\\/index.php\\\/2025\\\/12\\\/26\\\/benin-voici-lintegralite-du-conseil-des-ministres-de-ce-vendredi-26-decembre-2025\\\/#article\",\"isPartOf\":{\"@id\":\"https:\\\/\\\/lepatriotebenin.com\\\/index.php\\\/2025\\\/12\\\/26\\\/benin-voici-lintegralite-du-conseil-des-ministres-de-ce-vendredi-26-decembre-2025\\\/\"},\"author\":{\"name\":\"Redaction\",\"@id\":\"https:\\\/\\\/lepatriotebenin.com\\\/#\\\/schema\\\/person\\\/2e7709b9c9cc313e452d1136af61690f\"},\"headline\":\"B\u00e9nin : Voici l&rsquo;int\u00e9gralit\u00e9 du conseil des ministres de ce vendredi 26 d\u00e9cembre 2025\",\"datePublished\":\"2025-12-26T15:12:08+00:00\",\"mainEntityOfPage\":{\"@id\":\"https:\\\/\\\/lepatriotebenin.com\\\/index.php\\\/2025\\\/12\\\/26\\\/benin-voici-lintegralite-du-conseil-des-ministres-de-ce-vendredi-26-decembre-2025\\\/\"},\"wordCount\":49,\"commentCount\":0,\"image\":{\"@id\":\"https:\\\/\\\/lepatriotebenin.com\\\/index.php\\\/2025\\\/12\\\/26\\\/benin-voici-lintegralite-du-conseil-des-ministres-de-ce-vendredi-26-decembre-2025\\\/#primaryimage\"},\"thumbnailUrl\":\"https:\\\/\\\/lepatriotebenin.com\\\/wp-content\\\/uploads\\\/2025\\\/12\\\/con-min-1.webp\",\"articleSection\":[\"Politique\"],\"inLanguage\":\"fr-FR\",\"potentialAction\":[{\"@type\":\"CommentAction\",\"name\":\"Comment\",\"target\":[\"https:\\\/\\\/lepatriotebenin.com\\\/index.php\\\/2025\\\/12\\\/26\\\/benin-voici-lintegralite-du-conseil-des-ministres-de-ce-vendredi-26-decembre-2025\\\/#respond\"]}]},{\"@type\":\"WebPage\",\"@id\":\"https:\\\/\\\/lepatriotebenin.com\\\/index.php\\\/2025\\\/12\\\/26\\\/benin-voici-lintegralite-du-conseil-des-ministres-de-ce-vendredi-26-decembre-2025\\\/\",\"url\":\"https:\\\/\\\/lepatriotebenin.com\\\/index.php\\\/2025\\\/12\\\/26\\\/benin-voici-lintegralite-du-conseil-des-ministres-de-ce-vendredi-26-decembre-2025\\\/\",\"name\":\"B\u00e9nin : Voici l'int\u00e9gralit\u00e9 du conseil des ministres de ce vendredi 26 d\u00e9cembre 2025 - Le Patriote\",\"isPartOf\":{\"@id\":\"https:\\\/\\\/lepatriotebenin.com\\\/#website\"},\"primaryImageOfPage\":{\"@id\":\"https:\\\/\\\/lepatriotebenin.com\\\/index.php\\\/2025\\\/12\\\/26\\\/benin-voici-lintegralite-du-conseil-des-ministres-de-ce-vendredi-26-decembre-2025\\\/#primaryimage\"},\"image\":{\"@id\":\"https:\\\/\\\/lepatriotebenin.com\\\/index.php\\\/2025\\\/12\\\/26\\\/benin-voici-lintegralite-du-conseil-des-ministres-de-ce-vendredi-26-decembre-2025\\\/#primaryimage\"},\"thumbnailUrl\":\"https:\\\/\\\/lepatriotebenin.com\\\/wp-content\\\/uploads\\\/2025\\\/12\\\/con-min-1.webp\",\"datePublished\":\"2025-12-26T15:12:08+00:00\",\"author\":{\"@id\":\"https:\\\/\\\/lepatriotebenin.com\\\/#\\\/schema\\\/person\\\/2e7709b9c9cc313e452d1136af61690f\"},\"breadcrumb\":{\"@id\":\"https:\\\/\\\/lepatriotebenin.com\\\/index.php\\\/2025\\\/12\\\/26\\\/benin-voici-lintegralite-du-conseil-des-ministres-de-ce-vendredi-26-decembre-2025\\\/#breadcrumb\"},\"inLanguage\":\"fr-FR\",\"potentialAction\":[{\"@type\":\"ReadAction\",\"target\":[\"https:\\\/\\\/lepatriotebenin.com\\\/index.php\\\/2025\\\/12\\\/26\\\/benin-voici-lintegralite-du-conseil-des-ministres-de-ce-vendredi-26-decembre-2025\\\/\"]}]},{\"@type\":\"ImageObject\",\"inLanguage\":\"fr-FR\",\"@id\":\"https:\\\/\\\/lepatriotebenin.com\\\/index.php\\\/2025\\\/12\\\/26\\\/benin-voici-lintegralite-du-conseil-des-ministres-de-ce-vendredi-26-decembre-2025\\\/#primaryimage\",\"url\":\"https:\\\/\\\/lepatriotebenin.com\\\/wp-content\\\/uploads\\\/2025\\\/12\\\/con-min-1.webp\",\"contentUrl\":\"https:\\\/\\\/lepatriotebenin.com\\\/wp-content\\\/uploads\\\/2025\\\/12\\\/con-min-1.webp\",\"width\":866,\"height\":566},{\"@type\":\"BreadcrumbList\",\"@id\":\"https:\\\/\\\/lepatriotebenin.com\\\/index.php\\\/2025\\\/12\\\/26\\\/benin-voici-lintegralite-du-conseil-des-ministres-de-ce-vendredi-26-decembre-2025\\\/#breadcrumb\",\"itemListElement\":[{\"@type\":\"ListItem\",\"position\":1,\"name\":\"Accueil\",\"item\":\"https:\\\/\\\/lepatriotebenin.com\\\/\"},{\"@type\":\"ListItem\",\"position\":2,\"name\":\"B\u00e9nin : Voici l&rsquo;int\u00e9gralit\u00e9 du conseil des ministres de ce vendredi 26 d\u00e9cembre 2025\"}]},{\"@type\":\"WebSite\",\"@id\":\"https:\\\/\\\/lepatriotebenin.com\\\/#website\",\"url\":\"https:\\\/\\\/lepatriotebenin.com\\\/\",\"name\":\"Le Patriote\",\"description\":\"Le Patriote B\u00e9nin\",\"potentialAction\":[{\"@type\":\"SearchAction\",\"target\":{\"@type\":\"EntryPoint\",\"urlTemplate\":\"https:\\\/\\\/lepatriotebenin.com\\\/?s={search_term_string}\"},\"query-input\":{\"@type\":\"PropertyValueSpecification\",\"valueRequired\":true,\"valueName\":\"search_term_string\"}}],\"inLanguage\":\"fr-FR\"},{\"@type\":\"Person\",\"@id\":\"https:\\\/\\\/lepatriotebenin.com\\\/#\\\/schema\\\/person\\\/2e7709b9c9cc313e452d1136af61690f\",\"name\":\"Redaction\",\"image\":{\"@type\":\"ImageObject\",\"inLanguage\":\"fr-FR\",\"@id\":\"https:\\\/\\\/secure.gravatar.com\\\/avatar\\\/c4c509357859ea2ca2cbb6d8812898a73e4ef1ef9934c2e591d7e32face734d1?s=96&d=mm&r=g\",\"url\":\"https:\\\/\\\/secure.gravatar.com\\\/avatar\\\/c4c509357859ea2ca2cbb6d8812898a73e4ef1ef9934c2e591d7e32face734d1?s=96&d=mm&r=g\",\"contentUrl\":\"https:\\\/\\\/secure.gravatar.com\\\/avatar\\\/c4c509357859ea2ca2cbb6d8812898a73e4ef1ef9934c2e591d7e32face734d1?s=96&d=mm&r=g\",\"caption\":\"Redaction\"},\"url\":\"https:\\\/\\\/lepatriotebenin.com\"}]}<\/script>\n<!-- \/ Yoast SEO plugin. -->","yoast_head_json":{"title":"B\u00e9nin : Voici l'int\u00e9gralit\u00e9 du conseil des ministres de ce vendredi 26 d\u00e9cembre 2025 - Le Patriote","robots":{"index":"index","follow":"follow","max-snippet":"max-snippet:-1","max-image-preview":"max-image-preview:large","max-video-preview":"max-video-preview:-1"},"canonical":"https:\/\/lepatriotebenin.com\/index.php\/2025\/12\/26\/benin-voici-lintegralite-du-conseil-des-ministres-de-ce-vendredi-26-decembre-2025\/","og_locale":"fr_FR","og_type":"article","og_title":"B\u00e9nin : Voici l'int\u00e9gralit\u00e9 du conseil des ministres de ce vendredi 26 d\u00e9cembre 2025 - Le Patriote","og_description":"&nbsp; Le gouvernement s&rsquo;est r\u00e9uni en conseil extraordinaire ce vendredi 26 d\u00e9cembre 2025. Plusieurs points ont \u00e9t\u00e9 abord\u00e9s et d\u00e9cisions prises Compte rendu du Conseil des Ministres du 26 d\u00e9cembre&hellip;","og_url":"https:\/\/lepatriotebenin.com\/index.php\/2025\/12\/26\/benin-voici-lintegralite-du-conseil-des-ministres-de-ce-vendredi-26-decembre-2025\/","og_site_name":"Le Patriote","article_published_time":"2025-12-26T15:12:08+00:00","og_image":[{"width":866,"height":566,"url":"https:\/\/lepatriotebenin.com\/wp-content\/uploads\/2025\/12\/con-min-1.webp","type":"image\/webp"}],"author":"Redaction","twitter_card":"summary_large_image","twitter_misc":{"\u00c9crit par":"Redaction","Dur\u00e9e de lecture estim\u00e9e":"1 minute"},"schema":{"@context":"https:\/\/schema.org","@graph":[{"@type":"Article","@id":"https:\/\/lepatriotebenin.com\/index.php\/2025\/12\/26\/benin-voici-lintegralite-du-conseil-des-ministres-de-ce-vendredi-26-decembre-2025\/#article","isPartOf":{"@id":"https:\/\/lepatriotebenin.com\/index.php\/2025\/12\/26\/benin-voici-lintegralite-du-conseil-des-ministres-de-ce-vendredi-26-decembre-2025\/"},"author":{"name":"Redaction","@id":"https:\/\/lepatriotebenin.com\/#\/schema\/person\/2e7709b9c9cc313e452d1136af61690f"},"headline":"B\u00e9nin : Voici l&rsquo;int\u00e9gralit\u00e9 du conseil des ministres de ce vendredi 26 d\u00e9cembre 2025","datePublished":"2025-12-26T15:12:08+00:00","mainEntityOfPage":{"@id":"https:\/\/lepatriotebenin.com\/index.php\/2025\/12\/26\/benin-voici-lintegralite-du-conseil-des-ministres-de-ce-vendredi-26-decembre-2025\/"},"wordCount":49,"commentCount":0,"image":{"@id":"https:\/\/lepatriotebenin.com\/index.php\/2025\/12\/26\/benin-voici-lintegralite-du-conseil-des-ministres-de-ce-vendredi-26-decembre-2025\/#primaryimage"},"thumbnailUrl":"https:\/\/lepatriotebenin.com\/wp-content\/uploads\/2025\/12\/con-min-1.webp","articleSection":["Politique"],"inLanguage":"fr-FR","potentialAction":[{"@type":"CommentAction","name":"Comment","target":["https:\/\/lepatriotebenin.com\/index.php\/2025\/12\/26\/benin-voici-lintegralite-du-conseil-des-ministres-de-ce-vendredi-26-decembre-2025\/#respond"]}]},{"@type":"WebPage","@id":"https:\/\/lepatriotebenin.com\/index.php\/2025\/12\/26\/benin-voici-lintegralite-du-conseil-des-ministres-de-ce-vendredi-26-decembre-2025\/","url":"https:\/\/lepatriotebenin.com\/index.php\/2025\/12\/26\/benin-voici-lintegralite-du-conseil-des-ministres-de-ce-vendredi-26-decembre-2025\/","name":"B\u00e9nin : Voici l'int\u00e9gralit\u00e9 du conseil des ministres de ce vendredi 26 d\u00e9cembre 2025 - Le Patriote","isPartOf":{"@id":"https:\/\/lepatriotebenin.com\/#website"},"primaryImageOfPage":{"@id":"https:\/\/lepatriotebenin.com\/index.php\/2025\/12\/26\/benin-voici-lintegralite-du-conseil-des-ministres-de-ce-vendredi-26-decembre-2025\/#primaryimage"},"image":{"@id":"https:\/\/lepatriotebenin.com\/index.php\/2025\/12\/26\/benin-voici-lintegralite-du-conseil-des-ministres-de-ce-vendredi-26-decembre-2025\/#primaryimage"},"thumbnailUrl":"https:\/\/lepatriotebenin.com\/wp-content\/uploads\/2025\/12\/con-min-1.webp","datePublished":"2025-12-26T15:12:08+00:00","author":{"@id":"https:\/\/lepatriotebenin.com\/#\/schema\/person\/2e7709b9c9cc313e452d1136af61690f"},"breadcrumb":{"@id":"https:\/\/lepatriotebenin.com\/index.php\/2025\/12\/26\/benin-voici-lintegralite-du-conseil-des-ministres-de-ce-vendredi-26-decembre-2025\/#breadcrumb"},"inLanguage":"fr-FR","potentialAction":[{"@type":"ReadAction","target":["https:\/\/lepatriotebenin.com\/index.php\/2025\/12\/26\/benin-voici-lintegralite-du-conseil-des-ministres-de-ce-vendredi-26-decembre-2025\/"]}]},{"@type":"ImageObject","inLanguage":"fr-FR","@id":"https:\/\/lepatriotebenin.com\/index.php\/2025\/12\/26\/benin-voici-lintegralite-du-conseil-des-ministres-de-ce-vendredi-26-decembre-2025\/#primaryimage","url":"https:\/\/lepatriotebenin.com\/wp-content\/uploads\/2025\/12\/con-min-1.webp","contentUrl":"https:\/\/lepatriotebenin.com\/wp-content\/uploads\/2025\/12\/con-min-1.webp","width":866,"height":566},{"@type":"BreadcrumbList","@id":"https:\/\/lepatriotebenin.com\/index.php\/2025\/12\/26\/benin-voici-lintegralite-du-conseil-des-ministres-de-ce-vendredi-26-decembre-2025\/#breadcrumb","itemListElement":[{"@type":"ListItem","position":1,"name":"Accueil","item":"https:\/\/lepatriotebenin.com\/"},{"@type":"ListItem","position":2,"name":"B\u00e9nin : Voici l&rsquo;int\u00e9gralit\u00e9 du conseil des ministres de ce vendredi 26 d\u00e9cembre 2025"}]},{"@type":"WebSite","@id":"https:\/\/lepatriotebenin.com\/#website","url":"https:\/\/lepatriotebenin.com\/","name":"Le Patriote","description":"Le Patriote B\u00e9nin","potentialAction":[{"@type":"SearchAction","target":{"@type":"EntryPoint","urlTemplate":"https:\/\/lepatriotebenin.com\/?s={search_term_string}"},"query-input":{"@type":"PropertyValueSpecification","valueRequired":true,"valueName":"search_term_string"}}],"inLanguage":"fr-FR"},{"@type":"Person","@id":"https:\/\/lepatriotebenin.com\/#\/schema\/person\/2e7709b9c9cc313e452d1136af61690f","name":"Redaction","image":{"@type":"ImageObject","inLanguage":"fr-FR","@id":"https:\/\/secure.gravatar.com\/avatar\/c4c509357859ea2ca2cbb6d8812898a73e4ef1ef9934c2e591d7e32face734d1?s=96&d=mm&r=g","url":"https:\/\/secure.gravatar.com\/avatar\/c4c509357859ea2ca2cbb6d8812898a73e4ef1ef9934c2e591d7e32face734d1?s=96&d=mm&r=g","contentUrl":"https:\/\/secure.gravatar.com\/avatar\/c4c509357859ea2ca2cbb6d8812898a73e4ef1ef9934c2e591d7e32face734d1?s=96&d=mm&r=g","caption":"Redaction"},"url":"https:\/\/lepatriotebenin.com"}]}},"_links":{"self":[{"href":"https:\/\/lepatriotebenin.com\/index.php\/wp-json\/wp\/v2\/posts\/16218","targetHints":{"allow":["GET"]}}],"collection":[{"href":"https:\/\/lepatriotebenin.com\/index.php\/wp-json\/wp\/v2\/posts"}],"about":[{"href":"https:\/\/lepatriotebenin.com\/index.php\/wp-json\/wp\/v2\/types\/post"}],"author":[{"embeddable":true,"href":"https:\/\/lepatriotebenin.com\/index.php\/wp-json\/wp\/v2\/users\/5"}],"replies":[{"embeddable":true,"href":"https:\/\/lepatriotebenin.com\/index.php\/wp-json\/wp\/v2\/comments?post=16218"}],"version-history":[{"count":1,"href":"https:\/\/lepatriotebenin.com\/index.php\/wp-json\/wp\/v2\/posts\/16218\/revisions"}],"predecessor-version":[{"id":16221,"href":"https:\/\/lepatriotebenin.com\/index.php\/wp-json\/wp\/v2\/posts\/16218\/revisions\/16221"}],"wp:featuredmedia":[{"embeddable":true,"href":"https:\/\/lepatriotebenin.com\/index.php\/wp-json\/wp\/v2\/media\/16220"}],"wp:attachment":[{"href":"https:\/\/lepatriotebenin.com\/index.php\/wp-json\/wp\/v2\/media?parent=16218"}],"wp:term":[{"taxonomy":"category","embeddable":true,"href":"https:\/\/lepatriotebenin.com\/index.php\/wp-json\/wp\/v2\/categories?post=16218"},{"taxonomy":"post_tag","embeddable":true,"href":"https:\/\/lepatriotebenin.com\/index.php\/wp-json\/wp\/v2\/tags?post=16218"}],"curies":[{"name":"wp","href":"https:\/\/api.w.org\/{rel}","templated":true}]}}