{"id":16215,"date":"2025-12-26T16:01:18","date_gmt":"2025-12-26T15:01:18","guid":{"rendered":"https:\/\/lepatriotebenin.com\/?p=16215"},"modified":"2025-12-26T16:01:18","modified_gmt":"2025-12-26T15:01:18","slug":"celebration-des-fetes-de-fin-dannee-au-front-le-cemg-fructueux-gbaguidi-salue-le-patriotisme-des-fab","status":"publish","type":"post","link":"https:\/\/lepatriotebenin.com\/index.php\/2025\/12\/26\/celebration-des-fetes-de-fin-dannee-au-front-le-cemg-fructueux-gbaguidi-salue-le-patriotisme-des-fab\/","title":{"rendered":"C\u00e9l\u00e9bration des f\u00eates de  fin d&rsquo;ann\u00e9e au front : Le Cemg Fructueux Gbaguidi salue le patriotisme des Fab"},"content":{"rendered":"<p><strong>Lire l&rsquo;int\u00e9gralit\u00e9 de son adresse<\/strong><\/p>\n<p><strong>Message du Chef d&rsquo;\u00c9tat Major des Forces arm\u00e9es b\u00e9ninoises<\/strong><\/p>\n<p><strong>Chers fr\u00e8res d\u2019armes<\/strong> !<\/p>\n<p>En ce jour, symbole de naissance, d\u2019espoir, de fraternit\u00e9 et d\u2019esp\u00e9rance, je voudrais vous souhaiter une bonne f\u00eate de No\u00ebl.<\/p>\n<p>\u00c0 vous, dignes combattants engag\u00e9s dans l\u2019op\u00e9ration MIRADOR, je tiens \u00e0 m\u2019adresser de fa\u00e7on sp\u00e9ciale.<\/p>\n<p>Je voudrais saluer votre bravoure, votre professionnalisme et votre sens \u00e9lev\u00e9 du devoir. Alors que vous \u00eates au contact de l\u2019ennemi, loin de vos familles, je vous renouvelle mon soutien et celui du Chef supr\u00eame des arm\u00e9es.<\/p>\n<p>J\u2019avais l\u2019habitude de passer cette p\u00e9riode en votre compagnie sur diff\u00e9rentes positions, mais les derniers \u00e9v\u00e9nements survenus \u00e0 Cotonou en d\u00e9but de mois m\u2019en emp\u00eachent cette ann\u00e9e. Partie remise.<\/p>\n<p>Nous sommes en premi\u00e8re ligne pour d\u00e9fendre le B\u00e9nin et garantir la s\u00e9curit\u00e9 de nos compatriotes. Nous constituons le rempart de la Nation face au terrorisme et notre objectif reste le m\u00eame : \u00ab Aucun centim\u00e8tre carr\u00e9 de notre territoire ne sera c\u00e9d\u00e9 \u00e0 l\u2019ennemi \u00bb. Pour cela, nous nous battrons jusqu\u2019au sacrifice supr\u00eame, si n\u00e9cessaire.<\/p>\n<p>Que Dieu Tout-Puissant nous garde, nous prot\u00e8ge et nous accorde force et courage dans l\u2019accomplissement de notre mission.<\/p>\n<p>Votre sacrifice et votre engagement sont une source de fiert\u00e9 pour notre pays. Vous honorez les Forces Arm\u00e9es B\u00e9ninoises et le drapeau que vous servez avec fiert\u00e9. Nous l\u2019avons d\u00e9j\u00e0 prouv\u00e9 ensemble par le pass\u00e9 et tout r\u00e9cemment encore. Nous sommes les FAB et savons faire face. Restons vigilants, solidaires et continuons \u00e0 prot\u00e9ger notre pays sans esprit de recul.<\/p>\n<p>Chers fr\u00e8res d\u2019armes, la mission est exigeante, mais nous avons \u00e9t\u00e9 form\u00e9s pour l\u2019accomplir au mieux. Le pays vous fait confiance et soutient pleinement votre engagement.<\/p>\n<p><strong>Honneur et Patrie.<\/strong><\/p>\n<p><strong>Joyeux No\u00ebl au front !<\/strong><\/p>\n<p><strong>Nous vaincrons.<\/strong><\/p>\n<p><strong>GDI C. A. Fructueux GBAGUIDI, Chef d&rsquo;Etat-major G\u00e9n\u00e9ral<\/strong><\/p>\n","protected":false},"excerpt":{"rendered":"<p>Lire l&rsquo;int\u00e9gralit\u00e9 de son adresse Message du Chef d&rsquo;\u00c9tat Major des Forces arm\u00e9es b\u00e9ninoises Chers fr\u00e8res d\u2019armes ! En ce jour, symbole de naissance, d\u2019espoir, de fraternit\u00e9 et d\u2019esp\u00e9rance, je&hellip;<\/p>\n","protected":false},"author":5,"featured_media":16216,"comment_status":"open","ping_status":"open","sticky":false,"template":"","format":"standard","meta":{"content-type":"","om_disable_all_campaigns":false,"_monsterinsights_skip_tracking":false,"_monsterinsights_sitenote_active":false,"_monsterinsights_sitenote_note":"","_monsterinsights_sitenote_category":0,"_uf_show_specific_survey":0,"_uf_disable_surveys":false,"footnotes":""},"categories":[20],"tags":[],"class_list":["post-16215","post","type-post","status-publish","format-standard","has-post-thumbnail","hentry","category-societe"],"aioseo_notices":[],"yoast_head":"<!-- This site is optimized with the Yoast SEO plugin v27.5 - https:\/\/yoast.com\/product\/yoast-seo-wordpress\/ -->\n<title>C\u00e9l\u00e9bration des f\u00eates de fin d&#039;ann\u00e9e au front : Le Cemg Fructueux Gbaguidi salue le patriotisme des Fab - Le Patriote<\/title>\n<meta name=\"robots\" content=\"index, follow, max-snippet:-1, max-image-preview:large, max-video-preview:-1\" \/>\n<link rel=\"canonical\" href=\"https:\/\/lepatriotebenin.com\/index.php\/2025\/12\/26\/celebration-des-fetes-de-fin-dannee-au-front-le-cemg-fructueux-gbaguidi-salue-le-patriotisme-des-fab\/\" \/>\n<meta property=\"og:locale\" content=\"fr_FR\" \/>\n<meta property=\"og:type\" content=\"article\" \/>\n<meta property=\"og:title\" content=\"C\u00e9l\u00e9bration des f\u00eates de fin d&#039;ann\u00e9e au front : Le Cemg Fructueux Gbaguidi salue le patriotisme des Fab - Le Patriote\" \/>\n<meta property=\"og:description\" content=\"Lire l&rsquo;int\u00e9gralit\u00e9 de son adresse Message du Chef d&rsquo;\u00c9tat Major des Forces arm\u00e9es b\u00e9ninoises Chers fr\u00e8res d\u2019armes ! En ce jour, symbole de naissance, d\u2019espoir, de fraternit\u00e9 et d\u2019esp\u00e9rance, je&hellip;\" \/>\n<meta property=\"og:url\" content=\"https:\/\/lepatriotebenin.com\/index.php\/2025\/12\/26\/celebration-des-fetes-de-fin-dannee-au-front-le-cemg-fructueux-gbaguidi-salue-le-patriotisme-des-fab\/\" \/>\n<meta property=\"og:site_name\" content=\"Le Patriote\" \/>\n<meta property=\"article:published_time\" content=\"2025-12-26T15:01:18+00:00\" \/>\n<meta property=\"og:image\" content=\"https:\/\/lepatriotebenin.com\/wp-content\/uploads\/2025\/12\/gbaguidi-fructueux.jpg\" \/>\n\t<meta property=\"og:image:width\" content=\"950\" \/>\n\t<meta property=\"og:image:height\" content=\"600\" \/>\n\t<meta property=\"og:image:type\" content=\"image\/jpeg\" \/>\n<meta name=\"author\" content=\"Redaction\" \/>\n<meta name=\"twitter:card\" content=\"summary_large_image\" \/>\n<meta name=\"twitter:label1\" content=\"\u00c9crit par\" \/>\n\t<meta name=\"twitter:data1\" content=\"Redaction\" \/>\n\t<meta name=\"twitter:label2\" content=\"Dur\u00e9e de lecture estim\u00e9e\" \/>\n\t<meta name=\"twitter:data2\" content=\"2 minutes\" \/>\n<script type=\"application\/ld+json\" class=\"yoast-schema-graph\">{\"@context\":\"https:\\\/\\\/schema.org\",\"@graph\":[{\"@type\":\"Article\",\"@id\":\"https:\\\/\\\/lepatriotebenin.com\\\/index.php\\\/2025\\\/12\\\/26\\\/celebration-des-fetes-de-fin-dannee-au-front-le-cemg-fructueux-gbaguidi-salue-le-patriotisme-des-fab\\\/#article\",\"isPartOf\":{\"@id\":\"https:\\\/\\\/lepatriotebenin.com\\\/index.php\\\/2025\\\/12\\\/26\\\/celebration-des-fetes-de-fin-dannee-au-front-le-cemg-fructueux-gbaguidi-salue-le-patriotisme-des-fab\\\/\"},\"author\":{\"name\":\"Redaction\",\"@id\":\"https:\\\/\\\/lepatriotebenin.com\\\/#\\\/schema\\\/person\\\/2e7709b9c9cc313e452d1136af61690f\"},\"headline\":\"C\u00e9l\u00e9bration des f\u00eates de fin d&rsquo;ann\u00e9e au front : Le Cemg Fructueux Gbaguidi salue le patriotisme des Fab\",\"datePublished\":\"2025-12-26T15:01:18+00:00\",\"mainEntityOfPage\":{\"@id\":\"https:\\\/\\\/lepatriotebenin.com\\\/index.php\\\/2025\\\/12\\\/26\\\/celebration-des-fetes-de-fin-dannee-au-front-le-cemg-fructueux-gbaguidi-salue-le-patriotisme-des-fab\\\/\"},\"wordCount\":366,\"commentCount\":0,\"image\":{\"@id\":\"https:\\\/\\\/lepatriotebenin.com\\\/index.php\\\/2025\\\/12\\\/26\\\/celebration-des-fetes-de-fin-dannee-au-front-le-cemg-fructueux-gbaguidi-salue-le-patriotisme-des-fab\\\/#primaryimage\"},\"thumbnailUrl\":\"https:\\\/\\\/lepatriotebenin.com\\\/wp-content\\\/uploads\\\/2025\\\/12\\\/gbaguidi-fructueux.jpg\",\"articleSection\":[\"Soci\u00e9t\u00e9\"],\"inLanguage\":\"fr-FR\",\"potentialAction\":[{\"@type\":\"CommentAction\",\"name\":\"Comment\",\"target\":[\"https:\\\/\\\/lepatriotebenin.com\\\/index.php\\\/2025\\\/12\\\/26\\\/celebration-des-fetes-de-fin-dannee-au-front-le-cemg-fructueux-gbaguidi-salue-le-patriotisme-des-fab\\\/#respond\"]}]},{\"@type\":\"WebPage\",\"@id\":\"https:\\\/\\\/lepatriotebenin.com\\\/index.php\\\/2025\\\/12\\\/26\\\/celebration-des-fetes-de-fin-dannee-au-front-le-cemg-fructueux-gbaguidi-salue-le-patriotisme-des-fab\\\/\",\"url\":\"https:\\\/\\\/lepatriotebenin.com\\\/index.php\\\/2025\\\/12\\\/26\\\/celebration-des-fetes-de-fin-dannee-au-front-le-cemg-fructueux-gbaguidi-salue-le-patriotisme-des-fab\\\/\",\"name\":\"C\u00e9l\u00e9bration des f\u00eates de fin d'ann\u00e9e au front : Le Cemg Fructueux Gbaguidi salue le patriotisme des Fab - Le Patriote\",\"isPartOf\":{\"@id\":\"https:\\\/\\\/lepatriotebenin.com\\\/#website\"},\"primaryImageOfPage\":{\"@id\":\"https:\\\/\\\/lepatriotebenin.com\\\/index.php\\\/2025\\\/12\\\/26\\\/celebration-des-fetes-de-fin-dannee-au-front-le-cemg-fructueux-gbaguidi-salue-le-patriotisme-des-fab\\\/#primaryimage\"},\"image\":{\"@id\":\"https:\\\/\\\/lepatriotebenin.com\\\/index.php\\\/2025\\\/12\\\/26\\\/celebration-des-fetes-de-fin-dannee-au-front-le-cemg-fructueux-gbaguidi-salue-le-patriotisme-des-fab\\\/#primaryimage\"},\"thumbnailUrl\":\"https:\\\/\\\/lepatriotebenin.com\\\/wp-content\\\/uploads\\\/2025\\\/12\\\/gbaguidi-fructueux.jpg\",\"datePublished\":\"2025-12-26T15:01:18+00:00\",\"author\":{\"@id\":\"https:\\\/\\\/lepatriotebenin.com\\\/#\\\/schema\\\/person\\\/2e7709b9c9cc313e452d1136af61690f\"},\"breadcrumb\":{\"@id\":\"https:\\\/\\\/lepatriotebenin.com\\\/index.php\\\/2025\\\/12\\\/26\\\/celebration-des-fetes-de-fin-dannee-au-front-le-cemg-fructueux-gbaguidi-salue-le-patriotisme-des-fab\\\/#breadcrumb\"},\"inLanguage\":\"fr-FR\",\"potentialAction\":[{\"@type\":\"ReadAction\",\"target\":[\"https:\\\/\\\/lepatriotebenin.com\\\/index.php\\\/2025\\\/12\\\/26\\\/celebration-des-fetes-de-fin-dannee-au-front-le-cemg-fructueux-gbaguidi-salue-le-patriotisme-des-fab\\\/\"]}]},{\"@type\":\"ImageObject\",\"inLanguage\":\"fr-FR\",\"@id\":\"https:\\\/\\\/lepatriotebenin.com\\\/index.php\\\/2025\\\/12\\\/26\\\/celebration-des-fetes-de-fin-dannee-au-front-le-cemg-fructueux-gbaguidi-salue-le-patriotisme-des-fab\\\/#primaryimage\",\"url\":\"https:\\\/\\\/lepatriotebenin.com\\\/wp-content\\\/uploads\\\/2025\\\/12\\\/gbaguidi-fructueux.jpg\",\"contentUrl\":\"https:\\\/\\\/lepatriotebenin.com\\\/wp-content\\\/uploads\\\/2025\\\/12\\\/gbaguidi-fructueux.jpg\",\"width\":950,\"height\":600},{\"@type\":\"BreadcrumbList\",\"@id\":\"https:\\\/\\\/lepatriotebenin.com\\\/index.php\\\/2025\\\/12\\\/26\\\/celebration-des-fetes-de-fin-dannee-au-front-le-cemg-fructueux-gbaguidi-salue-le-patriotisme-des-fab\\\/#breadcrumb\",\"itemListElement\":[{\"@type\":\"ListItem\",\"position\":1,\"name\":\"Accueil\",\"item\":\"https:\\\/\\\/lepatriotebenin.com\\\/\"},{\"@type\":\"ListItem\",\"position\":2,\"name\":\"C\u00e9l\u00e9bration des f\u00eates de fin d&rsquo;ann\u00e9e au front : Le Cemg Fructueux Gbaguidi salue le patriotisme des Fab\"}]},{\"@type\":\"WebSite\",\"@id\":\"https:\\\/\\\/lepatriotebenin.com\\\/#website\",\"url\":\"https:\\\/\\\/lepatriotebenin.com\\\/\",\"name\":\"Le Patriote\",\"description\":\"Le Patriote B\u00e9nin\",\"potentialAction\":[{\"@type\":\"SearchAction\",\"target\":{\"@type\":\"EntryPoint\",\"urlTemplate\":\"https:\\\/\\\/lepatriotebenin.com\\\/?s={search_term_string}\"},\"query-input\":{\"@type\":\"PropertyValueSpecification\",\"valueRequired\":true,\"valueName\":\"search_term_string\"}}],\"inLanguage\":\"fr-FR\"},{\"@type\":\"Person\",\"@id\":\"https:\\\/\\\/lepatriotebenin.com\\\/#\\\/schema\\\/person\\\/2e7709b9c9cc313e452d1136af61690f\",\"name\":\"Redaction\",\"image\":{\"@type\":\"ImageObject\",\"inLanguage\":\"fr-FR\",\"@id\":\"https:\\\/\\\/secure.gravatar.com\\\/avatar\\\/c4c509357859ea2ca2cbb6d8812898a73e4ef1ef9934c2e591d7e32face734d1?s=96&d=mm&r=g\",\"url\":\"https:\\\/\\\/secure.gravatar.com\\\/avatar\\\/c4c509357859ea2ca2cbb6d8812898a73e4ef1ef9934c2e591d7e32face734d1?s=96&d=mm&r=g\",\"contentUrl\":\"https:\\\/\\\/secure.gravatar.com\\\/avatar\\\/c4c509357859ea2ca2cbb6d8812898a73e4ef1ef9934c2e591d7e32face734d1?s=96&d=mm&r=g\",\"caption\":\"Redaction\"},\"url\":\"https:\\\/\\\/lepatriotebenin.com\"}]}<\/script>\n<!-- \/ Yoast SEO plugin. -->","yoast_head_json":{"title":"C\u00e9l\u00e9bration des f\u00eates de fin d'ann\u00e9e au front : Le Cemg Fructueux Gbaguidi salue le patriotisme des Fab - Le Patriote","robots":{"index":"index","follow":"follow","max-snippet":"max-snippet:-1","max-image-preview":"max-image-preview:large","max-video-preview":"max-video-preview:-1"},"canonical":"https:\/\/lepatriotebenin.com\/index.php\/2025\/12\/26\/celebration-des-fetes-de-fin-dannee-au-front-le-cemg-fructueux-gbaguidi-salue-le-patriotisme-des-fab\/","og_locale":"fr_FR","og_type":"article","og_title":"C\u00e9l\u00e9bration des f\u00eates de fin d'ann\u00e9e au front : Le Cemg Fructueux Gbaguidi salue le patriotisme des Fab - Le Patriote","og_description":"Lire l&rsquo;int\u00e9gralit\u00e9 de son adresse Message du Chef d&rsquo;\u00c9tat Major des Forces arm\u00e9es b\u00e9ninoises Chers fr\u00e8res d\u2019armes ! En ce jour, symbole de naissance, d\u2019espoir, de fraternit\u00e9 et d\u2019esp\u00e9rance, je&hellip;","og_url":"https:\/\/lepatriotebenin.com\/index.php\/2025\/12\/26\/celebration-des-fetes-de-fin-dannee-au-front-le-cemg-fructueux-gbaguidi-salue-le-patriotisme-des-fab\/","og_site_name":"Le Patriote","article_published_time":"2025-12-26T15:01:18+00:00","og_image":[{"width":950,"height":600,"url":"https:\/\/lepatriotebenin.com\/wp-content\/uploads\/2025\/12\/gbaguidi-fructueux.jpg","type":"image\/jpeg"}],"author":"Redaction","twitter_card":"summary_large_image","twitter_misc":{"\u00c9crit par":"Redaction","Dur\u00e9e de lecture estim\u00e9e":"2 minutes"},"schema":{"@context":"https:\/\/schema.org","@graph":[{"@type":"Article","@id":"https:\/\/lepatriotebenin.com\/index.php\/2025\/12\/26\/celebration-des-fetes-de-fin-dannee-au-front-le-cemg-fructueux-gbaguidi-salue-le-patriotisme-des-fab\/#article","isPartOf":{"@id":"https:\/\/lepatriotebenin.com\/index.php\/2025\/12\/26\/celebration-des-fetes-de-fin-dannee-au-front-le-cemg-fructueux-gbaguidi-salue-le-patriotisme-des-fab\/"},"author":{"name":"Redaction","@id":"https:\/\/lepatriotebenin.com\/#\/schema\/person\/2e7709b9c9cc313e452d1136af61690f"},"headline":"C\u00e9l\u00e9bration des f\u00eates de fin d&rsquo;ann\u00e9e au front : Le Cemg Fructueux Gbaguidi salue le patriotisme des Fab","datePublished":"2025-12-26T15:01:18+00:00","mainEntityOfPage":{"@id":"https:\/\/lepatriotebenin.com\/index.php\/2025\/12\/26\/celebration-des-fetes-de-fin-dannee-au-front-le-cemg-fructueux-gbaguidi-salue-le-patriotisme-des-fab\/"},"wordCount":366,"commentCount":0,"image":{"@id":"https:\/\/lepatriotebenin.com\/index.php\/2025\/12\/26\/celebration-des-fetes-de-fin-dannee-au-front-le-cemg-fructueux-gbaguidi-salue-le-patriotisme-des-fab\/#primaryimage"},"thumbnailUrl":"https:\/\/lepatriotebenin.com\/wp-content\/uploads\/2025\/12\/gbaguidi-fructueux.jpg","articleSection":["Soci\u00e9t\u00e9"],"inLanguage":"fr-FR","potentialAction":[{"@type":"CommentAction","name":"Comment","target":["https:\/\/lepatriotebenin.com\/index.php\/2025\/12\/26\/celebration-des-fetes-de-fin-dannee-au-front-le-cemg-fructueux-gbaguidi-salue-le-patriotisme-des-fab\/#respond"]}]},{"@type":"WebPage","@id":"https:\/\/lepatriotebenin.com\/index.php\/2025\/12\/26\/celebration-des-fetes-de-fin-dannee-au-front-le-cemg-fructueux-gbaguidi-salue-le-patriotisme-des-fab\/","url":"https:\/\/lepatriotebenin.com\/index.php\/2025\/12\/26\/celebration-des-fetes-de-fin-dannee-au-front-le-cemg-fructueux-gbaguidi-salue-le-patriotisme-des-fab\/","name":"C\u00e9l\u00e9bration des f\u00eates de fin d'ann\u00e9e au front : Le Cemg Fructueux Gbaguidi salue le patriotisme des Fab - Le Patriote","isPartOf":{"@id":"https:\/\/lepatriotebenin.com\/#website"},"primaryImageOfPage":{"@id":"https:\/\/lepatriotebenin.com\/index.php\/2025\/12\/26\/celebration-des-fetes-de-fin-dannee-au-front-le-cemg-fructueux-gbaguidi-salue-le-patriotisme-des-fab\/#primaryimage"},"image":{"@id":"https:\/\/lepatriotebenin.com\/index.php\/2025\/12\/26\/celebration-des-fetes-de-fin-dannee-au-front-le-cemg-fructueux-gbaguidi-salue-le-patriotisme-des-fab\/#primaryimage"},"thumbnailUrl":"https:\/\/lepatriotebenin.com\/wp-content\/uploads\/2025\/12\/gbaguidi-fructueux.jpg","datePublished":"2025-12-26T15:01:18+00:00","author":{"@id":"https:\/\/lepatriotebenin.com\/#\/schema\/person\/2e7709b9c9cc313e452d1136af61690f"},"breadcrumb":{"@id":"https:\/\/lepatriotebenin.com\/index.php\/2025\/12\/26\/celebration-des-fetes-de-fin-dannee-au-front-le-cemg-fructueux-gbaguidi-salue-le-patriotisme-des-fab\/#breadcrumb"},"inLanguage":"fr-FR","potentialAction":[{"@type":"ReadAction","target":["https:\/\/lepatriotebenin.com\/index.php\/2025\/12\/26\/celebration-des-fetes-de-fin-dannee-au-front-le-cemg-fructueux-gbaguidi-salue-le-patriotisme-des-fab\/"]}]},{"@type":"ImageObject","inLanguage":"fr-FR","@id":"https:\/\/lepatriotebenin.com\/index.php\/2025\/12\/26\/celebration-des-fetes-de-fin-dannee-au-front-le-cemg-fructueux-gbaguidi-salue-le-patriotisme-des-fab\/#primaryimage","url":"https:\/\/lepatriotebenin.com\/wp-content\/uploads\/2025\/12\/gbaguidi-fructueux.jpg","contentUrl":"https:\/\/lepatriotebenin.com\/wp-content\/uploads\/2025\/12\/gbaguidi-fructueux.jpg","width":950,"height":600},{"@type":"BreadcrumbList","@id":"https:\/\/lepatriotebenin.com\/index.php\/2025\/12\/26\/celebration-des-fetes-de-fin-dannee-au-front-le-cemg-fructueux-gbaguidi-salue-le-patriotisme-des-fab\/#breadcrumb","itemListElement":[{"@type":"ListItem","position":1,"name":"Accueil","item":"https:\/\/lepatriotebenin.com\/"},{"@type":"ListItem","position":2,"name":"C\u00e9l\u00e9bration des f\u00eates de fin d&rsquo;ann\u00e9e au front : Le Cemg Fructueux Gbaguidi salue le patriotisme des Fab"}]},{"@type":"WebSite","@id":"https:\/\/lepatriotebenin.com\/#website","url":"https:\/\/lepatriotebenin.com\/","name":"Le Patriote","description":"Le Patriote B\u00e9nin","potentialAction":[{"@type":"SearchAction","target":{"@type":"EntryPoint","urlTemplate":"https:\/\/lepatriotebenin.com\/?s={search_term_string}"},"query-input":{"@type":"PropertyValueSpecification","valueRequired":true,"valueName":"search_term_string"}}],"inLanguage":"fr-FR"},{"@type":"Person","@id":"https:\/\/lepatriotebenin.com\/#\/schema\/person\/2e7709b9c9cc313e452d1136af61690f","name":"Redaction","image":{"@type":"ImageObject","inLanguage":"fr-FR","@id":"https:\/\/secure.gravatar.com\/avatar\/c4c509357859ea2ca2cbb6d8812898a73e4ef1ef9934c2e591d7e32face734d1?s=96&d=mm&r=g","url":"https:\/\/secure.gravatar.com\/avatar\/c4c509357859ea2ca2cbb6d8812898a73e4ef1ef9934c2e591d7e32face734d1?s=96&d=mm&r=g","contentUrl":"https:\/\/secure.gravatar.com\/avatar\/c4c509357859ea2ca2cbb6d8812898a73e4ef1ef9934c2e591d7e32face734d1?s=96&d=mm&r=g","caption":"Redaction"},"url":"https:\/\/lepatriotebenin.com"}]}},"_links":{"self":[{"href":"https:\/\/lepatriotebenin.com\/index.php\/wp-json\/wp\/v2\/posts\/16215","targetHints":{"allow":["GET"]}}],"collection":[{"href":"https:\/\/lepatriotebenin.com\/index.php\/wp-json\/wp\/v2\/posts"}],"about":[{"href":"https:\/\/lepatriotebenin.com\/index.php\/wp-json\/wp\/v2\/types\/post"}],"author":[{"embeddable":true,"href":"https:\/\/lepatriotebenin.com\/index.php\/wp-json\/wp\/v2\/users\/5"}],"replies":[{"embeddable":true,"href":"https:\/\/lepatriotebenin.com\/index.php\/wp-json\/wp\/v2\/comments?post=16215"}],"version-history":[{"count":1,"href":"https:\/\/lepatriotebenin.com\/index.php\/wp-json\/wp\/v2\/posts\/16215\/revisions"}],"predecessor-version":[{"id":16217,"href":"https:\/\/lepatriotebenin.com\/index.php\/wp-json\/wp\/v2\/posts\/16215\/revisions\/16217"}],"wp:featuredmedia":[{"embeddable":true,"href":"https:\/\/lepatriotebenin.com\/index.php\/wp-json\/wp\/v2\/media\/16216"}],"wp:attachment":[{"href":"https:\/\/lepatriotebenin.com\/index.php\/wp-json\/wp\/v2\/media?parent=16215"}],"wp:term":[{"taxonomy":"category","embeddable":true,"href":"https:\/\/lepatriotebenin.com\/index.php\/wp-json\/wp\/v2\/categories?post=16215"},{"taxonomy":"post_tag","embeddable":true,"href":"https:\/\/lepatriotebenin.com\/index.php\/wp-json\/wp\/v2\/tags?post=16215"}],"curies":[{"name":"wp","href":"https:\/\/api.w.org\/{rel}","templated":true}]}}